{"id":33113,"date":"2026-04-29T20:41:53","date_gmt":"2026-04-29T20:41:53","guid":{"rendered":"https:\/\/fmamiga909.com.ar\/?p=33113"},"modified":"2026-04-29T20:41:53","modified_gmt":"2026-04-29T20:41:53","slug":"el-titular-del-psg-que-se-pierde-la-revancha-con-el-bayern","status":"publish","type":"post","link":"https:\/\/fmamiga909.com.ar\/?p=33113","title":{"rendered":"El titular del PSG que se pierde la revancha con el Bayern"},"content":{"rendered":"<p><time class=\"createDate\" datetime=\"2026-04-29T17:08:46-03:00\">29\/04\/2026 17:08hs.<\/time><\/p>\n<div id=\"storyBody\">\n<div id=\"element-body-0\" class=\"sc-136cd478-0 ekTCfV\">\n<p>El <strong><a href=\"https:\/\/www.ole.com.ar\/tema\/psg.html\" title=\"PSG\" alt=\"PSG\" class=\"slug\">PSG<\/a><\/strong> se enfrenta a una mala noticia de cara a la vuelta de semifinales de la <strong><a href=\"https:\/\/www.ole.com.ar\/tema\/champions-league.html\" title=\"Champions League\" alt=\"Champions League\" class=\"slug\">Champions League<\/a><\/strong>: se confirm\u00f3 la lesi\u00f3n de <strong><a href=\"https:\/\/www.ole.com.ar\/tema\/achraf-hakimi.html\" title=\"Achraf Hakimi\" alt=\"Achraf Hakimi\" class=\"slug\">Achraf Hakimi<\/a><\/strong>. En los \u00faltimos minutos del partido ante el <strong><a href=\"https:\/\/www.ole.com.ar\/tema\/bayern-munich.html\" title=\"Bayern Munich\" alt=\"Bayern Munich\" class=\"slug\">Bayern Munich<\/a><\/strong>, por la ida de la semifinales de la Liga de Campeones de la UEFA, <strong>el lateral marroqu\u00ed sufri\u00f3 un pinchazo en su muslo derecho que lo dej\u00f3 directamente en el piso. Y un d\u00eda despu\u00e9s, se supo que no ser\u00e1 parte de la revancha. <\/strong><\/p>\n<\/div>\n<div class=\"sc-e7b891c4-0 ifHnQL image-embed\" id=\"element-body-1\"><img alt=\"El futbolista marroqu\u00ed tras sentir el dolor. (Foto EFE)\" loading=\"lazy\" width=\"720\" height=\"100\" decoding=\"async\" data-nimg=\"1\" style=\"color:transparent\" src=\"https:\/\/fmamiga909.com.ar\/wp-content\/uploads\/2026\/04\/ovoo-ybNs_720x0__1.jpg\"\/><span class=\"epigraphe\">El futbolista marroqu\u00ed tras sentir el dolor. (Foto EFE)<\/span><\/div>\n<p><h2><strong>El comunicado del PSG<\/strong><\/h2>\n<\/p>\n<div id=\"element-body-3\" class=\"sc-136cd478-0 ekTCfV\">\n<p>\u201cAchraf Hakimi, que <strong>sufri\u00f3 una lesi\u00f3n en el muslo derecho<\/strong> durante el partido contra el Bayern de M\u00fanich, <strong>permanecer\u00e1 en tratamiento durante las pr\u00f3ximas semanas<\/strong>\u201d. De esta manera, el club parisino hizo oficial la noticia. <\/p>\n<\/div>\n<p><h2><strong>\u00bfEn qu\u00e9 momento se lesion\u00f3?<\/strong><\/h2>\n<\/p>\n<div id=\"element-body-5\" class=\"sc-136cd478-0 ekTCfV\">\n<p>En el minuto 87\u2032 del partido, el marroqu\u00ed fue a disputar una pelota por la banda derecha cerca del arco del Bayern M\u00fanich. Fue en medio del trayecto cuando sinti\u00f3 un pinchazo en su muslo derecho, cayendo de inmediato al piso. <strong>Luis Enrique ya hab\u00eda agotado los cambios y no le qued\u00f3 otra que dejar a Achraf Hakimi en cancha.<\/strong><\/p>\n<\/div>\n<div class=\"sc-e7b891c4-0 ifHnQL image-embed\" id=\"element-body-6\"><img alt=\"Luis Enrique, el t\u00e9cnico del PSG. (Foto: EFE)\" loading=\"lazy\" width=\"1290\" height=\"760\" decoding=\"async\" data-nimg=\"1\" style=\"color:transparent\" src=\"https:\/\/fmamiga909.com.ar\/wp-content\/uploads\/2026\/04\/BIti-jJH9_1290x760__2.jpg#1777489410210\"\/><span class=\"epigraphe\">Luis Enrique, el t\u00e9cnico del PSG. (Foto: EFE)<\/span><\/div>\n<div id=\"element-body-7\" class=\"sc-136cd478-0 ekTCfV\">\n<p>El futbolista se logr\u00f3 acomodar en el centro del campo de juego, aguant\u00f3 como pudo y cumpli\u00f3 con los 90 minutos. Aunque en su cara se notaba un gran malestar. <\/p>\n<\/div>\n<p><h2><strong>Su reemplazo ante el Bayern<\/strong><\/h2>\n<\/p>\n<div id=\"element-body-9\" class=\"sc-136cd478-0 ekTCfV\">\n<p>Al no estar disponible para el partido de vuelta por la Champions, <strong>Za\u00efre-Emery <\/strong> volver\u00eda a ocupar su puesto en el lateral derecho, como ya sucedi\u00f3 durante las semanas que Hakimi estuvo lesionado del tobillo. De ser as\u00ed, quedar\u00eda una posici\u00f3n libre en el centro del campo. Hay dos opciones: <strong><a href=\"https:\/\/www.ole.com.ar\/tema\/fabian-ruiz.html\" title=\"Fabian Ruiz\" alt=\"Fabian Ruiz\" class=\"slug\">Fabi\u00e1n Ruiz<\/a><\/strong> o <strong>Lucas Beraldo<\/strong>. <\/p>\n<\/div>\n<p><h2><strong>\u00bfY el Mundial?<\/strong><\/h2>\n<\/p>\n<div id=\"element-body-11\" class=\"sc-136cd478-0 ekTCfV\">\n<p>A poco m\u00e1s de un mes para el inicio de la <strong><a href=\"https:\/\/www.ole.com.ar\/tema\/mundial-2026.html\" title=\"Mundial 2026\" alt=\"Mundial 2026\" class=\"slug\">Copa del Mundo 2026<\/a><\/strong>, la selecci\u00f3n marroqu\u00ed se encuentra con la posibilidad de perder a su m\u00e1ximo referente. Los primeros informes de medios, como RMC Sport, sugieren que la molestia podr\u00eda ser de importancia, m\u00e1s all\u00e1 del parte m\u00e9dico de PSG. El jugador <strong>volver\u00e1 a ser sometido a ex\u00e1menes m\u00e9dicos a la brevedad para conocer exactamente cu\u00e1nto estar\u00e1 fuera de las canchas. <\/strong><\/p>\n<\/div>\n<div class=\"sc-e7b891c4-0 ifHnQL image-embed\" id=\"element-body-12\"><img alt=\"La selecci\u00f3n de Marruecos.\" loading=\"lazy\" width=\"1290\" height=\"760\" decoding=\"async\" data-nimg=\"1\" style=\"color:transparent\" src=\"https:\/\/fmamiga909.com.ar\/wp-content\/uploads\/2026\/04\/Syz9lS3El_1290x760__2.jpg#1777489619683\"\/><span class=\"epigraphe\">La selecci\u00f3n de Marruecos.<\/span><\/div>\n<p><h2><strong>El partido de vuelta del PSG vs. Bayern Munich<\/strong><\/h2>\n<\/p>\n<div id=\"element-body-14\" class=\"sc-136cd478-0 ekTCfV\">\n<p>La revancha de las semifinales de la Champions League 2025\/2026 entre el Bayern Munich y el PSG se jugar\u00e1 el <strong>mi\u00e9rcoles 6 de mayo de 2026 a las 16:00hs (hora argentina) en el Allianz Arena de M\u00fanich. <\/strong><\/p>\n<\/div>\n<div id=\"element-body-15\" class=\"sc-a7166897-0 eoLsBE\"><a href=\"https:\/\/www.ole.com.ar\/futbol-internacional\/champions\/atletico-madrid-vs-arsenal-partido-champions-league-vivo-ida-semifinal-minuto-minuto_0_VLpOx90p2J.html\" aria-label=\"Atl\u00e9tico Madrid vs. Arsenal, EN VIVO por la Champions League: \u00a1lo empat\u00f3 Juli\u00e1n de penal!\" class=\"sc-3c11979e-0 dqpgzy\"\/><\/p>\n<section><picture><img alt=\"Atl\u00e9tico Madrid vs. Arsenal, EN VIVO por la Champions League: \u00a1lo empat\u00f3 Juli\u00e1n de penal!\" loading=\"lazy\" width=\"290\" height=\"290\" decoding=\"async\" data-nimg=\"1\" style=\"color:transparent\" src=\"https:\/\/fmamiga909.com.ar\/wp-content\/uploads\/2026\/04\/1777495312_179_z3N9T5thH_290x290__1.jpg\"\/><\/picture>\n<p><span>Mir\u00e1 tambi\u00e9n<\/span><\/p>\n<hr\/>\n<h3>Atl\u00e9tico Madrid vs. Arsenal, EN VIVO por la Champions League: \u00a1lo empat\u00f3 Juli\u00e1n de penal!<\/h3>\n<\/p>\n<\/section>\n<\/div>\n<div id=\"element-body-16\" class=\"sc-a7166897-0 eoLsBE\"><a href=\"https:\/\/www.ole.com.ar\/futbol-internacional\/libertadores\/repercusiones-brasil-final-caliente-cruzeiro-boca_0_TJBMlybhLx.html\" aria-label=\"Las repercusiones en Brasil tras el final caliente entre Cruzeiro y Boca: &quot;Recurrieron a medidas desesperadas&quot;\" class=\"sc-3c11979e-0 dqpgzy\"\/><\/p>\n<section><picture><img alt=\"Las repercusiones en Brasil tras el final caliente entre Cruzeiro y Boca: &quot;Recurrieron a medidas desesperadas&quot;\" loading=\"lazy\" width=\"290\" height=\"290\" decoding=\"async\" data-nimg=\"1\" style=\"color:transparent\" src=\"https:\/\/fmamiga909.com.ar\/wp-content\/uploads\/2026\/04\/B2YPpoqzG_290x290__1.jpg\"\/><\/picture>\n<p><span>Mir\u00e1 tambi\u00e9n<\/span><\/p>\n<hr\/>\n<h3>Las repercusiones en Brasil tras el final caliente entre Cruzeiro y Boca: \u00abRecurrieron a medidas desesperadas\u00bb<\/h3>\n<\/p>\n<\/section>\n<\/div>\n<div id=\"element-body-17\" class=\"sc-a7166897-0 eoLsBE\"><a href=\"https:\/\/www.ole.com.ar\/futbol-internacional\/espana\/sancion-andrada-top-3-graves-historia-espana_0_7YqMRSwprj.html\" aria-label=\"La sanci\u00f3n a Andrada, en el Top 3 de las m\u00e1s graves en la historia de Espa\u00f1a\" class=\"sc-3c11979e-0 dqpgzy\"\/><\/p>\n<section><picture><img alt=\"La sanci\u00f3n a Andrada, en el Top 3 de las m\u00e1s graves en la historia de Espa\u00f1a\" loading=\"lazy\" width=\"290\" height=\"290\" decoding=\"async\" data-nimg=\"1\" style=\"color:transparent\" src=\"https:\/\/fmamiga909.com.ar\/wp-content\/uploads\/2026\/04\/1777495313_17_GJ-fJVP-b_290x290__1.jpg\"\/><\/picture>\n<p><span>Mir\u00e1 tambi\u00e9n<\/span><\/p>\n<hr\/>\n<h3>La sanci\u00f3n a Andrada, en el Top 3 de las m\u00e1s graves en la historia de Espa\u00f1a<\/h3>\n<\/p>\n<\/section>\n<\/div>\n<\/div>\n<p><a href=\"https:\/\/www.ole.com.ar\/futbol-internacional\/champions\/psg-lesion-bayern-munich-champions-league-semifinales-titular-hakimi-marroqui_0_OojxVw7YCL.html\">source<\/a><\/p>\n","protected":false},"excerpt":{"rendered":"<p>29\/04\/2026 17:08hs. El PSG se enfrenta a una mala noticia de cara a la vuelta&#8230;<\/p>\n","protected":false},"author":3,"featured_media":33114,"comment_status":"closed","ping_status":"closed","sticky":false,"template":"","format":"standard","meta":{"footnotes":""},"categories":[21],"tags":[],"class_list":["post-33113","post","type-post","status-publish","format-standard","has-post-thumbnail","hentry","category-deportes"],"featured_image_urls":{"full":["https:\/\/fmamiga909.com.ar\/wp-content\/uploads\/2026\/04\/wp-header-logo-566.png",720,445,false],"thumbnail":["https:\/\/fmamiga909.com.ar\/wp-content\/uploads\/2026\/04\/wp-header-logo-566-150x150.png",150,150,true],"medium":["https:\/\/fmamiga909.com.ar\/wp-content\/uploads\/2026\/04\/wp-header-logo-566-300x185.png",300,185,true],"medium_large":["https:\/\/fmamiga909.com.ar\/wp-content\/uploads\/2026\/04\/wp-header-logo-566.png",720,445,false],"large":["https:\/\/fmamiga909.com.ar\/wp-content\/uploads\/2026\/04\/wp-header-logo-566.png",640,396,false],"1536x1536":["https:\/\/fmamiga909.com.ar\/wp-content\/uploads\/2026\/04\/wp-header-logo-566.png",720,445,false],"2048x2048":["https:\/\/fmamiga909.com.ar\/wp-content\/uploads\/2026\/04\/wp-header-logo-566.png",720,445,false],"newsium-slider-full":["https:\/\/fmamiga909.com.ar\/wp-content\/uploads\/2026\/04\/wp-header-logo-566.png",720,445,false],"newsium-featured":["https:\/\/fmamiga909.com.ar\/wp-content\/uploads\/2026\/04\/wp-header-logo-566.png",720,445,false],"newsium-medium":["https:\/\/fmamiga909.com.ar\/wp-content\/uploads\/2026\/04\/wp-header-logo-566.png",720,445,false]},"author_info":{"display_name":"Fredy Giuliano","author_link":"https:\/\/fmamiga909.com.ar\/?author=3"},"category_info":"<a href=\"https:\/\/fmamiga909.com.ar\/?cat=21\" rel=\"category\">Deportes<\/a>","tag_info":"Deportes","comment_count":"0","_links":{"self":[{"href":"https:\/\/fmamiga909.com.ar\/index.php?rest_route=\/wp\/v2\/posts\/33113","targetHints":{"allow":["GET"]}}],"collection":[{"href":"https:\/\/fmamiga909.com.ar\/index.php?rest_route=\/wp\/v2\/posts"}],"about":[{"href":"https:\/\/fmamiga909.com.ar\/index.php?rest_route=\/wp\/v2\/types\/post"}],"author":[{"embeddable":true,"href":"https:\/\/fmamiga909.com.ar\/index.php?rest_route=\/wp\/v2\/users\/3"}],"replies":[{"embeddable":true,"href":"https:\/\/fmamiga909.com.ar\/index.php?rest_route=%2Fwp%2Fv2%2Fcomments&post=33113"}],"version-history":[{"count":0,"href":"https:\/\/fmamiga909.com.ar\/index.php?rest_route=\/wp\/v2\/posts\/33113\/revisions"}],"wp:featuredmedia":[{"embeddable":true,"href":"https:\/\/fmamiga909.com.ar\/index.php?rest_route=\/wp\/v2\/media\/33114"}],"wp:attachment":[{"href":"https:\/\/fmamiga909.com.ar\/index.php?rest_route=%2Fwp%2Fv2%2Fmedia&parent=33113"}],"wp:term":[{"taxonomy":"category","embeddable":true,"href":"https:\/\/fmamiga909.com.ar\/index.php?rest_route=%2Fwp%2Fv2%2Fcategories&post=33113"},{"taxonomy":"post_tag","embeddable":true,"href":"https:\/\/fmamiga909.com.ar\/index.php?rest_route=%2Fwp%2Fv2%2Ftags&post=33113"}],"curies":[{"name":"wp","href":"https:\/\/api.w.org\/{rel}","templated":true}]}}