{"id":33136,"date":"2026-04-29T21:26:20","date_gmt":"2026-04-29T21:26:20","guid":{"rendered":"https:\/\/fmamiga909.com.ar\/?p=33136"},"modified":"2026-04-29T21:26:20","modified_gmt":"2026-04-29T21:26:20","slug":"cambio-de-mando-desde-el-lunes-argentina-tendra-un-nuevo-n1-del-tenis","status":"publish","type":"post","link":"https:\/\/fmamiga909.com.ar\/?p=33136","title":{"rendered":"Cambio de mando: desde el lunes, Argentina tendr\u00e1 un nuevo N\u00b01 del tenis"},"content":{"rendered":"<p><time class=\"createDate\" datetime=\"2026-04-29T16:32:51-03:00\">29\/04\/2026 16:32hs.<\/time><\/p>\n<div id=\"storyBody\">\n<div id=\"element-body-0\" class=\"sc-136cd478-0 ekTCfV\">\n<p><strong>Tras m\u00e1s de un a\u00f1o en la cima,<\/strong> el tenis argentino tendr\u00e1 un cambio de mando en el ranking ATP: <strong><a href=\"https:\/\/www.ole.com.ar\/tema\/francisco-cerundolo.html\" title=\"Francisco Cer\u00fandolo\" alt=\"Francisco Cer\u00fandolo\" class=\"slug\">Francisco Cer\u00fandolo<\/a> ceder\u00e1 el liderazgo<\/strong> y, desde el pr\u00f3ximo lunes, <strong> el nuevo n\u00famero uno del pa\u00eds ser\u00e1 <a href=\"https:\/\/www.ole.com.ar\/tema\/tomas-etcheverry.html\" title=\"Tom\u00e1s Etcheverry\" alt=\"Tom\u00e1s Etcheverry\" class=\"slug\">Tom\u00e1s Etcheverry<\/a>, <\/strong> quien alcanzar\u00e1 el mejor ranking de su carrera al ubicarse 26\u00b0 del mundo.<\/p>\n<\/div>\n<div id=\"element-body-1\" class=\"sc-136cd478-0 ekTCfV\">\n<p>El quiebre se produjo en el Masters 1000 de Madrid, <strong>donde Cer\u00fandolo no pudo defender la semifinal lograda en 2025.<\/strong> <a href=\"https:\/\/www.ole.com.ar\/tenis\/francisco-cerundolo-derrota-octavos-masters-1000-m1000-madrid-revelacion-torneo-alexander-blockx_0_nVqsh96LnJ.html\" target=\"_self\" title=\"Su ca\u00edda en octavos de final ante el belga Alexander Blockx\" alt=\"Su ca\u00edda en octavos de final ante el belga Alexander Blockx\">Su ca\u00edda en octavos de final ante el belga Alexander Blockx<\/a> por 7-6 (8) y 6-2 <strong>lo har\u00e1 retroceder siete posiciones<\/strong> hasta el 27\u00b0 lugar, cediendo as\u00ed el liderazgo entre los argentinos q <strong>ue ostentaba desde el 27 de enero de 2025,<\/strong> cuando hab\u00eda superado a Sebasti\u00e1n B\u00e1ez tras el Abierto de Australia.<\/p>\n<\/div>\n<div class=\"sc-e7b891c4-0 ifHnQL image-embed\" id=\"element-body-2\"><img alt=\"Tom\u00e1s Etcheverry liderar\u00e1 por primera vez en su carrera el ranking ATP entre los argentinos. &#10;(EFE)\" loading=\"lazy\" width=\"720\" height=\"100\" decoding=\"async\" data-nimg=\"1\" style=\"color:transparent\" src=\"https:\/\/fmamiga909.com.ar\/wp-content\/uploads\/2026\/04\/vQQ6GgC4H_720x0__1.jpg\"\/><span class=\"epigraphe\">Tom\u00e1s Etcheverry liderar\u00e1 por primera vez en su carrera el ranking ATP entre los argentinos.<br \/>\n(EFE)<\/span><\/div>\n<p><h2><strong>Tom\u00e1s Etcheverry liderar\u00e1 desde el lunes el ranking ATP entre los argentinos<\/strong><\/h2>\n<\/p>\n<div id=\"element-body-4\" class=\"sc-136cd478-0 ekTCfV\">\n<p>Del otro lado, Etcheverry capitaliz\u00f3 su regularidad para dar el salto. <strong>El platense, de 26 a\u00f1os, ven\u00eda consolidando un presente en alza que tuvo su punto de inflexi\u00f3n con la consagraci\u00f3n en el ATP 500 de R\u00edo en febrero,<\/strong> el primer t\u00edtulo de su carrera. Ese impulso se tradujo en resultados: es el argentino con m\u00e1s triunfos sobre polvo de ladrillo en 2026, con 15 victorias en la superficie.<\/p>\n<\/div>\n<div id=\"element-body-5\" class=\"sc-136cd478-0 ekTCfV\">\n<p><strong>En la Caja M\u00e1gica, Etcheverry alcanz\u00f3 la tercera ronda,<\/strong> instancia en la que fue eliminado por el franc\u00e9s Arthur Fils (18\u00b0) por 6-3 y 6-4. Sin embargo, <strong> los puntos acumulados fueron suficientes para escalar y quedar por encima de Cer\u00fandolo en el ranking,<\/strong> marcando as\u00ed un cambio hist\u00f3rico: ser\u00e1 por primera vez el mejor argentino del circuito ATP.<\/p>\n<\/div>\n<div id=\"element-body-6\" class=\"sc-136cd478-0 ekTCfV\">\n<p>Para Cer\u00fandolo, en cambio, la derrota en Madrid signific\u00f3 un golpe importante <strong>. No solo por el impacto en el ranking, sino tambi\u00e9n por el desarrollo del partido:<\/strong> desperdici\u00f3 cuatro set points en el primer parcial y sinti\u00f3 el impacto an\u00edmico tras ceder el tie break ante Blockx, una de las revelaciones del torneo que ven\u00eda de eliminar a F\u00e9lix Auger-Aliassime.<\/p>\n<\/div>\n<div id=\"element-body-7\" class=\"sc-136cd478-0 ekTCfV\">\n<p>M\u00e1s all\u00e1 de la ca\u00edda en el ranking, <strong> Cer\u00fandolo tendr\u00e1 oportunidades inmediatas para recuperar terreno durante la gira europea. <\/strong> En el M1000 de Roma (6 al 17 de mayo) defender\u00e1 los octavos de final alcanzados en 2025 y luego afrontar\u00e1 Roland Garros (24 de mayo al 7 de junio), donde el a\u00f1o pasado hab\u00eda quedado eliminado en la primera ronda.<\/p>\n<\/div>\n<div class=\"sc-e7b891c4-0 ifHnQL image-embed\" id=\"element-body-8\"><img alt=\"La derrota de Francisco Cer\u00fandolo ante Alexander Blockx en octavos le cost\u00f3 el N\u00b01 argentino.&#10;(EFE)\" loading=\"lazy\" width=\"720\" height=\"100\" decoding=\"async\" data-nimg=\"1\" style=\"color:transparent\" src=\"https:\/\/fmamiga909.com.ar\/wp-content\/uploads\/2026\/04\/mzE07fw-G_720x0__1.jpg\"\/><span class=\"epigraphe\">La derrota de Francisco Cer\u00fandolo ante Alexander Blockx en octavos le cost\u00f3 el N\u00b01 argentino.<br \/>\n(EFE)<\/span><\/div>\n<div id=\"element-body-9\" class=\"sc-136cd478-0 ekTCfV\">\n<p>As\u00ed, el tenis argentino ya entr\u00f3 en una nueva etapa: <strong>Etcheverry toma la posta como l\u00edder nacional,<\/strong> mientras Cer\u00fandolo buscar\u00e1 revancha en una gira que todav\u00eda tiene mucho por decir.<\/p>\n<\/div>\n<div id=\"element-body-10\" class=\"sc-a7166897-0 eoLsBE\"><a href=\"https:\/\/www.ole.com.ar\/tenis\/franco-mastantuono-presente-masters-1000-madrid-abierto-open-enzo-fernandez-real-madrid_0_M1WhaETjLS.html\" aria-label=\"Franco Mastantuono, tambi\u00e9n presente en el Masters 10000 de Madrid\" class=\"sc-3c11979e-0 dqpgzy\"\/><\/p>\n<section><picture><img alt=\"Franco Mastantuono, tambi\u00e9n presente en el Masters 10000 de Madrid\" loading=\"lazy\" width=\"290\" height=\"290\" decoding=\"async\" data-nimg=\"1\" style=\"color:transparent\" src=\"https:\/\/fmamiga909.com.ar\/wp-content\/uploads\/2026\/04\/IDa-3jkTC_290x290__1.jpg\"\/><\/picture>\n<p><span>Mir\u00e1 tambi\u00e9n<\/span><\/p>\n<hr\/>\n<h3>Franco Mastantuono, tambi\u00e9n presente en el Masters 10000 de Madrid<\/h3>\n<\/p>\n<\/section>\n<\/div>\n<div id=\"element-body-11\" class=\"sc-a7166897-0 eoLsBE\"><a href=\"https:\/\/www.ole.com.ar\/autos\/colapinto-messi-semanas-miami-pasa-formula-1-mundial-transformacion-record_0_VYWXqbZYuc.html\" aria-label=\"De Colapinto a Messi en semanas: c\u00f3mo Miami pasa de la F\u00f3rmula 1 al Mundial en una transformaci\u00f3n r\u00e9cord\" class=\"sc-3c11979e-0 dqpgzy\"\/><\/p>\n<section><picture><img alt=\"De Colapinto a Messi en semanas: c\u00f3mo Miami pasa de la F\u00f3rmula 1 al Mundial en una transformaci\u00f3n r\u00e9cord\" loading=\"lazy\" width=\"290\" height=\"290\" decoding=\"async\" data-nimg=\"1\" style=\"color:transparent\" src=\"https:\/\/fmamiga909.com.ar\/wp-content\/uploads\/2026\/04\/09RXmnREo_290x290__1.jpg\"\/><\/picture>\n<p><span>Mir\u00e1 tambi\u00e9n<\/span><\/p>\n<hr\/>\n<h3>De Colapinto a Messi en semanas: c\u00f3mo Miami pasa de la F\u00f3rmula 1 al Mundial en una transformaci\u00f3n r\u00e9cord<\/h3>\n<\/p>\n<\/section>\n<\/div>\n<div id=\"element-body-12\" class=\"sc-a7166897-0 eoLsBE\"><a href=\"https:\/\/www.ole.com.ar\/autos\/nuevo-galvez-ole-revela-datos-mapa-circuito-final-buenos-aires-piensa-atraer-formula-1_0_FvL6N6Z54h.html\" aria-label=\"El nuevo G\u00e1lvez: Ol\u00e9 revela datos y el mapa del circuito final con el que Buenos Aires piensa atraer a la F\u00f3rmula 1\" class=\"sc-3c11979e-0 dqpgzy\"\/><\/p>\n<section><picture><img alt=\"El nuevo G\u00e1lvez: Ol\u00e9 revela datos y el mapa del circuito final con el que Buenos Aires piensa atraer a la F\u00f3rmula 1\" loading=\"lazy\" width=\"290\" height=\"290\" decoding=\"async\" data-nimg=\"1\" style=\"color:transparent\" src=\"https:\/\/fmamiga909.com.ar\/wp-content\/uploads\/2026\/04\/Cn2M91ZWD_290x290__1.jpg\"\/><\/picture>\n<p><span>Mir\u00e1 tambi\u00e9n<\/span><\/p>\n<hr\/>\n<h3>El nuevo G\u00e1lvez: Ol\u00e9 revela datos y el mapa del circuito final con el que Buenos Aires piensa atraer a la F\u00f3rmula 1<\/h3>\n<\/p>\n<\/section>\n<\/div>\n<\/div>\n<p><a href=\"https:\/\/www.ole.com.ar\/tenis\/cambio-mando-lunes-argentina-nuevo-n1-tenis-tomas-etcheverry-francisco-cerundolo_0_UTx6TWMn2l.html\">source<\/a><\/p>\n","protected":false},"excerpt":{"rendered":"<p>29\/04\/2026 16:32hs. Tras m\u00e1s de un a\u00f1o en la cima, el tenis argentino tendr\u00e1 un&#8230;<\/p>\n","protected":false},"author":3,"featured_media":33137,"comment_status":"closed","ping_status":"closed","sticky":false,"template":"","format":"standard","meta":{"footnotes":""},"categories":[21],"tags":[],"class_list":["post-33136","post","type-post","status-publish","format-standard","has-post-thumbnail","hentry","category-deportes"],"featured_image_urls":{"full":["https:\/\/fmamiga909.com.ar\/wp-content\/uploads\/2026\/04\/wp-header-logo-571.png",720,480,false],"thumbnail":["https:\/\/fmamiga909.com.ar\/wp-content\/uploads\/2026\/04\/wp-header-logo-571-150x150.png",150,150,true],"medium":["https:\/\/fmamiga909.com.ar\/wp-content\/uploads\/2026\/04\/wp-header-logo-571-300x200.png",300,200,true],"medium_large":["https:\/\/fmamiga909.com.ar\/wp-content\/uploads\/2026\/04\/wp-header-logo-571.png",720,480,false],"large":["https:\/\/fmamiga909.com.ar\/wp-content\/uploads\/2026\/04\/wp-header-logo-571.png",640,427,false],"1536x1536":["https:\/\/fmamiga909.com.ar\/wp-content\/uploads\/2026\/04\/wp-header-logo-571.png",720,480,false],"2048x2048":["https:\/\/fmamiga909.com.ar\/wp-content\/uploads\/2026\/04\/wp-header-logo-571.png",720,480,false],"newsium-slider-full":["https:\/\/fmamiga909.com.ar\/wp-content\/uploads\/2026\/04\/wp-header-logo-571.png",720,480,false],"newsium-featured":["https:\/\/fmamiga909.com.ar\/wp-content\/uploads\/2026\/04\/wp-header-logo-571.png",720,480,false],"newsium-medium":["https:\/\/fmamiga909.com.ar\/wp-content\/uploads\/2026\/04\/wp-header-logo-571-720x475.png",720,475,true]},"author_info":{"display_name":"Fredy Giuliano","author_link":"https:\/\/fmamiga909.com.ar\/?author=3"},"category_info":"<a href=\"https:\/\/fmamiga909.com.ar\/?cat=21\" rel=\"category\">Deportes<\/a>","tag_info":"Deportes","comment_count":"0","_links":{"self":[{"href":"https:\/\/fmamiga909.com.ar\/index.php?rest_route=\/wp\/v2\/posts\/33136","targetHints":{"allow":["GET"]}}],"collection":[{"href":"https:\/\/fmamiga909.com.ar\/index.php?rest_route=\/wp\/v2\/posts"}],"about":[{"href":"https:\/\/fmamiga909.com.ar\/index.php?rest_route=\/wp\/v2\/types\/post"}],"author":[{"embeddable":true,"href":"https:\/\/fmamiga909.com.ar\/index.php?rest_route=\/wp\/v2\/users\/3"}],"replies":[{"embeddable":true,"href":"https:\/\/fmamiga909.com.ar\/index.php?rest_route=%2Fwp%2Fv2%2Fcomments&post=33136"}],"version-history":[{"count":0,"href":"https:\/\/fmamiga909.com.ar\/index.php?rest_route=\/wp\/v2\/posts\/33136\/revisions"}],"wp:featuredmedia":[{"embeddable":true,"href":"https:\/\/fmamiga909.com.ar\/index.php?rest_route=\/wp\/v2\/media\/33137"}],"wp:attachment":[{"href":"https:\/\/fmamiga909.com.ar\/index.php?rest_route=%2Fwp%2Fv2%2Fmedia&parent=33136"}],"wp:term":[{"taxonomy":"category","embeddable":true,"href":"https:\/\/fmamiga909.com.ar\/index.php?rest_route=%2Fwp%2Fv2%2Fcategories&post=33136"},{"taxonomy":"post_tag","embeddable":true,"href":"https:\/\/fmamiga909.com.ar\/index.php?rest_route=%2Fwp%2Fv2%2Ftags&post=33136"}],"curies":[{"name":"wp","href":"https:\/\/api.w.org\/{rel}","templated":true}]}}