{"id":33213,"date":"2026-04-30T10:48:58","date_gmt":"2026-04-30T10:48:58","guid":{"rendered":"https:\/\/fmamiga909.com.ar\/?p=33213"},"modified":"2026-04-30T10:48:58","modified_gmt":"2026-04-30T10:48:58","slug":"la-terminante-medida-de-la-ifab-luego-de-la-copa-africana-de-naciones-y-que-refuerza-el-titulo-para-marruecos","status":"publish","type":"post","link":"https:\/\/fmamiga909.com.ar\/?p=33213","title":{"rendered":"La terminante medida de la IFAB luego de la Copa Africana de Naciones y que refuerza el t\u00edtulo para Marruecos"},"content":{"rendered":"<p><time class=\"createDate\" datetime=\"2026-04-30T00:40:07-03:00\">30\/04\/2026 00:40hs.<\/time><\/p>\n<div id=\"storyBody\">\n<div id=\"element-body-0\" class=\"sc-136cd478-0 ekTCfV\">\n<p>No qued\u00f3 todo en la nada&#8230; Lo que sucedi\u00f3 en la <strong> final de la Copa Africana de Naciones 2025<\/strong> sigue <strong>influyendo en el f\u00fatbol mundial.<\/strong> Aquella vez, en el Estadio Pr\u00edncipe Moulay Abdellah, de Rabat, Senegal venci\u00f3 1-0 a Marruecos -organizador-, pero antes de eso se vivi\u00f3 un momento particular: los <strong> senegaleses abandonaron el campo<\/strong> de juego (solo se qued\u00f3 Man\u00e9) en protesta por un penal que cobr\u00f3 el \u00e1rbitro a favor del local. Luego, regresaron y levantaron el trofeo. Meses m\u00e1s tarde,<a href=\"https:\/\/www.ole.com.ar\/futbol-internacional\/informes-marruecos-senegal-copa-africana-tas_0_eCo5FsGlhD.html\" target=\"_blank\" title=\" la Confederaci\u00f3n Africana de F\u00fatbol (CAF) determin\u00f3 quitarle el t\u00edtulo \" alt=\" la Confederaci\u00f3n Africana de F\u00fatbol (CAF) determin\u00f3 quitarle el t\u00edtulo \"> la Confederaci\u00f3n Africana de F\u00fatbol (CAF) determin\u00f3 quitarle el t\u00edtulo<\/a> a Senegal y d\u00e1rselo a Marruecos, bas\u00e1ndose en una investigaci\u00f3n de los hechos. Ahora, la <strong>International Football Association Board (IFAB) tom\u00f3 una terminante medida que refuerza el campeonato marroqu\u00ed<\/strong>. <\/p>\n<\/div>\n<div id=\"element-body-1\" class=\"sc-136cd478-0 ekTCfV\">\n<p>El <strong>organismo que crea, revisa y modifica las Reglas<\/strong> de Juego del f\u00fatbol, con el aval de <strong>FIFA <\/strong>(tiene cuatro votos de ocho), tom\u00f3 una determinaci\u00f3n clave: <strong> aprob\u00f3 expulsar con roja directa a los jugadores o entrenadores que abandonen el campo de juego <\/strong> por estar en desacuerdo con lo que dictamine el \u00e1rbitro. Es decir, <strong>se basa en lo que sucedi\u00f3 en la final de la CAN<\/strong>, cuando casi todo Senegal se fue al vestuario. Si la regla estaba en ese momento, deber\u00eda haber expulsado a todos los senegaleses, menos a Man\u00e9, por lo que -en ese momento- quedar\u00edan descalificados de la final por incomparecencia.<\/p>\n<\/div>\n<div id=\"element-body-2\" class=\"sc-136cd478-0 ekTCfV\">\n<p>La conexi\u00f3n con la final entre Marruecos y Senegal es directa. Ese d\u00eda, luego del penal a favor del local, empez\u00f3 el bochorno. Y esta <strong>nueva medida busca que la cordura y disciplina institucional prevalezca sobre los enojos, emociones y reacciones<\/strong> en caliente. Senegal, que recurri\u00f3 al TAS luego de que la CAF le d\u00e9 el t\u00edtulo a Marruecos, sum\u00f3 un punto m\u00e1s en su contra.<\/p>\n<\/div>\n<div id=\"element-body-3\" class=\"sc-ef81c825-1 evSCNc\"><figcaption class=\"JWvideoNota_title\">\n<p>Senegal venci\u00f3 1-0 al equipo marroqu\u00ed. (Video: FOX)<\/p>\n<\/figcaption><\/div>\n<p><h2>Otro gui\u00f1o a Marruecos: dos informes oficiales respaldan el t\u00edtulo de la Copa Africana mientras se espera por el TAS<\/h2>\n<\/p>\n<div id=\"element-body-5\" class=\"sc-136cd478-0 ekTCfV\">\n<p>Por un lado, la CAF ya recibi\u00f3 el <strong>informe arbitral, que detalla la interrupci\u00f3n del encuentro <\/strong> tras el penal sancionado a favor de Marruecos y la posterior salida del equipo senegal\u00e9s del campo de juego. Por el otro, tambi\u00e9n est\u00e1 en manos del organismo el <strong>reporte del comisario del partido, donde se documentan los incidentes<\/strong>, el tiempo detenido, los des\u00f3rdenes generados y el impacto del abandono en el normal desenlace de la final.<\/p>\n<\/div>\n<div id=\"element-body-6\" class=\"sc-136cd478-0 ekTCfV\">\n<p>A partir de estos dos documentos, la CAF confirm\u00f3 la apertura de un expediente disciplinario\u00a0y dej\u00f3 en claro que analizar\u00e1 el caso en profundidad antes de tomar una resoluci\u00f3n. En Marruecos interpretan este paso como una se\u00f1al positiva y sostienen que lo ocurrido sent\u00f3 un precedente negativo para una final continental.<\/p>\n<\/div>\n<div id=\"element-body-7\" class=\"sc-136cd478-0 ekTCfV\">\n<p>\u00abLos jugadores se dirigieron al vestuario, abandonando el partido\u00bb, dice parte del informe elaborado por el <strong>coordinador general de la final, Khaled Lemkecher,<\/strong> dejando en claro que s\u00f3lo un jugador (Sadio Man\u00e9) fue quien permaneci\u00f3 en cancha.<\/p>\n<\/div>\n<div id=\"element-body-8\" class=\"sc-136cd478-0 ekTCfV\">\n<p>\u00abCada jugador senegal\u00e9s que se retir\u00f3 deber\u00eda haber sido amonestado inmediatamente al regresar al campo, pero dimos instrucciones de no hacerlo para preservar el partido y evitar su finalizaci\u00f3n prematura\u00bb, agreg\u00f3 <strong> Olivier Safari, presidente del Comit\u00e9 de \u00c1rbitros de la Confederaci\u00f3n<\/strong>, en la reuni\u00f3n del Comit\u00e9 Ejecutivo de la CAF que tuvo lugar el pasado el 13 de febrero en Dar es Salaam (Tanzania).<\/p>\n<\/div>\n<div id=\"element-body-9\" class=\"sc-ef81c825-1 evSCNc\"><figcaption class=\"JWvideoNota_title\">\n<p>La decisi\u00f3n llega dos meses despu\u00e9s de la pol\u00e9mica definici\u00f3n marcada por protestas, un penal y el retiro temporal del equipo senegal\u00e9s<\/p>\n<\/figcaption><\/div>\n<div id=\"element-body-10\" class=\"sc-136cd478-0 ekTCfV\">\n<p>El abandono de Senegal, que mantuvo el partido detenido durante varios minutos en pleno tiempo agregado, fue el punto de quiebre de una final que termin\u00f3 manchada por la pol\u00e9mica. M\u00e1s all\u00e1 del resultado, Marruecos insiste en que el foco debe estar en la conducta del rival.<\/p>\n<\/div>\n<\/div>\n<p><a href=\"https:\/\/www.ole.com.ar\/futbol-internacional\/terminante-medidad-ifab-regla-copa-africana-marruecos-senegal_0_vcFoC2k25c.html\">source<\/a><\/p>\n","protected":false},"excerpt":{"rendered":"<p>30\/04\/2026 00:40hs. No qued\u00f3 todo en la nada&#8230; Lo que sucedi\u00f3 en la final de&#8230;<\/p>\n","protected":false},"author":3,"featured_media":33214,"comment_status":"closed","ping_status":"closed","sticky":false,"template":"","format":"standard","meta":{"footnotes":""},"categories":[21],"tags":[],"class_list":["post-33213","post","type-post","status-publish","format-standard","has-post-thumbnail","hentry","category-deportes"],"featured_image_urls":{"full":["https:\/\/fmamiga909.com.ar\/wp-content\/uploads\/2026\/04\/wp-header-logo-583.png",2000,1500,false],"thumbnail":["https:\/\/fmamiga909.com.ar\/wp-content\/uploads\/2026\/04\/wp-header-logo-583-150x150.png",150,150,true],"medium":["https:\/\/fmamiga909.com.ar\/wp-content\/uploads\/2026\/04\/wp-header-logo-583-300x225.png",300,225,true],"medium_large":["https:\/\/fmamiga909.com.ar\/wp-content\/uploads\/2026\/04\/wp-header-logo-583.png",2000,1500,false],"large":["https:\/\/fmamiga909.com.ar\/wp-content\/uploads\/2026\/04\/wp-header-logo-583-1024x768.png",640,480,true],"1536x1536":["https:\/\/fmamiga909.com.ar\/wp-content\/uploads\/2026\/04\/wp-header-logo-583-1536x1152.png",1536,1152,true],"2048x2048":["https:\/\/fmamiga909.com.ar\/wp-content\/uploads\/2026\/04\/wp-header-logo-583.png",2000,1500,false],"newsium-slider-full":["https:\/\/fmamiga909.com.ar\/wp-content\/uploads\/2026\/04\/wp-header-logo-583-1280x845.png",1280,845,true],"newsium-featured":["https:\/\/fmamiga909.com.ar\/wp-content\/uploads\/2026\/04\/wp-header-logo-583-1024x768.png",1024,768,true],"newsium-medium":["https:\/\/fmamiga909.com.ar\/wp-content\/uploads\/2026\/04\/wp-header-logo-583-720x475.png",720,475,true]},"author_info":{"display_name":"Fredy Giuliano","author_link":"https:\/\/fmamiga909.com.ar\/?author=3"},"category_info":"<a href=\"https:\/\/fmamiga909.com.ar\/?cat=21\" rel=\"category\">Deportes<\/a>","tag_info":"Deportes","comment_count":"0","_links":{"self":[{"href":"https:\/\/fmamiga909.com.ar\/index.php?rest_route=\/wp\/v2\/posts\/33213","targetHints":{"allow":["GET"]}}],"collection":[{"href":"https:\/\/fmamiga909.com.ar\/index.php?rest_route=\/wp\/v2\/posts"}],"about":[{"href":"https:\/\/fmamiga909.com.ar\/index.php?rest_route=\/wp\/v2\/types\/post"}],"author":[{"embeddable":true,"href":"https:\/\/fmamiga909.com.ar\/index.php?rest_route=\/wp\/v2\/users\/3"}],"replies":[{"embeddable":true,"href":"https:\/\/fmamiga909.com.ar\/index.php?rest_route=%2Fwp%2Fv2%2Fcomments&post=33213"}],"version-history":[{"count":0,"href":"https:\/\/fmamiga909.com.ar\/index.php?rest_route=\/wp\/v2\/posts\/33213\/revisions"}],"wp:featuredmedia":[{"embeddable":true,"href":"https:\/\/fmamiga909.com.ar\/index.php?rest_route=\/wp\/v2\/media\/33214"}],"wp:attachment":[{"href":"https:\/\/fmamiga909.com.ar\/index.php?rest_route=%2Fwp%2Fv2%2Fmedia&parent=33213"}],"wp:term":[{"taxonomy":"category","embeddable":true,"href":"https:\/\/fmamiga909.com.ar\/index.php?rest_route=%2Fwp%2Fv2%2Fcategories&post=33213"},{"taxonomy":"post_tag","embeddable":true,"href":"https:\/\/fmamiga909.com.ar\/index.php?rest_route=%2Fwp%2Fv2%2Ftags&post=33213"}],"curies":[{"name":"wp","href":"https:\/\/api.w.org\/{rel}","templated":true}]}}