{"id":33269,"date":"2026-04-30T21:29:09","date_gmt":"2026-04-30T21:29:09","guid":{"rendered":"https:\/\/fmamiga909.com.ar\/?p=33269"},"modified":"2026-04-30T21:29:09","modified_gmt":"2026-04-30T21:29:09","slug":"que-dijo-tevez-sobre-dirigir-a-boca-y-su-gran-reconocimiento-a-paredes-para-ser-idolo-tenes-que-volver-en-plenitud","status":"publish","type":"post","link":"https:\/\/fmamiga909.com.ar\/?p=33269","title":{"rendered":"Qu\u00e9 dijo Tevez sobre dirigir a Boca y su gran reconocimiento a Paredes: &quot;Para ser \u00eddolo ten\u00e9s que volver en plenitud&quot;"},"content":{"rendered":"<p><time class=\"createDate\" datetime=\"2026-04-30T16:37:09-03:00\">30\/04\/2026 16:37hs.<\/time><\/p>\n<div id=\"storyBody\">\n<div id=\"element-body-0\" class=\"sc-136cd478-0 ekTCfV\">\n<p>Es casi imposible que Carlos Tevez no hable de Boca en una entrevista larga. Est\u00e9 donde est\u00e9, sea el t\u00e9cnico de Talleres, de Central o de Independiente. <strong>El Xeneize es parte de su vida y, en definitiva, adem\u00e1s de ser una voz autorizada<\/strong>, siempre la tentaci\u00f3n de preguntarle sobre un futuro regreso al club es parte del combo. Y una vez m\u00e1s, dej\u00f3 declaraciones interesantes.<\/p>\n<\/div>\n<div id=\"element-body-1\" class=\"sc-136cd478-0 ekTCfV\">\n<p>A Carlitos, en efecto, le consultaron sobre la chance de dirigir a Boca en alg\u00fan momento. De gran actualidad en Talleres, ya clasificado a los playoffs del Apertura, con un experiencia ya ganada en el cargo, la pregunta fue por el camino de la l\u00f3gica. Pero ah\u00ed, <strong>el Apache prefiri\u00f3 ser cauteloso, conociendo bien el pa\u00f1o, sabiendo el rebote que podr\u00eda llegar a tener un s\u00ed o un no.<\/strong><\/p>\n<\/div>\n<div id=\"element-body-2\" class=\"sc-136cd478-0 ekTCfV\">\n<p><strong>\u00ab\u00bfSi me gustar\u00eda ser entrenador de Boca en alg\u00fan momento? Me gustar\u00eda respetar a quien est\u00e1 hoy en ese cargo. Ubeda se merece respeto<\/strong> y si no estuviera \u00e9l, el que fuera&#8230; No es f\u00e1cil que ex jugadores o un \u00eddolo del club diga que quiere dirigir al equipo en esta situaci\u00f3n\u00bb, arranc\u00f3 diciendo Tevez, con c\u00f3digos bien futboleros.<\/p>\n<\/div>\n<div id=\"element-body-3\" class=\"sc-136cd478-0 ekTCfV\">\n<p>Y agreg\u00f3 en una nota con el programa L\u00edbero, de TyC Sports: <strong>\u00abYo ahora adem\u00e1s estoy en Talleres, muy comprometido con este proyecto y Ubeda lo est\u00e1 haciendo muy bien<\/strong>. Y aunque as\u00ed no fuera, el respeto es m\u00e1ximo. No es lo mismo que yo diga que s\u00ed me gustar\u00eda dirigir a Boca o no en este momento\u00bb.<\/p>\n<\/div>\n<div class=\"sc-e7b891c4-0 ifHnQL image-embed\" id=\"element-body-4\"><img alt=\"Tevez fue muy respetuoso con Sif\u00f3n. (Ariel A Carreras)\" loading=\"lazy\" width=\"720\" height=\"100\" decoding=\"async\" data-nimg=\"1\" style=\"color:transparent\" src=\"https:\/\/fmamiga909.com.ar\/wp-content\/uploads\/2026\/04\/1777584547_830_z5MVPhetY_720x0__1.jpg\"\/><span class=\"epigraphe\">Tevez fue muy respetuoso con Sif\u00f3n. (Ariel A Carreras)<\/span><\/div>\n<div id=\"element-body-5\" class=\"sc-136cd478-0 ekTCfV\">\n<p>Lo que Carlitos s\u00ed respondi\u00f3 fue sobre la chance de ser presidente del Xeneize. Aunque en ese caso, aunque hoy est\u00e9 Riquelme en ese cargo, avis\u00f3 que lo piensa para mucho m\u00e1s adelante. <strong>\u00abNunca estuvo ese deseo para ahora. Siempre me quisieron poner ah\u00ed. Fue m\u00e1s period\u00edstico o pol\u00edtico que otra cosa. S\u00ed dije que el d\u00eda de ma\u00f1ana me gustar\u00eda ser presidente de Boca, \u00bfa qui\u00e9n no?<\/strong> Pero reci\u00e9n tengo 42 a\u00f1os y ser\u00eda como la frutilla del postre para lo que uno sue\u00f1a\u00bb, sostuvo.<\/p>\n<\/div>\n<div class=\"sc-e7b891c4-0 ifHnQL image-embed\" id=\"element-body-6\"><img alt=\"Tevez, reconocido por la gente de Boca en su \u00faltima visita con Talleres. (Marcelo Carroll)\" loading=\"lazy\" width=\"720\" height=\"100\" decoding=\"async\" data-nimg=\"1\" style=\"color:transparent\" src=\"https:\/\/fmamiga909.com.ar\/wp-content\/uploads\/2026\/04\/AeHpZQmou_720x0__1.jpg\"\/><span class=\"epigraphe\">Tevez, reconocido por la gente de Boca en su \u00faltima visita con Talleres. (Marcelo Carroll)<\/span><\/div>\n<p><h2>El reconocimiento para Paredes<\/h2>\n<\/p>\n<div id=\"element-body-8\" class=\"sc-136cd478-0 ekTCfV\">\n<p>Despu\u00e9s, Carlitos volvi\u00f3 a elogiar a Paredes. Pero en este caso, desde otro lugar. Ya hab\u00eda dicho que era \u00abel mejor jugador del f\u00fatbol argentino\u00bb antes de enfrentarlo con Talleres. Y ahora, <strong>lo reconoci\u00f3 desde otro lugar, por volver al club a los 31 a\u00f1os y pleno de toda plenitud.<\/strong><\/p>\n<\/div>\n<div id=\"element-body-9\" class=\"sc-136cd478-0 ekTCfV\">\n<p><strong>\u00abA Boca se vuelve en plenitud. Como lo hizo Leo. Es as\u00ed, si no, no te da tampoco, eh\u00bb, <\/strong> arranc\u00f3 diciendo en ese aspecto y, en alg\u00fan sentido, trazando un paralelismo con su regreso en el 2015, tambi\u00e9n a la misma edad y tambi\u00e9n desde Europa, despu\u00e9s de jugar una final de Champions con la Juve.<\/p>\n<\/div>\n<div class=\"sc-e7b891c4-0 ifHnQL image-embed\" id=\"element-body-10\"><img alt=\"El abrazo entre Paredes y Tevez en la Bombonera.\" loading=\"lazy\" width=\"720\" height=\"100\" decoding=\"async\" data-nimg=\"1\" style=\"color:transparent\" src=\"https:\/\/fmamiga909.com.ar\/wp-content\/uploads\/2026\/04\/uXdw-voIv_720x0__1.jpg\"\/><span class=\"epigraphe\">El abrazo entre Paredes y Tevez en la Bombonera.<\/span><\/div>\n<div id=\"element-body-11\" class=\"sc-136cd478-0 ekTCfV\">\n<p>\u00abLeo lo hizo muy bien a Boca, porque el equipo no arrancaba y \u00e9l le dio una vuelta de roca. Le dio su impronta, hizo crecer mucho a sus compa\u00f1eros, lo mejor\u00f3. Por eso lo digo: <strong>a Boca, para ser \u00eddolo, ten\u00e9s que volver en plenitud y no en el final de tu carrera\u00bb<\/strong>, remat\u00f3.<\/p>\n<\/div>\n<div id=\"element-body-12\" class=\"sc-a7166897-0 eoLsBE\"><a href=\"https:\/\/www.ole.com.ar\/boca-juniors\/11-boca-alternativo-prepara-ubeda-jugar-central-cordoba_0_xGKVrgzKJY.html\" aria-label=\"F\u00f3rmula Sif\u00f3n: el 11 de Boca alternativo que prepara Ubeda para ir a Santiago del Estero \" class=\"sc-3c11979e-0 dqpgzy\"\/><\/p>\n<section><picture><img alt=\"F\u00f3rmula Sif\u00f3n: el 11 de Boca alternativo que prepara Ubeda para ir a Santiago del Estero \" loading=\"lazy\" width=\"290\" height=\"290\" decoding=\"async\" data-nimg=\"1\" style=\"color:transparent\" src=\"https:\/\/fmamiga909.com.ar\/wp-content\/uploads\/2026\/04\/FuYcFbUvu_290x290__1.jpg\"\/><\/picture>\n<p><span>Mir\u00e1 tambi\u00e9n<\/span><\/p>\n<hr\/>\n<h3>F\u00f3rmula Sif\u00f3n: el 11 de Boca alternativo que prepara Ubeda para ir a Santiago del Estero <\/h3>\n<\/p>\n<\/section>\n<\/div>\n<div id=\"element-body-13\" class=\"sc-a7166897-0 eoLsBE\"><a href=\"https:\/\/www.ole.com.ar\/boca-juniors\/boca-revelacion-neymar-carino-boca-regalo-camiseta_0_lZx6MuI3Jj.html\" aria-label=\"La revelaci\u00f3n de un directivo del Santos tras la visita a la Argentina: &quot;Neymar tiene un cari\u00f1o muy fuerte por Boca&quot;\" class=\"sc-3c11979e-0 dqpgzy\"\/><\/p>\n<section><picture><img alt=\"La revelaci\u00f3n de un directivo del Santos tras la visita a la Argentina: &quot;Neymar tiene un cari\u00f1o muy fuerte por Boca&quot;\" loading=\"lazy\" width=\"290\" height=\"290\" decoding=\"async\" data-nimg=\"1\" style=\"color:transparent\" src=\"https:\/\/fmamiga909.com.ar\/wp-content\/uploads\/2026\/04\/1777584548_795_stC_2c7rp_290x290__1.jpg\"\/><\/picture>\n<p><span>Mir\u00e1 tambi\u00e9n<\/span><\/p>\n<hr\/>\n<h3>La revelaci\u00f3n de un directivo del Santos tras la visita a la Argentina: \u00abNeymar tiene un cari\u00f1o muy fuerte por Boca\u00bb<\/h3>\n<\/p>\n<\/section>\n<\/div>\n<div id=\"element-body-14\" class=\"sc-a7166897-0 eoLsBE\"><a href=\"https:\/\/www.ole.com.ar\/boca-juniors\/boca-familia-paulo-dybala-sueno-familiar_0_sO5qqOCxoJ.html\" aria-label=\"La confesi\u00f3n de la familia de Dybala: &quot;Tiene un sue\u00f1o que cumplirle al padre, que es jugar en Boca&quot;\" class=\"sc-3c11979e-0 dqpgzy\"\/><\/p>\n<section><picture><img alt=\"La confesi\u00f3n de la familia de Dybala: &quot;Tiene un sue\u00f1o que cumplirle al padre, que es jugar en Boca&quot;\" loading=\"lazy\" width=\"290\" height=\"290\" decoding=\"async\" data-nimg=\"1\" style=\"color:transparent\" src=\"https:\/\/fmamiga909.com.ar\/wp-content\/uploads\/2026\/04\/TOu-53u5P_290x290__1.jpg\"\/><\/picture>\n<p><span>Mir\u00e1 tambi\u00e9n<\/span><\/p>\n<hr\/>\n<h3>La confesi\u00f3n de la familia de Dybala: \u00abTiene un sue\u00f1o que cumplirle al padre, que es jugar en Boca\u00bb<\/h3>\n<\/p>\n<\/section>\n<\/div>\n<div id=\"element-body-15\" class=\"sc-a7166897-0 eoLsBE\"><a href=\"https:\/\/www.ole.com.ar\/boca-juniors\/boca-rival-octavos-final-torneo-apertura-rivales-puede-tener-juega_0_OmPiYEVZbX.html\" aria-label=\"La Bombonera espera rival: los equipos que podr\u00edan enfrentar a Boca en los octavos de final del Apertura\" class=\"sc-3c11979e-0 dqpgzy\"\/><\/p>\n<section><picture><img alt=\"La Bombonera espera rival: los equipos que podr\u00edan enfrentar a Boca en los octavos de final del Apertura\" loading=\"lazy\" width=\"290\" height=\"290\" decoding=\"async\" data-nimg=\"1\" style=\"color:transparent\" src=\"https:\/\/fmamiga909.com.ar\/wp-content\/uploads\/2026\/04\/7fuIY7H34_290x290__1.jpg\"\/><\/picture>\n<p><span>Mir\u00e1 tambi\u00e9n<\/span><\/p>\n<hr\/>\n<h3>La Bombonera espera rival: los equipos que podr\u00edan enfrentar a Boca en los octavos de final del Apertura<\/h3>\n<\/p>\n<\/section>\n<\/div>\n<div id=\"element-body-16\" class=\"sc-a7166897-0 eoLsBE\"><a href=\"https:\/\/www.ole.com.ar\/boca-juniors\/adam-bareiro-roja-partido-boca-cruzeiro-libertadores-dedo-cola_0_cbZ6S61GGl.html\" aria-label=\"La queja que analiza Boca en Conmebol por la desagradable agresi\u00f3n de Cruzeiro a Bareiro que pas\u00f3 inadvertida\" class=\"sc-3c11979e-0 dqpgzy\"\/><\/p>\n<section><picture><img alt=\"La queja que analiza Boca en Conmebol por la desagradable agresi\u00f3n de Cruzeiro a Bareiro que pas\u00f3 inadvertida\" loading=\"lazy\" width=\"290\" height=\"290\" decoding=\"async\" data-nimg=\"1\" style=\"color:transparent\" src=\"https:\/\/fmamiga909.com.ar\/wp-content\/uploads\/2026\/04\/1777584549_608_BahKjf7PY_290x290__1.jpg\"\/><\/picture>\n<p><span>Mir\u00e1 tambi\u00e9n<\/span><\/p>\n<hr\/>\n<h3>La queja que analiza Boca en Conmebol por la desagradable agresi\u00f3n de Cruzeiro a Bareiro que pas\u00f3 inadvertida<\/h3>\n<\/p>\n<\/section>\n<\/div>\n<\/div>\n<p><a href=\"https:\/\/www.ole.com.ar\/boca-juniors\/tevez-chance-dirigir-boca-elogio-paredes-candidato-presidente_0_RItLWTH7Ft.html\">source<\/a><\/p>\n","protected":false},"excerpt":{"rendered":"<p>30\/04\/2026 16:37hs. Es casi imposible que Carlos Tevez no hable de Boca en una entrevista&#8230;<\/p>\n","protected":false},"author":3,"featured_media":33270,"comment_status":"closed","ping_status":"closed","sticky":false,"template":"","format":"standard","meta":{"footnotes":""},"categories":[21],"tags":[],"class_list":["post-33269","post","type-post","status-publish","format-standard","has-post-thumbnail","hentry","category-deportes"],"featured_image_urls":{"full":["https:\/\/fmamiga909.com.ar\/wp-content\/uploads\/2026\/04\/wp-header-logo-592.png",720,479,false],"thumbnail":["https:\/\/fmamiga909.com.ar\/wp-content\/uploads\/2026\/04\/wp-header-logo-592-150x150.png",150,150,true],"medium":["https:\/\/fmamiga909.com.ar\/wp-content\/uploads\/2026\/04\/wp-header-logo-592-300x200.png",300,200,true],"medium_large":["https:\/\/fmamiga909.com.ar\/wp-content\/uploads\/2026\/04\/wp-header-logo-592.png",720,479,false],"large":["https:\/\/fmamiga909.com.ar\/wp-content\/uploads\/2026\/04\/wp-header-logo-592.png",640,426,false],"1536x1536":["https:\/\/fmamiga909.com.ar\/wp-content\/uploads\/2026\/04\/wp-header-logo-592.png",720,479,false],"2048x2048":["https:\/\/fmamiga909.com.ar\/wp-content\/uploads\/2026\/04\/wp-header-logo-592.png",720,479,false],"newsium-slider-full":["https:\/\/fmamiga909.com.ar\/wp-content\/uploads\/2026\/04\/wp-header-logo-592.png",720,479,false],"newsium-featured":["https:\/\/fmamiga909.com.ar\/wp-content\/uploads\/2026\/04\/wp-header-logo-592.png",720,479,false],"newsium-medium":["https:\/\/fmamiga909.com.ar\/wp-content\/uploads\/2026\/04\/wp-header-logo-592-720x475.png",720,475,true]},"author_info":{"display_name":"Fredy Giuliano","author_link":"https:\/\/fmamiga909.com.ar\/?author=3"},"category_info":"<a href=\"https:\/\/fmamiga909.com.ar\/?cat=21\" rel=\"category\">Deportes<\/a>","tag_info":"Deportes","comment_count":"0","_links":{"self":[{"href":"https:\/\/fmamiga909.com.ar\/index.php?rest_route=\/wp\/v2\/posts\/33269","targetHints":{"allow":["GET"]}}],"collection":[{"href":"https:\/\/fmamiga909.com.ar\/index.php?rest_route=\/wp\/v2\/posts"}],"about":[{"href":"https:\/\/fmamiga909.com.ar\/index.php?rest_route=\/wp\/v2\/types\/post"}],"author":[{"embeddable":true,"href":"https:\/\/fmamiga909.com.ar\/index.php?rest_route=\/wp\/v2\/users\/3"}],"replies":[{"embeddable":true,"href":"https:\/\/fmamiga909.com.ar\/index.php?rest_route=%2Fwp%2Fv2%2Fcomments&post=33269"}],"version-history":[{"count":0,"href":"https:\/\/fmamiga909.com.ar\/index.php?rest_route=\/wp\/v2\/posts\/33269\/revisions"}],"wp:featuredmedia":[{"embeddable":true,"href":"https:\/\/fmamiga909.com.ar\/index.php?rest_route=\/wp\/v2\/media\/33270"}],"wp:attachment":[{"href":"https:\/\/fmamiga909.com.ar\/index.php?rest_route=%2Fwp%2Fv2%2Fmedia&parent=33269"}],"wp:term":[{"taxonomy":"category","embeddable":true,"href":"https:\/\/fmamiga909.com.ar\/index.php?rest_route=%2Fwp%2Fv2%2Fcategories&post=33269"},{"taxonomy":"post_tag","embeddable":true,"href":"https:\/\/fmamiga909.com.ar\/index.php?rest_route=%2Fwp%2Fv2%2Ftags&post=33269"}],"curies":[{"name":"wp","href":"https:\/\/api.w.org\/{rel}","templated":true}]}}