{"id":33275,"date":"2026-04-30T21:37:05","date_gmt":"2026-04-30T21:37:05","guid":{"rendered":"https:\/\/fmamiga909.com.ar\/?p=33275"},"modified":"2026-04-30T21:37:05","modified_gmt":"2026-04-30T21:37:05","slug":"franco-colapinto-en-la-previa-del-gp-de-miami-sobre-su-encuentro-con-messi-fue-un-momento-unico","status":"publish","type":"post","link":"https:\/\/fmamiga909.com.ar\/?p=33275","title":{"rendered":"Franco Colapinto, en la previa del GP de Miami, sobre su encuentro con Messi: \u201cFue un momento \u00fanico&quot;"},"content":{"rendered":"<p><span class=\"createDate\">30\/04\/2026 17:08hs.<\/span><time class=\"modificatedDate\" datetime=\"2026-04-30T18:26:29-03:00\"> Actualizado al 30\/04\/2026 18:26hs.<\/time><\/p>\n<div id=\"storyBody\">\n<div id=\"element-body-0\" class=\"sc-136cd478-0 ekTCfV\">\n<p><strong>En la antesala del GP de Miami,<\/strong> <strong><a href=\"https:\/\/www.ole.com.ar\/tema\/franco-colapinto.html\" title=\"Franco Colapinto\" alt=\"Franco Colapinto\" class=\"slug\">Franco Colapinto<\/a><\/strong> se tom\u00f3 un respiro de la velocidad para contar una semana que dif\u00edcilmente olvide. <strong>En el Media Day de este jueves, <\/strong> el pilarense puso primero en palabras <strong> un sue\u00f1o cumplido: <a href=\"https:\/\/www.ole.com.ar\/messi\/lionel-messi-franco-colapinto-encuentro-esperado-miami_0_lEjhwCF7GB.html\" target=\"_self\" title=\"conocer a Lionel Messi.\" alt=\"conocer a Lionel Messi.\">conocer a Lionel Messi.<\/a><\/strong><\/p>\n<\/div>\n<div id=\"element-body-1\" class=\"sc-136cd478-0 ekTCfV\">\n<p>El encuentro se dio en Miami, junto a Rodrigo De Paul, en un \u00e1mbito \u00edntimo, lejos de c\u00e1maras y flashes. <strong>\u201cFue algo espectacular, un momento \u00fanico.<\/strong> Era algo que hab\u00eda so\u00f1ado desde hace mucho y nunca se hab\u00eda dado. Se dio ac\u00e1, en su club y de la forma que quer\u00eda: sin c\u00e1maras, sin marketing, charlando tranquilos entre nosotros\u201d, relat\u00f3 Colapinto <strong>. \u201cPoder agradecerle por todo lo que hizo fue muy especial. Es una persona que todos queremos conocer\u201d.<\/strong><\/p>\n<\/div>\n<div id=\"element-body-2\" class=\"sc-ef81c825-1 evSCNc\"><figcaption class=\"JWvideoNota_title\">\n<p>En di\u00e1logo con ESPN, el pilarense cont\u00f3 detalles de su charla con el #10 antes de correr por la 4\u00aa fecha de la M\u00e1xima.<\/p>\n<\/figcaption><\/div>\n<div id=\"element-body-3\" class=\"sc-136cd478-0 ekTCfV\">\n<p>Despu\u00e9s de ese momento tan esperado, <strong><a href=\"https:\/\/www.ole.com.ar\/autos\/videos-fotos-colapinto-buenos-aires_0_U5x77bYfOY.html\" target=\"_self\" title=\" el pilarense se meti\u00f3 en lo m\u00e1s emocional: lo que signific\u00f3 que su abuela estuviera presente en el Road Show\" alt=\" el pilarense se meti\u00f3 en lo m\u00e1s emocional: lo que signific\u00f3 que su abuela estuviera presente en el Road Show\"> el pilarense se meti\u00f3 en lo m\u00e1s emocional: lo que signific\u00f3 que su abuela estuviera presente en el Road Show<\/a><\/strong> que realiz\u00f3 el domingo pasado en las calles de Palermo. \u201c <strong>Mi abuela y mi familia fue lo m\u00e1s lindo de todo. <\/strong> Espero no haberla dejado m\u00e1s sorda con el ruido del F\u00f3rmula 1, pero se la banc\u00f3 todo el d\u00eda\u201d, cont\u00f3 entre risas.<\/p>\n<\/div>\n<div id=\"element-body-4\" class=\"sc-136cd478-0 ekTCfV\">\n<p>La imagen de su abuela vi\u00e9ndolo manejar un F\u00f3rmula 1 tan de cerca qued\u00f3 marcada. <strong> \u201cNunca hab\u00eda tenido la chance de que me viera as\u00ed como piloto.<\/strong> Para ella verme en ese \u2018personaje\u2019 que no conoc\u00eda fue algo muy especial. <strong>Me volv\u00ed loco de tenerla ah\u00ed, creo que fue uno de los mejores d\u00edas de su vida\u201d, expres\u00f3.<\/strong><\/p>\n<\/div>\n<div id=\"element-body-5\" class=\"sc-ef81c825-1 evSCNc\"><figcaption class=\"JWvideoNota_title\">\n<p>El pilarense comparti\u00f3 la jornada hist\u00f3rica de su exhibici\u00f3n en Palermo junto a su abuela, quien vio a su nieto por primera vez a bordo de un monoplaza de la M\u00e1xima y vivi\u00f3 un momento emocionante.<\/p>\n<\/figcaption><\/div>\n<div id=\"element-body-6\" class=\"sc-136cd478-0 ekTCfV\">\n<p>Reci\u00e9n despu\u00e9s, Colapinto dimension\u00f3 lo que gener\u00f3 el evento en s\u00ed. El Road Show en Buenos Aires no solo fue una exhibici\u00f3n, sino tambi\u00e9n una muestra de apoyo masivo. <strong>\u201cFue un domingo muy especial, con tanta gente, tantos argentinos bancando,<\/strong> cantando mi nombre. Sali\u00f3 todo perfecto y lo disfrut\u00e9 much\u00edsimo\u201d, resumi\u00f3.<\/p>\n<\/div>\n<div id=\"element-body-7\" class=\"sc-136cd478-0 ekTCfV\">\n<p>Con ese combo de emociones todav\u00eda fresco, el argentino ya se enfoca en lo que viene: el GP de Miami, cuarta fecha de la temporada 2026 de la F\u00f3rmula 1, que tendr\u00e1 formato Sprint.<\/p>\n<\/div>\n<p><h2><strong>Cu\u00e1ndo y por d\u00f3nde ver el GP de Miami<\/strong><\/h2>\n<\/p>\n<div id=\"element-body-9\" class=\"sc-136cd478-0 ekTCfV\">\n<p><strong>La actividad comenzar\u00e1 el viernes a las 13<\/strong> con el \u00fanico entrenamiento libre y continuar\u00e1 a las 17.30 con el Sprint Shootout. El s\u00e1bado habr\u00e1 doble acci\u00f3n: la Sprint, a 19 giros, a las 13 y la clasificaci\u00f3n a las 17. <strong> El domingo, a las 17, se disputar\u00e1 la carrera principal a 57 vueltas.<\/strong> Todo se podr\u00e1 ver en vivo por Fox Sports y Disney+ Premium.<\/p>\n<\/div>\n<div class=\"sc-e7b891c4-0 ifHnQL image-embed\" id=\"element-body-10\"><img alt=\"Franco Colapinto lleg\u00f3 al paddock de Miami para la cuarta fecha de la F\u00f3rmula 1.&#10;(REUTERS)\" loading=\"lazy\" width=\"720\" height=\"100\" decoding=\"async\" data-nimg=\"1\" style=\"color:transparent\" src=\"https:\/\/fmamiga909.com.ar\/wp-content\/uploads\/2026\/04\/Y3ili2OHa_720x0__1.jpg\"\/><span class=\"epigraphe\">Franco Colapinto lleg\u00f3 al paddock de Miami para la cuarta fecha de la F\u00f3rmula 1.<br \/>\n(REUTERS)<\/span><\/div>\n<div id=\"element-body-11\" class=\"sc-a7166897-0 eoLsBE\"><a href=\"https:\/\/www.ole.com.ar\/autos\/gran-premio-cambio-franco-colapinto-alpine-gp-miami-2025_0_G5i2HEy8zZ.html\" aria-label=\"El Gran Premio que lo cambi\u00f3 todo para Colapinto y Alpine: \u00bfqu\u00e9 pas\u00f3 en el GP de Miami 2025?\" class=\"sc-3c11979e-0 dqpgzy\"\/><\/p>\n<section><picture><img alt=\"El Gran Premio que lo cambi\u00f3 todo para Colapinto y Alpine: \u00bfqu\u00e9 pas\u00f3 en el GP de Miami 2025?\" loading=\"lazy\" width=\"290\" height=\"290\" decoding=\"async\" data-nimg=\"1\" style=\"color:transparent\" src=\"https:\/\/fmamiga909.com.ar\/wp-content\/uploads\/2026\/04\/b38Sn9qqO_290x290__1.jpg\"\/><\/picture>\n<p><span>Mir\u00e1 tambi\u00e9n<\/span><\/p>\n<hr\/>\n<h3>El Gran Premio que lo cambi\u00f3 todo para Colapinto y Alpine: \u00bfqu\u00e9 pas\u00f3 en el GP de Miami 2025?<\/h3>\n<\/p>\n<\/section>\n<\/div>\n<div id=\"element-body-12\" class=\"sc-a7166897-0 eoLsBE\"><a href=\"https:\/\/www.ole.com.ar\/autos\/colapinto-revelo-intento-hablar-bearman-accidente-suzuka_0_b1js7QQycW.html\" aria-label=\"Colapinto revel\u00f3 que intent\u00f3 hablar con Bearman tras el accidente en Suzuka: &quot;Le envi\u00e9 un mensaje y nunca respondi\u00f3&quot;\" class=\"sc-3c11979e-0 dqpgzy\"\/><\/p>\n<section><picture><img alt=\"Colapinto revel\u00f3 que intent\u00f3 hablar con Bearman tras el accidente en Suzuka: &quot;Le envi\u00e9 un mensaje y nunca respondi\u00f3&quot;\" loading=\"lazy\" width=\"290\" height=\"290\" decoding=\"async\" data-nimg=\"1\" style=\"color:transparent\" src=\"https:\/\/fmamiga909.com.ar\/wp-content\/uploads\/2026\/04\/44hY3pKUA_290x290__1.jpg\"\/><\/picture>\n<p><span>Mir\u00e1 tambi\u00e9n<\/span><\/p>\n<hr\/>\n<h3>Colapinto revel\u00f3 que intent\u00f3 hablar con Bearman tras el accidente en Suzuka: \u00abLe envi\u00e9 un mensaje y nunca respondi\u00f3\u00bb<\/h3>\n<\/p>\n<\/section>\n<\/div>\n<div id=\"element-body-13\" class=\"sc-a7166897-0 eoLsBE\"><a href=\"https:\/\/www.ole.com.ar\/autos\/video-franco-colapinto-demostro-golf-malo-miami-gp-formula1_0_Xl3f7GTV5a.html\" aria-label=\"Colapinto demostr\u00f3 por qu\u00e9 lo suyo no es el golf: &quot;Soy muy malo&quot;\" class=\"sc-3c11979e-0 dqpgzy\"\/><\/p>\n<section><picture><img alt=\"Colapinto demostr\u00f3 por qu\u00e9 lo suyo no es el golf: &quot;Soy muy malo&quot;\" loading=\"lazy\" width=\"290\" height=\"290\" decoding=\"async\" data-nimg=\"1\" style=\"color:transparent\" src=\"https:\/\/fmamiga909.com.ar\/wp-content\/uploads\/2026\/04\/oGOwGeVPx_290x290__1.jpg\"\/><\/picture>\n<p><span>Mir\u00e1 tambi\u00e9n<\/span><\/p>\n<hr\/>\n<h3>Colapinto demostr\u00f3 por qu\u00e9 lo suyo no es el golf: \u00abSoy muy malo\u00bb<\/h3>\n<\/p>\n<\/section>\n<\/div>\n<\/div>\n<p><a href=\"https:\/\/www.ole.com.ar\/autos\/franco-colapinto-previa-gp-miami-encuentro-messi-momento-unico_0_RhbHTzeyjO.html\">source<\/a><\/p>\n","protected":false},"excerpt":{"rendered":"<p>30\/04\/2026 17:08hs. Actualizado al 30\/04\/2026 18:26hs. En la antesala del GP de Miami, Franco Colapinto&#8230;<\/p>\n","protected":false},"author":3,"featured_media":33276,"comment_status":"closed","ping_status":"closed","sticky":false,"template":"","format":"standard","meta":{"footnotes":""},"categories":[21],"tags":[],"class_list":["post-33275","post","type-post","status-publish","format-standard","has-post-thumbnail","hentry","category-deportes"],"featured_image_urls":{"full":["https:\/\/fmamiga909.com.ar\/wp-content\/uploads\/2026\/04\/wp-header-logo-593.png",720,1059,false],"thumbnail":["https:\/\/fmamiga909.com.ar\/wp-content\/uploads\/2026\/04\/wp-header-logo-593-150x150.png",150,150,true],"medium":["https:\/\/fmamiga909.com.ar\/wp-content\/uploads\/2026\/04\/wp-header-logo-593-204x300.png",204,300,true],"medium_large":["https:\/\/fmamiga909.com.ar\/wp-content\/uploads\/2026\/04\/wp-header-logo-593.png",720,1059,false],"large":["https:\/\/fmamiga909.com.ar\/wp-content\/uploads\/2026\/04\/wp-header-logo-593-696x1024.png",640,942,true],"1536x1536":["https:\/\/fmamiga909.com.ar\/wp-content\/uploads\/2026\/04\/wp-header-logo-593.png",720,1059,false],"2048x2048":["https:\/\/fmamiga909.com.ar\/wp-content\/uploads\/2026\/04\/wp-header-logo-593.png",720,1059,false],"newsium-slider-full":["https:\/\/fmamiga909.com.ar\/wp-content\/uploads\/2026\/04\/wp-header-logo-593-720x845.png",720,845,true],"newsium-featured":["https:\/\/fmamiga909.com.ar\/wp-content\/uploads\/2026\/04\/wp-header-logo-593.png",720,1059,false],"newsium-medium":["https:\/\/fmamiga909.com.ar\/wp-content\/uploads\/2026\/04\/wp-header-logo-593-720x475.png",720,475,true]},"author_info":{"display_name":"Fredy Giuliano","author_link":"https:\/\/fmamiga909.com.ar\/?author=3"},"category_info":"<a href=\"https:\/\/fmamiga909.com.ar\/?cat=21\" rel=\"category\">Deportes<\/a>","tag_info":"Deportes","comment_count":"0","_links":{"self":[{"href":"https:\/\/fmamiga909.com.ar\/index.php?rest_route=\/wp\/v2\/posts\/33275","targetHints":{"allow":["GET"]}}],"collection":[{"href":"https:\/\/fmamiga909.com.ar\/index.php?rest_route=\/wp\/v2\/posts"}],"about":[{"href":"https:\/\/fmamiga909.com.ar\/index.php?rest_route=\/wp\/v2\/types\/post"}],"author":[{"embeddable":true,"href":"https:\/\/fmamiga909.com.ar\/index.php?rest_route=\/wp\/v2\/users\/3"}],"replies":[{"embeddable":true,"href":"https:\/\/fmamiga909.com.ar\/index.php?rest_route=%2Fwp%2Fv2%2Fcomments&post=33275"}],"version-history":[{"count":0,"href":"https:\/\/fmamiga909.com.ar\/index.php?rest_route=\/wp\/v2\/posts\/33275\/revisions"}],"wp:featuredmedia":[{"embeddable":true,"href":"https:\/\/fmamiga909.com.ar\/index.php?rest_route=\/wp\/v2\/media\/33276"}],"wp:attachment":[{"href":"https:\/\/fmamiga909.com.ar\/index.php?rest_route=%2Fwp%2Fv2%2Fmedia&parent=33275"}],"wp:term":[{"taxonomy":"category","embeddable":true,"href":"https:\/\/fmamiga909.com.ar\/index.php?rest_route=%2Fwp%2Fv2%2Fcategories&post=33275"},{"taxonomy":"post_tag","embeddable":true,"href":"https:\/\/fmamiga909.com.ar\/index.php?rest_route=%2Fwp%2Fv2%2Ftags&post=33275"}],"curies":[{"name":"wp","href":"https:\/\/api.w.org\/{rel}","templated":true}]}}