{"id":33295,"date":"2026-05-01T08:54:01","date_gmt":"2026-05-01T08:54:01","guid":{"rendered":"https:\/\/fmamiga909.com.ar\/?p=33295"},"modified":"2026-05-01T08:54:01","modified_gmt":"2026-05-01T08:54:01","slug":"la-desafiante-respuesta-de-zubeldia-a-un-periodista-brasileno","status":"publish","type":"post","link":"https:\/\/fmamiga909.com.ar\/?p=33295","title":{"rendered":"La desafiante respuesta de Zubeld\u00eda a un periodista brasile\u00f1o"},"content":{"rendered":"<p><time class=\"createDate\" datetime=\"2026-04-30T22:58:00-03:00\">30\/04\/2026 22:58hs.<\/time><\/p>\n<div id=\"storyBody\">\n<div id=\"element-body-0\" class=\"sc-136cd478-0 ekTCfV\">\n<p><strong><a href=\"https:\/\/www.ole.com.ar\/tema\/fluminense.html\" title=\"Fluminense\" alt=\"Fluminense\" class=\"slug\">Fluminense<\/a><\/strong> sufri\u00f3 un duro golpe este jueves: <a href=\"https:\/\/www.ole.com.ar\/futbol-internacional\/libertadores\/fluminense-bolivar-libertadores-octavos_0_nLiZAQPR3V.html\" target=\"_self\" title=\" la derrota 2 a\" alt=\" la derrota 2 a\">la derrota 2 a 0<\/a> ante <strong><a href=\"https:\/\/www.ole.com.ar\/tema\/bolivar.html\" title=\"Bolivar\" alt=\"Bolivar\" class=\"slug\">Bol\u00edvar<\/a><\/strong> en La Paz. El equipo carioca qued\u00f3 \u00faltimo en el grupo de la <strong>Copa Libertadores<\/strong>, con apenas un punto en tres fechas, mientras Independiente Rivadavia est\u00e1 con puntaje ideal. El t\u00e9cnico del Flu, el argentino <strong><a href=\"https:\/\/www.ole.com.ar\/tema\/luis-zubeldia.html\" title=\"Lu\u00eds Zubeld\u00eda\" alt=\"Lu\u00eds Zubeld\u00eda\" class=\"slug\">Luis Zubeld\u00eda<\/a><\/strong>, <strong>tuvo una respuesta muy desafiante<\/strong> ante un periodista brasile\u00f1o que le record\u00f3 que al conocerse los rivales (La Guaria es el otro integrante del grupo), se consideraba que su equipo ten\u00eda una zona accesible.<\/p>\n<\/div>\n<div id=\"element-body-1\" class=\"sc-136cd478-0 ekTCfV\">\n<p>\u00abNo, disculpe, <strong>era un grupo accesible para el que no conoce de f\u00fatbol<\/strong>. Segundo, quedate tranquilo que vamos a clasificar. As\u00ed que no te preocupes por la tabela, por la tabla de posiciones, vamos a clasificar. <strong>Despu\u00e9s te voy a dar la cara y me vas a decir &#8216;bien m\u00edster, se clasificaron&#8217;. Tranquilo, ya te respond\u00ed la pregunta, y del arbitraje no voy a hablar\u00bb, <\/strong> afirm\u00f3 el ex San Pablo.<\/p>\n<\/div>\n<div id=\"element-body-2\" class=\"sc-136cd478-0 ekTCfV\">\n<p>Despu\u00e9s, el periodista, con respeto, le pidi\u00f3 continuar. Y le pregunt\u00f3 por qu\u00e9 la confianza en clasificar porque el Fluminense quiz\u00e1 deba ganar los tres partidos. <strong>\u00abVa a clasificar, es una cuesti\u00f3n de sentir y que tenemos equipo para clasificar\u00bb<\/strong>, le respondi\u00f3. <\/p>\n<\/div>\n<p><h2><strong>Mir\u00e1 el video del ida y vuelta de Zubeld\u00eda<\/strong><\/h2>\n<\/p>\n<div id=\"element-body-4\" class=\"sc-ef81c825-1 evSCNc\"><figcaption class=\"JWvideoNota_title\">\n<p>El t\u00e9cnico de Fluminense reaccion\u00f3 contra un periodista brasile\u00f1o luego de la derrota 2 a 0 ante Bol\u00edvar, en La Paz, por la Copa Libertadores.<\/p>\n<\/figcaption><\/div>\n<p><h2><strong>M\u00e1s de Zubeld\u00eda<\/strong><\/h2>\n<\/p>\n<div id=\"element-body-6\" class=\"sc-136cd478-0 ekTCfV\">\n<p>\u00ab\u00bfC\u00f3mo nos va en el Brasileirao? Bien. \u00bfBien o mal? Te pregunto. La respuesta es importante. \u00bfEs bueno o malo estar terceros en el <strong><a href=\"https:\/\/www.ole.com.ar\/tema\/brasileirao.html\" title=\"Brasileirao\" alt=\"Brasileirao\" class=\"slug\">Brasileirao<\/a><\/strong>? El objetivo en la Libertadores es clasificar. Claro que me gustar\u00eda clasificar en primer lugar, pero necesitamos clasificar. Tuvimos tres malos partidos de apertura en la Libertadores, pero tengo mucha fe en que clasificaremos porque conf\u00edo en mi equipo y en la gente que trabaja aqu\u00ed\u00bb, insisti\u00f3 el entrenador argentino. Recordar: en el torneo local el equipo sac\u00f3 26 puntos en 13 fechas. El l\u00edder, Palmeiras, tiene 32. Flamengo est\u00e1 segundo por diferencia de gol, con 26 unidades.<\/p>\n<\/div>\n<div id=\"element-body-7\" class=\"sc-136cd478-0 ekTCfV\">\n<p>\u00abPara m\u00ed, hay buenas posibilidades de clasificar. Hemos demostrado que podemos jugar en cualquier estadio. Ahora bien, en la Copa Libertadores, los primeros tres partidos fueron malos, pero podemos mejorar. Si miras la tabla, no nos est\u00e1 yendo bien, pero no estamos eliminados, clasificaremos. Despu\u00e9s de eso, ser\u00e1 otra historia. Nos quedan tres partidos. \u00bfEntiendes por qu\u00e9 podemos clasificar? Porque depende de nosotros. Lo estoy viendo y digo que podemos corregir el rumbo. Esa es mi opini\u00f3n\u00bb, volvi\u00f3 a defenderse el DT.<\/p>\n<\/div>\n<div class=\"sc-e7b891c4-0 ifHnQL image-embed\" id=\"element-body-8\"><img alt=\"Luis Zubeld\u00eda durante el match de Fluminense ante Bol\u00edvar en La Paz (Reuters).\" loading=\"lazy\" width=\"720\" height=\"100\" decoding=\"async\" data-nimg=\"1\" style=\"color:transparent\" src=\"https:\/\/fmamiga909.com.ar\/wp-content\/uploads\/2026\/05\/CikGGlBlz_720x0__1.jpg\"\/><span class=\"epigraphe\">Luis Zubeld\u00eda durante el match de Fluminense ante Bol\u00edvar en La Paz (Reuters).<\/span><\/div>\n<div id=\"element-body-9\" class=\"sc-136cd478-0 ekTCfV\">\n<p>Bol\u00edvar se puso en ventaja a los pocos minutos y eso, en la altura de La Paz, result\u00f3 un golpe fuerte. \u00abEl gol tempranero era evitable. Un gol temprano siempre favorece al equipo que juega en altura. Condiciona el partido, y nos metidos al final. Tener la posesi\u00f3n era importante para nosotros. Pero el equipo local logr\u00f3 tener m\u00e1s. En la primera parte nos falt\u00f3 profundidad. Estoy convencido de que en la segunda parte, si no se hubiera producido el error de la expulsi\u00f3n (de Bernal), habr\u00edamos producido m\u00e1s en ataque. Por supuesto, la roja cambia todo el plan\u00bb, afirm\u00f3 el t\u00e9cnico.<\/p>\n<\/div>\n<div class=\"sc-e7b891c4-0 ifHnQL image-embed\" id=\"element-body-10\"><img alt=\"Luis Zubeld\u00eda durante el match de Fluminense contra Bol\u00edvar (AP). \" loading=\"lazy\" width=\"720\" height=\"100\" decoding=\"async\" data-nimg=\"1\" style=\"color:transparent\" src=\"https:\/\/fmamiga909.com.ar\/wp-content\/uploads\/2026\/05\/HS4hlBIfF_720x0__1.jpg\"\/><span class=\"epigraphe\">Luis Zubeld\u00eda durante el match de Fluminense contra Bol\u00edvar (AP). <\/span><\/div>\n<div id=\"element-body-11\" class=\"sc-a7166897-0 eoLsBE\"><a href=\"https:\/\/www.ole.com.ar\/river-plate\/river-plate-lucas-martinez-quarta_0_z31vYCdqNP.html\" aria-label=\"Beltr\u00e1n figura por el penal atajado para salvar a River en Brasil: &quot;Recuerdo para toda la vida&quot;\" class=\"sc-3c11979e-0 dqpgzy\"\/><\/p>\n<section><picture><img alt=\"Beltr\u00e1n figura por el penal atajado para salvar a River en Brasil: &quot;Recuerdo para toda la vida&quot;\" loading=\"lazy\" width=\"290\" height=\"290\" decoding=\"async\" data-nimg=\"1\" style=\"color:transparent\" src=\"https:\/\/fmamiga909.com.ar\/wp-content\/uploads\/2026\/05\/vnRSmDQps_290x290__1.jpg\"\/><\/picture>\n<p><span>Mir\u00e1 tambi\u00e9n<\/span><\/p>\n<hr\/>\n<h3>Beltr\u00e1n figura por el penal atajado para salvar a River en Brasil: \u00abRecuerdo para toda la vida\u00bb<\/h3>\n<\/p>\n<\/section>\n<\/div>\n<div id=\"element-body-12\" class=\"sc-a7166897-0 eoLsBE\"><a href=\"https:\/\/www.ole.com.ar\/futbol-internacional\/sudamericana\/rb-bragantino-vs-river-partido-copa-sudamericana-fecha-3-minuto-minuto_0_hlwcdwvj3g.html\" aria-label=\"Victoria ag\u00f3nica de River en Brasil: con un cabezazo de Mart\u00ednez Quarta, derrot\u00f3 1-0 a Bragantino\" class=\"sc-3c11979e-0 dqpgzy\"\/><\/p>\n<section><picture><img alt=\"Victoria ag\u00f3nica de River en Brasil: con un cabezazo de Mart\u00ednez Quarta, derrot\u00f3 1-0 a Bragantino\" loading=\"lazy\" width=\"290\" height=\"290\" decoding=\"async\" data-nimg=\"1\" style=\"color:transparent\" src=\"https:\/\/fmamiga909.com.ar\/wp-content\/uploads\/2026\/05\/yQRWZwpfX_290x290__1.jpg\"\/><\/picture>\n<p><span>Mir\u00e1 tambi\u00e9n<\/span><\/p>\n<hr\/>\n<h3>Victoria ag\u00f3nica de River en Brasil: con un cabezazo de Mart\u00ednez Quarta, derrot\u00f3 1-0 a Bragantino<\/h3>\n<\/p>\n<\/section>\n<\/div>\n<\/div>\n<p><a href=\"https:\/\/www.ole.com.ar\/futbol-internacional\/libertadores\/fluminense-libertadores-zubeldia-clasificar_0_EHf77MFkhW.html\">source<\/a><\/p>\n","protected":false},"excerpt":{"rendered":"<p>30\/04\/2026 22:58hs. Fluminense sufri\u00f3 un duro golpe este jueves: la derrota 2 a 0 ante&#8230;<\/p>\n","protected":false},"author":3,"featured_media":33296,"comment_status":"closed","ping_status":"closed","sticky":false,"template":"","format":"standard","meta":{"footnotes":""},"categories":[21],"tags":[],"class_list":["post-33295","post","type-post","status-publish","format-standard","has-post-thumbnail","hentry","category-deportes"],"featured_image_urls":{"full":["https:\/\/fmamiga909.com.ar\/wp-content\/uploads\/2026\/05\/wp-header-logo-4.png",720,955,false],"thumbnail":["https:\/\/fmamiga909.com.ar\/wp-content\/uploads\/2026\/05\/wp-header-logo-4-150x150.png",150,150,true],"medium":["https:\/\/fmamiga909.com.ar\/wp-content\/uploads\/2026\/05\/wp-header-logo-4-226x300.png",226,300,true],"medium_large":["https:\/\/fmamiga909.com.ar\/wp-content\/uploads\/2026\/05\/wp-header-logo-4.png",720,955,false],"large":["https:\/\/fmamiga909.com.ar\/wp-content\/uploads\/2026\/05\/wp-header-logo-4.png",640,849,false],"1536x1536":["https:\/\/fmamiga909.com.ar\/wp-content\/uploads\/2026\/05\/wp-header-logo-4.png",720,955,false],"2048x2048":["https:\/\/fmamiga909.com.ar\/wp-content\/uploads\/2026\/05\/wp-header-logo-4.png",720,955,false],"newsium-slider-full":["https:\/\/fmamiga909.com.ar\/wp-content\/uploads\/2026\/05\/wp-header-logo-4-720x845.png",720,845,true],"newsium-featured":["https:\/\/fmamiga909.com.ar\/wp-content\/uploads\/2026\/05\/wp-header-logo-4.png",720,955,false],"newsium-medium":["https:\/\/fmamiga909.com.ar\/wp-content\/uploads\/2026\/05\/wp-header-logo-4-720x475.png",720,475,true]},"author_info":{"display_name":"Fredy Giuliano","author_link":"https:\/\/fmamiga909.com.ar\/?author=3"},"category_info":"<a href=\"https:\/\/fmamiga909.com.ar\/?cat=21\" rel=\"category\">Deportes<\/a>","tag_info":"Deportes","comment_count":"0","_links":{"self":[{"href":"https:\/\/fmamiga909.com.ar\/index.php?rest_route=\/wp\/v2\/posts\/33295","targetHints":{"allow":["GET"]}}],"collection":[{"href":"https:\/\/fmamiga909.com.ar\/index.php?rest_route=\/wp\/v2\/posts"}],"about":[{"href":"https:\/\/fmamiga909.com.ar\/index.php?rest_route=\/wp\/v2\/types\/post"}],"author":[{"embeddable":true,"href":"https:\/\/fmamiga909.com.ar\/index.php?rest_route=\/wp\/v2\/users\/3"}],"replies":[{"embeddable":true,"href":"https:\/\/fmamiga909.com.ar\/index.php?rest_route=%2Fwp%2Fv2%2Fcomments&post=33295"}],"version-history":[{"count":0,"href":"https:\/\/fmamiga909.com.ar\/index.php?rest_route=\/wp\/v2\/posts\/33295\/revisions"}],"wp:featuredmedia":[{"embeddable":true,"href":"https:\/\/fmamiga909.com.ar\/index.php?rest_route=\/wp\/v2\/media\/33296"}],"wp:attachment":[{"href":"https:\/\/fmamiga909.com.ar\/index.php?rest_route=%2Fwp%2Fv2%2Fmedia&parent=33295"}],"wp:term":[{"taxonomy":"category","embeddable":true,"href":"https:\/\/fmamiga909.com.ar\/index.php?rest_route=%2Fwp%2Fv2%2Fcategories&post=33295"},{"taxonomy":"post_tag","embeddable":true,"href":"https:\/\/fmamiga909.com.ar\/index.php?rest_route=%2Fwp%2Fv2%2Ftags&post=33295"}],"curies":[{"name":"wp","href":"https:\/\/api.w.org\/{rel}","templated":true}]}}