{"id":33311,"date":"2026-05-01T09:26:57","date_gmt":"2026-05-01T09:26:57","guid":{"rendered":"https:\/\/fmamiga909.com.ar\/?p=33311"},"modified":"2026-05-01T09:26:57","modified_gmt":"2026-05-01T09:26:57","slug":"el-colo-barco-nominado-a-mejor-joven-de-la-temporada-en-la-ligue-1","status":"publish","type":"post","link":"https:\/\/fmamiga909.com.ar\/?p=33311","title":{"rendered":"El Colo Barco nominado a mejor joven de la temporada en la Ligue 1"},"content":{"rendered":"<p><time class=\"createDate\" datetime=\"2026-05-01T01:09:38-03:00\">01\/05\/2026 01:09hs.<\/time><\/p>\n<div id=\"storyBody\">\n<div id=\"element-body-0\" class=\"sc-136cd478-0 ekTCfV\">\n<p><strong><a href=\"https:\/\/www.ole.com.ar\/tema\/valentin-barco.html\" title=\"Valent\u00edn Barco\" alt=\"Valent\u00edn Barco\" class=\"slug\">Valentin Barco<\/a> fue nominado para ganar el Trofeo UNFP como uno de los mejores jugadores j\u00f3venes de la temporada en la <a href=\"https:\/\/www.ole.com.ar\/tema\/ligue-1.html\" title=\"Ligue 1\" alt=\"Ligue 1\" class=\"slug\">Ligue 1<\/a>.<\/strong> El argentino de 21 a\u00f1os, que cumpli\u00f3 una gran temporada con la camiseta de <strong><a href=\"https:\/\/www.ole.com.ar\/tema\/racing-de-estrasburgo.html\" title=\"Racing de Estrasburgo\" alt=\"Racing de Estrasburgo\" class=\"slug\">Racing de Estrasburgo<\/a><\/strong>, buscar\u00e1 as\u00ed obtener un galard\u00f3n que reafirme las buenas actuaciones que mostr\u00f3 a lo largo del campeonato y que lo llevaron a pelear por un lugar en la lista de 26 de Lionel Scaloni para representar a la Selecci\u00f3n Argentina en el Mundial 2026.<\/p>\n<\/div>\n<p><h2><strong>\u00bfCu\u00e1ndo es la entrega de premios?<\/strong><\/h2>\n<\/p>\n<div id=\"element-body-2\" class=\"sc-136cd478-0 ekTCfV\">\n<p>La ceremonia de los Trofeos de F\u00fatbol de la UNFP tendr\u00e1 lugar el <strong>domingo 10 de mayo, a partir de las 17:00 horas.<\/strong> El evento se har\u00e1 en el Palacio Brongniart de Par\u00eds y buscar\u00e1 homenajear a jugadores, entrenadores y \u00e1rbitros destacados tanto de la Ligue 1 como de la Ligue 2. De esta manera, tendr\u00e1n la posibilidad de recibir premios individuales como el de <strong>Jugador del A\u00f1o y Entrenador de la Temporada.<\/strong><\/p>\n<\/div>\n<div class=\"sc-e7b891c4-0 ifHnQL image-embed\" id=\"element-body-3\"><img alt=\"Valent\u00edn Barco. (Foto: @colo.barco)\" loading=\"lazy\" width=\"720\" height=\"100\" decoding=\"async\" data-nimg=\"1\" style=\"color:transparent\" src=\"https:\/\/fmamiga909.com.ar\/wp-content\/uploads\/2026\/05\/DIrShA4Xf_720x0__1.jpg\"\/><span class=\"epigraphe\">Valent\u00edn Barco. (Foto: @colo.barco)<\/span><\/div>\n<p><h2><strong>Un momento dif\u00edcil para decidir&#8230;<\/strong><\/h2>\n<\/p>\n<div id=\"element-body-5\" class=\"sc-136cd478-0 ekTCfV\">\n<p>Un hecho curioso es que, <strong>la celebraci\u00f3n de este a\u00f1o tendr\u00e1 lugar antes de la \u00faltima jornada de la Ligue 1<\/strong>, as\u00ed como antes del partido entre <strong><a href=\"https:\/\/www.ole.com.ar\/tema\/lens.html\" title=\"Lens\" alt=\"Lens\" class=\"slug\">RC Lens<\/a><\/strong> y el PSG. Esto significa que <strong>algunos momentos claves para decidir el t\u00edtulo podr\u00edan quedar sin premio.<\/strong> Mas a\u00fan para los jugadores al mando de <strong><a href=\"https:\/\/www.ole.com.ar\/tema\/luis-enrique.html\" title=\"Luis Enrique\" alt=\"Luis Enrique\" class=\"slug\">Luis Enrique<\/a><\/strong>, siendo algunos de ellos lo que est\u00e1n nominados en la misma categor\u00eda que el jugador surgido de <strong><a href=\"https:\/\/www.ole.com.ar\/tema\/boca-juniors.html\" title=\"Boca Juniors\" alt=\"Boca Juniors\" class=\"slug\">Boca<\/a><\/strong>.<\/p>\n<\/div>\n<div class=\"sc-e7b891c4-0 ifHnQL image-embed\" id=\"element-body-6\"><img alt=\"Luis Enrique, t\u00e9cnico del PSG. (Foto: EFE)\" loading=\"lazy\" width=\"1290\" height=\"760\" decoding=\"async\" data-nimg=\"1\" style=\"color:transparent\" src=\"https:\/\/fmamiga909.com.ar\/wp-content\/uploads\/2026\/05\/BIti-jJH9_1290x760__3.jpg#1777583659596\"\/><span class=\"epigraphe\">Luis Enrique, t\u00e9cnico del PSG. (Foto: EFE)<\/span><\/div>\n<p><h2><strong>\u00bfQui\u00e9nes comparten terna con el Colo Barco? <\/strong><\/h2>\n<\/p>\n<div id=\"element-body-8\" class=\"sc-136cd478-0 ekTCfV\">\n<p>Tres jugadores del PSG tambi\u00e9n est\u00e1n nominados: <strong>Desir\u00e9 Dou\u00e9<\/strong>, el delantero franc\u00e9s de 20 a\u00f1os; <strong>Joao Neves<\/strong>, futbolista portugu\u00e9s de 21 a\u00f1os; y <strong>Warren Zaire Emery<\/strong>, centrocampista de 20 a\u00f1os. Por parte del Lille est\u00e1 <strong>Ayyoub Bouaddi<\/strong>, jugador de 18 a\u00f1os.<\/p>\n<\/div>\n<div id=\"element-body-9\" class=\"sc-a7166897-0 eoLsBE\"><a href=\"https:\/\/www.ole.com.ar\/futbol-internacional\/aston-villa-emiliano-martinez-nottingham-forest-europa-league_0_s2h6O6TvfP.html\" aria-label=\"Dibu cay\u00f3 1-0 en la ida de la semifinal de la Europa League ante Nottingham Forest\" class=\"sc-3c11979e-0 dqpgzy\"\/><\/p>\n<section><picture><img alt=\"Dibu cay\u00f3 1-0 en la ida de la semifinal de la Europa League ante Nottingham Forest\" loading=\"lazy\" width=\"290\" height=\"290\" decoding=\"async\" data-nimg=\"1\" style=\"color:transparent\" src=\"https:\/\/fmamiga909.com.ar\/wp-content\/uploads\/2026\/05\/TWHh4cL6F_290x290__1.jpg\"\/><\/picture>\n<p><span>Mir\u00e1 tambi\u00e9n<\/span><\/p>\n<hr\/>\n<h3>Dibu cay\u00f3 1-0 en la ida de la semifinal de la Europa League ante Nottingham Forest<\/h3>\n<\/p>\n<\/section>\n<\/div>\n<div id=\"element-body-10\" class=\"sc-a7166897-0 eoLsBE\"><a href=\"https:\/\/www.ole.com.ar\/futbol-internacional\/dibu-martinez-nottingham-aston-villa-europa-league-atajada_0_IeNn1D9nSA.html\" aria-label=\"Video: la tremenda atajada de Dibu en Europa League\" class=\"sc-3c11979e-0 dqpgzy\"\/><\/p>\n<section><picture><img alt=\"Video: la tremenda atajada de Dibu en Europa League\" loading=\"lazy\" width=\"290\" height=\"290\" decoding=\"async\" data-nimg=\"1\" style=\"color:transparent\" src=\"https:\/\/fmamiga909.com.ar\/wp-content\/uploads\/2026\/05\/TWHh4cL6F_290x290__1.jpg\"\/><\/picture>\n<p><span>Mir\u00e1 tambi\u00e9n<\/span><\/p>\n<hr\/>\n<h3>Video: la tremenda atajada de Dibu en Europa League<\/h3>\n<\/p>\n<\/section>\n<\/div>\n<div id=\"element-body-11\" class=\"sc-a7166897-0 eoLsBE\"><a href=\"https:\/\/www.ole.com.ar\/futbol-internacional\/rayo-vallecano-racing-estrasburgo-semifinal-uefa-conference-league_0_aDdx8KQcKV.html\" aria-label=\"Con Batalla firme, el Rayo golpe\u00f3 primero pero dej\u00f3 con vida al Estrasburgo&#10;&#10;&#10;&#10;\" class=\"sc-3c11979e-0 dqpgzy\"\/><\/p>\n<section><picture><img alt=\"Con Batalla firme, el Rayo golpe\u00f3 primero pero dej\u00f3 con vida al Estrasburgo&#10;&#10;&#10;&#10;\" loading=\"lazy\" width=\"290\" height=\"290\" decoding=\"async\" data-nimg=\"1\" style=\"color:transparent\" src=\"https:\/\/fmamiga909.com.ar\/wp-content\/uploads\/2026\/05\/AENKM8hdZ_290x290__1.jpg\"\/><\/picture>\n<p><span>Mir\u00e1 tambi\u00e9n<\/span><\/p>\n<hr\/>\n<h3>Con Batalla firme, el Rayo golpe\u00f3 primero pero dej\u00f3 con vida al Estrasburgo<\/p>\n<\/h3>\n<\/section>\n<\/div>\n<\/div>\n<p><a href=\"https:\/\/www.ole.com.ar\/futbol-internacional\/francia\/colo-barco-premio-trofeo-unfp-mejor-joven-temporada-ligue-1-valentin-francia-racing-estrasburgo-p_0_kuFipLL1IY.html\">source<\/a><\/p>\n","protected":false},"excerpt":{"rendered":"<p>01\/05\/2026 01:09hs. Valentin Barco fue nominado para ganar el Trofeo UNFP como uno de los&#8230;<\/p>\n","protected":false},"author":3,"featured_media":33312,"comment_status":"closed","ping_status":"closed","sticky":false,"template":"","format":"standard","meta":{"footnotes":""},"categories":[21],"tags":[],"class_list":["post-33311","post","type-post","status-publish","format-standard","has-post-thumbnail","hentry","category-deportes"],"featured_image_urls":{"full":["https:\/\/fmamiga909.com.ar\/wp-content\/uploads\/2026\/05\/wp-header-logo-7.png",720,839,false],"thumbnail":["https:\/\/fmamiga909.com.ar\/wp-content\/uploads\/2026\/05\/wp-header-logo-7-150x150.png",150,150,true],"medium":["https:\/\/fmamiga909.com.ar\/wp-content\/uploads\/2026\/05\/wp-header-logo-7-257x300.png",257,300,true],"medium_large":["https:\/\/fmamiga909.com.ar\/wp-content\/uploads\/2026\/05\/wp-header-logo-7.png",720,839,false],"large":["https:\/\/fmamiga909.com.ar\/wp-content\/uploads\/2026\/05\/wp-header-logo-7.png",640,746,false],"1536x1536":["https:\/\/fmamiga909.com.ar\/wp-content\/uploads\/2026\/05\/wp-header-logo-7.png",720,839,false],"2048x2048":["https:\/\/fmamiga909.com.ar\/wp-content\/uploads\/2026\/05\/wp-header-logo-7.png",720,839,false],"newsium-slider-full":["https:\/\/fmamiga909.com.ar\/wp-content\/uploads\/2026\/05\/wp-header-logo-7.png",720,839,false],"newsium-featured":["https:\/\/fmamiga909.com.ar\/wp-content\/uploads\/2026\/05\/wp-header-logo-7.png",720,839,false],"newsium-medium":["https:\/\/fmamiga909.com.ar\/wp-content\/uploads\/2026\/05\/wp-header-logo-7-720x475.png",720,475,true]},"author_info":{"display_name":"Fredy Giuliano","author_link":"https:\/\/fmamiga909.com.ar\/?author=3"},"category_info":"<a href=\"https:\/\/fmamiga909.com.ar\/?cat=21\" rel=\"category\">Deportes<\/a>","tag_info":"Deportes","comment_count":"0","_links":{"self":[{"href":"https:\/\/fmamiga909.com.ar\/index.php?rest_route=\/wp\/v2\/posts\/33311","targetHints":{"allow":["GET"]}}],"collection":[{"href":"https:\/\/fmamiga909.com.ar\/index.php?rest_route=\/wp\/v2\/posts"}],"about":[{"href":"https:\/\/fmamiga909.com.ar\/index.php?rest_route=\/wp\/v2\/types\/post"}],"author":[{"embeddable":true,"href":"https:\/\/fmamiga909.com.ar\/index.php?rest_route=\/wp\/v2\/users\/3"}],"replies":[{"embeddable":true,"href":"https:\/\/fmamiga909.com.ar\/index.php?rest_route=%2Fwp%2Fv2%2Fcomments&post=33311"}],"version-history":[{"count":0,"href":"https:\/\/fmamiga909.com.ar\/index.php?rest_route=\/wp\/v2\/posts\/33311\/revisions"}],"wp:featuredmedia":[{"embeddable":true,"href":"https:\/\/fmamiga909.com.ar\/index.php?rest_route=\/wp\/v2\/media\/33312"}],"wp:attachment":[{"href":"https:\/\/fmamiga909.com.ar\/index.php?rest_route=%2Fwp%2Fv2%2Fmedia&parent=33311"}],"wp:term":[{"taxonomy":"category","embeddable":true,"href":"https:\/\/fmamiga909.com.ar\/index.php?rest_route=%2Fwp%2Fv2%2Fcategories&post=33311"},{"taxonomy":"post_tag","embeddable":true,"href":"https:\/\/fmamiga909.com.ar\/index.php?rest_route=%2Fwp%2Fv2%2Ftags&post=33311"}],"curies":[{"name":"wp","href":"https:\/\/api.w.org\/{rel}","templated":true}]}}