{"id":33340,"date":"2026-05-01T20:47:55","date_gmt":"2026-05-01T20:47:55","guid":{"rendered":"https:\/\/fmamiga909.com.ar\/?p=33340"},"modified":"2026-05-01T20:47:55","modified_gmt":"2026-05-01T20:47:55","slug":"river-sin-descanso-regreso-de-brasil-practica-en-ezeiza-y-las-vueltas-que-se-acercan","status":"publish","type":"post","link":"https:\/\/fmamiga909.com.ar\/?p=33340","title":{"rendered":"River, sin descanso: regreso de Brasil, pr\u00e1ctica en Ezeiza y las vueltas que se acercan"},"content":{"rendered":"<p><span class=\"createDate\">01\/05\/2026 16:41hs.<\/span><time class=\"modificatedDate\" datetime=\"2026-05-01T16:52:47-03:00\"> Actualizado al 01\/05\/2026 16:52hs.<\/time><\/p>\n<div id=\"storyBody\">\n<div id=\"element-body-0\" class=\"sc-136cd478-0 ekTCfV\">\n<p>La palabra descanso est\u00e1 tachada en el diccionario de <strong><a href=\"https:\/\/www.ole.com.ar\/tema\/river-plate.html\" title=\"River Plate\" alt=\"River Plate\" class=\"slug\">River<\/a><\/strong> al menos en el corto plazo. Despu\u00e9s de un r\u00e1pido regreso desde San Pablo durante la madrugada, el plantel se baj\u00f3 del avi\u00f3n, dej\u00f3 las valijas a un costado y <strong>se entren\u00f3 pasado el mediod\u00eda de este viernes<\/strong> pensando en el duelo contra Atl\u00e9tico Tucum\u00e1n. Con la tranquilidad de tener el boleto a octavos en el bolsillo, pero tambi\u00e9n con la necesidad de una victoria para terminar segundo en la zona, por detr\u00e1s de Independiente Rivadavia, pensando en la local\u00eda en los mata-mata, <strong><a href=\"https:\/\/www.ole.com.ar\/tema\/eduardo-coudet.html\" title=\"Eduardo Coudet\" alt=\"Eduardo Coudet\" class=\"slug\">Eduardo Coudet<\/a><\/strong> dej\u00f3 entrever que har\u00e1 modificaciones mientras espera recuperar piezas en el corto plazo.<\/p>\n<\/div>\n<div id=\"element-body-1\" class=\"sc-136cd478-0 ekTCfV\">\n<p>Mientras que los que sumaron una buena cantidad de minutos frente a <strong>Bragantino hicieron tareas regenerativas en el gimnasio<\/strong>, el resto del plantel realiz\u00f3 trabajos de f\u00fatbol reducido y ejercicios con pelota. La buena noticia para el Chacho es que tanto <strong>Juan Fernando Quintero<\/strong> como <strong>Fausto Vera<\/strong> participaron de buena parte del entrenamiento y despu\u00e9s finalizaron la jornada aparte del grupo. <\/p>\n<\/div>\n<div id=\"element-body-2\" class=\"sc-136cd478-0 ekTCfV\">\n<p>Ambos <strong>a\u00fan sin el alta m\u00e9dica y con apenas una pr\u00e1ctica por delante<\/strong> (s\u00e1bado desde las 18 en el Monumental), el entrenador espera poder contar con ellos el jueves 7 en Venezuela. Mientras que el ex Argentinos se recupera de <strong>un esguince de grado 2 en el ligamento colateral medial de la rodilla derecha,<\/strong> el colombiano evoluciona de una lesi\u00f3n muscular de grado 1 en el psoas izquierdo.<\/p>\n<\/div>\n<div id=\"element-body-3\" class=\"sc-136cd478-0 ekTCfV\">\n<p>Aunque en el cuerpo t\u00e9cnico consideran que todav\u00eda <strong>no est\u00e1n en condiciones \u00f3ptimas para volver a la lista de convocados<\/strong> y prefieren no acelerar los plazos en un momento clave de la temporada, Coudet se ilusiona con recuperar a Vera, <strong>pieza clave en el mediocampo que dej\u00f3 un hueco que no pudo llenar<\/strong> y que lo oblig\u00f3 a utilizar a Giuliano Galoppo y a Juan Cruz Meza.<\/p>\n<\/div>\n<div class=\"sc-e7b891c4-0 ifHnQL image-embed\" id=\"element-body-4\"><img alt=\"Maxi Meza, cerca de volver a las canchas. Prensa River.\" loading=\"lazy\" width=\"720\" height=\"100\" decoding=\"async\" data-nimg=\"1\" style=\"color:transparent\" src=\"https:\/\/fmamiga909.com.ar\/wp-content\/uploads\/2026\/05\/Kuo-hOx2f_720x0__1.jpg\"\/><span class=\"epigraphe\">Maxi Meza, cerca de volver a las canchas. Prensa River.<\/span><\/div>\n<div id=\"element-body-5\" class=\"sc-136cd478-0 ekTCfV\">\n<p>Si de Meza se trata, el que ya tiene el OK cl\u00ednico y est\u00e1 cada vez m\u00e1s cerca de reaparecer es su hermano mayor, <strong>Maxi<\/strong>. \u00abViene trabajando bien, con una mejora muy buena, y nos vendr\u00eda bien su participaci\u00f3n. <strong>Lo veo cada vez m\u00e1s cerca de poder estar y ayudarnos\u00bb<\/strong>, expres\u00f3 el DT en la \u00faltima conferencia, dejando entrever que podr\u00eda volver a la n\u00f3mina frente al Decano para empezar a sumar rodaje.<\/p>\n<\/div>\n<div class=\"sc-e7b891c4-0 ifHnQL image-embed\" id=\"element-body-6\"><img alt=\"Armani, en el Camp. \u00bfSer\u00e1 convocado contra el Decano? Prensa River.\" loading=\"lazy\" width=\"720\" height=\"100\" decoding=\"async\" data-nimg=\"1\" style=\"color:transparent\" src=\"https:\/\/fmamiga909.com.ar\/wp-content\/uploads\/2026\/05\/EezuOmV5w_720x0__1.jpg\"\/><span class=\"epigraphe\">Armani, en el Camp. \u00bfSer\u00e1 convocado contra el Decano? Prensa River.<\/span><\/div>\n<div id=\"element-body-7\" class=\"sc-136cd478-0 ekTCfV\">\n<p>\u00bfY <strong>Franco Armani<\/strong>? En la misma situaci\u00f3n que MM, <strong>ser\u00e1 Coudet el que decida cu\u00e1ndo le vuelve a dar minutos<\/strong> en un contexto en el que <strong>Santiago Beltr\u00e1n<\/strong> se consolida d\u00eda a d\u00eda en el arco de River, siendo figura frente a Bragantino con el penal clave atajado.<\/p>\n<\/div>\n<p><h2><strong>Las chances de clasificaci\u00f3n de los equipos en la \u00faltima fecha del Apertura<\/strong><\/h2>\n<\/p>\n<\/div>\n<p><a href=\"https:\/\/www.ole.com.ar\/river-plate\/river-plate-eduardo-coudet-entrenamiento-practica-atletico-tucuman-carabobo_0_YuproC2gPL.html\">source<\/a><\/p>\n","protected":false},"excerpt":{"rendered":"<p>01\/05\/2026 16:41hs. Actualizado al 01\/05\/2026 16:52hs. La palabra descanso est\u00e1 tachada en el diccionario de&#8230;<\/p>\n","protected":false},"author":3,"featured_media":33341,"comment_status":"closed","ping_status":"closed","sticky":false,"template":"","format":"standard","meta":{"footnotes":""},"categories":[21],"tags":[],"class_list":["post-33340","post","type-post","status-publish","format-standard","has-post-thumbnail","hentry","category-deportes"],"featured_image_urls":{"full":["https:\/\/fmamiga909.com.ar\/wp-content\/uploads\/2026\/05\/wp-header-logo-12.png",720,489,false],"thumbnail":["https:\/\/fmamiga909.com.ar\/wp-content\/uploads\/2026\/05\/wp-header-logo-12-150x150.png",150,150,true],"medium":["https:\/\/fmamiga909.com.ar\/wp-content\/uploads\/2026\/05\/wp-header-logo-12-300x204.png",300,204,true],"medium_large":["https:\/\/fmamiga909.com.ar\/wp-content\/uploads\/2026\/05\/wp-header-logo-12.png",720,489,false],"large":["https:\/\/fmamiga909.com.ar\/wp-content\/uploads\/2026\/05\/wp-header-logo-12.png",640,435,false],"1536x1536":["https:\/\/fmamiga909.com.ar\/wp-content\/uploads\/2026\/05\/wp-header-logo-12.png",720,489,false],"2048x2048":["https:\/\/fmamiga909.com.ar\/wp-content\/uploads\/2026\/05\/wp-header-logo-12.png",720,489,false],"newsium-slider-full":["https:\/\/fmamiga909.com.ar\/wp-content\/uploads\/2026\/05\/wp-header-logo-12.png",720,489,false],"newsium-featured":["https:\/\/fmamiga909.com.ar\/wp-content\/uploads\/2026\/05\/wp-header-logo-12.png",720,489,false],"newsium-medium":["https:\/\/fmamiga909.com.ar\/wp-content\/uploads\/2026\/05\/wp-header-logo-12-720x475.png",720,475,true]},"author_info":{"display_name":"Fredy Giuliano","author_link":"https:\/\/fmamiga909.com.ar\/?author=3"},"category_info":"<a href=\"https:\/\/fmamiga909.com.ar\/?cat=21\" rel=\"category\">Deportes<\/a>","tag_info":"Deportes","comment_count":"0","_links":{"self":[{"href":"https:\/\/fmamiga909.com.ar\/index.php?rest_route=\/wp\/v2\/posts\/33340","targetHints":{"allow":["GET"]}}],"collection":[{"href":"https:\/\/fmamiga909.com.ar\/index.php?rest_route=\/wp\/v2\/posts"}],"about":[{"href":"https:\/\/fmamiga909.com.ar\/index.php?rest_route=\/wp\/v2\/types\/post"}],"author":[{"embeddable":true,"href":"https:\/\/fmamiga909.com.ar\/index.php?rest_route=\/wp\/v2\/users\/3"}],"replies":[{"embeddable":true,"href":"https:\/\/fmamiga909.com.ar\/index.php?rest_route=%2Fwp%2Fv2%2Fcomments&post=33340"}],"version-history":[{"count":0,"href":"https:\/\/fmamiga909.com.ar\/index.php?rest_route=\/wp\/v2\/posts\/33340\/revisions"}],"wp:featuredmedia":[{"embeddable":true,"href":"https:\/\/fmamiga909.com.ar\/index.php?rest_route=\/wp\/v2\/media\/33341"}],"wp:attachment":[{"href":"https:\/\/fmamiga909.com.ar\/index.php?rest_route=%2Fwp%2Fv2%2Fmedia&parent=33340"}],"wp:term":[{"taxonomy":"category","embeddable":true,"href":"https:\/\/fmamiga909.com.ar\/index.php?rest_route=%2Fwp%2Fv2%2Fcategories&post=33340"},{"taxonomy":"post_tag","embeddable":true,"href":"https:\/\/fmamiga909.com.ar\/index.php?rest_route=%2Fwp%2Fv2%2Ftags&post=33340"}],"curies":[{"name":"wp","href":"https:\/\/api.w.org\/{rel}","templated":true}]}}