{"id":33348,"date":"2026-05-01T20:50:04","date_gmt":"2026-05-01T20:50:04","guid":{"rendered":"https:\/\/fmamiga909.com.ar\/?p=33348"},"modified":"2026-05-01T20:50:04","modified_gmt":"2026-05-01T20:50:04","slug":"argentina-tambien-se-luce-en-formula-2-nicolas-varrone-se-clasifico-6-en-miami","status":"publish","type":"post","link":"https:\/\/fmamiga909.com.ar\/?p=33348","title":{"rendered":"Argentina tambi\u00e9n se luce en F\u00f3rmula 2: Nicol\u00e1s Varrone se clasific\u00f3 6\u00b0 en Miami"},"content":{"rendered":"<p><time class=\"createDate\" datetime=\"2026-05-01T16:43:39-03:00\">01\/05\/2026 16:43hs.<\/time><\/p>\n<div id=\"storyBody\">\n<div id=\"element-body-0\" class=\"sc-136cd478-0 ekTCfV\">\n<p>La atenci\u00f3n de los argentinos est\u00e1 puesta en el <a href=\"https:\/\/www.ole.com.ar\/autos\/f1-gran-premio-miami-2026-franco-colapinto-alpine-practica-libre-clasificacion-carrera-sprint-horario-dia-1-viernes_0_xfN4xYIQKy.html\" target=\"_self\" title=\"GP de Miami de F\u00f3rmula 1\" alt=\"GP de Miami de F\u00f3rmula 1\">GP de Miami de F\u00f3rmula 1<\/a>, ya que ah\u00ed est\u00e1 <strong>Franco Colapinto<\/strong> <a href=\"https:\/\/www.ole.com.ar\/tema\/\/autos\/cambios-auto-franco-colapinto-mejora-gasly_0_oehaVHUm5y.html\" target=\"_self\" title=\"con un auto renovado\" alt=\"con un auto renovado\">con un auto renovado<\/a> -al igual que las ilusiones-. De todos modos, habr\u00e1 que poner un ojito a lo que pase en el de F\u00f3rmula 2, dado que ah\u00ed hay otro piloto nacional y se est\u00e1 luciendo: <strong><a href=\"https:\/\/www.ole.com.ar\/tema\/nicolas-varrone.html\" title=\"Nicol\u00e1s Varrone\" alt=\"Nicol\u00e1s Varrone\" class=\"slug\">Nicol\u00e1s Varrone<\/a> se clasific\u00f3 6\u00b0 y pelear\u00e1 por su primera victoria.<\/strong><\/p>\n<\/div>\n<div id=\"element-body-1\" class=\"sc-136cd478-0 ekTCfV\">\n<p>En la qualy de la categor\u00eda telonera, paso previo a la M\u00e1xima, el piloto de Van Amersfoort Racing se mostr\u00f3 competitivo desde el inicio, apret\u00f3 al final -lleg\u00f3 a ponerse primero- y <strong>qued\u00f3 6\u00b0 tras haber marcado un tiempo de 1:40.204<\/strong> (fue 0.316 m\u00e1s lento que el poleman Kush Maini).<\/p>\n<\/div>\n<div id=\"element-body-2\" class=\"sc-136cd478-0 ekTCfV\">\n<p>Debido al sistema de grillas invertidas, un Nico que lleg\u00f3 a ser l\u00edder en la primera fecha -termin\u00f3 cayendo por el desgaste de los neum\u00e1ticos- <strong>partir\u00e1 5\u00b0 en la carrera Sprint, mientras que largar\u00e1 6\u00b0 en la principal. <\/strong> Su compa\u00f1ero de equipo, Rafael Villag\u00f3mez, que es su referencia m\u00e1s directa, saldr\u00e1 19\u00b0 en ambas.<\/p>\n<\/div>\n<div class=\"sc-e7b891c4-0 ifHnQL image-embed\" id=\"element-body-3\"><img alt=\"El VAR de Nicol\u00e1s Varrone.\" loading=\"lazy\" width=\"720\" height=\"100\" decoding=\"async\" data-nimg=\"1\" style=\"color:transparent\" src=\"https:\/\/fmamiga909.com.ar\/wp-content\/uploads\/2026\/05\/ZbHS1pTCw_720x0__1.jpg\"\/><span class=\"epigraphe\">El VAR de Nicol\u00e1s Varrone.<\/span><\/div>\n<p><h2>Nicol\u00e1s Varrone en Miami: horarios y d\u00f3nde verlo con la F\u00f3rmula 2<\/h2>\n<\/p>\n<p><h3>S\u00e1bado 2\/5<\/h3>\n<\/p>\n<p><h3>Domingo 3\/5<\/h3>\n<\/p>\n<div id=\"element-body-8\" class=\"sc-136cd478-0 ekTCfV\">\n<ul>\n<li>Carrera principal: 13.30hs<\/li>\n<\/ul>\n<p>Toda la actividad ser\u00e1 transmitida por <strong>ESPN 2<\/strong> y <strong>Disney+ Premium<\/strong>.<\/p>\n<\/div>\n<div class=\"sc-e7b891c4-0 ifHnQL image-embed\" id=\"element-body-9\"><img alt=\"Nicol\u00e1s Varrone volver\u00e1 a girar en Miami este s\u00e1bado. (Prensa Van Amersfoort)\" loading=\"lazy\" width=\"720\" height=\"100\" decoding=\"async\" data-nimg=\"1\" style=\"color:transparent\" src=\"https:\/\/fmamiga909.com.ar\/wp-content\/uploads\/2026\/05\/OuvC5G2jF_720x0__1.jpg\"\/><span class=\"epigraphe\">Nicol\u00e1s Varrone volver\u00e1 a girar en Miami este s\u00e1bado. (Prensa Van Amersfoort)<\/span><\/div>\n<div id=\"element-body-10\" class=\"sc-a7166897-0 eoLsBE\"><a href=\"https:\/\/www.ole.com.ar\/autos\/f1-gran-premio-miami-2026-franco-colapinto-alpine-practica-libre-clasificacion-carrera-sprint-horario-dia-1-viernes_0_xfN4xYIQKy.html\" aria-label=\"F1 GP de Miami, EN VIVO: Franco Colapinto ya disputa la clasificaci\u00f3n Sprint\" class=\"sc-3c11979e-0 dqpgzy\"\/><\/p>\n<section><picture><img alt=\"F1 GP de Miami, EN VIVO: Franco Colapinto ya disputa la clasificaci\u00f3n Sprint\" loading=\"lazy\" width=\"290\" height=\"290\" decoding=\"async\" data-nimg=\"1\" style=\"color:transparent\" src=\"https:\/\/fmamiga909.com.ar\/wp-content\/uploads\/2026\/05\/-uKHIvoVd_290x290__1.jpg\"\/><\/picture>\n<p><span>Mir\u00e1 tambi\u00e9n<\/span><\/p>\n<hr\/>\n<h3>F1 GP de Miami, EN VIVO: Franco Colapinto ya disputa la clasificaci\u00f3n Sprint<\/h3>\n<\/p>\n<\/section>\n<\/div>\n<div id=\"element-body-11\" class=\"sc-a7166897-0 eoLsBE\"><a href=\"https:\/\/www.ole.com.ar\/autos\/flavio-briatore-valoro-arranque-temporada-franco-colapinto-alpine-destaco-evolucion-manejo-auto-gp-miami_0_WcelOdjRqG.html\" aria-label=\"Flavio Briatore elogi\u00f3 el crecimiento de Franco Colapinto y destac\u00f3 su evoluci\u00f3n en Alpine: \u201cAhora est\u00e1 m\u00e1s maduro&quot;\" class=\"sc-3c11979e-0 dqpgzy\"\/><\/p>\n<section><picture><img alt=\"Flavio Briatore elogi\u00f3 el crecimiento de Franco Colapinto y destac\u00f3 su evoluci\u00f3n en Alpine: \u201cAhora est\u00e1 m\u00e1s maduro&quot;\" loading=\"lazy\" width=\"290\" height=\"290\" decoding=\"async\" data-nimg=\"1\" style=\"color:transparent\" src=\"https:\/\/fmamiga909.com.ar\/wp-content\/uploads\/2026\/05\/qNBYogjWH_290x290__1.jpg\"\/><\/picture>\n<p><span>Mir\u00e1 tambi\u00e9n<\/span><\/p>\n<hr\/>\n<h3>Flavio Briatore elogi\u00f3 el crecimiento de Franco Colapinto y destac\u00f3 su evoluci\u00f3n en Alpine: \u201cAhora est\u00e1 m\u00e1s maduro\u00bb<\/h3>\n<\/p>\n<\/section>\n<\/div>\n<div id=\"element-body-12\" class=\"sc-a7166897-0 eoLsBE\"><a href=\"https:\/\/www.ole.com.ar\/autos\/cambios-auto-franco-colapinto-mejora-gasly_0_oehaVHUm5y.html\" aria-label=\"Todos los cambios en el auto de Colapinto y la mejora que solamente tendr\u00e1 Gasly\" class=\"sc-3c11979e-0 dqpgzy\"\/><\/p>\n<section><picture><img alt=\"Todos los cambios en el auto de Colapinto y la mejora que solamente tendr\u00e1 Gasly\" loading=\"lazy\" width=\"290\" height=\"290\" decoding=\"async\" data-nimg=\"1\" style=\"color:transparent\" src=\"https:\/\/fmamiga909.com.ar\/wp-content\/uploads\/2026\/05\/OLhNkmNYk_290x290__1.jpg\"\/><\/picture>\n<p><span>Mir\u00e1 tambi\u00e9n<\/span><\/p>\n<hr\/>\n<h3>Todos los cambios en el auto de Colapinto y la mejora que solamente tendr\u00e1 Gasly<\/h3>\n<\/p>\n<\/section>\n<\/div>\n<div id=\"element-body-13\" class=\"sc-a7166897-0 eoLsBE\"><a href=\"https:\/\/www.ole.com.ar\/autos\/elogio-pierre-gasly-franco-colapinto-pilotos-paddock-comunidad_0_ctIHQCpovd.html\" aria-label=\"El elogio de Gasly a Colapinto: &quot;De todos los pilotos en el paddock, probablemente es quien tiene la mayor comunidad&quot;\" class=\"sc-3c11979e-0 dqpgzy\"\/><\/p>\n<section><picture><img alt=\"El elogio de Gasly a Colapinto: &quot;De todos los pilotos en el paddock, probablemente es quien tiene la mayor comunidad&quot;\" loading=\"lazy\" width=\"290\" height=\"290\" decoding=\"async\" data-nimg=\"1\" style=\"color:transparent\" src=\"https:\/\/fmamiga909.com.ar\/wp-content\/uploads\/2026\/05\/4jptHr8Rn_290x290__1.jpg\"\/><\/picture>\n<p><span>Mir\u00e1 tambi\u00e9n<\/span><\/p>\n<hr\/>\n<h3>El elogio de Gasly a Colapinto: \u00abDe todos los pilotos en el paddock, probablemente es quien tiene la mayor comunidad\u00bb<\/h3>\n<\/p>\n<\/section>\n<\/div>\n<\/div>\n<p><a href=\"https:\/\/www.ole.com.ar\/autos\/argentina-formula-2-nicolas-varrone-clasifico-miami_0_rF536sMNsr.html\">source<\/a><\/p>\n","protected":false},"excerpt":{"rendered":"<p>01\/05\/2026 16:43hs. La atenci\u00f3n de los argentinos est\u00e1 puesta en el GP de Miami de&#8230;<\/p>\n","protected":false},"author":3,"featured_media":33349,"comment_status":"closed","ping_status":"closed","sticky":false,"template":"","format":"standard","meta":{"footnotes":""},"categories":[21],"tags":[],"class_list":["post-33348","post","type-post","status-publish","format-standard","has-post-thumbnail","hentry","category-deportes"],"featured_image_urls":{"full":["https:\/\/fmamiga909.com.ar\/wp-content\/uploads\/2026\/05\/wp-header-logo-13.png",720,411,false],"thumbnail":["https:\/\/fmamiga909.com.ar\/wp-content\/uploads\/2026\/05\/wp-header-logo-13-150x150.png",150,150,true],"medium":["https:\/\/fmamiga909.com.ar\/wp-content\/uploads\/2026\/05\/wp-header-logo-13-300x171.png",300,171,true],"medium_large":["https:\/\/fmamiga909.com.ar\/wp-content\/uploads\/2026\/05\/wp-header-logo-13.png",720,411,false],"large":["https:\/\/fmamiga909.com.ar\/wp-content\/uploads\/2026\/05\/wp-header-logo-13.png",640,365,false],"1536x1536":["https:\/\/fmamiga909.com.ar\/wp-content\/uploads\/2026\/05\/wp-header-logo-13.png",720,411,false],"2048x2048":["https:\/\/fmamiga909.com.ar\/wp-content\/uploads\/2026\/05\/wp-header-logo-13.png",720,411,false],"newsium-slider-full":["https:\/\/fmamiga909.com.ar\/wp-content\/uploads\/2026\/05\/wp-header-logo-13.png",720,411,false],"newsium-featured":["https:\/\/fmamiga909.com.ar\/wp-content\/uploads\/2026\/05\/wp-header-logo-13.png",720,411,false],"newsium-medium":["https:\/\/fmamiga909.com.ar\/wp-content\/uploads\/2026\/05\/wp-header-logo-13.png",720,411,false]},"author_info":{"display_name":"Fredy Giuliano","author_link":"https:\/\/fmamiga909.com.ar\/?author=3"},"category_info":"<a href=\"https:\/\/fmamiga909.com.ar\/?cat=21\" rel=\"category\">Deportes<\/a>","tag_info":"Deportes","comment_count":"0","_links":{"self":[{"href":"https:\/\/fmamiga909.com.ar\/index.php?rest_route=\/wp\/v2\/posts\/33348","targetHints":{"allow":["GET"]}}],"collection":[{"href":"https:\/\/fmamiga909.com.ar\/index.php?rest_route=\/wp\/v2\/posts"}],"about":[{"href":"https:\/\/fmamiga909.com.ar\/index.php?rest_route=\/wp\/v2\/types\/post"}],"author":[{"embeddable":true,"href":"https:\/\/fmamiga909.com.ar\/index.php?rest_route=\/wp\/v2\/users\/3"}],"replies":[{"embeddable":true,"href":"https:\/\/fmamiga909.com.ar\/index.php?rest_route=%2Fwp%2Fv2%2Fcomments&post=33348"}],"version-history":[{"count":0,"href":"https:\/\/fmamiga909.com.ar\/index.php?rest_route=\/wp\/v2\/posts\/33348\/revisions"}],"wp:featuredmedia":[{"embeddable":true,"href":"https:\/\/fmamiga909.com.ar\/index.php?rest_route=\/wp\/v2\/media\/33349"}],"wp:attachment":[{"href":"https:\/\/fmamiga909.com.ar\/index.php?rest_route=%2Fwp%2Fv2%2Fmedia&parent=33348"}],"wp:term":[{"taxonomy":"category","embeddable":true,"href":"https:\/\/fmamiga909.com.ar\/index.php?rest_route=%2Fwp%2Fv2%2Fcategories&post=33348"},{"taxonomy":"post_tag","embeddable":true,"href":"https:\/\/fmamiga909.com.ar\/index.php?rest_route=%2Fwp%2Fv2%2Ftags&post=33348"}],"curies":[{"name":"wp","href":"https:\/\/api.w.org\/{rel}","templated":true}]}}