{"id":33350,"date":"2026-05-01T20:58:00","date_gmt":"2026-05-01T20:58:00","guid":{"rendered":"https:\/\/fmamiga909.com.ar\/?p=33350"},"modified":"2026-05-01T20:58:00","modified_gmt":"2026-05-01T20:58:00","slug":"la-ironia-de-la-presidenta-de-palmeiras-al-flamengo","status":"publish","type":"post","link":"https:\/\/fmamiga909.com.ar\/?p=33350","title":{"rendered":"La iron\u00eda de la presidenta de Palmeiras al Flamengo"},"content":{"rendered":"<p><time class=\"createDate\" datetime=\"2026-05-01T15:43:18-03:00\">01\/05\/2026 15:43hs.<\/time><\/p>\n<div id=\"storyBody\">\n<div id=\"element-body-0\" class=\"sc-136cd478-0 ekTCfV\">\n<p>La presidenta de Palmeiras, Leila Pereira, qued\u00f3 en el centro de la escena tras lanzar una declaraci\u00f3n cargada de iron\u00eda contra Flamengo, en un cruce que vuelve a poner el foco en el uso de los estadios para espect\u00e1culos musicales.<\/p>\n<\/div>\n<div id=\"element-body-1\" class=\"sc-136cd478-0 ekTCfV\">\n<p>Todo comenz\u00f3 a partir de que la prensa brasile\u00f1a que indican que el Maracan\u00e1, utilizado por Flamengo y Fluminense, comenzar\u00eda a albergar recitales de manera m\u00e1s sistem\u00e1tica. Frente a ese escenario, Pereira no dej\u00f3 pasar la oportunidad de responder viejas cr\u00edticas recibidas desde el club carioca, particularmente de su dirigente Luiz Eduardo Baptista, quien en su momento hab\u00eda cuestionado al Palmeiras por permitir shows en el Allianz Parque.<\/p>\n<\/div>\n<div id=\"element-body-2\" class=\"sc-136cd478-0 ekTCfV\">\n<p>\u201c\u00bfSer\u00e1 que Flamengo quiere dejar el f\u00fatbol? \u00bfVa a convertirse en una casa de espect\u00e1culos?\u201d, lanz\u00f3 la dirigente. Lejos de ser una afirmaci\u00f3n literal, la frase funciona como una iron\u00eda dirigida a marcar una contradicci\u00f3n: aquello que antes era motivo de cr\u00edtica \u2014la realizaci\u00f3n de eventos musicales en un estadio\u2014 hoy aparece como una pr\u00e1ctica adoptada por el propio club.<\/p>\n<\/div>\n<div id=\"element-body-3\" class=\"sc-136cd478-0 ekTCfV\">\n<p>Incluso, Pereira profundiz\u00f3 su postura con otra frase cargada de sarcasmo, al sugerir que Flamengo podr\u00eda instalar c\u00e9sped sint\u00e9tico, tal como el que utiliza Palmeiras, una de las cuestiones que tambi\u00e9n hab\u00eda sido cuestionada anteriormente desde el entorno rival.<\/p>\n<\/div>\n<div id=\"element-body-4\" class=\"sc-136cd478-0 ekTCfV\">\n<p>El cruce no solo refleja una disputa dirigencial, sino que deja en evidencia un debate m\u00e1s amplio dentro del f\u00fatbol moderno: la necesidad de los clubes de generar nuevos ingresos y el lugar que ocupan los estadios como espacios multifunci\u00f3n.<\/p>\n<\/div>\n<\/div>\n<p><a href=\"https:\/\/www.ole.com.ar\/futbol-internacional\/ironia-presidenta-palmeiras-flamengo_0_UzzMXbGHrf.html\">source<\/a><\/p>\n","protected":false},"excerpt":{"rendered":"<p>01\/05\/2026 15:43hs. La presidenta de Palmeiras, Leila Pereira, qued\u00f3 en el centro de la escena&#8230;<\/p>\n","protected":false},"author":3,"featured_media":33351,"comment_status":"closed","ping_status":"closed","sticky":false,"template":"","format":"standard","meta":{"footnotes":""},"categories":[21],"tags":[],"class_list":["post-33350","post","type-post","status-publish","format-standard","has-post-thumbnail","hentry","category-deportes"],"featured_image_urls":{"full":["https:\/\/fmamiga909.com.ar\/wp-content\/uploads\/2026\/05\/wp-header-logo-14.png",2000,1500,false],"thumbnail":["https:\/\/fmamiga909.com.ar\/wp-content\/uploads\/2026\/05\/wp-header-logo-14-150x150.png",150,150,true],"medium":["https:\/\/fmamiga909.com.ar\/wp-content\/uploads\/2026\/05\/wp-header-logo-14-300x225.png",300,225,true],"medium_large":["https:\/\/fmamiga909.com.ar\/wp-content\/uploads\/2026\/05\/wp-header-logo-14.png",2000,1500,false],"large":["https:\/\/fmamiga909.com.ar\/wp-content\/uploads\/2026\/05\/wp-header-logo-14-1024x768.png",640,480,true],"1536x1536":["https:\/\/fmamiga909.com.ar\/wp-content\/uploads\/2026\/05\/wp-header-logo-14-1536x1152.png",1536,1152,true],"2048x2048":["https:\/\/fmamiga909.com.ar\/wp-content\/uploads\/2026\/05\/wp-header-logo-14.png",2000,1500,false],"newsium-slider-full":["https:\/\/fmamiga909.com.ar\/wp-content\/uploads\/2026\/05\/wp-header-logo-14-1280x845.png",1280,845,true],"newsium-featured":["https:\/\/fmamiga909.com.ar\/wp-content\/uploads\/2026\/05\/wp-header-logo-14-1024x768.png",1024,768,true],"newsium-medium":["https:\/\/fmamiga909.com.ar\/wp-content\/uploads\/2026\/05\/wp-header-logo-14-720x475.png",720,475,true]},"author_info":{"display_name":"Fredy Giuliano","author_link":"https:\/\/fmamiga909.com.ar\/?author=3"},"category_info":"<a href=\"https:\/\/fmamiga909.com.ar\/?cat=21\" rel=\"category\">Deportes<\/a>","tag_info":"Deportes","comment_count":"0","_links":{"self":[{"href":"https:\/\/fmamiga909.com.ar\/index.php?rest_route=\/wp\/v2\/posts\/33350","targetHints":{"allow":["GET"]}}],"collection":[{"href":"https:\/\/fmamiga909.com.ar\/index.php?rest_route=\/wp\/v2\/posts"}],"about":[{"href":"https:\/\/fmamiga909.com.ar\/index.php?rest_route=\/wp\/v2\/types\/post"}],"author":[{"embeddable":true,"href":"https:\/\/fmamiga909.com.ar\/index.php?rest_route=\/wp\/v2\/users\/3"}],"replies":[{"embeddable":true,"href":"https:\/\/fmamiga909.com.ar\/index.php?rest_route=%2Fwp%2Fv2%2Fcomments&post=33350"}],"version-history":[{"count":0,"href":"https:\/\/fmamiga909.com.ar\/index.php?rest_route=\/wp\/v2\/posts\/33350\/revisions"}],"wp:featuredmedia":[{"embeddable":true,"href":"https:\/\/fmamiga909.com.ar\/index.php?rest_route=\/wp\/v2\/media\/33351"}],"wp:attachment":[{"href":"https:\/\/fmamiga909.com.ar\/index.php?rest_route=%2Fwp%2Fv2%2Fmedia&parent=33350"}],"wp:term":[{"taxonomy":"category","embeddable":true,"href":"https:\/\/fmamiga909.com.ar\/index.php?rest_route=%2Fwp%2Fv2%2Fcategories&post=33350"},{"taxonomy":"post_tag","embeddable":true,"href":"https:\/\/fmamiga909.com.ar\/index.php?rest_route=%2Fwp%2Fv2%2Ftags&post=33350"}],"curies":[{"name":"wp","href":"https:\/\/api.w.org\/{rel}","templated":true}]}}