{"id":33356,"date":"2026-05-01T21:00:18","date_gmt":"2026-05-01T21:00:18","guid":{"rendered":"https:\/\/fmamiga909.com.ar\/?p=33356"},"modified":"2026-05-01T21:00:18","modified_gmt":"2026-05-01T21:00:18","slug":"oficial-hulk-ya-no-es-del-atletico-mineiro-y-listo-para-fluminense","status":"publish","type":"post","link":"https:\/\/fmamiga909.com.ar\/?p=33356","title":{"rendered":"Oficial: Hulk ya no es del Atl\u00e9tico Mineiro y \u00bflisto para Fluminense?"},"content":{"rendered":"<p><span class=\"createDate\">01\/05\/2026 17:13hs.<\/span><time class=\"modificatedDate\" datetime=\"2026-05-01T17:20:20-03:00\"> Actualizado al 01\/05\/2026 17:20hs.<\/time><\/p>\n<div id=\"storyBody\">\n<div id=\"element-body-0\" class=\"sc-136cd478-0 ekTCfV\">\n<p>El <strong><a href=\"https:\/\/www.ole.com.ar\/tema\/atletico-mineiro.html\" title=\"Atletico Mineiro\" alt=\"Atletico Mineiro\" class=\"slug\">Atl\u00e9tico Mineiro<\/a> confirm\u00f3 la rescisi\u00f3n del contrato de <a href=\"https:\/\/www.ole.com.ar\/tema\/hulk-irani.html\" title=\"Hulk iran\u00ed\" alt=\"Hulk iran\u00ed\" class=\"slug\">Hulk<\/a> con el club<\/strong>, que ten\u00eda vigencia hasta fin de a\u00f1o. As\u00ed,el hist\u00f3rico delantero, \u00eddolo de la torcida, se va del Galo, <strong>con 39 a\u00f1os<\/strong>. La salida estaba anunciada por la prensa desde el \u00faltimo fin de semana, cuando fue baja de la lista del t\u00e9cnico <strong><a href=\"https:\/\/www.ole.com.ar\/tema\/eduardo-dominguez.html\" title=\"Eduardo Dom\u00ednguez\" alt=\"Eduardo Dom\u00ednguez\" class=\"slug\">Eduardo Dom\u00ednguez<\/a><\/strong> antes de la derrota ante <a href=\"https:\/\/www.ole.com.ar\/tema\/flamengo.html\" title=\"Flamengo\" alt=\"Flamengo\" class=\"slug\">Flamengo<\/a> (4 a 0). <\/p>\n<\/div>\n<div id=\"element-body-1\" class=\"sc-136cd478-0 ekTCfV\">\n<p>\u00bfCu\u00e1l ser\u00e1 el destino del corpulento delantero? Todo la prensa indica que se ir\u00e1 a <strong><a href=\"https:\/\/www.ole.com.ar\/tema\/fluminense.html\" title=\"Fluminense\" alt=\"Fluminense\" class=\"slug\">Fluminense<\/a>, equipo que tiene de entrenador a otro argentino, Luis Zubeld\u00eda<\/strong>. Por reglamento, solo podr\u00eda incorporarse para la Copa Libertadores en instancias de octavos de final, no para los tres partidos de la zona de grupo. Y esto es importante porque el equipo carioca tiene muy complicada su clasificaci\u00f3n, con solo un punto en tres fechas, mientras Independiente Rivadavia acumula 9, Bol\u00edvar, 5 y La Guaira 4.<\/p>\n<\/div>\n<div id=\"element-body-2\" class=\"sc-136cd478-0 ekTCfV\">\n<p>De todas maneras, la incorporaci\u00f3n oficial a Fluminense no puede ser efectiva hasta la apertura del libro de pases, despu\u00e9s del Mundial (20 de julio primer d\u00eda en Brasil).<\/p>\n<\/div>\n<div id=\"element-body-3\" class=\"sc-136cd478-0 ekTCfV\">\n<p>Hulk se va de Atl\u00e9tico Mineiro despu\u00e9s de convertir 140 goles en 311 partidos. Fue dirigido por otros t\u00e9cnicos de nuestro pa\u00eds: <strong>Eduardo Coudet, Antonio Mohamed, Gabriel Milito y Jorge Sampaoli.<\/strong> Se hab\u00eda incorporado al club a principios de 2021. Gan\u00f3 una vez la Seria A (2021), cinco veces el estadual, una Copa Brasil y una Supercopa. En 2024 lleg\u00f3 hasta la final de la Libertadores, con derrota ante Botafogo en River.<\/p>\n<\/div>\n<div id=\"element-body-4\" class=\"sc-136cd478-0 ekTCfV\">\n<p>En los \u00faltimos meses su relaci\u00f3n con la dirigencia hab\u00eda sido muy turbulenta, lo cual tambi\u00e9n aport\u00f3 a su desvinculaci\u00f3n.<\/p>\n<\/div>\n<p><h2>El comunicado del Atl\u00e9tico Mineiro<\/h2>\n<\/p>\n<div id=\"element-body-6\" class=\"sc-136cd478-0 ekTCfV\">\n<p>De aqu\u00ed a #E7ERNIDADE: para siempre en la historia del Gallo, Hulk tendr\u00e1 una fiesta de despedida el 10 de mayo en el Arena MRV.<\/p>\n<\/div>\n<div id=\"element-body-7\" class=\"sc-136cd478-0 ekTCfV\">\n<p>El Atl\u00e9tico Mineiro anuncia que, de mutuo acuerdo, ha llegado a un acuerdo de rescisi\u00f3n de contrato con Hulk. Uno de los mayores \u00eddolos en la historia del club, el jugador tendr\u00e1 una gran fiesta de despedida el 10 de mayo en el Arena MRV, antes del partido contra el Botafogo en el Campeonato Brasile\u00f1o.<\/p>\n<\/div>\n<div id=\"element-body-8\" class=\"sc-136cd478-0 ekTCfV\">\n<p>El Atl\u00e9tico Mineiro informa que, de mutuo acuerdo, ha llegado a un acuerdo de rescisi\u00f3n de contrato con Hulk. Uno de los mayores \u00eddolos en la historia del club, el jugador tendr\u00e1 una gran fiesta de despedida el 10 de mayo en el Arena MRV, antes del partido contra el Botafogo en el Campeonato Brasile\u00f1o. \u201cMe llevo mucho m\u00e1s que t\u00edtulos; me llevo una conexi\u00f3n que cambi\u00f3 mi vida. Atl\u00e9tico Mineiro y su afici\u00f3n me hicieron sentir como en casa desde el primer d\u00eda, y estar\u00e9 eternamente agradecido a este club al que aprend\u00ed a amar. Espero verlos a todos en el Arena para que podamos despedirnos juntos, como se merece esta hermosa historia: con emoci\u00f3n, gratitud y una gran celebraci\u00f3n\u201d, enfatiz\u00f3 el \u00eddolo.<\/p>\n<\/div>\n<div id=\"element-body-9\" class=\"sc-136cd478-0 ekTCfV\">\n<p>Se anunciar\u00e1n m\u00e1s detalles sobre la despedida la pr\u00f3xima semana. Tambi\u00e9n se acord\u00f3 que, cuando finalice su carrera, Hulk tendr\u00e1 un partido de homenaje en el Arena MRV.<\/p>\n<\/div>\n<div id=\"element-body-10\" class=\"sc-136cd478-0 ekTCfV\">\n<p>Atl\u00e9tico agradece al \u00eddolo su incre\u00edble trayectoria en Galo, un periodo que quedar\u00e1 grabado para siempre en la memoria y el coraz\u00f3n de la afici\u00f3n.<\/p>\n<\/div>\n<div class=\"sc-e7b891c4-0 ifHnQL image-embed\" id=\"element-body-11\"><img alt=\"Hulk en un viaje con el Atl\u00e9tico Mineiro.\" loading=\"lazy\" width=\"720\" height=\"100\" decoding=\"async\" data-nimg=\"1\" style=\"color:transparent\" src=\"https:\/\/fmamiga909.com.ar\/wp-content\/uploads\/2026\/05\/hQkX-wq3R_720x0__1.jpg\"\/><span class=\"epigraphe\">Hulk en un viaje con el Atl\u00e9tico Mineiro.<\/span><\/div>\n<div id=\"element-body-12\" class=\"sc-136cd478-0 ekTCfV\">\n<p>Fichado en 2021, Hulk r\u00e1pidamente forj\u00f3 una fuerte conexi\u00f3n con la afici\u00f3n del Atl\u00e9tico Mineiro. En el terreno de juego, fue decisivo en logros hist\u00f3ricos como el Campeonato Brasile\u00f1o y la Copa de Brasil de 2021, y la Supercopa de Brasil de 2022, adem\u00e1s de cinco t\u00edtulos estatales consecutivos (de 2021 a 2025). Hulk anot\u00f3 140 goles en 311 partidos, adem\u00e1s de 56 asistencias, sumando un total de 196 participaciones en goles; cifras que solo reflejan parcialmente lo que represent\u00f3 con la camiseta blanquinegra.<\/p>\n<\/div>\n<div id=\"element-body-13\" class=\"sc-136cd478-0 ekTCfV\">\n<p>Un goleador prol\u00edfico, capit\u00e1n y referente t\u00e9cnico, Hulk acumul\u00f3 n\u00fameros impresionantes y brind\u00f3 actuaciones memorables con la camiseta blanquinegra. Fuera del terreno de juego, se gan\u00f3 el cari\u00f1o de la afici\u00f3n, convirti\u00e9ndose en un \u00eddolo absoluto, uno de los m\u00e1s grandes en la historia del club.<\/p>\n<\/div>\n<div id=\"element-body-14\" class=\"sc-136cd478-0 ekTCfV\">\n<p>\u201cMi relaci\u00f3n con Galo es muy intensa y nunca perder\u00e9 el v\u00ednculo con esta maravillosa afici\u00f3n. Tanto es as\u00ed que mis hijos se quedar\u00e1n aqu\u00ed en Belo Horizonte, e insist\u00ed en conservar mi palco\u201d, declar\u00f3 el \u00eddolo.<\/p>\n<\/div>\n<div id=\"element-body-15\" class=\"sc-136cd478-0 ekTCfV\">\n<p>Le deseamos a Hulk mucho \u00e9xito en la continuaci\u00f3n de su carrera, reafirmando que Galo siempre ser\u00e1 su hogar.<\/p>\n<\/div>\n<div id=\"element-body-16\" class=\"sc-136cd478-0 ekTCfV\">\n<p>\u00a1Hulk Para\u00edba, te queremos!<\/p>\n<\/div>\n<div class=\"custom-embedhtml\" id=\"element-body-17\">\n<blockquote class=\"twitter-tweet\">\n<p lang=\"pt\" dir=\"ltr\">\ud835\udc03\ud835\udc1a\ud835\udc2a\ud835\udc2e\ud835\udc22 \ud835\udc1a\ud835\udc2d\ud835\udc1e\u0301 \ud835\udc1a <a href=\"https:\/\/twitter.com\/hashtag\/%F0%9D%90%84%F0%9D%9F%95%F0%9D%90%84%F0%9D%90%91%F0%9D%90%8D%F0%9D%90%88%F0%9D%90%83%F0%9D%90%80%F0%9D%90%83%F0%9D%90%84?src=hash&amp;ref_src=twsrc%5Etfw\">#\ud835\udc04\ud835\udfd5\ud835\udc04\ud835\udc11\ud835\udc0d\ud835\udc08\ud835\udc03\ud835\udc00\ud835\udc03\ud835\udc04<\/a>: \ud835\udc29\ud835\udc1a\ud835\udc2b\ud835\udc1a \ud835\udc2c\ud835\udc1e\ud835\udc26\ud835\udc29\ud835\udc2b\ud835\udc1e \ud835\udc27\ud835\udc1a \ud835\udc21\ud835\udc22\ud835\udc2c\ud835\udc2d\ud835\udc28\u0301\ud835\udc2b\ud835\udc22\ud835\udc1a \ud835\udc1d\ud835\udc28 \ud835\udc06\ud835\udc1a\ud835\udc25\ud835\udc28, \ud835\udc07\ud835\udc2e\ud835\udc25\ud835\udc24 \ud835\udc2d\ud835\udc1e\ud835\udc2b\ud835\udc1a\u0301 \ud835\udc1f\ud835\udc1e\ud835\udc2c\ud835\udc2d\ud835\udc1a \ud835\udc1d\ud835\udc1e \ud835\udc1d\ud835\udc1e\ud835\udc2c\ud835\udc29\ud835\udc1e\ud835\udc1d\ud835\udc22\ud835\udc1d\ud835\udc1a \ud835\udc27\ud835\udc28 \ud835\udc1d\ud835\udc22\ud835\udc1a \ud835\udfcf\ud835\udfce \ud835\udc1d\ud835\udc1e \ud835\udc26\ud835\udc1a\ud835\udc22\ud835\udc28, \ud835\udc27\ud835\udc1a \ud835\udc00\ud835\udc2b\ud835\udc1e\ud835\udc27\ud835\udc1a \ud835\udc0c\ud835\udc11\ud835\udc15 <\/p>\n<p>\ud835\udc36\ud835\udc59\ud835\udc62\ud835\udc4f\ud835\udc52 \ud835\udc52 \ud835\udc56\u0301\ud835\udc51\ud835\udc5c\ud835\udc59\ud835\udc5c \ud835\udc4e\ud835\udc50\ud835\udc52\ud835\udc5f\ud835\udc61\ud835\udc4e\ud835\udc5a \ud835\udc5f\ud835\udc52\ud835\udc60\ud835\udc50\ud835\udc56\ud835\udc60\ud835\udc4e\u0303\ud835\udc5c \ud835\udc52\ud835\udc5a\u2026 <a href=\"https:\/\/t.co\/1EFiVPdBsP\">pic.twitter.com\/1EFiVPdBsP<\/a><\/p>\n<p>\u2014 Atl\u00e9tico (@Atletico) <a href=\"https:\/\/twitter.com\/Atletico\/status\/2050299757550035349?ref_src=twsrc%5Etfw\">May 1, 2026<\/a><\/p><\/blockquote>\n<\/div>\n<div class=\"sc-e7b891c4-0 ifHnQL image-embed\" id=\"element-body-18\"><img alt=\"Hulk de Atl\u00e9tico Mineiro celebra un gol.\" loading=\"lazy\" width=\"720\" height=\"100\" decoding=\"async\" data-nimg=\"1\" style=\"color:transparent\" src=\"https:\/\/fmamiga909.com.ar\/wp-content\/uploads\/2026\/05\/N7kAhVURW_720x0__1.jpg\"\/><span class=\"epigraphe\">Hulk de Atl\u00e9tico Mineiro celebra un gol.<\/span><\/div>\n<div id=\"element-body-19\" class=\"sc-a7166897-0 eoLsBE\"><a href=\"https:\/\/www.ole.com.ar\/agenda-deportiva\/agenda-super-finde-partidos-colapinto-apertura-europa_0_9Yxw6cDyrq.html\" aria-label=\"Se viene un s\u00e1bado y domingo recargados: definici\u00f3n de las zonas del Apertura, partidazos en Europa, Colapinto y m\u00e1s\" class=\"sc-3c11979e-0 dqpgzy\"\/><\/p>\n<section><picture><img alt=\"Se viene un s\u00e1bado y domingo recargados: definici\u00f3n de las zonas del Apertura, partidazos en Europa, Colapinto y m\u00e1s\" loading=\"lazy\" width=\"290\" height=\"290\" decoding=\"async\" data-nimg=\"1\" style=\"color:transparent\" src=\"https:\/\/fmamiga909.com.ar\/wp-content\/uploads\/2026\/05\/mfN2OOa5z_290x290__1.jpg\"\/><\/picture>\n<p><span>Mir\u00e1 tambi\u00e9n<\/span><\/p>\n<hr\/>\n<h3>Se viene un s\u00e1bado y domingo recargados: definici\u00f3n de las zonas del Apertura, partidazos en Europa, Colapinto y m\u00e1s<\/h3>\n<\/p>\n<\/section>\n<\/div>\n<div id=\"element-body-20\" class=\"sc-a7166897-0 eoLsBE\"><a href=\"https:\/\/www.ole.com.ar\/futbol-internacional\/ironia-presidenta-palmeiras-flamengo_0_UzzMXbGHrf.html\" aria-label=\"La iron\u00eda de la presidenta de Palmeiras al Flamengo\" class=\"sc-3c11979e-0 dqpgzy\"\/><\/p>\n<section><picture><img alt=\"La iron\u00eda de la presidenta de Palmeiras al Flamengo\" loading=\"lazy\" width=\"290\" height=\"290\" decoding=\"async\" data-nimg=\"1\" style=\"color:transparent\" src=\"https:\/\/fmamiga909.com.ar\/wp-content\/uploads\/2026\/05\/jh0jP19nS_290x290__1.jpg\"\/><\/picture>\n<p><span>Mir\u00e1 tambi\u00e9n<\/span><\/p>\n<hr\/>\n<h3>La iron\u00eda de la presidenta de Palmeiras al Flamengo<\/h3>\n<\/p>\n<\/section>\n<\/div>\n<\/div>\n<p><script async src=\"\/\/platform.twitter.com\/widgets.js\" charset=\"utf-8\"><\/script><br \/><a href=\"https:\/\/www.ole.com.ar\/futbol-internacional\/atleticomineiro-hulk-rescision-despedida_0_rdmO0MHiXI.html\">source<\/a><\/p>\n","protected":false},"excerpt":{"rendered":"<p>01\/05\/2026 17:13hs. Actualizado al 01\/05\/2026 17:20hs. El Atl\u00e9tico Mineiro confirm\u00f3 la rescisi\u00f3n del contrato de&#8230;<\/p>\n","protected":false},"author":3,"featured_media":33357,"comment_status":"closed","ping_status":"closed","sticky":false,"template":"","format":"standard","meta":{"footnotes":""},"categories":[21],"tags":[],"class_list":["post-33356","post","type-post","status-publish","format-standard","has-post-thumbnail","hentry","category-deportes"],"featured_image_urls":{"full":["https:\/\/fmamiga909.com.ar\/wp-content\/uploads\/2026\/05\/wp-header-logo-15.png",720,493,false],"thumbnail":["https:\/\/fmamiga909.com.ar\/wp-content\/uploads\/2026\/05\/wp-header-logo-15-150x150.png",150,150,true],"medium":["https:\/\/fmamiga909.com.ar\/wp-content\/uploads\/2026\/05\/wp-header-logo-15-300x205.png",300,205,true],"medium_large":["https:\/\/fmamiga909.com.ar\/wp-content\/uploads\/2026\/05\/wp-header-logo-15.png",720,493,false],"large":["https:\/\/fmamiga909.com.ar\/wp-content\/uploads\/2026\/05\/wp-header-logo-15.png",640,438,false],"1536x1536":["https:\/\/fmamiga909.com.ar\/wp-content\/uploads\/2026\/05\/wp-header-logo-15.png",720,493,false],"2048x2048":["https:\/\/fmamiga909.com.ar\/wp-content\/uploads\/2026\/05\/wp-header-logo-15.png",720,493,false],"newsium-slider-full":["https:\/\/fmamiga909.com.ar\/wp-content\/uploads\/2026\/05\/wp-header-logo-15.png",720,493,false],"newsium-featured":["https:\/\/fmamiga909.com.ar\/wp-content\/uploads\/2026\/05\/wp-header-logo-15.png",720,493,false],"newsium-medium":["https:\/\/fmamiga909.com.ar\/wp-content\/uploads\/2026\/05\/wp-header-logo-15-720x475.png",720,475,true]},"author_info":{"display_name":"Fredy Giuliano","author_link":"https:\/\/fmamiga909.com.ar\/?author=3"},"category_info":"<a href=\"https:\/\/fmamiga909.com.ar\/?cat=21\" rel=\"category\">Deportes<\/a>","tag_info":"Deportes","comment_count":"0","_links":{"self":[{"href":"https:\/\/fmamiga909.com.ar\/index.php?rest_route=\/wp\/v2\/posts\/33356","targetHints":{"allow":["GET"]}}],"collection":[{"href":"https:\/\/fmamiga909.com.ar\/index.php?rest_route=\/wp\/v2\/posts"}],"about":[{"href":"https:\/\/fmamiga909.com.ar\/index.php?rest_route=\/wp\/v2\/types\/post"}],"author":[{"embeddable":true,"href":"https:\/\/fmamiga909.com.ar\/index.php?rest_route=\/wp\/v2\/users\/3"}],"replies":[{"embeddable":true,"href":"https:\/\/fmamiga909.com.ar\/index.php?rest_route=%2Fwp%2Fv2%2Fcomments&post=33356"}],"version-history":[{"count":0,"href":"https:\/\/fmamiga909.com.ar\/index.php?rest_route=\/wp\/v2\/posts\/33356\/revisions"}],"wp:featuredmedia":[{"embeddable":true,"href":"https:\/\/fmamiga909.com.ar\/index.php?rest_route=\/wp\/v2\/media\/33357"}],"wp:attachment":[{"href":"https:\/\/fmamiga909.com.ar\/index.php?rest_route=%2Fwp%2Fv2%2Fmedia&parent=33356"}],"wp:term":[{"taxonomy":"category","embeddable":true,"href":"https:\/\/fmamiga909.com.ar\/index.php?rest_route=%2Fwp%2Fv2%2Fcategories&post=33356"},{"taxonomy":"post_tag","embeddable":true,"href":"https:\/\/fmamiga909.com.ar\/index.php?rest_route=%2Fwp%2Fv2%2Ftags&post=33356"}],"curies":[{"name":"wp","href":"https:\/\/api.w.org\/{rel}","templated":true}]}}