{"id":33388,"date":"2026-05-01T22:21:01","date_gmt":"2026-05-01T22:21:01","guid":{"rendered":"https:\/\/fmamiga909.com.ar\/?p=33388"},"modified":"2026-05-01T22:21:01","modified_gmt":"2026-05-01T22:21:01","slug":"el-borrado-que-vuelve-a-tener-una-chance-de-titularidad-en-boca-tras-dos-meses","status":"publish","type":"post","link":"https:\/\/fmamiga909.com.ar\/?p=33388","title":{"rendered":"El borrado que vuelve a tener una chance de titularidad en Boca tras dos meses"},"content":{"rendered":"<p><span class=\"createDate\">01\/05\/2026 16:33hs.<\/span><time class=\"modificatedDate\" datetime=\"2026-05-01T16:50:03-03:00\"> Actualizado al 01\/05\/2026 16:50hs.<\/time><\/p>\n<div id=\"storyBody\">\n<div id=\"element-body-0\" class=\"sc-136cd478-0 ekTCfV\">\n<p>Son muchas las decisiones que tiene que tomar <strong><a href=\"https:\/\/www.ole.com.ar\/tema\/claudio-ubeda.html\" title=\"Claudio Ubeda\" alt=\"Claudio Ubeda\" class=\"slug\">Claudio Ubeda<\/a><\/strong> en medio de la doble competencia, sobre todo en este momento del partido en el que por un lado la derrota ante <strong><a href=\"https:\/\/www.ole.com.ar\/tema\/cruzeiro.html\" title=\"Cruzeiro\" alt=\"Cruzeiro\" class=\"slug\">Cruzeiro<\/a><\/strong> en Brasil en la <strong><a href=\"https:\/\/www.ole.com.ar\/tema\/copa-libertadores.html\" title=\"Copa Libertadores\" alt=\"Copa Libertadores\" class=\"slug\">Libertadores<\/a><\/strong> dej\u00f3 el Grupo D apretado (con tres l\u00edderes) y en el que por el otro, si bien ya est\u00e1 clasificado a los playoff en el torneo Apertura, este s\u00e1bado buscar\u00e1 queda l\u00edder de la Zona A vs. Central C\u00f3rdoba para poder definir siempre en la Bombonera hasta la final (que se juega en terreno neutral). <strong> Y para ese encuentro en Santiago del Estero el DT de <a href=\"https:\/\/www.ole.com.ar\/tema\/boca-juniors.html\" title=\"Boca Juniors\" alt=\"Boca Juniors\" class=\"slug\">Boca<\/a> volver\u00e1 a contar con un jugador que pas\u00f3 de borrado a titular&#8230; \u00bfDe qui\u00e9n se trata?<\/strong><\/p>\n<\/div>\n<div id=\"element-body-1\" class=\"sc-136cd478-0 ekTCfV\">\n<p>De nada menos que de <strong><a href=\"https:\/\/www.ole.com.ar\/tema\/williams-alarcon.html\" title=\"Williams Alarc\u00f3n\" alt=\"Williams Alarc\u00f3n\" class=\"slug\">Williams Alarc\u00f3n<\/a><\/strong>, el mediocampista chileno que este viernes estuvo de arranque en la formaci\u00f3n que prob\u00f3 el Sif\u00f3n en Boca Predio y que, si el entrenador mantiene su postura, <strong>volver\u00e1 a jugar despu\u00e9s de dos meses.<\/strong><\/p>\n<\/div>\n<div id=\"element-body-2\" class=\"sc-136cd478-0 ekTCfV\">\n<p>Claro, es que la \u00faltima vez que el refuerzo que lleg\u00f3 desde Hurac\u00e1n a principios de 2025 sum\u00f3 minutos <strong> fue en el empate 1-1 ante Gimnasia de Mendoza en la Bombonera por la octava fecha de este mismo campeonato, el pasado 28 de febrero<\/strong> (fue titular y sali\u00f3 reemplazado a los 8&#8242; del ST).<\/p>\n<\/div>\n<p><h2><strong>ALARC\u00d3N, DE BORRADO A TITULAR<\/strong><\/h2>\n<\/p>\n<div id=\"element-body-4\" class=\"sc-136cd478-0 ekTCfV\">\n<p>Desde ese momento, <strong> Alarc\u00f3n pas\u00f3 a formar parte de un grupo de futbolistas que si bien no est\u00e1n colgados, tampoco son prioridad ni por supuesto suman demasiado minutos,<\/strong> tal como le ocurre tambi\u00e9n a <strong><a href=\"https:\/\/www.ole.com.ar\/tema\/agustin-martegani.html\" title=\"Agust\u00edn Martegani\" alt=\"Agust\u00edn Martegani\" class=\"slug\">Agust\u00edn Martegani<\/a><\/strong> (en febrero de 2025 fue su \u00faltimo partido), <strong><a href=\"https:\/\/www.ole.com.ar\/tema\/lucas-janson.html\" title=\"Lucas Janson\" alt=\"Lucas Janson\" class=\"slug\">Lucas Janson<\/a><\/strong> (tambi\u00e9n jug\u00f3 por \u00faltima vez con Gimnasia de Mendoza), ni hablar de <strong><a href=\"https:\/\/www.ole.com.ar\/tema\/javi-garcia.html\" title=\"Javi Garc\u00eda\" alt=\"Javi Garc\u00eda\" class=\"slug\">Javier Garc\u00eda<\/a><\/strong> (\u00a1marzo de 2024! su \u00faltima vez) e incluso hasta <strong><a href=\"https:\/\/www.ole.com.ar\/tema\/kevin-zenon.html\" title=\"Kevin Zen\u00f3n\" alt=\"Kevin Zen\u00f3n\" class=\"slug\">Kevin Zen\u00f3n<\/a><\/strong> (apareci\u00f3 por \u00faltima vez frente al Lobo mendocino).<\/p>\n<\/div>\n<div class=\"sc-e7b891c4-0 ifHnQL image-embed\" id=\"element-body-5\"><img alt=\"El \u00faltimo partido del chileno de 28 a\u00f1os fue el 28 de febrero ante Gimnasia de Mendoza.\" loading=\"lazy\" width=\"720\" height=\"100\" decoding=\"async\" data-nimg=\"1\" style=\"color:transparent\" src=\"https:\/\/fmamiga909.com.ar\/wp-content\/uploads\/2026\/05\/2Zb-iciF8_720x0__1.jpg\"\/><span class=\"epigraphe\">El \u00faltimo partido del chileno de 28 a\u00f1os fue el 28 de febrero ante Gimnasia de Mendoza.<\/span><\/div>\n<div id=\"element-body-6\" class=\"sc-136cd478-0 ekTCfV\">\n<p>Y no es que faltaron ocasiones, por el contrario. De hecho, en el partido contra Defensa y Justicia en Florencia Varela <strong>cuando <a href=\"https:\/\/www.ole.com.ar\/tema\/ander-herrera.html\" title=\"Ander Herrera\" alt=\"Ander Herrera\" class=\"slug\">Ander Herrera<\/a> -que iba a ser titular- se lesion\u00f3 en la entrada en calor, el que termin\u00f3 ocupando su lugar fue <a href=\"https:\/\/www.ole.com.ar\/tema\/milton-delgado.html\" title=\"Milton Delgado\" alt=\"Milton Delgado\" class=\"slug\">Milton Delgado<\/a><\/strong> y a Ubeda no le import\u00f3 en ese momento si ten\u00eda que usar a uno de sus titulares que hab\u00eda guardado para darle descanso.<\/p>\n<\/div>\n<div id=\"element-body-7\" class=\"sc-136cd478-0 ekTCfV\">\n<p>Es m\u00e1s, <strong>no fue la primera vez que el entrenador eligi\u00f3 otra opci\u00f3n antes que Alarc\u00f3n. <\/strong> Lo mismo ocurri\u00f3 en los encuentros ante Instituto e Independiente en la Bombonera, en donde el Sif\u00f3n apost\u00f3 por <strong>el juvenil Camilo Rey Domenech, que en el primero entr\u00f3 como recambio y en el segundo frente al Rojo fue titular.<\/strong><\/p>\n<\/div>\n<div class=\"sc-e7b891c4-0 ifHnQL image-embed\" id=\"element-body-8\"><img alt=\"Alarc\u00f3n, Palacios y Paredes en la pr\u00e1ctica de Boca.\" loading=\"lazy\" width=\"720\" height=\"100\" decoding=\"async\" data-nimg=\"1\" style=\"color:transparent\" src=\"https:\/\/fmamiga909.com.ar\/wp-content\/uploads\/2026\/05\/6UKejmzBf_720x0__1.jpg\"\/><span class=\"epigraphe\">Alarc\u00f3n, Palacios y Paredes en la pr\u00e1ctica de Boca.<\/span><\/div>\n<div id=\"element-body-9\" class=\"sc-136cd478-0 ekTCfV\">\n<p>Pero ahora le cambiaron los planes a Ubeda, el escenario lo obliga a tomar otras decisiones. \u00bfPor qu\u00e9? Porque <strong>Herrera todav\u00eda se sigue recuperando de un desgarro, porque Rey Domenech fue titular el jueves en la derrota de la Reserva vs. Independiente y porque Delgado viene de jugar con Cruzeiro entresemana<\/strong> y adem\u00e1s ser\u00e1 titular el martes en Ecuador ante Barcelona.<\/p>\n<\/div>\n<div id=\"element-body-10\" class=\"sc-136cd478-0 ekTCfV\">\n<p>Sea cual sea la raz\u00f3n, <strong>Alarc\u00f3n tendr\u00e1 este s\u00e1bado una oportunidades de oro para volver a mostrarse. \u00bfLa aprovechar\u00e1? <\/strong><\/p>\n<\/div>\n<p><h2><strong>EL 11 DE BOCA PARA JUGAR CON CENTRAL C\u00d3RDOBA<\/strong><\/h2>\n<\/p>\n<div id=\"element-body-12\" class=\"sc-136cd478-0 ekTCfV\">\n<p><strong>Leandro Brey; Juan Barinaga, Nicol\u00e1s Figal, Marco Pellegrino, Malcom Braida; Tom\u00e1s Belmonte, Williams Alarc\u00f3n; \u00c1ngel Romero, Alan Velasco, Exequiel Zeballos; y Milton Gim\u00e9nez.<\/strong><\/p>\n<\/div>\n<div id=\"element-body-13\">\n<div>\n<link rel=\"stylesheet\" href=\"https:\/\/fonts.googleapis.com\/css2?family=Heebo:wght@700&amp;display=swap\"\/>\n<div class=\"svg-container\">\n    <svg viewbox=\"0 0 493.042 775\" style=\"height: auto; width: 100%;  overflow: visible; background-color: #F2F2F2; &#10;      background-repeat: no-repeat; background-size: contain; background-position: center;\"><\/p>\n<p>  <g id=\"markings\" transform=\"translate(0, 0)\" stroke=\"#c3c3c3\" stroke-width=\"5\" fill=\"none\" style=\"transform-origin: center center; color: #F2F2F2;\">\n    <rect width=\"491.04174950298216\" height=\"773\" x=\"1\" y=\"1\" fill=\"none\"\/>\n    <rect width=\"140.20874751491056\" height=\"140.20874751491056\" x=\"176.4165009940358\" y=\"317.3956262425447\" rx=\"70.10437375745528\" fill=\"none\"\/>\n    <line x1=\"1\" x2=\"491.04174950298216\" y1=\"387.5\" y2=\"387.5\" fill=\"none\"\/>\n    <rect width=\"309.20285164015905\" height=\"126.78429423459245\" x=\"91.91944893141155\" y=\"1\" fill=\"currentColor\"\/>\n    <rect width=\"139.87017333499008\" height=\"42.26143141153082\" x=\"176.58578808399602\" y=\"1\" fill=\"currentColor\"\/>\n    <path d=\"M 302.37193218411016 127.11232604373758 A 70.10437375745528 70.10437375745528 0 0 1 190.66981731887202 127.11232604373758\" fill=\"none\"\/>\n    <rect width=\"309.20285164015905\" height=\"126.78429423459245\" x=\"91.91944893141155\" y=\"647.2157057654075\" fill=\"currentColor\"\/>\n    <rect width=\"139.87017333499008\" height=\"42.26143141153082\" x=\"176.58578808399602\" y=\"731.7385685884692\" fill=\"currentColor\"\/>\n    <path d=\"M 302.37193218411016 647.8876739562625 A 70.10437375745528 70.10437375745528 0 0 0 190.66981731887202 647.8876739562625\" fill=\"none\"\/>\n  <\/g><\/p>\n<p>        <g class=\"position\" transform=\"translate(250, 20)\">\n            <circle class=\"dot-circle\" fill=\"#fdff70\" stroke=\"#2b00ff\" stroke-width=\"11\" r=\"25\"\/><\/p>\n<p>       <text style=\"font-family: 'Heebo'; filter: none;\" class=\"label\" fill=\"#70777C\" font-size=\"21\" font-weight=\"bold\" text-anchor=\"middle\" transform=\"translate(0, 50)\">\n  Brey\n<\/text><\/p>\n<p>        <\/g><\/p>\n<p>        <g class=\"position\" transform=\"translate(40, 240)\">\n            <circle class=\"dot-circle\" fill=\"#fdff70\" stroke=\"#2b00ff\" stroke-width=\"11\" r=\"25\"\/><\/p>\n<p>       <text style=\"font-family: 'Heebo'; filter: none;\" class=\"label\" fill=\"#70777C\" font-size=\"21\" font-weight=\"bold\" text-anchor=\"middle\" transform=\"translate(0, 50)\">\n  Barinaga\n<\/text><\/p>\n<p>        <\/g><\/p>\n<p>        <g class=\"position\" transform=\"translate(150, 150)\">\n            <circle class=\"dot-circle\" fill=\"#fdff70\" stroke=\"#2b00ff\" stroke-width=\"11\" r=\"25\"\/><\/p>\n<p>       <text style=\"font-family: 'Heebo'; filter: none;\" class=\"label\" fill=\"#70777C\" font-size=\"21\" font-weight=\"bold\" text-anchor=\"middle\" transform=\"translate(0, 50)\">\n  Figal\n<\/text><\/p>\n<p>        <\/g><\/p>\n<p>        <g class=\"position\" transform=\"translate(340, 150)\">\n            <circle class=\"dot-circle\" fill=\"#fdff70\" stroke=\"#2b00ff\" stroke-width=\"11\" r=\"25\"\/><\/p>\n<p>       <text style=\"font-family: 'Heebo'; filter: none;\" class=\"label\" fill=\"#70777C\" font-size=\"21\" font-weight=\"bold\" text-anchor=\"middle\" transform=\"translate(0, 50)\">\n  Pellegrino\n<\/text><\/p>\n<p>        <\/g><\/p>\n<p>        <g class=\"position\" transform=\"translate(450, 240)\">\n            <circle class=\"dot-circle\" fill=\"#fdff70\" stroke=\"#2b00ff\" stroke-width=\"11\" r=\"25\"\/><\/p>\n<p>       <text style=\"font-family: 'Heebo'; filter: none;\" class=\"label\" fill=\"#70777C\" font-size=\"21\" font-weight=\"bold\" text-anchor=\"middle\" transform=\"translate(0, 50)\">\n  Braida\n<\/text><\/p>\n<p>        <\/g><\/p>\n<p>        <g class=\"position\" transform=\"translate(160, 380)\">\n            <circle class=\"dot-circle\" fill=\"#fdff70\" stroke=\"#2b00ff\" stroke-width=\"11\" r=\"25\"\/><\/p>\n<p>       <text style=\"font-family: 'Heebo'; filter: none;\" class=\"label\" fill=\"#70777C\" font-size=\"21\" font-weight=\"bold\" text-anchor=\"middle\" transform=\"translate(0, 50)\">\n  Belmonte\n<\/text><\/p>\n<p>        <\/g><\/p>\n<p>        <g class=\"position\" transform=\"translate(330, 380)\">\n            <circle class=\"dot-circle\" fill=\"#fdff70\" stroke=\"#2b00ff\" stroke-width=\"11\" r=\"25\"\/><\/p>\n<p>       <text style=\"font-family: 'Heebo'; filter: none;\" class=\"label\" fill=\"#70777C\" font-size=\"21\" font-weight=\"bold\" text-anchor=\"middle\" transform=\"translate(0, 50)\">\n  Alarc\u00f3n\n<\/text><\/p>\n<p>        <\/g><\/p>\n<p>        <g class=\"position\" transform=\"translate(100, 580)\">\n            <circle class=\"dot-circle\" fill=\"#fdff70\" stroke=\"#2b00ff\" stroke-width=\"11\" r=\"25\"\/><\/p>\n<p>       <text style=\"font-family: 'Heebo'; filter: none;\" class=\"label\" fill=\"#70777C\" font-size=\"21\" font-weight=\"bold\" text-anchor=\"middle\" transform=\"translate(0, 50)\">\n  Romero\n<\/text><\/p>\n<p>        <\/g><\/p>\n<p>        <g class=\"position\" transform=\"translate(250, 500)\">\n            <circle class=\"dot-circle\" fill=\"#fdff70\" stroke=\"#2b00ff\" stroke-width=\"11\" r=\"25\"\/><\/p>\n<p>       <text style=\"font-family: 'Heebo'; filter: none;\" class=\"label\" fill=\"#70777C\" font-size=\"21\" font-weight=\"bold\" text-anchor=\"middle\" transform=\"translate(0, 50)\">\n  Velasco\n<\/text><\/p>\n<p>        <\/g><\/p>\n<p>        <g class=\"position\" transform=\"translate(400, 580)\">\n            <circle class=\"dot-circle\" fill=\"#fdff70\" stroke=\"#2b00ff\" stroke-width=\"11\" r=\"25\"\/><\/p>\n<p>       <text style=\"font-family: 'Heebo'; filter: none;\" class=\"label\" fill=\"#70777C\" font-size=\"21\" font-weight=\"bold\" text-anchor=\"middle\" transform=\"translate(0, 50)\">\n  Zeballos\n<\/text><\/p>\n<p>        <\/g><\/p>\n<p>        <g class=\"position\" transform=\"translate(250, 660)\">\n            <circle class=\"dot-circle\" fill=\"#fdff70\" stroke=\"#2b00ff\" stroke-width=\"11\" r=\"25\"\/><\/p>\n<p>       <text style=\"font-family: 'Heebo'; filter: none;\" class=\"label\" fill=\"#70777C\" font-size=\"21\" font-weight=\"bold\" text-anchor=\"middle\" transform=\"translate(0, 50)\">\n  Gim\u00e9nez\n<\/text><\/p>\n<p>        <\/g><\/p>\n<p>    <\/svg><\/p>\n<p>DT: Claudio Ubeda<\/p>\n<\/p><\/div>\n<\/p><\/div>\n<\/div>\n<div id=\"element-body-14\" class=\"sc-a7166897-0 eoLsBE\"><a href=\"https:\/\/www.ole.com.ar\/boca-juniors\/resultados-necesita-boca-ultima-fecha-definir-playoffs-bombonera_0_pSp6wvgS7m.html\" aria-label=\"Qu\u00e9 resultados necesita Boca en la \u00faltima fecha y cu\u00e1les son los posibles rivales de playoffs\" class=\"sc-3c11979e-0 dqpgzy\"\/><\/p>\n<section><picture><img alt=\"Qu\u00e9 resultados necesita Boca en la \u00faltima fecha y cu\u00e1les son los posibles rivales de playoffs\" loading=\"lazy\" width=\"290\" height=\"290\" decoding=\"async\" data-nimg=\"1\" style=\"color:transparent\" src=\"https:\/\/fmamiga909.com.ar\/wp-content\/uploads\/2026\/05\/Eu4NHyCtu_290x290__1.jpg\"\/><\/picture>\n<p><span>Mir\u00e1 tambi\u00e9n<\/span><\/p>\n<hr\/>\n<h3>Qu\u00e9 resultados necesita Boca en la \u00faltima fecha y cu\u00e1les son los posibles rivales de playoffs<\/h3>\n<\/p>\n<\/section>\n<\/div>\n<div id=\"element-body-15\" class=\"sc-a7166897-0 eoLsBE\"><a href=\"https:\/\/www.ole.com.ar\/boca-juniors\/consejo-martin-palermo-adam-bareiro-roja-libertadores_0_0RN3rcJFDs.html\" aria-label=\"El consejo de Mart\u00edn Palermo para Adam Bareiro tras la roja en la Libertadores\" class=\"sc-3c11979e-0 dqpgzy\"\/><\/p>\n<section><picture><img alt=\"El consejo de Mart\u00edn Palermo para Adam Bareiro tras la roja en la Libertadores\" loading=\"lazy\" width=\"290\" height=\"290\" decoding=\"async\" data-nimg=\"1\" style=\"color:transparent\" src=\"https:\/\/fmamiga909.com.ar\/wp-content\/uploads\/2026\/05\/wEWxWSNb8_290x290__1.jpg\"\/><\/picture>\n<p><span>Mir\u00e1 tambi\u00e9n<\/span><\/p>\n<hr\/>\n<h3>El consejo de Mart\u00edn Palermo para Adam Bareiro tras la roja en la Libertadores<\/h3>\n<\/p>\n<\/section>\n<\/div>\n<\/div>\n<p><a href=\"https:\/\/www.ole.com.ar\/boca-juniors\/equipo-formacion-11-boca-central-cordoba-cambios-borrado-williams-alarcon_0_n09wgco6vx.html\">source<\/a><\/p>\n","protected":false},"excerpt":{"rendered":"<p>01\/05\/2026 16:33hs. Actualizado al 01\/05\/2026 16:50hs. Son muchas las decisiones que tiene que tomar Claudio&#8230;<\/p>\n","protected":false},"author":3,"featured_media":33389,"comment_status":"closed","ping_status":"closed","sticky":false,"template":"","format":"standard","meta":{"footnotes":""},"categories":[21],"tags":[],"class_list":["post-33388","post","type-post","status-publish","format-standard","has-post-thumbnail","hentry","category-deportes"],"featured_image_urls":{"full":["https:\/\/fmamiga909.com.ar\/wp-content\/uploads\/2026\/05\/wp-header-logo-19.png",720,960,false],"thumbnail":["https:\/\/fmamiga909.com.ar\/wp-content\/uploads\/2026\/05\/wp-header-logo-19-150x150.png",150,150,true],"medium":["https:\/\/fmamiga909.com.ar\/wp-content\/uploads\/2026\/05\/wp-header-logo-19-225x300.png",225,300,true],"medium_large":["https:\/\/fmamiga909.com.ar\/wp-content\/uploads\/2026\/05\/wp-header-logo-19.png",720,960,false],"large":["https:\/\/fmamiga909.com.ar\/wp-content\/uploads\/2026\/05\/wp-header-logo-19.png",640,853,false],"1536x1536":["https:\/\/fmamiga909.com.ar\/wp-content\/uploads\/2026\/05\/wp-header-logo-19.png",720,960,false],"2048x2048":["https:\/\/fmamiga909.com.ar\/wp-content\/uploads\/2026\/05\/wp-header-logo-19.png",720,960,false],"newsium-slider-full":["https:\/\/fmamiga909.com.ar\/wp-content\/uploads\/2026\/05\/wp-header-logo-19-720x845.png",720,845,true],"newsium-featured":["https:\/\/fmamiga909.com.ar\/wp-content\/uploads\/2026\/05\/wp-header-logo-19.png",720,960,false],"newsium-medium":["https:\/\/fmamiga909.com.ar\/wp-content\/uploads\/2026\/05\/wp-header-logo-19-720x475.png",720,475,true]},"author_info":{"display_name":"Fredy Giuliano","author_link":"https:\/\/fmamiga909.com.ar\/?author=3"},"category_info":"<a href=\"https:\/\/fmamiga909.com.ar\/?cat=21\" rel=\"category\">Deportes<\/a>","tag_info":"Deportes","comment_count":"0","_links":{"self":[{"href":"https:\/\/fmamiga909.com.ar\/index.php?rest_route=\/wp\/v2\/posts\/33388","targetHints":{"allow":["GET"]}}],"collection":[{"href":"https:\/\/fmamiga909.com.ar\/index.php?rest_route=\/wp\/v2\/posts"}],"about":[{"href":"https:\/\/fmamiga909.com.ar\/index.php?rest_route=\/wp\/v2\/types\/post"}],"author":[{"embeddable":true,"href":"https:\/\/fmamiga909.com.ar\/index.php?rest_route=\/wp\/v2\/users\/3"}],"replies":[{"embeddable":true,"href":"https:\/\/fmamiga909.com.ar\/index.php?rest_route=%2Fwp%2Fv2%2Fcomments&post=33388"}],"version-history":[{"count":0,"href":"https:\/\/fmamiga909.com.ar\/index.php?rest_route=\/wp\/v2\/posts\/33388\/revisions"}],"wp:featuredmedia":[{"embeddable":true,"href":"https:\/\/fmamiga909.com.ar\/index.php?rest_route=\/wp\/v2\/media\/33389"}],"wp:attachment":[{"href":"https:\/\/fmamiga909.com.ar\/index.php?rest_route=%2Fwp%2Fv2%2Fmedia&parent=33388"}],"wp:term":[{"taxonomy":"category","embeddable":true,"href":"https:\/\/fmamiga909.com.ar\/index.php?rest_route=%2Fwp%2Fv2%2Fcategories&post=33388"},{"taxonomy":"post_tag","embeddable":true,"href":"https:\/\/fmamiga909.com.ar\/index.php?rest_route=%2Fwp%2Fv2%2Ftags&post=33388"}],"curies":[{"name":"wp","href":"https:\/\/api.w.org\/{rel}","templated":true}]}}