{"id":33405,"date":"2026-05-02T08:45:28","date_gmt":"2026-05-02T08:45:28","guid":{"rendered":"https:\/\/fmamiga909.com.ar\/?p=33405"},"modified":"2026-05-02T08:45:28","modified_gmt":"2026-05-02T08:45:28","slug":"un-referi-colombiano-para-boca-en-ecuador","status":"publish","type":"post","link":"https:\/\/fmamiga909.com.ar\/?p=33405","title":{"rendered":"Un refer\u00ed colombiano para Boca en Ecuador"},"content":{"rendered":"<p><span class=\"createDate\">01\/05\/2026 23:03hs.<\/span><time class=\"modificatedDate\" datetime=\"2026-05-01T23:16:52-03:00\"> Actualizado al 01\/05\/2026 23:16hs.<\/time><\/p>\n<div id=\"storyBody\">\n<div id=\"element-body-0\" class=\"sc-136cd478-0 ekTCfV\">\n<p>La <strong><a href=\"https:\/\/www.ole.com.ar\/tema\/conmebol.html\" title=\"Conmebol\" alt=\"Conmebol\" class=\"slug\">Conmebol<\/a><\/strong> anunci\u00f3 las designaciones arbitrales para la cuarta fecha de la <strong><a href=\"https:\/\/www.ole.com.ar\/tema\/copa-libertadores.html\" title=\"Copa Libertadores\" alt=\"Copa Libertadores\" class=\"slug\">Copa Libertadores<\/a><\/strong>. Por supuesto, los hinchas de <a href=\"https:\/\/www.ole.com.ar\/tema\/boca-juniors.html\" title=\"Boca Juniors\" alt=\"Boca Juniors\" class=\"slug\">Boca<\/a> est\u00e1n muy interesados luego de la discutida expulsi\u00f3n de Adam Bareiro ante Cruzeiro en Belo Horizonte. <strong>El Xeneize enfrentar\u00e1 el pr\u00f3ximo martes, a las 21.00, a Barcelona en Guayaquil.<\/strong><\/p>\n<\/div>\n<div id=\"element-body-1\" class=\"sc-136cd478-0 ekTCfV\">\n<p>Los elegidos fueron colombianos. <strong> Carlos Betancur ser\u00e1 el refer\u00ed principal.<\/strong> Los asistentes: Jhon Le\u00f3n y Miguel Rold\u00e1n. El cuarto \u00e1rbitro: Diego Ulloa. El VAR: Nicol\u00e1s Gallo. AVAR: Luis Pic\u00f3n.<\/p>\n<\/div>\n<div id=\"element-body-2\" class=\"sc-136cd478-0 ekTCfV\">\n<p>Es un refer\u00ed que jam\u00e1s dirigi\u00f3 a Boca, pero s\u00ed al equipo Sub 20, en la Copa Libertadores de la categor\u00eda: en 2024, el equipo que dirig\u00eda Silvio Rudman perdi\u00f3 2 a 1 con Flamengo. Para el Xeneize jugaron Di Lollo y Milton Delgado.<\/p>\n<\/div>\n<div id=\"element-body-3\" class=\"sc-136cd478-0 ekTCfV\">\n<p>Betancur por primera vez dirigir\u00e1 a un equipo argentino en Libertadores, s\u00ed ya lo hab\u00eda hecho en Sudamericana con Newell&#8217;s, Racing, San Lorenzo y a Barracas Central cuando empat\u00f3 de local ante Vasco da Gama (ech\u00f3 a Puig, del Guapo, en forma correcta).<\/p>\n<\/div>\n<div class=\"sc-e7b891c4-0 ifHnQL image-embed\" id=\"element-body-4\"><img alt=\"El refer\u00ed Carlos Andres Betancur tras la expulsi\u00f3n de Puig (Fotobaires).\" loading=\"lazy\" width=\"720\" height=\"100\" decoding=\"async\" data-nimg=\"1\" style=\"color:transparent\" src=\"https:\/\/fmamiga909.com.ar\/wp-content\/uploads\/2026\/05\/N4Mt5QrpW_720x0__1.jpg\"\/><span class=\"epigraphe\">El refer\u00ed Carlos Andres Betancur tras la expulsi\u00f3n de Puig (Fotobaires).<\/span><\/div>\n<p><h2><strong>Los dem\u00e1s partidos<\/strong><\/h2>\n<\/p>\n<div id=\"element-body-6\" class=\"sc-136cd478-0 ekTCfV\">\n<p><strong>Martes, 19.00: Rosario Central (ARG) vs. Libertad (PAR)<\/strong><\/p>\n<\/div>\n<div id=\"element-body-7\" class=\"sc-136cd478-0 ekTCfV\">\n<p>\u00c1rbitro: Wilton Sampaio, de Brasil<\/p>\n<\/div>\n<div id=\"element-body-8\" class=\"sc-136cd478-0 ekTCfV\">\n<p>Asistentes: Rodrigo Correa y Rafael Alves<\/p>\n<\/div>\n<div id=\"element-body-9\" class=\"sc-136cd478-0 ekTCfV\">\n<p>Cuarto \u00c1rbitro: Flavio de Souza<\/p>\n<\/div>\n<div id=\"element-body-10\" class=\"sc-136cd478-0 ekTCfV\">\n<p>VAR \/ AVAR: Wagner Reway y Rodrigo Nunes<\/p>\n<\/div>\n<div id=\"element-body-11\" class=\"sc-136cd478-0 ekTCfV\">\n<p><strong>Martes, 20.30: Always Ready (BOL) vs. Lan\u00fas (ARG)<\/strong><\/p>\n<\/div>\n<div id=\"element-body-12\" class=\"sc-136cd478-0 ekTCfV\">\n<p>\u00c1rbitro: Roberto P\u00e9rez, de Per\u00fa<\/p>\n<\/div>\n<div id=\"element-body-13\" class=\"sc-136cd478-0 ekTCfV\">\n<p>Asistentes: Stephen Atoche y Leonar Soto<\/p>\n<\/div>\n<div id=\"element-body-14\" class=\"sc-136cd478-0 ekTCfV\">\n<p>Cuarto \u00c1rbitro: Augusto Men\u00e9ndez<\/p>\n<\/div>\n<div id=\"element-body-15\" class=\"sc-136cd478-0 ekTCfV\">\n<p>VAR \/ AVAR: Michael Espinoza y Milagros Arruela<\/p>\n<\/div>\n<div id=\"element-body-16\" class=\"sc-136cd478-0 ekTCfV\">\n<p><strong>Mi\u00e9rcoles a las 19.00: Cusco (PER) vs. Estudiantes LP (ARG)<\/strong><\/p>\n<\/div>\n<div id=\"element-body-17\" class=\"sc-136cd478-0 ekTCfV\">\n<p>\u00c1rbitro: Guillermo Guerrero, de Colombia<\/p>\n<\/div>\n<div id=\"element-body-18\" class=\"sc-136cd478-0 ekTCfV\">\n<p>Asistentes: Christian Lescano y Andres Tola<\/p>\n<\/div>\n<div id=\"element-body-19\" class=\"sc-136cd478-0 ekTCfV\">\n<p>Cuarto \u00c1rbitro: Robert Cabrera<\/p>\n<\/div>\n<div id=\"element-body-20\" class=\"sc-136cd478-0 ekTCfV\">\n<p>VAR \/ AVAR: Franklin Congo y Roddy Zambrano<\/p>\n<\/div>\n<div id=\"element-body-21\" class=\"sc-136cd478-0 ekTCfV\">\n<p><strong>Mi\u00e9rcoles, a las 21.30: Independiente Rivadavia (ARG) vs. Fluminense (BRA)<\/strong><\/p>\n<\/div>\n<div id=\"element-body-22\" class=\"sc-136cd478-0 ekTCfV\">\n<p>\u00c1rbitro: Gustavo Tejera, de Uruguay<\/p>\n<\/div>\n<div id=\"element-body-23\" class=\"sc-136cd478-0 ekTCfV\">\n<p>Asistentes: Martin Soppi y Agustin Berisso<\/p>\n<\/div>\n<div id=\"element-body-24\" class=\"sc-136cd478-0 ekTCfV\">\n<p>Cuarto \u00c1rbitro: Alberto Javier Feres<\/p>\n<\/div>\n<div id=\"element-body-25\" class=\"sc-136cd478-0 ekTCfV\">\n<p>VAR \/ AVAR: Antonio Garcia y Richard Trinidad<\/p>\n<\/div>\n<div id=\"element-body-26\" class=\"sc-136cd478-0 ekTCfV\">\n<p><strong>Jueves a las 19.00: Platense (ARG) vs. Pe\u00f1arol (URU)<\/strong><\/p>\n<\/div>\n<div id=\"element-body-27\" class=\"sc-136cd478-0 ekTCfV\">\n<p>\u00c1rbitro: Juan Benitez, de Paraguay<\/p>\n<\/div>\n<div id=\"element-body-28\" class=\"sc-136cd478-0 ekTCfV\">\n<p>Asistentes: Eduardo Cardozo y Milciades Saldivar<\/p>\n<\/div>\n<div id=\"element-body-29\" class=\"sc-136cd478-0 ekTCfV\">\n<p>Cuarto \u00c1rbitro: Blas Romero<\/p>\n<\/div>\n<div id=\"element-body-30\" class=\"sc-136cd478-0 ekTCfV\">\n<p>VAR \/ AVAR: Ulises Mereles y Luis Onieva<\/p>\n<\/div>\n<div id=\"element-body-31\" class=\"sc-a7166897-0 eoLsBE\"><a href=\"https:\/\/www.ole.com.ar\/futbol-internacional\/mundialdeclubes-conmebol-clasificacion-ranking_0_WeiTkjVnp6.html\" aria-label=\"El ranking Conmebol para el Mundial de Clubes 2029\" class=\"sc-3c11979e-0 dqpgzy\"\/><\/p>\n<section><picture><img alt=\"El ranking Conmebol para el Mundial de Clubes 2029\" loading=\"lazy\" width=\"290\" height=\"290\" decoding=\"async\" data-nimg=\"1\" style=\"color:transparent\" src=\"https:\/\/fmamiga909.com.ar\/wp-content\/uploads\/2026\/05\/sCxSe3S7V_290x290__1.jpg\"\/><\/picture>\n<p><span>Mir\u00e1 tambi\u00e9n<\/span><\/p>\n<hr\/>\n<h3>El ranking Conmebol para el Mundial de Clubes 2029<\/h3>\n<\/p>\n<\/section>\n<\/div>\n<div id=\"element-body-32\" class=\"sc-a7166897-0 eoLsBE\"><a href=\"https:\/\/www.ole.com.ar\/futbol-primera\/ultima-fecha-torneo-apertura-clasificacion-octavos-necesita-posiciones-tablas-cruces-playoff-equipos_0_WQJ89nM3hT.html\" aria-label=\"\u00daltima fecha del Apertura: las finales para entrar a playoff y la definici\u00f3n de los cruces de octavos\" class=\"sc-3c11979e-0 dqpgzy\"\/><\/p>\n<section><picture><img alt=\"\u00daltima fecha del Apertura: las finales para entrar a playoff y la definici\u00f3n de los cruces de octavos\" loading=\"lazy\" width=\"290\" height=\"290\" decoding=\"async\" data-nimg=\"1\" style=\"color:transparent\" src=\"https:\/\/fmamiga909.com.ar\/wp-content\/uploads\/2026\/05\/1777711528_805_5-GPMbPYA_290x290__1.jpg\"\/><\/picture>\n<p><span>Mir\u00e1 tambi\u00e9n<\/span><\/p>\n<hr\/>\n<h3>\u00daltima fecha del Apertura: las finales para entrar a playoff y la definici\u00f3n de los cruces de octavos<\/h3>\n<\/p>\n<\/section>\n<\/div>\n<\/div>\n<p><a href=\"https:\/\/www.ole.com.ar\/boca-juniors\/conmebol-libertadores-betancur-boca_0_CuDDoeFTN4.html\">source<\/a><\/p>\n","protected":false},"excerpt":{"rendered":"<p>01\/05\/2026 23:03hs. Actualizado al 01\/05\/2026 23:16hs. La Conmebol anunci\u00f3 las designaciones arbitrales para la cuarta&#8230;<\/p>\n","protected":false},"author":3,"featured_media":33406,"comment_status":"closed","ping_status":"closed","sticky":false,"template":"","format":"standard","meta":{"footnotes":""},"categories":[21],"tags":[],"class_list":["post-33405","post","type-post","status-publish","format-standard","has-post-thumbnail","hentry","category-deportes"],"featured_image_urls":{"full":["https:\/\/fmamiga909.com.ar\/wp-content\/uploads\/2026\/05\/wp-header-logo-22.png",720,493,false],"thumbnail":["https:\/\/fmamiga909.com.ar\/wp-content\/uploads\/2026\/05\/wp-header-logo-22-150x150.png",150,150,true],"medium":["https:\/\/fmamiga909.com.ar\/wp-content\/uploads\/2026\/05\/wp-header-logo-22-300x205.png",300,205,true],"medium_large":["https:\/\/fmamiga909.com.ar\/wp-content\/uploads\/2026\/05\/wp-header-logo-22.png",720,493,false],"large":["https:\/\/fmamiga909.com.ar\/wp-content\/uploads\/2026\/05\/wp-header-logo-22.png",640,438,false],"1536x1536":["https:\/\/fmamiga909.com.ar\/wp-content\/uploads\/2026\/05\/wp-header-logo-22.png",720,493,false],"2048x2048":["https:\/\/fmamiga909.com.ar\/wp-content\/uploads\/2026\/05\/wp-header-logo-22.png",720,493,false],"newsium-slider-full":["https:\/\/fmamiga909.com.ar\/wp-content\/uploads\/2026\/05\/wp-header-logo-22.png",720,493,false],"newsium-featured":["https:\/\/fmamiga909.com.ar\/wp-content\/uploads\/2026\/05\/wp-header-logo-22.png",720,493,false],"newsium-medium":["https:\/\/fmamiga909.com.ar\/wp-content\/uploads\/2026\/05\/wp-header-logo-22-720x475.png",720,475,true]},"author_info":{"display_name":"Fredy Giuliano","author_link":"https:\/\/fmamiga909.com.ar\/?author=3"},"category_info":"<a href=\"https:\/\/fmamiga909.com.ar\/?cat=21\" rel=\"category\">Deportes<\/a>","tag_info":"Deportes","comment_count":"0","_links":{"self":[{"href":"https:\/\/fmamiga909.com.ar\/index.php?rest_route=\/wp\/v2\/posts\/33405","targetHints":{"allow":["GET"]}}],"collection":[{"href":"https:\/\/fmamiga909.com.ar\/index.php?rest_route=\/wp\/v2\/posts"}],"about":[{"href":"https:\/\/fmamiga909.com.ar\/index.php?rest_route=\/wp\/v2\/types\/post"}],"author":[{"embeddable":true,"href":"https:\/\/fmamiga909.com.ar\/index.php?rest_route=\/wp\/v2\/users\/3"}],"replies":[{"embeddable":true,"href":"https:\/\/fmamiga909.com.ar\/index.php?rest_route=%2Fwp%2Fv2%2Fcomments&post=33405"}],"version-history":[{"count":0,"href":"https:\/\/fmamiga909.com.ar\/index.php?rest_route=\/wp\/v2\/posts\/33405\/revisions"}],"wp:featuredmedia":[{"embeddable":true,"href":"https:\/\/fmamiga909.com.ar\/index.php?rest_route=\/wp\/v2\/media\/33406"}],"wp:attachment":[{"href":"https:\/\/fmamiga909.com.ar\/index.php?rest_route=%2Fwp%2Fv2%2Fmedia&parent=33405"}],"wp:term":[{"taxonomy":"category","embeddable":true,"href":"https:\/\/fmamiga909.com.ar\/index.php?rest_route=%2Fwp%2Fv2%2Fcategories&post=33405"},{"taxonomy":"post_tag","embeddable":true,"href":"https:\/\/fmamiga909.com.ar\/index.php?rest_route=%2Fwp%2Fv2%2Ftags&post=33405"}],"curies":[{"name":"wp","href":"https:\/\/api.w.org\/{rel}","templated":true}]}}