{"id":33462,"date":"2026-05-02T09:50:53","date_gmt":"2026-05-02T09:50:53","guid":{"rendered":"https:\/\/fmamiga909.com.ar\/?p=33462"},"modified":"2026-05-02T09:50:53","modified_gmt":"2026-05-02T09:50:53","slug":"el-77o-congreso-de-la-fifa-sera-en-marruecos-infantino-va-por-la-reeleccion","status":"publish","type":"post","link":"https:\/\/fmamiga909.com.ar\/?p=33462","title":{"rendered":"El 77\u00ba Congreso de la FIFA ser\u00e1 en Marruecos: Infantino va por la reelecci\u00f3n"},"content":{"rendered":"<p><time class=\"createDate\" datetime=\"2026-05-01T23:33:39-03:00\">01\/05\/2026 23:33hs.<\/time><\/p>\n<div id=\"storyBody\">\n<div id=\"element-body-0\" class=\"sc-136cd478-0 ekTCfV\">\n<p>\u00abSe los informo primero a ustedes: hoy <strong>arranca la carrera preelectoral y ser\u00e9 parte de ella porque voy a presentarme\u201d<\/strong>. As\u00ed, sin m\u00e1s vueltas, <strong>Gianni Infantino<\/strong> confirm\u00f3 que va por la <strong>reelecci\u00f3n <\/strong> como presidente de la <strong>FIFA<\/strong>. Lo hizo oficial en el Congreso que llev\u00f3 a cabo en Vancouver, Canad\u00e1. Y tambi\u00e9n confirm\u00f3 la sede del 77\u00ba Congreso de la FIFA: se llevar\u00e1 a cabo el 18 de marzo 2027 en <strong> Rabat, Marruecos.<\/strong><\/p>\n<\/div>\n<div id=\"element-body-1\" class=\"sc-136cd478-0 ekTCfV\">\n<p>Adem\u00e1s de confirmar que Ir\u00e1n jugar\u00e1 el Mundial 2026 y marcar el camino en la lucha contra el racismo, <strong>Infantino (56 a\u00f1os) avis\u00f3 que va con todo por su cuarto mandato<\/strong> como presidente de la Federaci\u00f3n Internacional de F\u00fatbol, la que el suizo conduce desde 2016. Se los avis\u00f3 cara a cara a las 211 federaciones que confirman la FIFA.<\/p>\n<\/div>\n<div id=\"element-body-2\" class=\"sc-136cd478-0 ekTCfV\">\n<p>Con el aval y apoyo p\u00fablico de confederaciones como Conmebol (Sudam\u00e9rica) y CAF (\u00c1frica), sumado a que no hay rival con fuerza a la vista, Infantino podr\u00eda confirmar el cuarto mandato, algo que no era posible, pero que se modific\u00f3 (ya no computa cuando un presidente toma un ciclo empezado).<\/p>\n<\/div>\n<div id=\"element-body-3\" class=\"sc-136cd478-0 ekTCfV\">\n<p><strong>Rabat, nuevo epicentro del f\u00fatbol continental, ser\u00e1 la sede.<\/strong> All\u00ed la FIFA tiene una base operativa que inaugur\u00f3 el a\u00f1o pasado ( <em>ver m\u00e1s abajo<\/em>). As\u00ed tambi\u00e9n <strong>Marruecos sigue marcando su paso en el mundo f\u00fatbol<\/strong>, con el Mundial 2030 en el horizonte. <\/p>\n<\/div>\n<div class=\"sc-e7b891c4-0 ifHnQL image-embed\" id=\"element-body-4\"><img alt=\"El 76\u00b0 Congreso de FIFA, en Vancouver, Canad\u00e1. (EFE)\" loading=\"lazy\" width=\"720\" height=\"100\" decoding=\"async\" data-nimg=\"1\" style=\"color:transparent\" src=\"https:\/\/fmamiga909.com.ar\/wp-content\/uploads\/2026\/05\/h_8j1qEeW_720x0__1.jpg\"\/><span class=\"epigraphe\">El 76\u00b0 Congreso de FIFA, en Vancouver, Canad\u00e1. (EFE)<\/span><\/div>\n<div id=\"element-body-5\" class=\"sc-136cd478-0 ekTCfV\">\n<p>Antes de la cita mencionada, se celebrar\u00e1 un Congreso extraordinario de la FIFA por videoconferencia, como sesi\u00f3n independiente, con fecha para el lunes 23 de noviembre de 2026. Ser\u00e1 \u00abpara nombrar a los anfitriones de las ediciones de 2031 y 2035 de la Copa Mundial Femenina de la FIFA\u00bb, inform\u00f3 la entidad.<\/p>\n<\/div>\n<div class=\"sc-e7b891c4-0 ifHnQL image-embed\" id=\"element-body-6\"><img alt=\"El 77\u00b0 Congreso de FIFA ser\u00e1 en Rabat, Marruecos.\" loading=\"lazy\" width=\"720\" height=\"100\" decoding=\"async\" data-nimg=\"1\" style=\"color:transparent\" src=\"https:\/\/fmamiga909.com.ar\/wp-content\/uploads\/2026\/05\/nTAnoyKgG_720x0__1.jpg\"\/><span class=\"epigraphe\">El 77\u00b0 Congreso de FIFA ser\u00e1 en Rabat, Marruecos.<\/span><\/div>\n<p><h2>La sede de FIFA en Marruecos<\/h2>\n<\/p>\n<div id=\"element-body-8\" class=\"sc-136cd478-0 ekTCfV\">\n<p>En julio del 2025, la <strong>FIFA inaugur\u00f3 una nueva sede en Rabat,<\/strong> capital marroqu\u00ed, que ser\u00e1 el <strong>epicentro <\/strong> del f\u00fatbol del continente (antes se manejaba desde Par\u00eds) y tambi\u00e9n se convertir\u00e1 en zona clave pensando en el <strong>Mundial 2030.<\/strong><\/p>\n<\/div>\n<div class=\"sc-e7b891c4-0 ifHnQL image-embed\" id=\"element-body-9\"><img alt=\"FIFA inaugur\u00f3 sede en Marruecos. (Rue20)\" loading=\"lazy\" width=\"720\" height=\"100\" decoding=\"async\" data-nimg=\"1\" style=\"color:transparent\" src=\"https:\/\/fmamiga909.com.ar\/wp-content\/uploads\/2026\/05\/3W85LSeE__720x0__1.jpg\"\/><span class=\"epigraphe\">FIFA inaugur\u00f3 sede en Marruecos. (Rue20)<\/span><\/div>\n<div id=\"element-body-10\" class=\"sc-136cd478-0 ekTCfV\">\n<p>El pa\u00eds del norte de \u00c1frica se va afianzando dentro del mapa del f\u00fatbol con una visi\u00f3n que lleva a\u00f1os y que empieza a darle r\u00e9dito. \u00abEsto va a impulsar a Marruecos en el mapa mundial del f\u00fatbol\u00bb, solt\u00f3 <strong>Infantino<\/strong>, presidente de la FIFA, quien inaugur\u00f3 la sede en Rabat, lo que es ya un centro neur\u00e1lgico para el desarrollo del f\u00fatbol a nivel global. Adem\u00e1s de Infantino, en la ceremonia estuvieron <strong>Fouzi Lekjaa<\/strong>, presidente de la Real Federaci\u00f3n Marroqu\u00ed de F\u00fatbol (FRMF) y <strong>Patrice Motsepe<\/strong>, presidente de la Confederaci\u00f3n Africana de F\u00fatbol (CAF).<\/p>\n<\/div>\n<div id=\"element-body-11\" class=\"sc-136cd478-0 ekTCfV\">\n<p>\u00abEs una materializaci\u00f3n real de la atenci\u00f3n especial que recibe el continente africano y una palanca importante para el desarrollo de las diferentes categor\u00edas y tipos de f\u00fatbol. Marruecos siempre ha sido un pa\u00eds de encuentro, tolerancia y civilizaci\u00f3n\u00bb, dijo Fouzi Lekjaa.<\/p>\n<\/div>\n<div class=\"sc-e7b891c4-0 ifHnQL image-embed\" id=\"element-body-12\"><img alt=\"FIFA inaugur\u00f3 sede en Marruecos. (Rue20)\" loading=\"lazy\" width=\"720\" height=\"100\" decoding=\"async\" data-nimg=\"1\" style=\"color:transparent\" src=\"https:\/\/fmamiga909.com.ar\/wp-content\/uploads\/2026\/05\/78mODowGU_720x0__1.jpg\"\/><span class=\"epigraphe\">FIFA inaugur\u00f3 sede en Marruecos. (Rue20)<\/span><\/div>\n<div id=\"element-body-13\" class=\"sc-136cd478-0 ekTCfV\">\n<p>Con esta inauguraci\u00f3n, la de Marruecos pasar\u00e1 a ser la principal sede oficial de la Federaci\u00f3n Internacional de F\u00fatbol Asociaci\u00f3n en \u00c1frica, m\u00e1s all\u00e1 de que hay centros de formaci\u00f3n en Senegal (Dakar), Rep\u00fablica del Congo (Brazzaville), Ruanda (Kigali) y Sud\u00e1frica (Johannesburgo).<\/p>\n<\/div>\n<p><h2>Infantino confirm\u00f3 a Ir\u00e1n en el Mundial 2026<\/h2>\n<\/p>\n<div id=\"element-body-15\" class=\"sc-136cd478-0 ekTCfV\">\n<p>El fuego cruzado entre Estados Unidos e Ir\u00e1n hizo que la participaci\u00f3n del equipo de Medio Oriente en el Mundial 2026 sea puesta en duda hasta \u00faltimo momento. Finalmente, el presidente de la FIFA, Gianni Infantino, anunci\u00f3 que el seleccionado iran\u00ed participar\u00e1 en la Copa del Mundo durante su intervenci\u00f3n ante el Congreso del organismo rector del f\u00fatbol mundial, que se celebra este jueves en Vancouver.<\/p>\n<\/div>\n<div id=\"element-body-16\" class=\"sc-136cd478-0 ekTCfV\">\n<p>La participaci\u00f3n de Ir\u00e1n en el torneo, organizado conjuntamente por Estados Unidos, M\u00e9xico y Canad\u00e1, ha estado envuelta en incertidumbre desde el estallido de la guerra en Oriente Medio, desencadenada el 28 de febrero por los ataques estadounidenses e israel\u00edes contra Teher\u00e1n.<\/p>\n<\/div>\n<div id=\"element-body-17\" class=\"sc-136cd478-0 ekTCfV\">\n<p>\u00abPerm\u00edtanme comenzar por confirmar desde el principio que, por supuesto, <strong>Ir\u00e1n participar\u00e1 en la Copa del Mundo de la FIFA 2026&#8243;<\/strong>, dijo Infantino en la ciudad canadiense. \u00abY, por supuesto, Ir\u00e1n jugar\u00e1 en los Estados Unidos de Am\u00e9rica\u00bb.<\/p>\n<\/div>\n<div id=\"element-body-18\" class=\"sc-136cd478-0 ekTCfV\">\n<p>Las autoridades iran\u00edes hab\u00edan barajado la idea de trasladar sus partidos de la fase de grupos desde Estados Unidos a M\u00e9xico, una propuesta que ya hab\u00eda sido descartada por Infantino.<\/p>\n<\/div>\n<\/div>\n<p><a href=\"https:\/\/www.ole.com.ar\/futbol-internacional\/gianni-infantino-reeleccion-presidente-fifa-congreso-rabat-marruecos_0_UEcZejsG3K.html\">source<\/a><\/p>\n","protected":false},"excerpt":{"rendered":"<p>01\/05\/2026 23:33hs. \u00abSe los informo primero a ustedes: hoy arranca la carrera preelectoral y ser\u00e9&#8230;<\/p>\n","protected":false},"author":3,"featured_media":33463,"comment_status":"closed","ping_status":"closed","sticky":false,"template":"","format":"standard","meta":{"footnotes":""},"categories":[21],"tags":[],"class_list":["post-33462","post","type-post","status-publish","format-standard","has-post-thumbnail","hentry","category-deportes"],"featured_image_urls":{"full":["https:\/\/fmamiga909.com.ar\/wp-content\/uploads\/2026\/05\/wp-header-logo-29.png",720,480,false],"thumbnail":["https:\/\/fmamiga909.com.ar\/wp-content\/uploads\/2026\/05\/wp-header-logo-29-150x150.png",150,150,true],"medium":["https:\/\/fmamiga909.com.ar\/wp-content\/uploads\/2026\/05\/wp-header-logo-29-300x200.png",300,200,true],"medium_large":["https:\/\/fmamiga909.com.ar\/wp-content\/uploads\/2026\/05\/wp-header-logo-29.png",720,480,false],"large":["https:\/\/fmamiga909.com.ar\/wp-content\/uploads\/2026\/05\/wp-header-logo-29.png",640,427,false],"1536x1536":["https:\/\/fmamiga909.com.ar\/wp-content\/uploads\/2026\/05\/wp-header-logo-29.png",720,480,false],"2048x2048":["https:\/\/fmamiga909.com.ar\/wp-content\/uploads\/2026\/05\/wp-header-logo-29.png",720,480,false],"newsium-slider-full":["https:\/\/fmamiga909.com.ar\/wp-content\/uploads\/2026\/05\/wp-header-logo-29.png",720,480,false],"newsium-featured":["https:\/\/fmamiga909.com.ar\/wp-content\/uploads\/2026\/05\/wp-header-logo-29.png",720,480,false],"newsium-medium":["https:\/\/fmamiga909.com.ar\/wp-content\/uploads\/2026\/05\/wp-header-logo-29-720x475.png",720,475,true]},"author_info":{"display_name":"Fredy Giuliano","author_link":"https:\/\/fmamiga909.com.ar\/?author=3"},"category_info":"<a href=\"https:\/\/fmamiga909.com.ar\/?cat=21\" rel=\"category\">Deportes<\/a>","tag_info":"Deportes","comment_count":"0","_links":{"self":[{"href":"https:\/\/fmamiga909.com.ar\/index.php?rest_route=\/wp\/v2\/posts\/33462","targetHints":{"allow":["GET"]}}],"collection":[{"href":"https:\/\/fmamiga909.com.ar\/index.php?rest_route=\/wp\/v2\/posts"}],"about":[{"href":"https:\/\/fmamiga909.com.ar\/index.php?rest_route=\/wp\/v2\/types\/post"}],"author":[{"embeddable":true,"href":"https:\/\/fmamiga909.com.ar\/index.php?rest_route=\/wp\/v2\/users\/3"}],"replies":[{"embeddable":true,"href":"https:\/\/fmamiga909.com.ar\/index.php?rest_route=%2Fwp%2Fv2%2Fcomments&post=33462"}],"version-history":[{"count":0,"href":"https:\/\/fmamiga909.com.ar\/index.php?rest_route=\/wp\/v2\/posts\/33462\/revisions"}],"wp:featuredmedia":[{"embeddable":true,"href":"https:\/\/fmamiga909.com.ar\/index.php?rest_route=\/wp\/v2\/media\/33463"}],"wp:attachment":[{"href":"https:\/\/fmamiga909.com.ar\/index.php?rest_route=%2Fwp%2Fv2%2Fmedia&parent=33462"}],"wp:term":[{"taxonomy":"category","embeddable":true,"href":"https:\/\/fmamiga909.com.ar\/index.php?rest_route=%2Fwp%2Fv2%2Fcategories&post=33462"},{"taxonomy":"post_tag","embeddable":true,"href":"https:\/\/fmamiga909.com.ar\/index.php?rest_route=%2Fwp%2Fv2%2Ftags&post=33462"}],"curies":[{"name":"wp","href":"https:\/\/api.w.org\/{rel}","templated":true}]}}