{"id":4160,"date":"2016-05-31T10:12:40","date_gmt":"2016-05-31T10:12:40","guid":{"rendered":"http:\/\/fmamiga909.com.ar\/?p=4160"},"modified":"2016-05-31T10:12:40","modified_gmt":"2016-05-31T10:12:40","slug":"reconocimiento-a-los-diucas-en-pena-solidaria","status":"publish","type":"post","link":"https:\/\/fmamiga909.com.ar\/?p=4160","title":{"rendered":"Reconocimiento a Los Diucas en Pe\u00f1a Solidaria"},"content":{"rendered":"<p>El \u00a0s\u00e1bado \u00a028 de mayo se realiz\u00f3 en Charos, Colonia Alpina una pe\u00f1a solidaria. La intenci\u00f3n fue generar recursos econ\u00f3micos para\u00a0dos escuelas de esa localidad.<\/p>\n<p>Los due\u00f1os de Charos decidieron realizar una Pe\u00f1a solidaria por mes para ayudar a distintas entidades educativas de la regi\u00f3n.<\/p>\n<p>En esta primera Pe\u00f1a estuvieron presentes LOS DIUCAS, Claudia Banderas, Oscar Gallo, Romanela Gallo, el Ballet de Colonia Alpina, el Ballet Melipal, Academia de Ritmos Latinos de Ceres, Los de la Pe\u00f1a de San Guillermo, entre otros.<\/p>\n<p>Luego de la actuaci\u00f3n de Los Diucas, integrantes de las dos Cooperadora escolares, hicieron entrega de un presente recordatorio por la participaci\u00f3n en este evento solidario.<\/p>\n<p><img loading=\"lazy\" decoding=\"async\" class=\"alignnone size-medium wp-image-4161\" src=\"https:\/\/fmamiga909.com.ar\/wp-content\/uploads\/2016\/05\/reconocimiento-alpina-300x180.jpg\" alt=\"reconocimiento alpina\" width=\"300\" height=\"180\" srcset=\"https:\/\/fmamiga909.com.ar\/wp-content\/uploads\/2016\/05\/reconocimiento-alpina-300x180.jpg 300w, https:\/\/fmamiga909.com.ar\/wp-content\/uploads\/2016\/05\/reconocimiento-alpina-950x570.jpg 950w, https:\/\/fmamiga909.com.ar\/wp-content\/uploads\/2016\/05\/reconocimiento-alpina.jpg 960w\" sizes=\"auto, (max-width: 300px) 100vw, 300px\" \/><\/p>\n","protected":false},"excerpt":{"rendered":"<p>El \u00a0s\u00e1bado \u00a028 de mayo se realiz\u00f3 en Charos, Colonia Alpina una pe\u00f1a solidaria. La&#8230;<\/p>\n","protected":false},"author":3,"featured_media":4161,"comment_status":"closed","ping_status":"closed","sticky":false,"template":"","format":"standard","meta":{"footnotes":""},"categories":[1,3],"tags":[],"class_list":["post-4160","post","type-post","status-publish","format-standard","has-post-thumbnail","hentry","category-uncategorized","category-noticias"],"featured_image_urls":{"full":["https:\/\/fmamiga909.com.ar\/wp-content\/uploads\/2016\/05\/reconocimiento-alpina.jpg",960,576,false],"thumbnail":["https:\/\/fmamiga909.com.ar\/wp-content\/uploads\/2016\/05\/reconocimiento-alpina-150x150.jpg",150,150,true],"medium":["https:\/\/fmamiga909.com.ar\/wp-content\/uploads\/2016\/05\/reconocimiento-alpina-300x180.jpg",300,180,true],"medium_large":["https:\/\/fmamiga909.com.ar\/wp-content\/uploads\/2016\/05\/reconocimiento-alpina.jpg",960,576,false],"large":["https:\/\/fmamiga909.com.ar\/wp-content\/uploads\/2016\/05\/reconocimiento-alpina.jpg",640,384,false],"1536x1536":["https:\/\/fmamiga909.com.ar\/wp-content\/uploads\/2016\/05\/reconocimiento-alpina.jpg",960,576,false],"2048x2048":["https:\/\/fmamiga909.com.ar\/wp-content\/uploads\/2016\/05\/reconocimiento-alpina.jpg",960,576,false],"newsium-slider-full":["https:\/\/fmamiga909.com.ar\/wp-content\/uploads\/2016\/05\/reconocimiento-alpina.jpg",960,576,false],"newsium-featured":["https:\/\/fmamiga909.com.ar\/wp-content\/uploads\/2016\/05\/reconocimiento-alpina.jpg",960,576,false],"newsium-medium":["https:\/\/fmamiga909.com.ar\/wp-content\/uploads\/2016\/05\/reconocimiento-alpina.jpg",720,432,false]},"author_info":{"display_name":"Fredy Giuliano","author_link":"https:\/\/fmamiga909.com.ar\/?author=3"},"category_info":"<a href=\"https:\/\/fmamiga909.com.ar\/?cat=1\" rel=\"category\">La radio<\/a> <a href=\"https:\/\/fmamiga909.com.ar\/?cat=3\" rel=\"category\">Noticias<\/a>","tag_info":"Noticias","comment_count":"0","_links":{"self":[{"href":"https:\/\/fmamiga909.com.ar\/index.php?rest_route=\/wp\/v2\/posts\/4160","targetHints":{"allow":["GET"]}}],"collection":[{"href":"https:\/\/fmamiga909.com.ar\/index.php?rest_route=\/wp\/v2\/posts"}],"about":[{"href":"https:\/\/fmamiga909.com.ar\/index.php?rest_route=\/wp\/v2\/types\/post"}],"author":[{"embeddable":true,"href":"https:\/\/fmamiga909.com.ar\/index.php?rest_route=\/wp\/v2\/users\/3"}],"replies":[{"embeddable":true,"href":"https:\/\/fmamiga909.com.ar\/index.php?rest_route=%2Fwp%2Fv2%2Fcomments&post=4160"}],"version-history":[{"count":1,"href":"https:\/\/fmamiga909.com.ar\/index.php?rest_route=\/wp\/v2\/posts\/4160\/revisions"}],"predecessor-version":[{"id":4162,"href":"https:\/\/fmamiga909.com.ar\/index.php?rest_route=\/wp\/v2\/posts\/4160\/revisions\/4162"}],"wp:featuredmedia":[{"embeddable":true,"href":"https:\/\/fmamiga909.com.ar\/index.php?rest_route=\/wp\/v2\/media\/4161"}],"wp:attachment":[{"href":"https:\/\/fmamiga909.com.ar\/index.php?rest_route=%2Fwp%2Fv2%2Fmedia&parent=4160"}],"wp:term":[{"taxonomy":"category","embeddable":true,"href":"https:\/\/fmamiga909.com.ar\/index.php?rest_route=%2Fwp%2Fv2%2Fcategories&post=4160"},{"taxonomy":"post_tag","embeddable":true,"href":"https:\/\/fmamiga909.com.ar\/index.php?rest_route=%2Fwp%2Fv2%2Ftags&post=4160"}],"curies":[{"name":"wp","href":"https:\/\/api.w.org\/{rel}","templated":true}]}}