{"id":4539,"date":"2016-09-23T10:03:40","date_gmt":"2016-09-23T10:03:40","guid":{"rendered":"http:\/\/fmamiga909.com.ar\/?p=4539"},"modified":"2016-09-23T10:03:40","modified_gmt":"2016-09-23T10:03:40","slug":"michlig-se-refirio-a-la-liberacion-de-2-personas-que-transportaban-5-kg-de-marihuana","status":"publish","type":"post","link":"https:\/\/fmamiga909.com.ar\/?p=4539","title":{"rendered":"Michlig se refiri\u00f3 a la liberaci\u00f3n de 2 personas que transportaban 5 Kg de marihuana."},"content":{"rendered":"<p><b><u>El Senador Michlig expres\u00f3 su malestar con la Justicia Federal de Rafaela y respaldo la labor de la Polic\u00eda de la URXIII y antidroga de la Provincia<\/u><\/b><\/p>\n<p>En la sesi\u00f3n de hoy de la C\u00e1mara de Senadores de la Provincia, el Senador <b>Felipe Michlig<\/b> -a trav\u00e9s de un Proyecto de Declaraci\u00f3n- <b>expres\u00f3 \u201csu profundo malestar provocado por la falta de respuesta de la Justicia Federal,<\/b> con asiento en la ciudad de Rafaela, respecto a la <b>liberaci\u00f3n de dos personas<\/b> detenidas en un procedimiento policial de control vehicular, <b>quienes transportaban 5 kilogramos de marihuana<\/b>, y que fueran liberados a los pocos d\u00edas de haber sido aprehendidos\u201d.<\/p>\n<p>A su vez, el legislador <b>destac\u00f3 la labor realizada por la brigada antidroga<\/b> de la Provincia y todo lo<b> actuado desde la Unidad Regional XIII, departamento San Crist\u00f3bal, a cargo del Comisario Fabi\u00e1n Forni,<\/b> e inst\u00f3 \u201ca toda <b>la polic\u00eda comprometida en esta dura lucha a seguir trabajando<\/b> sin cuartel pese a estos decisorios que <b>provocan cierta desaz\u00f3n<\/b>\u201d.<\/p>\n<p><b><u>Circunstancias del hecho<\/u><\/b><b><u><\/u><\/b><\/p>\n<p>El legislador explic\u00f3 que \u201c<b>el hecho ocurri\u00f3 el d\u00eda 5 de septiembre<\/b> del corriente a\u00f1o, en ocasi\u00f3n <b>de un operativo de control vehicular<\/b> sobre la Ruta Provincial N\u00b0 4 y el empalme de la Ruta Provincial N\u00b0 13, en proximidades de la <b>ciudad de San Crist\u00f3bal<\/b>, cuando personal policial persigui\u00f3 un autom\u00f3vil que intent\u00f3 evitar el operativo, procediendo a su intercepci\u00f3n y <b>detenci\u00f3n de los dos ocupantes del mismo \u2013padre e hijo-, quienes llevaban casi 5 Kg de marihuana\u201d.<\/b><\/p>\n<p><b>\u201cPocos d\u00edas despu\u00e9s, fueron liberados, por orden del Juzgado Federal interviniente, de la ciudad de Rafaela, mediante una cauci\u00f3n de $ 8000 a cada uno de los detenidos, lo cual a primera vista resulta absurdo y desproporcionado, m\u00e1s all\u00e1 de lo que se pueda entender desde el Poder Judicial. <\/b>El caso que nos ocupa, <b>no se trata de una cantidad destinada a consumo personal, son casi 5 Kg de marihuana destinados a su fraccionamiento y comercializaci\u00f3n<\/b>, con un valor de mercado superlativo\u201d, coment\u00f3 Michlig en el recinto legislativo.<\/p>\n<p><b><u>Respetuoso de la divisi\u00f3n de poderes<\/u><\/b><\/p>\n<p>\u201cA\u00fan cuando <b>seamos respetuosos de la divisi\u00f3n de poderes, no podemos dejar de reflejar la preocupaci\u00f3n social<\/b> ante la flexibilidad y el excesivo garantismo del sistema penal frente a estos delitos de narcotraficantes que <b>envenenan a nuestras poblaciones<\/b>\u201d.-<\/p>\n<p>Por otra parte agreg\u00f3 que <b>\u201ccomo dirigentes debemos reflexionar sobre tales hechos y, en el marco de nuestras facultades, promover leyes que permitan a jueces y fiscales endurecer las condiciones de excarcelaci\u00f3n<\/b> y\/o cualquier tipo de medida que impida a los delincuentes la recuperaci\u00f3n inmediata de la libertad, <b>en casos tan graves como el descripto<\/b>, m\u00e1s all\u00e1 de que las soluciones de fondo sean materia del Congreso Nacional\u201d.<\/p>\n<p><b>\u201cEn tal sentido, en esta misma C\u00e1mara estamos avanzando con distintos proyectos en debate en torno a promover las acciones necesarias para la lucha contra el narcotr\u00e1fico y delitos en el territorio provincial\u201d, finaliz\u00f3<\/b><\/p>\n","protected":false},"excerpt":{"rendered":"<p>El Senador Michlig expres\u00f3 su malestar con la Justicia Federal de Rafaela y respaldo la&#8230;<\/p>\n","protected":false},"author":3,"featured_media":4485,"comment_status":"closed","ping_status":"closed","sticky":false,"template":"","format":"standard","meta":{"footnotes":""},"categories":[1,3],"tags":[],"class_list":["post-4539","post","type-post","status-publish","format-standard","has-post-thumbnail","hentry","category-uncategorized","category-noticias"],"featured_image_urls":{"full":["https:\/\/fmamiga909.com.ar\/wp-content\/uploads\/2016\/08\/felipe-recinto.jpg",550,366,false],"thumbnail":["https:\/\/fmamiga909.com.ar\/wp-content\/uploads\/2016\/08\/felipe-recinto-150x150.jpg",150,150,true],"medium":["https:\/\/fmamiga909.com.ar\/wp-content\/uploads\/2016\/08\/felipe-recinto-300x200.jpg",300,200,true],"medium_large":["https:\/\/fmamiga909.com.ar\/wp-content\/uploads\/2016\/08\/felipe-recinto.jpg",550,366,false],"large":["https:\/\/fmamiga909.com.ar\/wp-content\/uploads\/2016\/08\/felipe-recinto.jpg",550,366,false],"1536x1536":["https:\/\/fmamiga909.com.ar\/wp-content\/uploads\/2016\/08\/felipe-recinto.jpg",550,366,false],"2048x2048":["https:\/\/fmamiga909.com.ar\/wp-content\/uploads\/2016\/08\/felipe-recinto.jpg",550,366,false],"newsium-slider-full":["https:\/\/fmamiga909.com.ar\/wp-content\/uploads\/2016\/08\/felipe-recinto.jpg",550,366,false],"newsium-featured":["https:\/\/fmamiga909.com.ar\/wp-content\/uploads\/2016\/08\/felipe-recinto.jpg",550,366,false],"newsium-medium":["https:\/\/fmamiga909.com.ar\/wp-content\/uploads\/2016\/08\/felipe-recinto.jpg",550,366,false]},"author_info":{"display_name":"Fredy Giuliano","author_link":"https:\/\/fmamiga909.com.ar\/?author=3"},"category_info":"<a href=\"https:\/\/fmamiga909.com.ar\/?cat=1\" rel=\"category\">La radio<\/a> <a href=\"https:\/\/fmamiga909.com.ar\/?cat=3\" rel=\"category\">Noticias<\/a>","tag_info":"Noticias","comment_count":"0","_links":{"self":[{"href":"https:\/\/fmamiga909.com.ar\/index.php?rest_route=\/wp\/v2\/posts\/4539","targetHints":{"allow":["GET"]}}],"collection":[{"href":"https:\/\/fmamiga909.com.ar\/index.php?rest_route=\/wp\/v2\/posts"}],"about":[{"href":"https:\/\/fmamiga909.com.ar\/index.php?rest_route=\/wp\/v2\/types\/post"}],"author":[{"embeddable":true,"href":"https:\/\/fmamiga909.com.ar\/index.php?rest_route=\/wp\/v2\/users\/3"}],"replies":[{"embeddable":true,"href":"https:\/\/fmamiga909.com.ar\/index.php?rest_route=%2Fwp%2Fv2%2Fcomments&post=4539"}],"version-history":[{"count":1,"href":"https:\/\/fmamiga909.com.ar\/index.php?rest_route=\/wp\/v2\/posts\/4539\/revisions"}],"predecessor-version":[{"id":4540,"href":"https:\/\/fmamiga909.com.ar\/index.php?rest_route=\/wp\/v2\/posts\/4539\/revisions\/4540"}],"wp:featuredmedia":[{"embeddable":true,"href":"https:\/\/fmamiga909.com.ar\/index.php?rest_route=\/wp\/v2\/media\/4485"}],"wp:attachment":[{"href":"https:\/\/fmamiga909.com.ar\/index.php?rest_route=%2Fwp%2Fv2%2Fmedia&parent=4539"}],"wp:term":[{"taxonomy":"category","embeddable":true,"href":"https:\/\/fmamiga909.com.ar\/index.php?rest_route=%2Fwp%2Fv2%2Fcategories&post=4539"},{"taxonomy":"post_tag","embeddable":true,"href":"https:\/\/fmamiga909.com.ar\/index.php?rest_route=%2Fwp%2Fv2%2Ftags&post=4539"}],"curies":[{"name":"wp","href":"https:\/\/api.w.org\/{rel}","templated":true}]}}