{"id":49124,"date":"2026-08-31T04:15:01","date_gmt":"2026-08-31T04:15:01","guid":{"rendered":"https:\/\/fmamiga909.com.ar\/?p=49124"},"modified":"2026-08-31T04:15:01","modified_gmt":"2026-08-31T04:15:01","slug":"el-mensaje-de-viera-a-los-referentes-de-independiente-tras-la-goleada-tienen-que-dar-la-cara","status":"publish","type":"post","link":"https:\/\/fmamiga909.com.ar\/?p=49124","title":{"rendered":"El mensaje de Viera a los referentes de Independiente tras la goleada: &quot;Tienen que dar la cara&#8230;&quot;"},"content":{"rendered":"<div id=\"storyBody\">\n<div id=\"element-body-0\" class=\"sc-df222161-0 hNvwjb\">\n<p>Dos semanas de trabajo, pero ninguna se\u00f1al de mejora. <strong>Independiente empat\u00f3 en el debut de Jadson Viera<\/strong> ante Independiente Rivadavia y <strong>sufri\u00f3 un dur\u00edsimo 3-0 frente a Gimnasia de Mendoza<\/strong>. El Rojo <strong>sigue sin ganar desde la llegada del uruguayo<\/strong> y, despu\u00e9s de una noche para el olvido en el Libertadores de Am\u00e9rica, el propio entrenador fue autocr\u00edtico. <strong>\u201cEmpeoramos respecto al partido de Independiente Rivadavia\u201d, reconoci\u00f3.<\/strong><\/p>\n<\/div>\n<div id=\"element-body-1\" class=\"sc-df222161-0 hNvwjb\">\n<p><strong>Viera hab\u00eda imaginado otro partido<\/strong>: un <strong>Independiente protagonista, con la pelota y capaz de imponer condiciones<\/strong>. Pero <strong>el equipo se fue desdibujando y termin\u00f3 completamente superado<\/strong> por el conjunto mendocino. <strong>\u201cPens\u00e9 un equipo que tuviera la pelota, pero en definitiva me equivoqu\u00e9\u201d, admiti\u00f3 el DT.<\/strong><\/p>\n<\/div>\n<div id=\"element-body-3\" class=\"sc-df222161-0 hNvwjb\">\n<p><strong>El entrenador explic\u00f3 que el Rojo comenz\u00f3 bien, aunque los errores terminaron siendo determinantes.<\/strong> \u201c <strong>Empezamos bien. Jugamos un buen primer tiempo, lo controlamos, pero nos equivocamos en los pases.<\/strong> <strong>El rival aprovech\u00f3 nuestros errores. Nos encontramos de pronto en el 2-0<\/strong>\u201d, se\u00f1al\u00f3. Y agreg\u00f3: \u201c <strong>No me gust\u00f3 el desorden ni la ansiedad del equipo<\/strong>\u201d.<\/p>\n<\/div>\n<div id=\"element-body-4\" class=\"sc-8712cf2e-1 brsVwg\"><figcaption class=\"JWvideoNota_title\">\n<p>Los cantos de la hinchada de Independiente tras la derrota por 3-0 ante el Lobo Mendocino. @lucasbenda<\/p>\n<\/figcaption><\/div>\n<div id=\"element-body-5\" class=\"sc-df222161-0 hNvwjb\">\n<p>La derrota tambi\u00e9n dej\u00f3 varias cuestiones para revisar. \u201cEstamos tratando de <strong>encontrar el equipo y el equilibrio<\/strong>\u201d, explic\u00f3 Viera, quien adelant\u00f3 que deber\u00e1 <strong>analizar si el problema estuvo en el sistema o en la manera en que el equipo qued\u00f3 parado<\/strong>. \u201c <strong>No se pueden sacar conclusiones a\u00fan, hay que seguir ajustando<\/strong>\u201d, dijo.<\/p>\n<\/div>\n<div id=\"element-body-6\" class=\"sc-df222161-0 hNvwjb\">\n<p>El pr\u00f3ximo desaf\u00edo ser\u00e1 ante Central C\u00f3rdoba, un partido que el uruguayo ya considera clave: \u201c <strong>Es una final<\/strong>\u201d. Para Viera, <strong>la prioridad es que Independiente encuentre tranquilidad para jugar<\/strong>: \u201cQuiero encontrarle la vuelta para que el equipo tenga paciencia, sin eso, no podemos ganar. Tenemos que tratar de <strong>circular el bal\u00f3n<\/strong>\u201d.<\/p>\n<\/div>\n<div id=\"element-body-7\" class=\"sc-8712cf2e-1 brsVwg\"><figcaption class=\"JWvideoNota_title\">\n<p>Independiente perdi\u00f3 3-0 ante Gimnasia y Esgrima de Mendoza como local y as\u00ed reaccionaron los hinchas. @lucasbenda<\/p>\n<\/figcaption><\/div>\n<div id=\"element-body-8\" class=\"sc-df222161-0 hNvwjb\">\n<p>Tambi\u00e9n habr\u00e1 movimientos en el mercado. Tras la <strong>salida de Gabriel \u00c1valos a Olimpia<\/strong>, <strong>el DT avis\u00f3: \u201cVamos a tratar de traer alg\u00fan refuerzo m\u00e1s para reemplazar a \u00c1valos\u201d<\/strong>. Mientras tanto, <strong>Chimy \u00c1vila contin\u00faa poni\u00e9ndose a punto<\/strong>.<\/p>\n<\/div>\n<div id=\"element-body-9\" class=\"sc-df222161-0 hNvwjb\">\n<p>En medio de los silbidos, Viera tambi\u00e9n habl\u00f3 de <strong>la presi\u00f3n que existe en Independiente.<\/strong> <strong>\u201cEstamos en Independiente y es ganar, ganar o ganar.<\/strong> La gente va a exigir\u201d, reconoci\u00f3. Y dej\u00f3 un pedido para los referentes: <strong>\u201cLos grandes tienen que acompa\u00f1ar y a los chicos darle contenci\u00f3n.<\/strong> La equivocaci\u00f3n trae nerviosismo de la gente. <strong>Los grandes tienen que dar la cara para salir de esta situaci\u00f3n\u201d<\/strong>.<\/p>\n<\/div>\n<div id=\"element-body-10\" class=\"sc-8712cf2e-1 brsVwg\"><figcaption class=\"JWvideoNota_title\">\n<p>La reacci\u00f3n de los hinchas de Independiente al 2-0 de Gimnasia de Mendoza. @lucasbenda<\/p>\n<\/figcaption><\/div>\n<\/div>\n<p><a href=\"https:\/\/www.ole.com.ar\/independiente\/mensaje-viera-referentes-independiente-goleada-dar-cara_0_4GsPWeCMOE.html\">source<\/a><\/p>\n","protected":false},"excerpt":{"rendered":"<p>Dos semanas de trabajo, pero ninguna se\u00f1al de mejora. Independiente empat\u00f3 en el debut de&#8230;<\/p>\n","protected":false},"author":3,"featured_media":49125,"comment_status":"closed","ping_status":"closed","sticky":false,"template":"","format":"standard","meta":{"footnotes":""},"categories":[21],"tags":[],"class_list":["post-49124","post","type-post","status-publish","format-standard","has-post-thumbnail","hentry","category-deportes"],"featured_image_urls":{"full":["https:\/\/fmamiga909.com.ar\/wp-content\/uploads\/2026\/08\/wp-header-logo-597.png",2000,1500,false],"thumbnail":["https:\/\/fmamiga909.com.ar\/wp-content\/uploads\/2026\/08\/wp-header-logo-597-150x150.png",150,150,true],"medium":["https:\/\/fmamiga909.com.ar\/wp-content\/uploads\/2026\/08\/wp-header-logo-597-300x225.png",300,225,true],"medium_large":["https:\/\/fmamiga909.com.ar\/wp-content\/uploads\/2026\/08\/wp-header-logo-597.png",2000,1500,false],"large":["https:\/\/fmamiga909.com.ar\/wp-content\/uploads\/2026\/08\/wp-header-logo-597-1024x768.png",640,480,true],"1536x1536":["https:\/\/fmamiga909.com.ar\/wp-content\/uploads\/2026\/08\/wp-header-logo-597-1536x1152.png",1536,1152,true],"2048x2048":["https:\/\/fmamiga909.com.ar\/wp-content\/uploads\/2026\/08\/wp-header-logo-597.png",2000,1500,false],"newsium-slider-full":["https:\/\/fmamiga909.com.ar\/wp-content\/uploads\/2026\/08\/wp-header-logo-597-1280x845.png",1280,845,true],"newsium-featured":["https:\/\/fmamiga909.com.ar\/wp-content\/uploads\/2026\/08\/wp-header-logo-597-1024x768.png",1024,768,true],"newsium-medium":["https:\/\/fmamiga909.com.ar\/wp-content\/uploads\/2026\/08\/wp-header-logo-597-720x475.png",720,475,true]},"author_info":{"display_name":"Fredy Giuliano","author_link":"https:\/\/fmamiga909.com.ar\/?author=3"},"category_info":"<a href=\"https:\/\/fmamiga909.com.ar\/?cat=21\" rel=\"category\">Deportes<\/a>","tag_info":"Deportes","comment_count":"0","_links":{"self":[{"href":"https:\/\/fmamiga909.com.ar\/index.php?rest_route=\/wp\/v2\/posts\/49124","targetHints":{"allow":["GET"]}}],"collection":[{"href":"https:\/\/fmamiga909.com.ar\/index.php?rest_route=\/wp\/v2\/posts"}],"about":[{"href":"https:\/\/fmamiga909.com.ar\/index.php?rest_route=\/wp\/v2\/types\/post"}],"author":[{"embeddable":true,"href":"https:\/\/fmamiga909.com.ar\/index.php?rest_route=\/wp\/v2\/users\/3"}],"replies":[{"embeddable":true,"href":"https:\/\/fmamiga909.com.ar\/index.php?rest_route=%2Fwp%2Fv2%2Fcomments&post=49124"}],"version-history":[{"count":0,"href":"https:\/\/fmamiga909.com.ar\/index.php?rest_route=\/wp\/v2\/posts\/49124\/revisions"}],"wp:featuredmedia":[{"embeddable":true,"href":"https:\/\/fmamiga909.com.ar\/index.php?rest_route=\/wp\/v2\/media\/49125"}],"wp:attachment":[{"href":"https:\/\/fmamiga909.com.ar\/index.php?rest_route=%2Fwp%2Fv2%2Fmedia&parent=49124"}],"wp:term":[{"taxonomy":"category","embeddable":true,"href":"https:\/\/fmamiga909.com.ar\/index.php?rest_route=%2Fwp%2Fv2%2Fcategories&post=49124"},{"taxonomy":"post_tag","embeddable":true,"href":"https:\/\/fmamiga909.com.ar\/index.php?rest_route=%2Fwp%2Fv2%2Ftags&post=49124"}],"curies":[{"name":"wp","href":"https:\/\/api.w.org\/{rel}","templated":true}]}}