{"id":49133,"date":"2026-08-31T04:20:49","date_gmt":"2026-08-31T04:20:49","guid":{"rendered":"https:\/\/fmamiga909.com.ar\/?p=49133"},"modified":"2026-08-31T04:20:49","modified_gmt":"2026-08-31T04:20:49","slug":"vojvoda-tras-la-derrota-de-racing-el-funcionamiento-esta-pero-no-concretamos","status":"publish","type":"post","link":"https:\/\/fmamiga909.com.ar\/?p=49133","title":{"rendered":"Vojvoda, tras la derrota de Racing: &quot;El funcionamiento est\u00e1, pero no concretamos&quot;"},"content":{"rendered":"<div id=\"storyBody\">\n<div id=\"element-body-0\" class=\"sc-df222161-0 hNvwjb\">\n<p><a href=\"https:\/\/www.ole.com.ar\/tema\/juan-pablo-vojvoda.html\" title=\"Juan Pablo Vojvoda\" alt=\"Juan Pablo Vojvoda\" class=\"slug\">Juan Pablo Vojvoda<\/a> entiende que los resultados y el rendimiento de <a href=\"https:\/\/www.ole.com.ar\/tema\/racing.html\" title=\"Racing\" alt=\"Racing\" class=\"slug\">Racing<\/a> van cada uno por su lado, sin tomarse de la mano. Y eso es lo que decanta en esta mala actualidad de <strong>un equipo que lleg\u00f3 a seis partidos sin triunfos, con cuatro derrotas y dos empates<\/strong>. Pese a esto, el DT se aferra a cuestiones que le gustan, aunque no come vidrio y siente el peso de la urgencia de victorias.<\/p>\n<\/div>\n<p><h2><strong>Qu\u00e9 dijo Vojvoda tras la derrota de Racing<\/strong><\/h2>\n<\/p>\n<div id=\"element-body-2\" class=\"sc-df222161-0 hNvwjb\">\n<p>\u201cEl funcionamiento est\u00e1, pero nos queda sabor a poco. Con <a href=\"https:\/\/www.ole.com.ar\/tema\/boca-juniors.html\" title=\"Boca Juniors\" alt=\"Boca Juniors\" class=\"slug\">Boca<\/a> pudimos sacar solo un punto y ahora no nos llevamos nada, cuando merec\u00edamos m\u00e1s. <strong>Es un juego en el que hay que concretar las situaciones de gol que ten\u00e9s<\/strong>. Tuvimos muy claras, no las metimos y lo sufrimos en nuestro arco despu\u00e9s\u201d, se lament\u00f3 el t\u00e9cnico, sobre todo por lo hecho en la etapa inicial. Sin embargo, que <a href=\"https:\/\/www.ole.com.ar\/racing\/racing-facundo-cambeses-clausura-penales_0_V0KWjGYbZr.html\" target=\"_self\" title=\"Facundo Cambeses haya sido una de las figuras\" alt=\"Facundo Cambeses haya sido una de las figuras\">Facundo Cambeses haya sido una de las figuras<\/a> de la cancha tambi\u00e9n demostr\u00f3 que la Lepra mendocina le lleg\u00f3 bastante seguido a la Academia&#8230;<\/p>\n<\/div>\n<div class=\"sc-c0843421-0 iNysjD image-embed\" id=\"element-body-3\"><img alt=\"El DT habl\u00f3 de las chances desperdiciadas (Foto Ramiro G\u00f3mez).\" loading=\"lazy\" width=\"720\" height=\"100\" decoding=\"async\" data-nimg=\"1\" style=\"color:transparent\" src=\"https:\/\/fmamiga909.com.ar\/wp-content\/uploads\/2026\/08\/rzQ1TW8yK_720x0__1.jpg\"\/><span class=\"epigraphe\">El DT habl\u00f3 de las chances desperdiciadas (Foto Ramiro G\u00f3mez).<\/span><\/div>\n<div id=\"element-body-4\" class=\"sc-df222161-0 hNvwjb\">\n<p>\u201cEl equipo -agreg\u00f3 el DT- hab\u00eda hecho un buen primer tiempo. <strong>En el segundo, soy realista, no entramos bien y lo pagamos caro<\/strong>. Not\u00e9 que nuestro rival se apoder\u00f3 del control de juego y nos cre\u00f3 situaciones\u201d.<\/p>\n<\/div>\n<div id=\"element-body-5\" class=\"sc-df222161-0 hNvwjb\">\n<p>Asimismo, expres\u00f3 que <strong>\u201chay que seguir por el camino del trabajo y corregir errores\u201d<\/strong>, y transmiti\u00f3 \u201cdolor y bronca porque hicimos las cosas para llevarnos m\u00e1s de los que nos llevamos\u00bb. \u00abHay que empezar a cosechar tres puntos\u201d, cerr\u00f3.<\/p>\n<\/div>\n<div class=\"sc-c0843421-0 iNysjD image-embed\" id=\"element-body-6\"><img alt=\"Vojvoda mostr\u00f3 su bronca post derrota (Foto Marcelo Carroll).\" loading=\"lazy\" width=\"720\" height=\"100\" decoding=\"async\" data-nimg=\"1\" style=\"color:transparent\" src=\"https:\/\/fmamiga909.com.ar\/wp-content\/uploads\/2026\/08\/Tk03ik2Zl_720x0__1.jpg\"\/><span class=\"epigraphe\">Vojvoda mostr\u00f3 su bronca post derrota (Foto Marcelo Carroll).<\/span><\/div>\n<p><h2><strong>El resumen del triunfo de Independiente Rivadavia ante Racing<\/strong><\/h2>\n<\/p>\n<div id=\"element-body-9\" class=\"sc-a7166897-0 eTTZWU\"><a href=\"https:\/\/www.ole.com.ar\/racing\/racing-facundo-cambeses-clausura-penales_0_V0KWjGYbZr.html\" aria-label=\"Cambeses: del &quot;me duele much\u00edsimo este momento&quot; a su incre\u00edble racha en los penales\" class=\"sc-d4f573e5-0 bUEDsN\"\/><\/p>\n<section><picture><img alt=\"Cambeses: del &quot;me duele much\u00edsimo este momento&quot; a su incre\u00edble racha en los penales\" loading=\"lazy\" width=\"290\" height=\"290\" decoding=\"async\" data-nimg=\"1\" style=\"color:transparent\" src=\"https:\/\/fmamiga909.com.ar\/wp-content\/uploads\/2026\/08\/tXAZ1QAe9_290x290__1.jpg\"\/><\/picture>\n<p><span>Mir\u00e1 tambi\u00e9n<\/span><\/p>\n<hr\/>\n<h3>Cambeses: del \u00abme duele much\u00edsimo este momento\u00bb a su incre\u00edble racha en los penales<\/h3>\n<\/p>\n<\/section>\n<\/div>\n<div id=\"element-body-10\" class=\"sc-a7166897-0 eTTZWU\"><a href=\"https:\/\/www.ole.com.ar\/futbol-primera\/torneo-clausura-independiente-rivadavia-racing_0_SnWQ1OHhRg.html\" aria-label=\"Independiente Rivadavia estir\u00f3 la mala racha de Racing y es l\u00edder de la tabla anual\" class=\"sc-d4f573e5-0 bUEDsN\"\/><\/p>\n<section><picture><img alt=\"Independiente Rivadavia estir\u00f3 la mala racha de Racing y es l\u00edder de la tabla anual\" loading=\"lazy\" width=\"290\" height=\"290\" decoding=\"async\" data-nimg=\"1\" style=\"color:transparent\" src=\"https:\/\/fmamiga909.com.ar\/wp-content\/uploads\/2026\/08\/1788150049_744_YO563bDd3_290x290__1.jpg\"\/><\/picture>\n<p><span>Mir\u00e1 tambi\u00e9n<\/span><\/p>\n<hr\/>\n<h3>Independiente Rivadavia estir\u00f3 la mala racha de Racing y es l\u00edder de la tabla anual<\/h3>\n<\/p>\n<\/section>\n<\/div>\n<\/div>\n<p><a href=\"https:\/\/www.ole.com.ar\/racing\/vojvoda-racing-funcionamiento-clausura_0_o1dfFEEIrj.html\">source<\/a><\/p>\n","protected":false},"excerpt":{"rendered":"<p>Juan Pablo Vojvoda entiende que los resultados y el rendimiento de Racing van cada uno&#8230;<\/p>\n","protected":false},"author":3,"featured_media":49134,"comment_status":"closed","ping_status":"closed","sticky":false,"template":"","format":"standard","meta":{"footnotes":""},"categories":[21],"tags":[],"class_list":["post-49133","post","type-post","status-publish","format-standard","has-post-thumbnail","hentry","category-deportes"],"featured_image_urls":{"full":["https:\/\/fmamiga909.com.ar\/wp-content\/uploads\/2026\/08\/wp-header-logo-599.png",720,480,false],"thumbnail":["https:\/\/fmamiga909.com.ar\/wp-content\/uploads\/2026\/08\/wp-header-logo-599-150x150.png",150,150,true],"medium":["https:\/\/fmamiga909.com.ar\/wp-content\/uploads\/2026\/08\/wp-header-logo-599-300x200.png",300,200,true],"medium_large":["https:\/\/fmamiga909.com.ar\/wp-content\/uploads\/2026\/08\/wp-header-logo-599.png",720,480,false],"large":["https:\/\/fmamiga909.com.ar\/wp-content\/uploads\/2026\/08\/wp-header-logo-599.png",640,427,false],"1536x1536":["https:\/\/fmamiga909.com.ar\/wp-content\/uploads\/2026\/08\/wp-header-logo-599.png",720,480,false],"2048x2048":["https:\/\/fmamiga909.com.ar\/wp-content\/uploads\/2026\/08\/wp-header-logo-599.png",720,480,false],"newsium-slider-full":["https:\/\/fmamiga909.com.ar\/wp-content\/uploads\/2026\/08\/wp-header-logo-599.png",720,480,false],"newsium-featured":["https:\/\/fmamiga909.com.ar\/wp-content\/uploads\/2026\/08\/wp-header-logo-599.png",720,480,false],"newsium-medium":["https:\/\/fmamiga909.com.ar\/wp-content\/uploads\/2026\/08\/wp-header-logo-599-720x475.png",720,475,true]},"author_info":{"display_name":"Fredy Giuliano","author_link":"https:\/\/fmamiga909.com.ar\/?author=3"},"category_info":"<a href=\"https:\/\/fmamiga909.com.ar\/?cat=21\" rel=\"category\">Deportes<\/a>","tag_info":"Deportes","comment_count":"0","_links":{"self":[{"href":"https:\/\/fmamiga909.com.ar\/index.php?rest_route=\/wp\/v2\/posts\/49133","targetHints":{"allow":["GET"]}}],"collection":[{"href":"https:\/\/fmamiga909.com.ar\/index.php?rest_route=\/wp\/v2\/posts"}],"about":[{"href":"https:\/\/fmamiga909.com.ar\/index.php?rest_route=\/wp\/v2\/types\/post"}],"author":[{"embeddable":true,"href":"https:\/\/fmamiga909.com.ar\/index.php?rest_route=\/wp\/v2\/users\/3"}],"replies":[{"embeddable":true,"href":"https:\/\/fmamiga909.com.ar\/index.php?rest_route=%2Fwp%2Fv2%2Fcomments&post=49133"}],"version-history":[{"count":0,"href":"https:\/\/fmamiga909.com.ar\/index.php?rest_route=\/wp\/v2\/posts\/49133\/revisions"}],"wp:featuredmedia":[{"embeddable":true,"href":"https:\/\/fmamiga909.com.ar\/index.php?rest_route=\/wp\/v2\/media\/49134"}],"wp:attachment":[{"href":"https:\/\/fmamiga909.com.ar\/index.php?rest_route=%2Fwp%2Fv2%2Fmedia&parent=49133"}],"wp:term":[{"taxonomy":"category","embeddable":true,"href":"https:\/\/fmamiga909.com.ar\/index.php?rest_route=%2Fwp%2Fv2%2Fcategories&post=49133"},{"taxonomy":"post_tag","embeddable":true,"href":"https:\/\/fmamiga909.com.ar\/index.php?rest_route=%2Fwp%2Fv2%2Ftags&post=49133"}],"curies":[{"name":"wp","href":"https:\/\/api.w.org\/{rel}","templated":true}]}}