{"id":49165,"date":"2026-08-31T16:09:50","date_gmt":"2026-08-31T16:09:50","guid":{"rendered":"https:\/\/fmamiga909.com.ar\/?p=49165"},"modified":"2026-08-31T16:09:50","modified_gmt":"2026-08-31T16:09:50","slug":"el-comunicado-de-messi-para-decir-adios-me-vacie","status":"publish","type":"post","link":"https:\/\/fmamiga909.com.ar\/?p=49165","title":{"rendered":"El comunicado de Messi para decir adi\u00f3s: &quot;Me vaci\u00e9&quot;"},"content":{"rendered":"<div id=\"storyBody\">\n<div id=\"element-body-0\" class=\"sc-df222161-0 hNvwjb\">\n<p><strong>\u201cMe vaci\u00e9\u201d.<\/strong> De pu\u00f1o y letra, como aquel primer contrato hist\u00f3rico en el Barsa en una servilleta. As\u00ed fue como <strong><a href=\"https:\/\/www.ole.com.ar\/tema\/lionel-messi.html\" title=\"Lionel Messi\" alt=\"Lionel Messi\" class=\"slug\">Lionel Messi<\/a><\/strong>, un lunes 31 de agosto a las 12 del mediod\u00eda, paraliz\u00f3 a la Argentina y el mundo. As\u00ed fue como, despu\u00e9s de una vida con la camiseta celeste y blanca, le dijo adi\u00f3s a la Selecci\u00f3n. <strong>Una carta emotiva, muy sentida, publicada en su cuenta de Instagram<\/strong> y con incontables reacciones por parte de sus fieles.<\/p>\n<\/div>\n<div id=\"element-body-1\" class=\"sc-df222161-0 hNvwjb\">\n<p>Este comunicado, carta, posteo, palabras escritas con el coraz\u00f3n, sentimientos de los m\u00e1s puros que se hayan visto, fueron tipeados por \u00e9l dos d\u00edas despu\u00e9s de haber perdido la final del Mundial. <strong>\u201cHoy, despu\u00e9s de lo de mi pap\u00e1, estoy m\u00e1s convencido que antes\u201d<\/strong>, explic\u00f3 en el final, con un asterisco.<\/p>\n<\/div>\n<div id=\"element-body-2\" class=\"sc-df222161-0 hNvwjb\">\n<p>\u201cDespu\u00e9s de este tiempo que pas\u00f3 desde la final, pens\u00e1ndolo mucho, <strong>quiero comunicarles a todos que me retiro de la Selecci\u00f3n<\/strong>\u2026\u201d, inici\u00f3 Leo lo que nadie quer\u00eda leer, pero que muchos internamente sab\u00edan que inevitablemente en alg\u00fan momento suceder\u00eda. \u201c <strong>Fue una decisi\u00f3n que doli\u00f3 y duele en el alma<\/strong>, pero entiendo que es el momento. Les juro que <strong>siempre dej\u00e9 todo, no solo los \u00faltimos a\u00f1os que se gan\u00f3 todo, antes tambi\u00e9n<\/strong>. <strong>Siempre pele\u00e9 y me dej\u00e9 todo por esta camiseta<\/strong>, por darles alegr\u00edas y hacer que se sientan orgullosos de ser argentinos a trav\u00e9s del f\u00fatbol\u201d, confes\u00f3.<\/p>\n<\/div>\n<div class=\"sc-c0843421-0 iNysjD image-embed\" id=\"element-body-3\"><img alt=\"La carta de Messi para anunciar su retiro de la Selecci\u00f3n (IG Lionel Messi).\" loading=\"lazy\" width=\"720\" height=\"100\" decoding=\"async\" data-nimg=\"1\" style=\"color:transparent\" src=\"https:\/\/fmamiga909.com.ar\/wp-content\/uploads\/2026\/08\/zAK6KKSKn_720x0__1.jpg\"\/><span class=\"epigraphe\">La carta de Messi para anunciar su retiro de la Selecci\u00f3n (IG Lionel Messi).<\/span><\/div>\n<div id=\"element-body-4\" class=\"sc-df222161-0 hNvwjb\">\n<p>En su publicaci\u00f3n, incluy\u00f3 como foto el texto escrito en tres hojas diferentes con su letra, adem\u00e1s de una lapicera que tiene en el mango un signo infinito. Esa es la m\u00e1s fiel representaci\u00f3n de <strong>lo que significa su figura y su legado en la Selecci\u00f3n<\/strong>: <strong>podr\u00e1 no estar presencialmente, pero la 10, como con Maradona, seguir\u00e1 siendo suya para siempre<\/strong>.<\/p>\n<\/div>\n<div id=\"element-body-5\" class=\"sc-df222161-0 hNvwjb\">\n<p>En uno de los p\u00e1rrafos, toca de refil\u00f3n el otro tema que es casi un tab\u00fa en el pa\u00eds: <strong>su retiro del f\u00fatbol<\/strong>. \u201c <strong>Queda poco y se van cerrando etapas<\/strong>, y <strong>esta es una que me duele mucho<\/strong>. <strong>Amo, am\u00e9 y amar\u00e9 siempre estar en la Selecci\u00f3n.<\/strong> <strong>Me vaci\u00e9, ya no tengo m\u00e1s para dar<\/strong>, y aparte <strong>vienen chicos muy grandes atr\u00e1s que merecen estar<\/strong>\u201d, apunt\u00f3.<\/p>\n<\/div>\n<div id=\"element-body-7\" class=\"sc-df222161-0 hNvwjb\">\n<p>Y agradeci\u00f3: \u201c <strong>Gracias por todo el cari\u00f1o de estos 20 a\u00f1os<\/strong>. <strong>Voy a extra\u00f1ar mucho escucharlos desde adentro<\/strong>. Ahora voy a ser uno m\u00e1s de ustedes, <strong>alentando y bancando siempre desde afuera<\/strong> (en las buenas y en las malas, mucho m\u00e1s). <strong>Gracias a mi familia por estar siempre<\/strong>, por acompa\u00f1arme en este viaje tan hermoso pero dif\u00edcil. <strong>Gracias a cada uno de entrenadores, compa\u00f1eros y dirigentes<\/strong> que me toc\u00f3 compartir. <strong>Me llevo recuerdos y momentos inolvidables vividos<\/strong>\u201d.<\/p>\n<\/div>\n<div id=\"element-body-8\" class=\"sc-df222161-0 hNvwjb\">\n<p>Su cierre, con la misma carga emotiva, tambi\u00e9n tuvo mucho de su personalidad: <strong>\u201cMe voy con la tranquilidad y el orgullo de haberles regalado, juntos con mis compa\u00f1eros, momentos so\u00f1ados.<\/strong> Fue una locura haberlo vivido con ustedes. \u00a1Los quiero! Gracias Dios por hacerme argentino. \u00a1Vamos Argentina!\u201d.<\/p>\n<\/div>\n<p><h2><strong>La carta de Messi para decir adi\u00f3s<\/strong><\/h2>\n<\/p>\n<div id=\"element-body-10\" class=\"sc-df222161-0 hNvwjb\">\n<p>\u00abDespu\u00e9s de este tiempo que pas\u00f3 desde la final, pens\u00e1ndolo mucho, quiero comunicarles a todos que me retiro de la Selecci\u00f3n\u2026<\/p>\n<\/div>\n<div id=\"element-body-11\" class=\"sc-df222161-0 hNvwjb\">\n<p>Fue una decisi\u00f3n que doli\u00f3 y duele en el alma pero entiendo que es el momento. Les juro que siempre dej\u00e9 todo, no solo los \u00faltimos a\u00f1os que se gan\u00f3 todo antes tambi\u00e9n y siempre pele\u00e9 y me dej\u00e9 todo por esta camiseta, por darles alegr\u00edas y hacer que se sientan orgullosos de ser argentinos a trav\u00e9s del f\u00fatbol.<\/p>\n<\/div>\n<div id=\"element-body-12\" class=\"sc-df222161-0 hNvwjb\">\n<p>Queda poco y se van cerrando etapas y esta es una que me duele mucho. Amo, am\u00e9 y amar\u00e9 siempre estar en la Selecci\u00f3n. Me vaci\u00e9, ya no tengo m\u00e1s para dar y aparte vienen chicos muy grandes atr\u00e1s que merecen estar.<\/p>\n<\/div>\n<div id=\"element-body-13\" class=\"sc-df222161-0 hNvwjb\">\n<p>Gracias por todo el cari\u00f1o de estos 20 a\u00f1os. Voy a extra\u00f1ar mucho escucharlos desde adentro. Ahora voy a ser uno m\u00e1s de ustedes, alentando y bancando siempre desde afuera (en las buenas y en las malas, mucho m\u00e1s).<\/p>\n<\/div>\n<div id=\"element-body-14\" class=\"sc-df222161-0 hNvwjb\">\n<p>Gracias a mi familia por estar siempre, por acompa\u00f1arme en este viaje tan hermoso pero dif\u00edcil. Gracias a cada uno de entrenadores, compa\u00f1eros y dirigentes que me toc\u00f3 compartir. Me llevo recuerdos y momentos inolvidables vividos.<\/p>\n<\/div>\n<div id=\"element-body-15\" class=\"sc-df222161-0 hNvwjb\">\n<p>Me voy con la tranquilidad y el orgullo de haberles regalado, juntos con mis compa\u00f1eros, momentos so\u00f1ados. Fue una locura haberlo vivido con ustedes. \u00a1Los quiero!<\/p>\n<\/div>\n<div id=\"element-body-16\" class=\"sc-df222161-0 hNvwjb\">\n<p>Gracias Dios por hacerme argentino.<\/p>\n<\/div>\n<div id=\"element-body-18\" class=\"sc-df222161-0 hNvwjb\">\n<p>Estas palabras las escrib\u00ed el 21 de julio, dos d\u00edas despu\u00e9s de la final. Hoy despu\u00e9s de lo de mi pap\u00e1, estoy m\u00e1s convencido que antes\u00bb.<\/p>\n<\/div>\n<div id=\"element-body-19\" class=\"sc-a7166897-0 eTTZWU\"><a href=\"https:\/\/www.ole.com.ar\/seleccion\/lionel-messi-retiro-seleccion-argentina_0_Q7Uo8ybTrO.html\" aria-label=\"Gracias Leo, ser\u00e1s eterno: Messi se despidi\u00f3 de la Selecci\u00f3n\" class=\"sc-d4f573e5-0 bUEDsN\"\/><\/p>\n<section><picture><img alt=\"Gracias Leo, ser\u00e1s eterno: Messi se despidi\u00f3 de la Selecci\u00f3n\" loading=\"lazy\" width=\"290\" height=\"290\" decoding=\"async\" data-nimg=\"1\" style=\"color:transparent\" src=\"https:\/\/fmamiga909.com.ar\/wp-content\/uploads\/2026\/08\/Gda5GR--0_290x290__1.jpg\"\/><\/picture>\n<p><span>Mir\u00e1 tambi\u00e9n<\/span><\/p>\n<hr\/>\n<h3>Gracias Leo, ser\u00e1s eterno: Messi se despidi\u00f3 de la Selecci\u00f3n<\/h3>\n<\/p>\n<\/section>\n<\/div>\n<div id=\"element-body-20\" class=\"sc-a7166897-0 eTTZWU\"><a href=\"https:\/\/www.ole.com.ar\/messi\/lionel-messi-argentina-seleccion-retiro-dijeron-mundo_0_QC7SNnCLaW.html\" aria-label=\"Qu\u00e9 dijeron en el mundo tras el retiro de Lionel Messi de la Selecci\u00f3n Argentina\" class=\"sc-d4f573e5-0 bUEDsN\"\/><\/p>\n<section><picture><img alt=\"Qu\u00e9 dijeron en el mundo tras el retiro de Lionel Messi de la Selecci\u00f3n Argentina\" loading=\"lazy\" width=\"290\" height=\"290\" decoding=\"async\" data-nimg=\"1\" style=\"color:transparent\" src=\"https:\/\/fmamiga909.com.ar\/wp-content\/uploads\/2026\/08\/QppXmZ4Yq_290x290__1.jpg\"\/><\/picture>\n<p><span>Mir\u00e1 tambi\u00e9n<\/span><\/p>\n<hr\/>\n<h3>Qu\u00e9 dijeron en el mundo tras el retiro de Lionel Messi de la Selecci\u00f3n Argentina<\/h3>\n<\/p>\n<\/section>\n<\/div>\n<div id=\"element-body-21\" class=\"sc-a7166897-0 eTTZWU\"><a href=\"https:\/\/www.ole.com.ar\/seleccion\/asterisco-comunicado-messi-explica-12-palabras-verdad-retiro-seleccion_0_feu1AkFtH8.html\" aria-label=\"El asterisco del comunicado de Messi que explica en 12 palabras la verdad de su retiro de la Selecci\u00f3n\" class=\"sc-d4f573e5-0 bUEDsN\"\/><\/p>\n<section><picture><img alt=\"El asterisco del comunicado de Messi que explica en 12 palabras la verdad de su retiro de la Selecci\u00f3n\" loading=\"lazy\" width=\"290\" height=\"290\" decoding=\"async\" data-nimg=\"1\" style=\"color:transparent\" src=\"https:\/\/fmamiga909.com.ar\/wp-content\/uploads\/2026\/08\/0uZr5wLWK_290x290__1.jpg\"\/><\/picture>\n<p><span>Mir\u00e1 tambi\u00e9n<\/span><\/p>\n<hr\/>\n<h3>El asterisco del comunicado de Messi que explica en 12 palabras la verdad de su retiro de la Selecci\u00f3n<\/h3>\n<\/p>\n<\/section>\n<\/div>\n<div id=\"element-body-22\" class=\"sc-a7166897-0 eTTZWU\"><a href=\"https:\/\/www.ole.com.ar\/messi\/lionelmessi-seleccionargentina-goles_0_bU4wYbJitW.html\" aria-label=\"Historia pura: el uno por uno de los 125 goles de Messi con la Selecci\u00f3n Argentina \" class=\"sc-d4f573e5-0 bUEDsN\"\/><\/p>\n<section><picture><img alt=\"Historia pura: el uno por uno de los 125 goles de Messi con la Selecci\u00f3n Argentina \" loading=\"lazy\" width=\"290\" height=\"290\" decoding=\"async\" data-nimg=\"1\" style=\"color:transparent\" src=\"https:\/\/fmamiga909.com.ar\/wp-content\/uploads\/2026\/08\/aosy6XWcN_290x290__1.jpg\"\/><\/picture>\n<p><span>Mir\u00e1 tambi\u00e9n<\/span><\/p>\n<hr\/>\n<h3>Historia pura: el uno por uno de los 125 goles de Messi con la Selecci\u00f3n Argentina <\/h3>\n<\/p>\n<\/section>\n<\/div>\n<\/div>\n<p><a href=\"https:\/\/www.ole.com.ar\/messi\/lionel-messi-seleccion-argentina-retiro-carta-instagram-vacie-comunicado-posteo_0_ZofRDtcMUP.html\">source<\/a><\/p>\n","protected":false},"excerpt":{"rendered":"<p>\u201cMe vaci\u00e9\u201d. De pu\u00f1o y letra, como aquel primer contrato hist\u00f3rico en el Barsa en&#8230;<\/p>\n","protected":false},"author":3,"featured_media":49166,"comment_status":"closed","ping_status":"closed","sticky":false,"template":"","format":"standard","meta":{"footnotes":""},"categories":[21],"tags":[],"class_list":["post-49165","post","type-post","status-publish","format-standard","has-post-thumbnail","hentry","category-deportes"],"featured_image_urls":{"full":["https:\/\/fmamiga909.com.ar\/wp-content\/uploads\/2026\/08\/wp-header-logo-604.png",720,900,false],"thumbnail":["https:\/\/fmamiga909.com.ar\/wp-content\/uploads\/2026\/08\/wp-header-logo-604-150x150.png",150,150,true],"medium":["https:\/\/fmamiga909.com.ar\/wp-content\/uploads\/2026\/08\/wp-header-logo-604-240x300.png",240,300,true],"medium_large":["https:\/\/fmamiga909.com.ar\/wp-content\/uploads\/2026\/08\/wp-header-logo-604.png",720,900,false],"large":["https:\/\/fmamiga909.com.ar\/wp-content\/uploads\/2026\/08\/wp-header-logo-604.png",640,800,false],"1536x1536":["https:\/\/fmamiga909.com.ar\/wp-content\/uploads\/2026\/08\/wp-header-logo-604.png",720,900,false],"2048x2048":["https:\/\/fmamiga909.com.ar\/wp-content\/uploads\/2026\/08\/wp-header-logo-604.png",720,900,false],"newsium-slider-full":["https:\/\/fmamiga909.com.ar\/wp-content\/uploads\/2026\/08\/wp-header-logo-604-720x845.png",720,845,true],"newsium-featured":["https:\/\/fmamiga909.com.ar\/wp-content\/uploads\/2026\/08\/wp-header-logo-604.png",720,900,false],"newsium-medium":["https:\/\/fmamiga909.com.ar\/wp-content\/uploads\/2026\/08\/wp-header-logo-604-720x475.png",720,475,true]},"author_info":{"display_name":"Fredy Giuliano","author_link":"https:\/\/fmamiga909.com.ar\/?author=3"},"category_info":"<a href=\"https:\/\/fmamiga909.com.ar\/?cat=21\" rel=\"category\">Deportes<\/a>","tag_info":"Deportes","comment_count":"0","_links":{"self":[{"href":"https:\/\/fmamiga909.com.ar\/index.php?rest_route=\/wp\/v2\/posts\/49165","targetHints":{"allow":["GET"]}}],"collection":[{"href":"https:\/\/fmamiga909.com.ar\/index.php?rest_route=\/wp\/v2\/posts"}],"about":[{"href":"https:\/\/fmamiga909.com.ar\/index.php?rest_route=\/wp\/v2\/types\/post"}],"author":[{"embeddable":true,"href":"https:\/\/fmamiga909.com.ar\/index.php?rest_route=\/wp\/v2\/users\/3"}],"replies":[{"embeddable":true,"href":"https:\/\/fmamiga909.com.ar\/index.php?rest_route=%2Fwp%2Fv2%2Fcomments&post=49165"}],"version-history":[{"count":0,"href":"https:\/\/fmamiga909.com.ar\/index.php?rest_route=\/wp\/v2\/posts\/49165\/revisions"}],"wp:featuredmedia":[{"embeddable":true,"href":"https:\/\/fmamiga909.com.ar\/index.php?rest_route=\/wp\/v2\/media\/49166"}],"wp:attachment":[{"href":"https:\/\/fmamiga909.com.ar\/index.php?rest_route=%2Fwp%2Fv2%2Fmedia&parent=49165"}],"wp:term":[{"taxonomy":"category","embeddable":true,"href":"https:\/\/fmamiga909.com.ar\/index.php?rest_route=%2Fwp%2Fv2%2Fcategories&post=49165"},{"taxonomy":"post_tag","embeddable":true,"href":"https:\/\/fmamiga909.com.ar\/index.php?rest_route=%2Fwp%2Fv2%2Ftags&post=49165"}],"curies":[{"name":"wp","href":"https:\/\/api.w.org\/{rel}","templated":true}]}}