{"id":49172,"date":"2026-08-31T16:12:28","date_gmt":"2026-08-31T16:12:28","guid":{"rendered":"https:\/\/fmamiga909.com.ar\/?p=49172"},"modified":"2026-08-31T16:12:28","modified_gmt":"2026-08-31T16:12:28","slug":"la-drastica-decision-que-tomaron-los-hinchas-del-rayo-vallecano-para-oponerse-a-la-construccion-de-un-nuevo-estadio","status":"publish","type":"post","link":"https:\/\/fmamiga909.com.ar\/?p=49172","title":{"rendered":"La dr\u00e1stica decisi\u00f3n que tomaron los hinchas del Rayo Vallecano para oponerse a la construcci\u00f3n de un nuevo estadio"},"content":{"rendered":"<div id=\"storyBody\">\n<div id=\"element-body-0\" class=\"sc-df222161-0 hNvwjb\">\n<p>El <strong><a href=\"https:\/\/www.ole.com.ar\/tema\/rayo-vallecano.html\" title=\"Rayo Vallecano\" alt=\"Rayo Vallecano\" class=\"slug\">Rayo Vallecano<\/a><\/strong> atraviesa una situaci\u00f3n at\u00edpica en el comienzo de la temporada y, mientras el equipo compite lejos de su escenario habitual, su hinchada tom\u00f3 una postura contundente: <strong>no asistir a los encuentros que el plantel dispute como local en otro estadio para <\/strong> oponerse a la construcci\u00f3n de uno nuevo.<\/p>\n<\/div>\n<div id=\"element-body-1\" class=\"sc-df222161-0 hNvwjb\">\n<p>La decisi\u00f3n de los simpatizantes se mantiene luego del primer partido que el Rayo tuvo que jugar fuera de Vallecas. El pasado 20 de agosto, el equipo recibi\u00f3 al Alav\u00e9s en el estadio de Butarque, propiedad del Legan\u00e9s, debido al cierre de su cancha. Para el pr\u00f3ximo compromiso como anfitri\u00f3n ocurrir\u00e1 lo mismo: <strong>el s\u00e1bado 5 de septiembre, el conjunto madrile\u00f1o enfrentar\u00e1 al Racing de Santander<\/strong> en ese mismo escenario.<\/p>\n<\/div>\n<div id=\"element-body-2\" class=\"sc-df222161-0 hNvwjb\">\n<p>La Plataforma ADRV, que re\u00fane a la mayor\u00eda de las agrupaciones, anunci\u00f3 que tampoco se trasladar\u00e1 a Butarque para el pr\u00f3ximo duelo. La postura ya hab\u00eda quedado expuesta en el anterior. <strong>En aquella oportunidad, el estadio registr\u00f3 apenas 4.280 espectadores<\/strong>, una cifra en la que adem\u00e1s hubo numerosos asistentes que accedieron mediante invitaciones y que no necesariamente representaban a la masa social del Rayo.<\/p>\n<\/div>\n<div id=\"element-body-3\" class=\"sc-df222161-0 hNvwjb\">\n<p>El reclamo de los hinchas excede, de esta manera, la elecci\u00f3n del escenario para disputar un partido. Para los seguidores, Vallecas representa una parte fundamental de la identidad del club. Por lo tanto, consideran que jugar como local en otra cancha modifica por completo la experiencia de acompa\u00f1ar al equipo.<\/p>\n<\/div>\n<div class=\"sc-c0843421-0 iNysjD image-embed\" id=\"element-body-4\"><img alt=\"Rayo Vallecano. (foto: EFE) \" loading=\"lazy\" width=\"720\" height=\"100\" decoding=\"async\" data-nimg=\"1\" style=\"color:transparent\" src=\"https:\/\/fmamiga909.com.ar\/wp-content\/uploads\/2026\/08\/OwCNEfX86_720x0__1.jpg\"\/><span class=\"epigraphe\">Rayo Vallecano. (foto: EFE) <\/span><\/div>\n<p><h2><strong>Una movilizaci\u00f3n para reclamar por el regreso a Vallecas<\/strong><\/h2>\n<\/p>\n<div id=\"element-body-6\" class=\"sc-df222161-0 hNvwjb\">\n<p>La protesta tendr\u00e1 adem\u00e1s una expresi\u00f3n concreta en las calles. Para el mismo s\u00e1bado 5 de septiembre, d\u00eda en el que el Rayo se enfrentar\u00e1 con <strong><a href=\"https:\/\/www.ole.com.ar\/tema\/racing-de-santander.html\" title=\"Racing de Santander\" alt=\"Racing de Santander\" class=\"slug\">Racing de Santander<\/a><\/strong>, los hinchas convocaron una manifestaci\u00f3n que terminar\u00e1 frente al Estadio de Vallecas.<\/p>\n<\/div>\n<div id=\"element-body-7\" class=\"sc-df222161-0 hNvwjb\">\n<p>La movilizaci\u00f3n fue anunciada bajo el lema: <strong>\u00abEl partido contra el Racing se juega en Vallecas a las 16:45 y no a las 18:30 en Butarque\u00bb<\/strong>. De esta manera, los seguidores buscan remarcar que, para ellos, el verdadero lugar donde debe jugar el equipo es su estadio habitual.<\/p>\n<\/div>\n<div id=\"element-body-8\" class=\"sc-df222161-0 hNvwjb\">\n<p>El reclamo tambi\u00e9n est\u00e1 dirigido contra la conducci\u00f3n de la instituci\u00f3n. <strong>Una parte importante de la hinchada sostiene desde hace tiempo una relaci\u00f3n conflictiva con el presidente Ra\u00fal Mart\u00edn Presa<\/strong> y vuelve a reclamar su salida.<\/p>\n<\/div>\n<div id=\"element-body-9\" class=\"sc-df222161-0 hNvwjb\">\n<p>En el manifiesto difundido para la protesta, los hinchas plantearon como principales objetivos defender el estadio, exigir que cuente con condiciones adecuadas y cuestionar la gesti\u00f3n de Presa. El conflicto, por lo tanto, no se limita a las obras que actualmente se realizan en la cancha, sino que se enmarca en un enfrentamiento m\u00e1s amplio entre las agrupaciones de seguidores y la dirigencia.<\/p>\n<\/div>\n<div class=\"sc-c0843421-0 iNysjD image-embed\" id=\"element-body-10\"><img alt=\"El estadio de Vallecas. (Foto: FE\/ Sergio Perez) \" loading=\"lazy\" width=\"720\" height=\"100\" decoding=\"async\" data-nimg=\"1\" style=\"color:transparent\" src=\"https:\/\/fmamiga909.com.ar\/wp-content\/uploads\/2026\/08\/ly3OVvBxT_720x0__1.jpg\"\/><span class=\"epigraphe\">El estadio de Vallecas. (Foto: FE\/ Sergio Perez) <\/span><\/div>\n<div id=\"element-body-11\" class=\"sc-df222161-0 hNvwjb\">\n<p>La situaci\u00f3n gener\u00f3 una particular paradoja para el Rayo. El club atraviesa un momento deportivo importante, despu\u00e9s de haber alcanzado la condici\u00f3n de subcampe\u00f3n de la Liga Conferencia en la temporada anterior, pero comenz\u00f3 su nuevo recorrido con una parte importante de su p\u00fablico alejada de las tribunas.<\/p>\n<\/div>\n<p><h2><strong>Por qu\u00e9 el Rayo no puede jugar en Vallecas<\/strong><\/h2>\n<\/p>\n<div id=\"element-body-13\" class=\"sc-df222161-0 hNvwjb\">\n<p>El origen del problema est\u00e1 en el estado del Estadio de Vallecas. Hace aproximadamente un mes, el Gobierno de la Comunidad de Madrid, propietario del recinto, decidi\u00f3 retirar temporalmente la concesi\u00f3n al Rayo mientras se realizan distintas actuaciones destinadas a corregir deficiencias detectadas en la instalaci\u00f3n.<\/p>\n<\/div>\n<div id=\"element-body-14\" class=\"sc-df222161-0 hNvwjb\">\n<p>Seg\u00fan explic\u00f3 el Ejecutivo regional, se encontraron <strong>\u00abgraves deficiencias de seguridad\u00bb,<\/strong> adem\u00e1s de una situaci\u00f3n de deterioro general y distintos incumplimientos relacionados con la normativa vigente.<\/p>\n<\/div>\n<div id=\"element-body-15\" class=\"sc-df222161-0 hNvwjb\">\n<p>La medida oblig\u00f3 al Rayo a buscar una alternativa para sus compromisos como local. El club eligi\u00f3 Butarque, el estadio donde habitualmente juega el Legan\u00e9s, para recibir a sus rivales mientras intenta resolver la situaci\u00f3n en Vallecas.<\/p>\n<\/div>\n<p><h2><strong>El problema tambi\u00e9n afecta a los socios<\/strong><\/h2>\n<\/p>\n<div id=\"element-body-17\" class=\"sc-df222161-0 hNvwjb\">\n<p>La situaci\u00f3n no solamente tiene consecuencias deportivas o simb\u00f3licas. Uno de los principales sectores afectados son los <strong>m\u00e1s de 12.000 abonados del Rayo Vallecano, que renovaron sus carnets con la expectativa de acompa\u00f1ar al equipo<\/strong> durante la temporada en el Estadio de Vallecas.<\/p>\n<\/div>\n<div id=\"element-body-18\" class=\"sc-df222161-0 hNvwjb\">\n<p>Ahora, <strong>esos socios no pueden disfrutar de los partidos como local en el escenario para el que adquirieron sus abonos<\/strong>. Adem\u00e1s, el traslado a otro punto de Madrid implica cambios en los desplazamientos, en la experiencia dentro del estadio y en las condiciones que originalmente esperaban al renovar su v\u00ednculo con el club.<\/p>\n<\/div>\n<div id=\"element-body-19\" class=\"sc-df222161-0 hNvwjb\">\n<p>Por ese motivo, las agrupaciones de aficionados comenzaron a analizar tambi\u00e9n posibles v\u00edas legales. Durante la \u00faltima asamblea, representantes de la hinchada informaron que mantienen conversaciones con FACUA, organizaci\u00f3n dedicada a la defensa de los consumidores, y con distintos estudios jur\u00eddicos para estudiar la posibilidad de presentar una demanda colectiva.<\/p>\n<\/div>\n<div id=\"element-body-20\" class=\"sc-df222161-0 hNvwjb\">\n<p>El objetivo ser\u00eda determinar si existe un perjuicio econ\u00f3mico y moral para los abonados que pagaron por una temporada en la que esperaban asistir a los encuentros en Vallecas.<\/p>\n<\/div>\n<div id=\"element-body-21\" class=\"sc-a7166897-0 eTTZWU\"><a href=\"https:\/\/www.ole.com.ar\/futbol-internacional\/inglaterra\/dibu-emiliano-martines-malick-yalcouye-brighton-chelsea-gol-polemica-alopecia_0_mKO2ZMNFOs.html\" aria-label=\"Pol\u00e9mica en redes por la edad del verdugo que le convirti\u00f3 el primer gol al Dibu en Chelsea y dijo &quot;sufro de alopecia cr\u00f3nica&quot;\" class=\"sc-d4f573e5-0 bUEDsN\"\/><\/p>\n<section><picture><img alt=\"Pol\u00e9mica en redes por la edad del verdugo que le convirti\u00f3 el primer gol al Dibu en Chelsea y dijo &quot;sufro de alopecia cr\u00f3nica&quot;\" loading=\"lazy\" width=\"290\" height=\"290\" decoding=\"async\" data-nimg=\"1\" style=\"color:transparent\" src=\"https:\/\/fmamiga909.com.ar\/wp-content\/uploads\/2026\/08\/RlDYipmVa_290x290__1.jpg\"\/><\/picture>\n<p><span>Mir\u00e1 tambi\u00e9n<\/span><\/p>\n<hr\/>\n<h3>Pol\u00e9mica en redes por la edad del verdugo que le convirti\u00f3 el primer gol al Dibu en Chelsea y dijo \u00absufro de alopecia cr\u00f3nica\u00bb<\/h3>\n<\/p>\n<\/section>\n<\/div>\n<div id=\"element-body-22\" class=\"sc-a7166897-0 eTTZWU\"><a href=\"https:\/\/www.ole.com.ar\/futbol-internacional\/italia\/atletico-madrid-nico-gonzalez-juventus_0_HbbYYOd4xk.html\" aria-label=\"El \u00e1cido mensaje que public\u00f3 Nico Gonz\u00e1lez contra la prensa de Italia\" class=\"sc-d4f573e5-0 bUEDsN\"\/><\/p>\n<section><picture><img alt=\"El \u00e1cido mensaje que public\u00f3 Nico Gonz\u00e1lez contra la prensa de Italia\" loading=\"lazy\" width=\"290\" height=\"290\" decoding=\"async\" data-nimg=\"1\" style=\"color:transparent\" src=\"https:\/\/fmamiga909.com.ar\/wp-content\/uploads\/2026\/08\/f-kKJVxXt_290x290__1.jpg\"\/><\/picture>\n<p><span>Mir\u00e1 tambi\u00e9n<\/span><\/p>\n<hr\/>\n<h3>El \u00e1cido mensaje que public\u00f3 Nico Gonz\u00e1lez contra la prensa de Italia<\/h3>\n<\/p>\n<\/section>\n<\/div>\n<div id=\"element-body-23\" class=\"sc-a7166897-0 eTTZWU\"><a href=\"https:\/\/www.ole.com.ar\/argentinos\/torneoclausura2026-lider-tablaanual-zonas-argentinosjuniors-independienterivadavia-alfredoberti-puntero-playoffs_0_0yrwk1twBr.html\" aria-label=\"Argentinos, arriba de todo: &quot;Estoy ilusionado&quot;\" class=\"sc-d4f573e5-0 bUEDsN\"\/><\/p>\n<section><picture><img alt=\"Argentinos, arriba de todo: &quot;Estoy ilusionado&quot;\" loading=\"lazy\" width=\"290\" height=\"290\" decoding=\"async\" data-nimg=\"1\" style=\"color:transparent\" src=\"https:\/\/fmamiga909.com.ar\/wp-content\/uploads\/2026\/08\/R8MoxR3mu_290x290__1.jpg\"\/><\/picture>\n<p><span>Mir\u00e1 tambi\u00e9n<\/span><\/p>\n<hr\/>\n<h3>Argentinos, arriba de todo: \u00abEstoy ilusionado\u00bb<\/h3>\n<\/p>\n<\/section>\n<\/div>\n<\/div>\n<p><a href=\"https:\/\/www.ole.com.ar\/futbol-internacional\/espana\/espana-rayo-vallecano-cancha-estadio-decision-drastrica-tomaron_0_X2D5jn1fRI.html\">source<\/a><\/p>\n","protected":false},"excerpt":{"rendered":"<p>El Rayo Vallecano atraviesa una situaci\u00f3n at\u00edpica en el comienzo de la temporada y, mientras&#8230;<\/p>\n","protected":false},"author":3,"featured_media":49173,"comment_status":"closed","ping_status":"closed","sticky":false,"template":"","format":"standard","meta":{"footnotes":""},"categories":[21],"tags":[],"class_list":["post-49172","post","type-post","status-publish","format-standard","has-post-thumbnail","hentry","category-deportes"],"featured_image_urls":{"full":["https:\/\/fmamiga909.com.ar\/wp-content\/uploads\/2026\/08\/wp-header-logo-605.png",720,480,false],"thumbnail":["https:\/\/fmamiga909.com.ar\/wp-content\/uploads\/2026\/08\/wp-header-logo-605-150x150.png",150,150,true],"medium":["https:\/\/fmamiga909.com.ar\/wp-content\/uploads\/2026\/08\/wp-header-logo-605-300x200.png",300,200,true],"medium_large":["https:\/\/fmamiga909.com.ar\/wp-content\/uploads\/2026\/08\/wp-header-logo-605.png",720,480,false],"large":["https:\/\/fmamiga909.com.ar\/wp-content\/uploads\/2026\/08\/wp-header-logo-605.png",640,427,false],"1536x1536":["https:\/\/fmamiga909.com.ar\/wp-content\/uploads\/2026\/08\/wp-header-logo-605.png",720,480,false],"2048x2048":["https:\/\/fmamiga909.com.ar\/wp-content\/uploads\/2026\/08\/wp-header-logo-605.png",720,480,false],"newsium-slider-full":["https:\/\/fmamiga909.com.ar\/wp-content\/uploads\/2026\/08\/wp-header-logo-605.png",720,480,false],"newsium-featured":["https:\/\/fmamiga909.com.ar\/wp-content\/uploads\/2026\/08\/wp-header-logo-605.png",720,480,false],"newsium-medium":["https:\/\/fmamiga909.com.ar\/wp-content\/uploads\/2026\/08\/wp-header-logo-605-720x475.png",720,475,true]},"author_info":{"display_name":"Fredy Giuliano","author_link":"https:\/\/fmamiga909.com.ar\/?author=3"},"category_info":"<a href=\"https:\/\/fmamiga909.com.ar\/?cat=21\" rel=\"category\">Deportes<\/a>","tag_info":"Deportes","comment_count":"0","_links":{"self":[{"href":"https:\/\/fmamiga909.com.ar\/index.php?rest_route=\/wp\/v2\/posts\/49172","targetHints":{"allow":["GET"]}}],"collection":[{"href":"https:\/\/fmamiga909.com.ar\/index.php?rest_route=\/wp\/v2\/posts"}],"about":[{"href":"https:\/\/fmamiga909.com.ar\/index.php?rest_route=\/wp\/v2\/types\/post"}],"author":[{"embeddable":true,"href":"https:\/\/fmamiga909.com.ar\/index.php?rest_route=\/wp\/v2\/users\/3"}],"replies":[{"embeddable":true,"href":"https:\/\/fmamiga909.com.ar\/index.php?rest_route=%2Fwp%2Fv2%2Fcomments&post=49172"}],"version-history":[{"count":0,"href":"https:\/\/fmamiga909.com.ar\/index.php?rest_route=\/wp\/v2\/posts\/49172\/revisions"}],"wp:featuredmedia":[{"embeddable":true,"href":"https:\/\/fmamiga909.com.ar\/index.php?rest_route=\/wp\/v2\/media\/49173"}],"wp:attachment":[{"href":"https:\/\/fmamiga909.com.ar\/index.php?rest_route=%2Fwp%2Fv2%2Fmedia&parent=49172"}],"wp:term":[{"taxonomy":"category","embeddable":true,"href":"https:\/\/fmamiga909.com.ar\/index.php?rest_route=%2Fwp%2Fv2%2Fcategories&post=49172"},{"taxonomy":"post_tag","embeddable":true,"href":"https:\/\/fmamiga909.com.ar\/index.php?rest_route=%2Fwp%2Fv2%2Ftags&post=49172"}],"curies":[{"name":"wp","href":"https:\/\/api.w.org\/{rel}","templated":true}]}}