{"id":49178,"date":"2026-08-31T16:14:35","date_gmt":"2026-08-31T16:14:35","guid":{"rendered":"https:\/\/fmamiga909.com.ar\/?p=49178"},"modified":"2026-08-31T16:14:35","modified_gmt":"2026-08-31T16:14:35","slug":"escandalo-en-brasil-un-jugador-de-vasco-da-gama-apuntado-en-una-causa-de-trafico-de-drogas-y-armas","status":"publish","type":"post","link":"https:\/\/fmamiga909.com.ar\/?p=49178","title":{"rendered":"Esc\u00e1ndalo en Brasil: un jugador de Vasco da Gama, apuntado en una causa de tr\u00e1fico de drogas y armas"},"content":{"rendered":"<div id=\"storyBody\">\n<div id=\"element-body-0\" class=\"sc-df222161-0 hNvwjb\">\n<p><strong>David Correa<\/strong>, extremo del <strong><a href=\"https:\/\/www.ole.com.ar\/tema\/vasco-da-gama.html\" title=\"Vasco da Gama\" alt=\"Vasco da Gama\" class=\"slug\">Vasco da Gama<\/a><\/strong>, qued\u00f3 en el centro de escena en Brasil, luego de que la polic\u00eda local <strong> allanara su domicilio este lunes, en el marco de una importante operaci\u00f3n contra una organizaci\u00f3n criminal dedicada al tr\u00e1fico de drogas y armas y al lavado de dinero. <\/strong><\/p>\n<\/div>\n<div id=\"element-body-1\" class=\"sc-df222161-0 hNvwjb\">\n<p>Tal como detallaron medios brasile\u00f1os, <strong>el futbolista de 30 a\u00f1os fue identificado como uno de los objetivos de la operaci\u00f3n \u00abA Tropa\u00bb<\/strong> y, si bien la polic\u00eda a\u00fan no confirm\u00f3 oficialmente la identidad de los investigados, aseguraron que <strong> \u00abanalizan la posible implicaci\u00f3n de m\u00e1s deportistas profesionales y empresarios en la organizaci\u00f3n criminal\u00bb.<\/strong><\/p>\n<\/div>\n<div class=\"sc-c0843421-0 iNysjD image-embed\" id=\"element-body-2\"><img alt=\"David Correa, apuntado por la polic\u00eda brasile\u00f1a. EFE\/ Juan Pablo Pino\" loading=\"lazy\" width=\"720\" height=\"100\" decoding=\"async\" data-nimg=\"1\" style=\"color:transparent\" src=\"https:\/\/fmamiga909.com.ar\/wp-content\/uploads\/2026\/08\/ooV3SEjcC_720x0__1.jpg\"\/><span class=\"epigraphe\">David Correa, apuntado por la polic\u00eda brasile\u00f1a. EFE\/ Juan Pablo Pino<\/span><\/div>\n<div id=\"element-body-3\" class=\"sc-df222161-0 hNvwjb\">\n<p>Con la presencia del futbolista, <strong>agentes allanaron su domicilio en Barra da Tijuca <\/strong> y luego continuaron con su tarea en el centro de entrenamiento del Vasco da Gama. <strong>Correa asisti\u00f3 al registro en el club con su propio auto y se retir\u00f3 sin hacer declaraciones ante la prensa.<\/strong><\/p>\n<\/div>\n<p><h2><strong>Vasco da Gama colabora con la investigaci\u00f3n<\/strong><\/h2>\n<\/p>\n<div id=\"element-body-5\" class=\"sc-df222161-0 hNvwjb\">\n<p>Tras lo sucedido, desde Vasco aseguraron que el club <strong> \u00abcolabora con las autoridades y aguarda la conclusi\u00f3n de las investigaciones\u00bb<\/strong>, sin confirmar que su atacante, conocido como DVD, est\u00e9 entre los implicados.<\/p>\n<\/div>\n<div id=\"element-body-6\" class=\"sc-df222161-0 hNvwjb\">\n<p>Correa ven\u00eda de convertir uno de los goles de la victoria del <strong> Vasco 3-1 sobre el Cruzeiro el fin de semana por el Brasileir\u00e3o<\/strong>, que puso fin a ocho jornadas sin triunfos en el torneo. <\/p>\n<\/div>\n<p><h2><strong>Detalles del operativo y sus alcances<\/strong><\/h2>\n<\/p>\n<div id=\"element-body-8\" class=\"sc-df222161-0 hNvwjb\">\n<p>Seg\u00fan destac\u00f3 la Polic\u00eda Civil en un comunicado, la organizaci\u00f3n tendr\u00eda ramificaciones en varios estados y posibles v\u00ednculos con una facci\u00f3n del crimen organizado. <strong> En total, en este operativo se ejecutaron cuatro \u00f3rdenes de detenci\u00f3n preventiva y 15 de allanamiento en cinco estados de Brasil, <\/strong> con cerca de 100 agentes, unos cuarenta veh\u00edculos y dos helic\u00f3pteros.<\/p>\n<\/div>\n<div id=\"element-body-9\" class=\"sc-a7166897-0 eTTZWU\"><a href=\"https:\/\/www.ole.com.ar\/futbol-internacional\/america\/cristian-pavon-brasileirao-gol-brasil-gremio-flaco-lopez-palmeiras_0_YIO58Jn6u2.html\" aria-label=\"Video: el golazo de Pav\u00f3n en la victoria de Gremio y el traspi\u00e9 del Flaco L\u00f3pez por el Brasileirao\" class=\"sc-d4f573e5-0 bUEDsN\"\/><\/p>\n<section><picture><img alt=\"Video: el golazo de Pav\u00f3n en la victoria de Gremio y el traspi\u00e9 del Flaco L\u00f3pez por el Brasileirao\" loading=\"lazy\" width=\"290\" height=\"290\" decoding=\"async\" data-nimg=\"1\" style=\"color:transparent\" src=\"https:\/\/fmamiga909.com.ar\/wp-content\/uploads\/2026\/08\/1788192875_262_K8exwJYgC_290x290__1.jpg\"\/><\/picture>\n<p><span>Mir\u00e1 tambi\u00e9n<\/span><\/p>\n<hr\/>\n<h3>Video: el golazo de Pav\u00f3n en la victoria de Gremio y el traspi\u00e9 del Flaco L\u00f3pez por el Brasileirao<\/h3>\n<\/p>\n<\/section>\n<\/div>\n<div id=\"element-body-10\" class=\"sc-a7166897-0 eTTZWU\"><a href=\"https:\/\/www.ole.com.ar\/futbol-internacional\/eduardodominguez-atleticomineiro-brasileirao_0_4bTvGLEHtz.html\" aria-label=\"Los envidiables n\u00fameros del Atl\u00e9tico Mineiro de Eduardo Dom\u00ednguez en Brasil\" class=\"sc-d4f573e5-0 bUEDsN\"\/><\/p>\n<section><picture><img alt=\"Los envidiables n\u00fameros del Atl\u00e9tico Mineiro de Eduardo Dom\u00ednguez en Brasil\" loading=\"lazy\" width=\"290\" height=\"290\" decoding=\"async\" data-nimg=\"1\" style=\"color:transparent\" src=\"https:\/\/fmamiga909.com.ar\/wp-content\/uploads\/2026\/08\/U8HLX56dS_290x290__1.jpg\"\/><\/picture>\n<p><span>Mir\u00e1 tambi\u00e9n<\/span><\/p>\n<hr\/>\n<h3>Los envidiables n\u00fameros del Atl\u00e9tico Mineiro de Eduardo Dom\u00ednguez en Brasil<\/h3>\n<\/p>\n<\/section>\n<\/div>\n<div id=\"element-body-11\" class=\"sc-a7166897-0 eTTZWU\"><a href=\"https:\/\/www.ole.com.ar\/futbol-internacional\/america\/momento-tenso-neymar-regalo-camiseta-santos-nino-corinthians-fanatico-insultos-hinchas-escoltado-seguridad-video_0_187Un9Lqvw.html\" aria-label=\"Momento tenso en Cortinthians vs Santos, tras el regalo de Neymar a un ni\u00f1o&#10;\" class=\"sc-d4f573e5-0 bUEDsN\"\/><\/p>\n<section><picture><img alt=\"Momento tenso en Cortinthians vs Santos, tras el regalo de Neymar a un ni\u00f1o&#10;\" loading=\"lazy\" width=\"290\" height=\"290\" decoding=\"async\" data-nimg=\"1\" style=\"color:transparent\" src=\"https:\/\/fmamiga909.com.ar\/wp-content\/uploads\/2026\/08\/S9z7AZK8w_290x290__1.jpg\"\/><\/picture>\n<p><span>Mir\u00e1 tambi\u00e9n<\/span><\/p>\n<hr\/>\n<h3>Momento tenso en Cortinthians vs Santos, tras el regalo de Neymar a un ni\u00f1o<br \/>\n<\/h3>\n<\/p>\n<\/section>\n<\/div>\n<\/div>\n<p><a href=\"https:\/\/www.ole.com.ar\/futbol-internacional\/davidcorrea-barradatijuca-traficodedrogas-lavadodedinero-crimenorganizado_0_geD171mTh0.html\">source<\/a><\/p>\n","protected":false},"excerpt":{"rendered":"<p>David Correa, extremo del Vasco da Gama, qued\u00f3 en el centro de escena en Brasil,&#8230;<\/p>\n","protected":false},"author":3,"featured_media":49179,"comment_status":"closed","ping_status":"closed","sticky":false,"template":"","format":"standard","meta":{"footnotes":""},"categories":[21],"tags":[],"class_list":["post-49178","post","type-post","status-publish","format-standard","has-post-thumbnail","hentry","category-deportes"],"featured_image_urls":{"full":["https:\/\/fmamiga909.com.ar\/wp-content\/uploads\/2026\/08\/wp-header-logo-606.png",720,480,false],"thumbnail":["https:\/\/fmamiga909.com.ar\/wp-content\/uploads\/2026\/08\/wp-header-logo-606-150x150.png",150,150,true],"medium":["https:\/\/fmamiga909.com.ar\/wp-content\/uploads\/2026\/08\/wp-header-logo-606-300x200.png",300,200,true],"medium_large":["https:\/\/fmamiga909.com.ar\/wp-content\/uploads\/2026\/08\/wp-header-logo-606.png",720,480,false],"large":["https:\/\/fmamiga909.com.ar\/wp-content\/uploads\/2026\/08\/wp-header-logo-606.png",640,427,false],"1536x1536":["https:\/\/fmamiga909.com.ar\/wp-content\/uploads\/2026\/08\/wp-header-logo-606.png",720,480,false],"2048x2048":["https:\/\/fmamiga909.com.ar\/wp-content\/uploads\/2026\/08\/wp-header-logo-606.png",720,480,false],"newsium-slider-full":["https:\/\/fmamiga909.com.ar\/wp-content\/uploads\/2026\/08\/wp-header-logo-606.png",720,480,false],"newsium-featured":["https:\/\/fmamiga909.com.ar\/wp-content\/uploads\/2026\/08\/wp-header-logo-606.png",720,480,false],"newsium-medium":["https:\/\/fmamiga909.com.ar\/wp-content\/uploads\/2026\/08\/wp-header-logo-606-720x475.png",720,475,true]},"author_info":{"display_name":"Fredy Giuliano","author_link":"https:\/\/fmamiga909.com.ar\/?author=3"},"category_info":"<a href=\"https:\/\/fmamiga909.com.ar\/?cat=21\" rel=\"category\">Deportes<\/a>","tag_info":"Deportes","comment_count":"0","_links":{"self":[{"href":"https:\/\/fmamiga909.com.ar\/index.php?rest_route=\/wp\/v2\/posts\/49178","targetHints":{"allow":["GET"]}}],"collection":[{"href":"https:\/\/fmamiga909.com.ar\/index.php?rest_route=\/wp\/v2\/posts"}],"about":[{"href":"https:\/\/fmamiga909.com.ar\/index.php?rest_route=\/wp\/v2\/types\/post"}],"author":[{"embeddable":true,"href":"https:\/\/fmamiga909.com.ar\/index.php?rest_route=\/wp\/v2\/users\/3"}],"replies":[{"embeddable":true,"href":"https:\/\/fmamiga909.com.ar\/index.php?rest_route=%2Fwp%2Fv2%2Fcomments&post=49178"}],"version-history":[{"count":0,"href":"https:\/\/fmamiga909.com.ar\/index.php?rest_route=\/wp\/v2\/posts\/49178\/revisions"}],"wp:featuredmedia":[{"embeddable":true,"href":"https:\/\/fmamiga909.com.ar\/index.php?rest_route=\/wp\/v2\/media\/49179"}],"wp:attachment":[{"href":"https:\/\/fmamiga909.com.ar\/index.php?rest_route=%2Fwp%2Fv2%2Fmedia&parent=49178"}],"wp:term":[{"taxonomy":"category","embeddable":true,"href":"https:\/\/fmamiga909.com.ar\/index.php?rest_route=%2Fwp%2Fv2%2Fcategories&post=49178"},{"taxonomy":"post_tag","embeddable":true,"href":"https:\/\/fmamiga909.com.ar\/index.php?rest_route=%2Fwp%2Fv2%2Ftags&post=49178"}],"curies":[{"name":"wp","href":"https:\/\/api.w.org\/{rel}","templated":true}]}}