{"id":49196,"date":"2026-08-31T16:33:29","date_gmt":"2026-08-31T16:33:29","guid":{"rendered":"https:\/\/fmamiga909.com.ar\/?p=49196"},"modified":"2026-08-31T16:33:29","modified_gmt":"2026-08-31T16:33:29","slug":"gracias-leo-seras-eterno-messi-se-despidio-de-la-seleccion","status":"publish","type":"post","link":"https:\/\/fmamiga909.com.ar\/?p=49196","title":{"rendered":"Gracias Leo, ser\u00e1s eterno: Messi se despidi\u00f3 de la Selecci\u00f3n"},"content":{"rendered":"<div id=\"storyBody\">\n<div id=\"element-body-0\" class=\"sc-df222161-0 hNvwjb\">\n<p>Gracias <a href=\"https:\/\/www.ole.com.ar\/tema\/lionel-messi.html\" title=\"Lionel Messi\" alt=\"Lionel Messi\" class=\"slug\">Lionel Andr\u00e9s Messi<\/a>. <strong>Muchas gracias<\/strong> por todo.<\/p>\n<\/div>\n<div id=\"element-body-1\" class=\"sc-df222161-0 hNvwjb\">\n<p>43 d\u00edas despu\u00e9s del <strong>Mundial<\/strong>, lo que alguna vez iba a pasar, pas\u00f3. El mejor de la historia <strong>se despidi\u00f3 de la Selecci\u00f3n<\/strong> que tanto am\u00f3, a la que tanto le dio, con la que toc\u00f3 el cielo deportivo con las manos. Se estrujen millones de corazones, corazones agradecidos y que empiezan a sentir un vac\u00edo. <strong>\u00abMe vaci\u00e9\u00bb, escribi\u00f3 justamente el eterno 10 <\/strong> en su anuncio.<\/p>\n<\/div>\n<div id=\"element-body-2\" class=\"sc-df222161-0 hNvwjb\">\n<p><strong>Un texto que escribi\u00f3 el 21 de julio<\/strong>, dos d\u00edas despu\u00e9s de la final con Espa\u00f1a, y que hizo p\u00fablico ahora porque retras\u00f3 su exposici\u00f3n al mundo por el estado de salud de su padre, fallecido posteriormente. Jorge, el que siempre lo acompa\u00f1\u00f3 y no pudo estar presente en sus \u00faltimas funciones sino siguiendo todo desde Rosario, como pod\u00eda.<\/p>\n<\/div>\n<div id=\"element-body-3\" class=\"sc-df222161-0 hNvwjb\">\n<p>Fueron <strong>207 partidos, 125 goles y 67 asistencias<\/strong>. Es un <strong>legado<\/strong>. Fueron los dos <strong>t\u00edtulos <\/strong> en Copa Am\u00e9rica. Fue un sello. Fueron aquellos minutos m\u00e1gicos en la Finalissima. Fue el elixir. Fueron sus partidos y goles para ser campe\u00f3n del mundo en Qatar. <strong>Fue la gloria<\/strong>.<\/p>\n<\/div>\n<div id=\"element-body-4\" class=\"sc-df222161-0 hNvwjb\">\n<p>Messi debut\u00f3 en agosto del 2005 en la Selecci\u00f3n y enseguida fue expulsado en un amistoso en Hungr\u00eda con Pekerman de entrenador, en una situaci\u00f3n parad\u00f3jica y extremista, que en cierta forma actuar\u00eda como presagio de lo que vendr\u00eda. Porque Messi se hizo Messi en el Barcelona. Y se banc\u00f3 todo vestido de celeste y blanco, <strong>colores con los que se canoniz\u00f3<\/strong>.<\/p>\n<\/div>\n<p><h2>Video: las im\u00e1genes y la m\u00fasica que eligi\u00f3 Messi para su despedida de la Selecci\u00f3n<\/h2>\n<\/p>\n<div id=\"element-body-7\" class=\"sc-df222161-0 hNvwjb\">\n<p>A los 39 a\u00f1os, <strong>Messi eternizar\u00e1 un lunes 31 de agosto del 2026. <\/strong> Una fecha que se recordar\u00e1 como tantas otras que grabaron a fuego un legado insuperable. Un camino de poquito m\u00e1s de dos d\u00e9cadas. <strong>Un c\u00edrculo vicioso, virtuoso, con el barro y el oro, \u00e9pico,<\/strong> que se desat\u00f3 despu\u00e9s de lograr la Copa Am\u00e9rica 2021.<\/p>\n<\/div>\n<div class=\"sc-c0843421-0 iNysjD image-embed\" id=\"element-body-8\"><img alt=\"Messi con la Copa del Mundo en Qatar. REUTERS\/Hannah Mckay\/File Photo\" loading=\"lazy\" width=\"720\" height=\"100\" decoding=\"async\" data-nimg=\"1\" style=\"color:transparent\" src=\"https:\/\/fmamiga909.com.ar\/wp-content\/uploads\/2026\/08\/HDk1w5zsw_720x0__1.jpg\"\/><span class=\"epigraphe\">Messi con la Copa del Mundo en Qatar. REUTERS\/Hannah Mckay\/File Photo<\/span><\/div>\n<div id=\"element-body-9\" class=\"sc-df222161-0 hNvwjb\">\n<p>Desde todo punto de vista, una nueva etapa comenzar\u00e1 en la Selecci\u00f3n. Ya no estar\u00e1 el faro presente pero va a quedar su historia, sus ense\u00f1anzas, su <strong>liderazgo <\/strong> y su <strong>fanatismo <\/strong> por una camiseta. Y empezar\u00e1 una nueva etapa en su carrera, la parte final, con el Inter Miami y vaya uno a saber hasta cu\u00e1ndo.<\/p>\n<\/div>\n<div id=\"element-body-10\" class=\"sc-df222161-0 hNvwjb\">\n<p>A sus compa\u00f1eros se los desliz\u00f3 en el vestuario del MetLife Stadium, donde se jug\u00f3 la final con Espa\u00f1a. Ah\u00ed, en un ambiente naturalmente golpeado por la derrota, les habl\u00f3 con el coraz\u00f3n a flor de piel dejando en claro que muy posiblemente era su final.<\/p>\n<\/div>\n<div id=\"element-body-11\" class=\"sc-df222161-0 hNvwjb\">\n<p>Los hinchas, sus hinchas, se enteraron este lunes al mediod\u00eda. Ellos s\u00f3lo dicen gracias&#8230;<\/p>\n<\/div>\n<p><h2><strong>La carta de Messi para decir adi\u00f3s<\/strong><\/h2>\n<\/p>\n<div id=\"element-body-13\" class=\"sc-df222161-0 hNvwjb\">\n<p>\u00abDespu\u00e9s de este tiempo que pas\u00f3 desde la final, pens\u00e1ndolo mucho, quiero comunicarles a todos que <strong>me retiro de la Selecci\u00f3n<\/strong>\u2026<\/p>\n<\/div>\n<div id=\"element-body-14\" class=\"sc-df222161-0 hNvwjb\">\n<p>Fue <strong>una decisi\u00f3n que doli\u00f3 y duele en el alma<\/strong> pero entiendo que es el momento. Les juro que siempre dej\u00e9 todo, no solo los \u00faltimos a\u00f1os que se gan\u00f3 todo antes tambi\u00e9n y siempre pele\u00e9 y me dej\u00e9 todo por esta camiseta, por darles alegr\u00edas y hacer que se sientan orgullosos de ser argentinos a trav\u00e9s del f\u00fatbol.<\/p>\n<\/div>\n<div id=\"element-body-15\" class=\"sc-df222161-0 hNvwjb\">\n<p>Queda poco y se van cerrando etapas y esta es una que me duele mucho. <strong>Amo, am\u00e9 y amar\u00e9 siempre estar en la Selecci\u00f3n<\/strong>. Me vaci\u00e9, ya no tengo m\u00e1s para dar y aparte vienen chicos muy grandes atr\u00e1s que merecen estar.<\/p>\n<\/div>\n<div id=\"element-body-16\" class=\"sc-df222161-0 hNvwjb\">\n<p>Gracias por todo el cari\u00f1o de estos 20 a\u00f1os. <strong>Voy a extra\u00f1ar mucho escucharlos desde adentro. <\/strong> Ahora voy a ser uno m\u00e1s de ustedes, alentando y bancando siempre desde afuera (en las buenas y en las malas, mucho m\u00e1s).<\/p>\n<\/div>\n<div id=\"element-body-17\" class=\"sc-df222161-0 hNvwjb\">\n<p>Gracias a mi familia por estar siempre, por acompa\u00f1arme en este viaje tan hermoso pero dif\u00edcil. Gracias a cada uno de entrenadores, compa\u00f1eros y dirigentes que me toc\u00f3 compartir. Me llevo recuerdos y momentos inolvidables vividos.<\/p>\n<\/div>\n<div id=\"element-body-18\" class=\"sc-df222161-0 hNvwjb\">\n<p>Me voy con la tranquilidad y el orgullo de haberles regalado, juntos con mis compa\u00f1eros, momentos so\u00f1ados. Fue una locura haberlo vivido con ustedes. \u00a1Los quiero!<\/p>\n<\/div>\n<div id=\"element-body-19\" class=\"sc-df222161-0 hNvwjb\">\n<p>Gracias Dios por hacerme argentino.<\/p>\n<\/div>\n<div id=\"element-body-21\" class=\"sc-df222161-0 hNvwjb\">\n<p>Estas palabras las escrib\u00ed el 21 de julio, dos d\u00edas despu\u00e9s de la final. Hoy despu\u00e9s de lo de mi pap\u00e1, estoy m\u00e1s convencido que antes\u00bb.<\/p>\n<\/div>\n<\/div>\n<p><a href=\"https:\/\/www.ole.com.ar\/seleccion\/lionel-messi-retiro-seleccion-argentina_0_Q7Uo8ybTrO.html\">source<\/a><\/p>\n","protected":false},"excerpt":{"rendered":"<p>Gracias Lionel Andr\u00e9s Messi. Muchas gracias por todo. 43 d\u00edas despu\u00e9s del Mundial, lo que&#8230;<\/p>\n","protected":false},"author":3,"featured_media":49197,"comment_status":"closed","ping_status":"closed","sticky":false,"template":"","format":"standard","meta":{"footnotes":""},"categories":[21],"tags":[],"class_list":["post-49196","post","type-post","status-publish","format-standard","has-post-thumbnail","hentry","category-deportes"],"featured_image_urls":{"full":["https:\/\/fmamiga909.com.ar\/wp-content\/uploads\/2026\/08\/wp-header-logo-609.png",720,490,false],"thumbnail":["https:\/\/fmamiga909.com.ar\/wp-content\/uploads\/2026\/08\/wp-header-logo-609-150x150.png",150,150,true],"medium":["https:\/\/fmamiga909.com.ar\/wp-content\/uploads\/2026\/08\/wp-header-logo-609-300x204.png",300,204,true],"medium_large":["https:\/\/fmamiga909.com.ar\/wp-content\/uploads\/2026\/08\/wp-header-logo-609.png",720,490,false],"large":["https:\/\/fmamiga909.com.ar\/wp-content\/uploads\/2026\/08\/wp-header-logo-609.png",640,436,false],"1536x1536":["https:\/\/fmamiga909.com.ar\/wp-content\/uploads\/2026\/08\/wp-header-logo-609.png",720,490,false],"2048x2048":["https:\/\/fmamiga909.com.ar\/wp-content\/uploads\/2026\/08\/wp-header-logo-609.png",720,490,false],"newsium-slider-full":["https:\/\/fmamiga909.com.ar\/wp-content\/uploads\/2026\/08\/wp-header-logo-609.png",720,490,false],"newsium-featured":["https:\/\/fmamiga909.com.ar\/wp-content\/uploads\/2026\/08\/wp-header-logo-609.png",720,490,false],"newsium-medium":["https:\/\/fmamiga909.com.ar\/wp-content\/uploads\/2026\/08\/wp-header-logo-609-720x475.png",720,475,true]},"author_info":{"display_name":"Fredy Giuliano","author_link":"https:\/\/fmamiga909.com.ar\/?author=3"},"category_info":"<a href=\"https:\/\/fmamiga909.com.ar\/?cat=21\" rel=\"category\">Deportes<\/a>","tag_info":"Deportes","comment_count":"0","_links":{"self":[{"href":"https:\/\/fmamiga909.com.ar\/index.php?rest_route=\/wp\/v2\/posts\/49196","targetHints":{"allow":["GET"]}}],"collection":[{"href":"https:\/\/fmamiga909.com.ar\/index.php?rest_route=\/wp\/v2\/posts"}],"about":[{"href":"https:\/\/fmamiga909.com.ar\/index.php?rest_route=\/wp\/v2\/types\/post"}],"author":[{"embeddable":true,"href":"https:\/\/fmamiga909.com.ar\/index.php?rest_route=\/wp\/v2\/users\/3"}],"replies":[{"embeddable":true,"href":"https:\/\/fmamiga909.com.ar\/index.php?rest_route=%2Fwp%2Fv2%2Fcomments&post=49196"}],"version-history":[{"count":0,"href":"https:\/\/fmamiga909.com.ar\/index.php?rest_route=\/wp\/v2\/posts\/49196\/revisions"}],"wp:featuredmedia":[{"embeddable":true,"href":"https:\/\/fmamiga909.com.ar\/index.php?rest_route=\/wp\/v2\/media\/49197"}],"wp:attachment":[{"href":"https:\/\/fmamiga909.com.ar\/index.php?rest_route=%2Fwp%2Fv2%2Fmedia&parent=49196"}],"wp:term":[{"taxonomy":"category","embeddable":true,"href":"https:\/\/fmamiga909.com.ar\/index.php?rest_route=%2Fwp%2Fv2%2Fcategories&post=49196"},{"taxonomy":"post_tag","embeddable":true,"href":"https:\/\/fmamiga909.com.ar\/index.php?rest_route=%2Fwp%2Fv2%2Ftags&post=49196"}],"curies":[{"name":"wp","href":"https:\/\/api.w.org\/{rel}","templated":true}]}}