{"id":49206,"date":"2026-08-31T16:35:39","date_gmt":"2026-08-31T16:35:39","guid":{"rendered":"https:\/\/fmamiga909.com.ar\/?p=49206"},"modified":"2026-08-31T16:35:39","modified_gmt":"2026-08-31T16:35:39","slug":"del-changuito-a-chango-los-momentos-clave-de-la-carrera-de-exequiel-zeballos-en-boca","status":"publish","type":"post","link":"https:\/\/fmamiga909.com.ar\/?p=49206","title":{"rendered":"Del Changuito a Chango: los momentos clave de la carrera de Exequiel Zeballos en Boca"},"content":{"rendered":"<div id=\"storyBody\">\n<div id=\"element-body-0\" class=\"sc-df222161-0 hNvwjb\">\n<p><strong><a href=\"https:\/\/www.ole.com.ar\/tema\/exequiel-zeballos.html\" title=\"Exequiel Zeballos\" alt=\"Exequiel Zeballos\" class=\"slug\">Exequiel Zeballos<\/a> se va de <a href=\"https:\/\/www.ole.com.ar\/tema\/boca-juniors.html\" title=\"Boca Juniors\" alt=\"Boca Juniors\" class=\"slug\">Boca<\/a><\/strong>. Despu\u00e9s de su llegada a los 13 a\u00f1os a la Pensi\u00f3n del club y seis a\u00f1os en Primera desde su debut en 2020, el Changuito continuar\u00e1 su carrera <strong>en el Monza de Italia<\/strong>, en <strong>una venta cercana a los cinco millones de d\u00f3lares<\/strong>. As\u00ed, se cierra una etapa que tuvo de todo: aparici\u00f3n como una de las grandes joyas del Predio, elogios de <strong><a href=\"https:\/\/www.ole.com.ar\/tema\/juan-roman-riquelme.html\" title=\"Juan Rom\u00e1n Riquelme\" alt=\"Juan Rom\u00e1n Riquelme\" class=\"slug\">Juan Rom\u00e1n Riquelme<\/a><\/strong>, t\u00edtulos, lesiones dur\u00edsimas y una \u00faltima versi\u00f3n final que lo llev\u00f3 a ser <strong>figura en un Supercl\u00e1sico ante River<\/strong> y que lo puso <strong>en la mira de varios clubes de Europa<\/strong>.<\/p>\n<\/div>\n<p><h2><strong>Del debut al primer gol en Boca<\/strong><\/h2>\n<\/p>\n<div id=\"element-body-2\" class=\"sc-df222161-0 hNvwjb\">\n<p><strong>Su estreno con la azul y oro lleg\u00f3 el 29 de noviembre de 2020<\/strong>, de la mano de <strong><a href=\"https:\/\/www.ole.com.ar\/tema\/miguel-angel-russo.html\" title=\"Miguel Angel Russo\" alt=\"Miguel Angel Russo\" class=\"slug\">Miguel \u00c1ngel Russo<\/a><\/strong>, en un partido ante Newell\u2019s, ese d\u00eda ingres\u00f3 ingres\u00f3 en lugar de Sebasti\u00e1n Villa a los 23 minutos del complemento. <strong>Ten\u00eda apenas 18 a\u00f1os<\/strong> y se transform\u00f3 en uno de los juveniles promovidos durante ese segundo ciclo del DT en el club. Uno que a\u00f1os m\u00e1s tarde, cerrar\u00eda el c\u00edrculo y ser\u00eda <strong>clave para su reivindicaci\u00f3n junto a nada menos que Leandro Paredes<\/strong>. Tambi\u00e9n se trata de <strong>uno de los chicos m\u00e1s queridos por la gente<\/strong>.<\/p>\n<\/div>\n<div class=\"sc-c0843421-0 iNysjD image-embed\" id=\"element-body-3\"><img alt=\"Por la Copa Diego Maradona, el Chango hizo su debut en la Bombonera en 2020. \" loading=\"lazy\" width=\"720\" height=\"100\" decoding=\"async\" data-nimg=\"1\" style=\"color:transparent\" src=\"https:\/\/fmamiga909.com.ar\/wp-content\/uploads\/2026\/08\/0TrZNeiYr_720x0__1.jpg\"\/><span class=\"epigraphe\">Por la Copa Diego Maradona, el Chango hizo su debut en la Bombonera en 2020. <\/span><\/div>\n<div id=\"element-body-4\" class=\"sc-df222161-0 hNvwjb\">\n<p>Poco tiempo despu\u00e9s lleg\u00f3 uno de esos momentos que no se olvidan: <strong>su primer gol en Primera<\/strong>. Fue en el 8-1 ante Central C\u00f3rdoba, <strong>con una definici\u00f3n exquisita de penal<\/strong>. <strong>El Chango la pic\u00f3<\/strong>, enga\u00f1\u00f3 al arquero y sali\u00f3 a gritarlo con todo, aunque <strong>la ejecuci\u00f3n tambi\u00e9n gener\u00f3 algunos reproches de sus rivales<\/strong>.<\/p>\n<\/div>\n<div id=\"element-body-5\" class=\"sc-8712cf2e-1 brsVwg\"><figcaption class=\"JWvideoNota_title\">\n<p>Gol de E.Zeballos (B). Boca 3 &#8211; Central C\u00f3rdoba 0. Fecha 25, Liga Profesional 2021. Video: TNT Sports.<\/p>\n<\/figcaption><\/div>\n<div id=\"element-body-6\" class=\"sc-df222161-0 hNvwjb\">\n<p>En ese momento, <strong>Riquelme ya hablaba de \u00e9l con mucha expectativa<\/strong>. <strong>\u201cTiene cosas que se las veo a muy pocos\u201d<\/strong>, dijo Rom\u00e1n, que destacaba <strong>su capacidad para gambetear, patear con las dos piernas, ejecutar tiros libres y penales<\/strong>, aunque tambi\u00e9n <strong>ped\u00eda llevarlo de a poco<\/strong>&#8230;<\/p>\n<\/div>\n<p><h2><strong>El t\u00edtulo en 2022, la fractura de su tobillo y una lamentable seguidilla<\/strong><\/h2>\n<\/p>\n<div id=\"element-body-8\" class=\"sc-df222161-0 hNvwjb\">\n<p>En 2022 lleg\u00f3 otra postal importante: su <strong>consagraci\u00f3n como campe\u00f3n con Boca<\/strong>. Ya con m\u00e1s recorrido en Primera, Zeballos fue parte del equipo que <strong>gan\u00f3 la final ante Tigre<\/strong> en C\u00f3rdoba. En ese torneo fue <strong>alternativa de Villa y Salvio<\/strong>, con ocho partidos jugados y dos como titular.<\/p>\n<\/div>\n<div class=\"sc-c0843421-0 iNysjD image-embed\" id=\"element-body-9\"><img alt=\"En 2022 festej\u00f3 su \u00faltimo t\u00edtulo con Boca, ya con mas recorrido en Primera. \" loading=\"lazy\" width=\"720\" height=\"100\" decoding=\"async\" data-nimg=\"1\" style=\"color:transparent\" src=\"https:\/\/fmamiga909.com.ar\/wp-content\/uploads\/2026\/08\/hNBsL7PhL_720x0__1.jpg\"\/><span class=\"epigraphe\">En 2022 festej\u00f3 su \u00faltimo t\u00edtulo con Boca, ya con mas recorrido en Primera. <\/span><\/div>\n<div id=\"element-body-10\" class=\"sc-df222161-0 hNvwjb\">\n<p>Pero ese mismo a\u00f1o empez\u00f3 la parte m\u00e1s dura de su historia. El 10 de agosto de 2022, ante Agropecuario por Copa Argentina, <strong>recibi\u00f3 una fuerte patada de Milton Leyendeker<\/strong> que <strong>le provoc\u00f3 la fractura del tobillo derecho<\/strong>. <strong>La imagen de Zeballos llorando en el banco<\/strong> marc\u00f3 una noche que <strong>cambi\u00f3 su carrera<\/strong>.<\/p>\n<\/div>\n<div id=\"element-body-11\" class=\"sc-8712cf2e-1 brsVwg\"><figcaption class=\"JWvideoNota_title\">\n<p>Agropecuario 0 &#8211; Boca 0. Copa Argentina 2022. Video: TyC Sports.<\/p>\n<\/figcaption><\/div>\n<div id=\"element-body-12\" class=\"sc-8712cf2e-1 brsVwg\"><figcaption class=\"JWvideoNota_title\">\n<p>Agropecuario 0 &#8211; Boca 1. Copa Argentina 2022. Video: TyC Sports.<\/p>\n<\/figcaption><\/div>\n<div id=\"element-body-13\" class=\"sc-df222161-0 hNvwjb\">\n<p>Desde entonces, el Changuito nunca pudo recuperar continuidad plena. A esa lesi\u00f3n se le sum\u00f3, en noviembre de 2023, <strong>la rotura de ligamentos cruzados de la rodilla derecha<\/strong> ante Belgrano en C\u00f3rdoba. <strong>Otra vez quir\u00f3fano, otra vez una recuperaci\u00f3n larga y otra vez m\u00e1s tiempo afuera que adentro.<\/strong><\/p>\n<\/div>\n<div id=\"element-body-14\" class=\"sc-8712cf2e-1 brsVwg\"><figcaption class=\"JWvideoNota_title\">Belgrano 4 &#8211; Boca 3. Fecha 8, Copa de la Liga Profesional 2023. Video: TNT Sports.<br \/>\n<\/figcaption><\/div>\n<div id=\"element-body-15\" class=\"sc-df222161-0 hNvwjb\">\n<p>Tambi\u00e9n tuvo que atravesar una <strong>lesi\u00f3n meniscal en la rodilla izquierda<\/strong> y <strong>un edema que volvi\u00f3 a frenarlo<\/strong> cuando parec\u00eda empezar a levantarse. Entre 2022 y 2024, Zeballos vivi\u00f3 <strong>una seguidilla de golpes f\u00edsicos<\/strong> que <strong>lo alejaron del nivel que hab\u00eda mostrado<\/strong> en sus primeros pasos.<\/p>\n<\/div>\n<p><h2><strong>Su reivindicaci\u00f3n y figura total en el supercl\u00e1sico<\/strong><\/h2>\n<\/p>\n<div id=\"element-body-17\" class=\"sc-df222161-0 hNvwjb\">\n<p><strong>La reivindicaci\u00f3n lleg\u00f3 en 2025<\/strong>. Con <strong>m\u00e1s potencia, m\u00e1s f\u00edsico y otra madurez<\/strong>, el Changuito empez\u00f3 a transformarse en Chango. <strong>Goles, desbordes, mejores ingresos y una confianza renovada<\/strong> le permitieron <strong>volver a meterse en la pelea por un lugar<\/strong>.<\/p>\n<\/div>\n<div id=\"element-body-19\" class=\"sc-df222161-0 hNvwjb\">\n<p>El punto m\u00e1s alto fue ante River, claro. En su primera titularidad en un supercl\u00e1sico y nada menos que en la Bombonera, <strong>Zeballos fue la gran figura<\/strong>: desbord\u00f3, desequilibr\u00f3, <strong>particip\u00f3 en jugadas clave<\/strong>, festej\u00f3 de cara a la gente, termin\u00f3 emocionado al salir reemplazado y festej\u00f3 en andas de sus compa\u00f1eros. Una tarde que pareci\u00f3 cerrar una herida.<\/p>\n<\/div>\n<div id=\"element-body-21\" class=\"sc-df222161-0 hNvwjb\">\n<p>En ese camino tambi\u00e9n fue clave el <strong>respaldo de referentes como Paredes, Edinson Cavani y Ander Herrera<\/strong>. El propio Chango reconoci\u00f3 el apoyo del capit\u00e1n: cont\u00f3 que <strong>Paredes le dio confianza, cari\u00f1o y el empuj\u00f3n que necesitaba para volver a sentirse importante<\/strong>.<\/p>\n<\/div>\n<div class=\"sc-c0843421-0 iNysjD image-embed\" id=\"element-body-22\"><img alt=\"Zeballos y su punto m\u00e1s alto, figura total ante River en la Bombonera. (Foto Marcelo Carroll)\" loading=\"lazy\" width=\"720\" height=\"100\" decoding=\"async\" data-nimg=\"1\" style=\"color:transparent\" src=\"https:\/\/fmamiga909.com.ar\/wp-content\/uploads\/2026\/08\/f8XhMssVh_720x0__1.jpg\"\/><span class=\"epigraphe\">Zeballos y su punto m\u00e1s alto, figura total ante River en la Bombonera. (Foto Marcelo Carroll)<\/span><\/div>\n<div id=\"element-body-23\" class=\"sc-df222161-0 hNvwjb\">\n<p>Por eso, su salida deja una sensaci\u00f3n extra\u00f1a. <strong>Boca vende a un jugador<\/strong> que <strong>sufri\u00f3 mucho<\/strong>, que <strong>tuvo que reinventarse<\/strong> y que reci\u00e9n <strong>en el tramo final volvi\u00f3 a mostrar parte de todo lo que promet\u00eda<\/strong>. El Changuito que apareci\u00f3 como joya, cay\u00f3 varias veces y se levant\u00f3 como Chango, ahora <strong>seguir\u00e1 su carrera en Italia<\/strong>.<\/p>\n<\/div>\n<div class=\"sc-c0843421-0 iNysjD image-embed\" id=\"element-body-24\"><img alt=\"Paredes, una figura clave dentro del gran 2025 de Zeballos. (Prensa Boca)\" loading=\"lazy\" width=\"720\" height=\"100\" decoding=\"async\" data-nimg=\"1\" style=\"color:transparent\" src=\"https:\/\/fmamiga909.com.ar\/wp-content\/uploads\/2026\/08\/3bPSYvSnz_720x0__1.jpg\"\/><span class=\"epigraphe\">Paredes, una figura clave dentro del gran 2025 de Zeballos. (Prensa Boca)<\/span><\/div>\n<div id=\"element-body-25\" class=\"sc-a7166897-0 eTTZWU\"><a href=\"https:\/\/www.ole.com.ar\/boca-juniors\/refuerzo-bomba-boca-fundo-club-colores-xeneizes-hoy-productor-cafe_0_z0XY2aFFVp.html\" aria-label=\"Fue refuerzo bomba de Boca, fund\u00f3 un club con los colores xeneizes y hoy cambi\u00f3 el f\u00fatbol por la producci\u00f3n de caf\u00e9\" class=\"sc-d4f573e5-0 bUEDsN\"\/><\/p>\n<section><picture><img alt=\"Fue refuerzo bomba de Boca, fund\u00f3 un club con los colores xeneizes y hoy cambi\u00f3 el f\u00fatbol por la producci\u00f3n de caf\u00e9\" loading=\"lazy\" width=\"290\" height=\"290\" decoding=\"async\" data-nimg=\"1\" style=\"color:transparent\" src=\"https:\/\/fmamiga909.com.ar\/wp-content\/uploads\/2026\/08\/nxci9ikcU_290x290__1.jpg\"\/><\/picture>\n<p><span>Mir\u00e1 tambi\u00e9n<\/span><\/p>\n<hr\/>\n<h3>Fue refuerzo bomba de Boca, fund\u00f3 un club con los colores xeneizes y hoy cambi\u00f3 el f\u00fatbol por la producci\u00f3n de caf\u00e9<\/h3>\n<\/p>\n<\/section>\n<\/div>\n<div id=\"element-body-26\" class=\"sc-a7166897-0 eTTZWU\"><a href=\"https:\/\/www.ole.com.ar\/boca-juniors\/viaje-xl-boca-cordoba-mendoza-rodolfo-arruabarrena-lesionados_0_ZLcGg7k4yT.html\" aria-label=\"El viaje XL que afronta Boca y las decisiones clave de Arruabarrena con los lesionados\" class=\"sc-d4f573e5-0 bUEDsN\"\/><\/p>\n<section><picture><img alt=\"El viaje XL que afronta Boca y las decisiones clave de Arruabarrena con los lesionados\" loading=\"lazy\" width=\"290\" height=\"290\" decoding=\"async\" data-nimg=\"1\" style=\"color:transparent\" src=\"https:\/\/fmamiga909.com.ar\/wp-content\/uploads\/2026\/08\/iS2i22Ond_290x290__1.jpg\"\/><\/picture>\n<p><span>Mir\u00e1 tambi\u00e9n<\/span><\/p>\n<hr\/>\n<h3>El viaje XL que afronta Boca y las decisiones clave de Arruabarrena con los lesionados<\/h3>\n<\/p>\n<\/section>\n<\/div>\n<div id=\"element-body-27\" class=\"sc-a7166897-0 eTTZWU\"><a href=\"https:\/\/www.ole.com.ar\/boca-juniors\/changuito-zeballos-va-boca-acuerdo-total-monza-italia_0_egAJD3ShoI.html\" aria-label=\"Boca vendi\u00f3 al Changuito Zeballos al Monza de Italia: los detalles del particular acuerdo\" class=\"sc-d4f573e5-0 bUEDsN\"\/><\/p>\n<section><picture><img alt=\"Boca vendi\u00f3 al Changuito Zeballos al Monza de Italia: los detalles del particular acuerdo\" loading=\"lazy\" width=\"290\" height=\"290\" decoding=\"async\" data-nimg=\"1\" style=\"color:transparent\" src=\"https:\/\/fmamiga909.com.ar\/wp-content\/uploads\/2026\/08\/XFGdEl0kO_290x290__1.jpg\"\/><\/picture>\n<p><span>Mir\u00e1 tambi\u00e9n<\/span><\/p>\n<hr\/>\n<h3>Boca vendi\u00f3 al Changuito Zeballos al Monza de Italia: los detalles del particular acuerdo<\/h3>\n<\/p>\n<\/section>\n<\/div>\n<div id=\"element-body-28\" class=\"sc-a7166897-0 eTTZWU\"><a href=\"https:\/\/www.ole.com.ar\/boca-juniors\/enigmatico-mensaje-carlos-palacios-boca_0_9II38I1ywL.html\" aria-label=\"El enigm\u00e1tico mensaje de un jugador sin lugar en el Boca del Vasco\" class=\"sc-d4f573e5-0 bUEDsN\"\/><\/p>\n<section><picture><img alt=\"El enigm\u00e1tico mensaje de un jugador sin lugar en el Boca del Vasco\" loading=\"lazy\" width=\"290\" height=\"290\" decoding=\"async\" data-nimg=\"1\" style=\"color:transparent\" src=\"https:\/\/fmamiga909.com.ar\/wp-content\/uploads\/2026\/08\/1HShlnpH3_290x290__1.jpg\"\/><\/picture>\n<p><span>Mir\u00e1 tambi\u00e9n<\/span><\/p>\n<hr\/>\n<h3>El enigm\u00e1tico mensaje de un jugador sin lugar en el Boca del Vasco<\/h3>\n<\/p>\n<\/section>\n<\/div>\n<\/div>\n<p><a href=\"https:\/\/www.ole.com.ar\/boca-juniors\/boca-exequiel-zeballos-momentos-clave-boca-salida-italia_0_Wxt4OTNzjX.html\">source<\/a><\/p>\n","protected":false},"excerpt":{"rendered":"<p>Exequiel Zeballos se va de Boca. Despu\u00e9s de su llegada a los 13 a\u00f1os a&#8230;<\/p>\n","protected":false},"author":3,"featured_media":49207,"comment_status":"closed","ping_status":"closed","sticky":false,"template":"","format":"standard","meta":{"footnotes":""},"categories":[21],"tags":[],"class_list":["post-49206","post","type-post","status-publish","format-standard","has-post-thumbnail","hentry","category-deportes"],"featured_image_urls":{"full":["https:\/\/fmamiga909.com.ar\/wp-content\/uploads\/2026\/08\/wp-header-logo-610.png",720,888,false],"thumbnail":["https:\/\/fmamiga909.com.ar\/wp-content\/uploads\/2026\/08\/wp-header-logo-610-150x150.png",150,150,true],"medium":["https:\/\/fmamiga909.com.ar\/wp-content\/uploads\/2026\/08\/wp-header-logo-610-243x300.png",243,300,true],"medium_large":["https:\/\/fmamiga909.com.ar\/wp-content\/uploads\/2026\/08\/wp-header-logo-610.png",720,888,false],"large":["https:\/\/fmamiga909.com.ar\/wp-content\/uploads\/2026\/08\/wp-header-logo-610.png",640,789,false],"1536x1536":["https:\/\/fmamiga909.com.ar\/wp-content\/uploads\/2026\/08\/wp-header-logo-610.png",720,888,false],"2048x2048":["https:\/\/fmamiga909.com.ar\/wp-content\/uploads\/2026\/08\/wp-header-logo-610.png",720,888,false],"newsium-slider-full":["https:\/\/fmamiga909.com.ar\/wp-content\/uploads\/2026\/08\/wp-header-logo-610-720x845.png",720,845,true],"newsium-featured":["https:\/\/fmamiga909.com.ar\/wp-content\/uploads\/2026\/08\/wp-header-logo-610.png",720,888,false],"newsium-medium":["https:\/\/fmamiga909.com.ar\/wp-content\/uploads\/2026\/08\/wp-header-logo-610-720x475.png",720,475,true]},"author_info":{"display_name":"Fredy Giuliano","author_link":"https:\/\/fmamiga909.com.ar\/?author=3"},"category_info":"<a href=\"https:\/\/fmamiga909.com.ar\/?cat=21\" rel=\"category\">Deportes<\/a>","tag_info":"Deportes","comment_count":"0","_links":{"self":[{"href":"https:\/\/fmamiga909.com.ar\/index.php?rest_route=\/wp\/v2\/posts\/49206","targetHints":{"allow":["GET"]}}],"collection":[{"href":"https:\/\/fmamiga909.com.ar\/index.php?rest_route=\/wp\/v2\/posts"}],"about":[{"href":"https:\/\/fmamiga909.com.ar\/index.php?rest_route=\/wp\/v2\/types\/post"}],"author":[{"embeddable":true,"href":"https:\/\/fmamiga909.com.ar\/index.php?rest_route=\/wp\/v2\/users\/3"}],"replies":[{"embeddable":true,"href":"https:\/\/fmamiga909.com.ar\/index.php?rest_route=%2Fwp%2Fv2%2Fcomments&post=49206"}],"version-history":[{"count":0,"href":"https:\/\/fmamiga909.com.ar\/index.php?rest_route=\/wp\/v2\/posts\/49206\/revisions"}],"wp:featuredmedia":[{"embeddable":true,"href":"https:\/\/fmamiga909.com.ar\/index.php?rest_route=\/wp\/v2\/media\/49207"}],"wp:attachment":[{"href":"https:\/\/fmamiga909.com.ar\/index.php?rest_route=%2Fwp%2Fv2%2Fmedia&parent=49206"}],"wp:term":[{"taxonomy":"category","embeddable":true,"href":"https:\/\/fmamiga909.com.ar\/index.php?rest_route=%2Fwp%2Fv2%2Fcategories&post=49206"},{"taxonomy":"post_tag","embeddable":true,"href":"https:\/\/fmamiga909.com.ar\/index.php?rest_route=%2Fwp%2Fv2%2Ftags&post=49206"}],"curies":[{"name":"wp","href":"https:\/\/api.w.org\/{rel}","templated":true}]}}