{"id":49216,"date":"2026-08-31T16:37:41","date_gmt":"2026-08-31T16:37:41","guid":{"rendered":"https:\/\/fmamiga909.com.ar\/?p=49216"},"modified":"2026-08-31T16:37:41","modified_gmt":"2026-08-31T16:37:41","slug":"milei-acelero-por-la-formula-1-queremos-ver-a-colapinto-en-el-pais","status":"publish","type":"post","link":"https:\/\/fmamiga909.com.ar\/?p=49216","title":{"rendered":"Milei aceler\u00f3 por la F\u00f3rmula 1: \u201cQueremos ver a Colapinto en el pa\u00eds\u201d"},"content":{"rendered":"<div id=\"storyBody\">\n<div id=\"element-body-0\" class=\"sc-df222161-0 hNvwjb\">\n<p><strong><a href=\"https:\/\/www.ole.com.ar\/tema\/javier-milei.html\" title=\"Javier Milei\" alt=\"Javier Milei\" class=\"slug\">Javier Milei<\/a><\/strong> tom\u00f3 el micr\u00f3fono, mir\u00f3 hacia adelante y habl\u00f3 de automovilismo, de la Argentina, de pol\u00edtica y, sobre todo, de un viejo sue\u00f1o que se busca convertir en realidad: que la <strong><a href=\"https:\/\/www.ole.com.ar\/tema\/formula-1.html\" title=\"F\u00f3rmula 1\" alt=\"F\u00f3rmula 1\" class=\"slug\">F\u00f3rmula 1<\/a> <\/strong> vuelva a correr en el pa\u00eds. Y cerr\u00f3 con una frase que tuvo un destinatario evidente: <strong>\u201cQueremos ver a Colapinto en el pa\u00eds\u201d<\/strong>.<\/p>\n<\/div>\n<div id=\"element-body-1\" class=\"sc-df222161-0 hNvwjb\">\n<p><strong>El Presidente inaugur\u00f3 este lunes el Congreso Americano de la FIA (Federaci\u00f3n Internacional del Autom\u00f3vil)<\/strong>, que se realiza en Buenos Aires, y aprovech\u00f3 la presencia de las principales autoridades del automovilismo continental y mundial para <strong>insistir con el regreso de la M\u00e1xima a la Argentina<\/strong>, ausente del calendario desde 1998.<\/p>\n<\/div>\n<div id=\"element-body-2\" class=\"sc-df222161-0 hNvwjb\">\n<p>Milei, en su discurso de nueve minutos, destac\u00f3 la historia argentina en el automovilismo y puso el acento en el momento actual, con <strong>un piloto argentino nuevamente instalado en la F\u00f3rmula 1<\/strong> y con las <strong>obras del <a href=\"https:\/\/www.ole.com.ar\/tema\/autodromo-oscar-y-juan-galvez.html\" title=\"Aut\u00f3dromo Oscar y Juan G\u00e1lvez\" alt=\"Aut\u00f3dromo Oscar y Juan G\u00e1lvez\" class=\"slug\">Aut\u00f3dromo Oscar y Juan G\u00e1lvez<\/a> avanzando para adaptarlo a los est\u00e1ndares internacionales<\/strong>.<\/p>\n<\/div>\n<div class=\"sc-c0843421-0 iNysjD image-embed\" id=\"element-body-3\"><img alt=\"Javier Milei durante su discurso (MAxi Failla).\" loading=\"lazy\" width=\"720\" height=\"100\" decoding=\"async\" data-nimg=\"1\" style=\"color:transparent\" src=\"https:\/\/fmamiga909.com.ar\/wp-content\/uploads\/2026\/08\/uFsu6d9cs_720x0__1.jpg\"\/><span class=\"epigraphe\">Javier Milei durante su discurso (MAxi Failla).<\/span><\/div>\n<div id=\"element-body-4\" class=\"sc-df222161-0 hNvwjb\">\n<p>El Presidente comenz\u00f3 destacando al ACA y a los hist\u00f3ricos pilotos argentinos que pasaron por la F1: Juan Manual Fangio, Jos\u00e9 Froil\u00e1n Gonz\u00e1lez, Carlos Reutemann y el actual, Franco Colapinto. En un discurso que tambi\u00e9n tuvo su tinte pol\u00edtico habl\u00f3 de que \u00abel privado, cuando se organiza, resuleve lo que el Estado no puede resolver\u00bb y se meti\u00f3 en el tema de la reducci\u00f3n de los arancelamientos de los cero kil\u00f3metros en el pa\u00eds, rutas, entre otros temas. <\/p>\n<\/div>\n<div id=\"element-body-5\" class=\"sc-df222161-0 hNvwjb\">\n<p><strong>Pero cuando aput\u00f3 al tema que m\u00e1s esperan los fierreros&#8230; \u201cArgentina est\u00e1 preparada para recibir a la F\u00f3rmula 1\u201d<\/strong>, sostuvo el mandatario, en un mensaje que se inscribe en las <strong>gestiones que buscan que Buenos Aires vuelva a tener un Gran Premio<\/strong>. El Gobierno y la Ciudad trabajan con la mira puesta en una eventual fecha a partir de 2027, mientras el <strong>G\u00e1lvez avanza con las obras necesarias para aspirar a la homologaci\u00f3n y, luego, la elecci\u00f3n para ser sede en el 2028. Y, si por la coyuntura internacional as\u00ed lo necesita, incluso en el 2027<\/strong>.<\/p>\n<\/div>\n<div class=\"sc-c0843421-0 iNysjD image-embed\" id=\"element-body-6\"><img alt=\"Franco Colapinto, tras la confirmaci\u00f3n de que ser\u00e1 piloto de Alpine en 2027.\" loading=\"lazy\" width=\"720\" height=\"100\" decoding=\"async\" data-nimg=\"1\" style=\"color:transparent\" src=\"https:\/\/fmamiga909.com.ar\/wp-content\/uploads\/2026\/08\/L2RA_gi54_720x0__1.jpg\"\/><span class=\"epigraphe\">Franco Colapinto, tras la confirmaci\u00f3n de que ser\u00e1 piloto de Alpine en 2027.<\/span><\/div>\n<div id=\"element-body-7\" class=\"sc-df222161-0 hNvwjb\">\n<p>Pese a la ausencia de la M\u00e1xima ya de 28 a\u00f1os, Milei expresi\u00f3 que el pa\u00eds \u00abnunca dej\u00f3 de amar este deporte. Lo \u00fanico que falta es que el mundo volviera a mirarnos como sede de la m\u00e1xima competici\u00f3n del automovilismo. Por eso me animo a so\u00f1ar conmigo, la Argentina que vuelve a ser sede de la FIA es la misma Argentina que tiene todas las condiciones de recibir a la F\u00f3rmula 1 y al Rally Mundial en su calendario\u00bb. <\/p>\n<\/div>\n<div id=\"element-body-8\" class=\"sc-df222161-0 hNvwjb\">\n<p>\u00abEs momento de acelerar a toda m\u00e1quina en esta direcci\u00f3n\u00bb, agreg\u00f3. Y entonces lleg\u00f3 el remate, el que probablemente m\u00e1s esperaba el mundo fierrero argentino: <strong>\u201cQueremos ver a Colapinto en el pa\u00eds\u201d<\/strong>.<\/p>\n<\/div>\n<div class=\"sc-c0843421-0 iNysjD image-embed\" id=\"element-body-9\"><img alt=\"Mohammed Ben Sulayem, presidente de la FIA, est\u00e1 en el congreso.\" loading=\"lazy\" width=\"720\" height=\"100\" decoding=\"async\" data-nimg=\"1\" style=\"color:transparent\" src=\"https:\/\/fmamiga909.com.ar\/wp-content\/uploads\/2026\/08\/7AdK-1u6v_720x0__1.jpg\"\/><span class=\"epigraphe\">Mohammed Ben Sulayem, presidente de la FIA, est\u00e1 en el congreso.<\/span><\/div>\n<div id=\"element-body-10\" class=\"sc-df222161-0 hNvwjb\">\n<p>La frase tiene un peso especial porque <strong>Franco Colapinto<\/strong> no s\u00f3lo es hoy el <strong>representante argentino en la F\u00f3rmula 1<\/strong>, sino tambi\u00e9n uno de los principales argumentos que aparecen en las <strong>gestiones para recuperar el Gran Premio<\/strong>. Su <strong>continuidad con Alpine para 2027<\/strong> potenci\u00f3 todav\u00eda m\u00e1s el <strong>inter\u00e9s argentino por volver a tener una fecha de la categor\u00eda<\/strong>.<\/p>\n<\/div>\n<p><h2>El aplauso de Ben Sulayem<\/h2>\n<\/p>\n<div id=\"element-body-12\" class=\"sc-df222161-0 hNvwjb\">\n<p>Al finalizar el discurso, Milei qued\u00f3 sentado en la mesa principal junto a su hermana Karina Milei y el canciller Pablo Quirno. Tambi\u00e9n estaba all\u00ed el emirat\u00ed <strong>Mohammed Ben Sulayem<\/strong>, <strong>presidente de la FIA y una de las figuras centrales para cualquier negociaci\u00f3n relacionada con el regreso de la F\u00f3rmula 1, aunque es cierto que el dinero se arregla con Liberty, la comercializadora de la M\u00e1xima<\/strong>.<\/p>\n<\/div>\n<div id=\"element-body-13\" class=\"sc-df222161-0 hNvwjb\">\n<p>Y hubo un gesto que no pas\u00f3 inadvertido: Ben Sulayem fue uno de los primeros en <strong>ponerse de pie y aplaudir al Presidente<\/strong> cuando termin\u00f3 su discurso.<\/p>\n<\/div>\n<div class=\"sc-c0843421-0 iNysjD image-embed\" id=\"element-body-14\"><img alt=\"As\u00ed se ven las obras del Aut\u00f3dromo Oscar y Juan G\u00e1lvez.\" loading=\"lazy\" width=\"720\" height=\"100\" decoding=\"async\" data-nimg=\"1\" style=\"color:transparent\" src=\"https:\/\/fmamiga909.com.ar\/wp-content\/uploads\/2026\/08\/KmSPGvGWS_720x0__1.jpg\"\/><span class=\"epigraphe\">As\u00ed se ven las obras del Aut\u00f3dromo Oscar y Juan G\u00e1lvez.<\/span><\/div>\n<div id=\"element-body-15\" class=\"sc-df222161-0 hNvwjb\">\n<p>El titular de la FIA hab\u00eda <strong>agradecido previamente la participaci\u00f3n de Milei<\/strong> y destac\u00f3 que <strong>el Congreso re\u00fane a la comunidad del automovilismo y la movilidad de las Am\u00e9ricas<\/strong> para <strong>analizar los desaf\u00edos y oportunidades del sector<\/strong>.<\/p>\n<\/div>\n<div id=\"element-body-16\" class=\"sc-df222161-0 hNvwjb\">\n<p>El encuentro no est\u00e1 dedicado exclusivamente a la F\u00f3rmula 1, pero la M\u00e1xima sobrevuela inevitablemente cada conversaci\u00f3n. <strong>Argentina busca volver a entrar en el calendario<\/strong> y la <strong>presencia de Colapinto<\/strong>, el <strong>avance de las obras del G\u00e1lvez<\/strong> y el <strong>respaldo pol\u00edtico<\/strong> se combinan para darle fuerza a esa candidatura.<\/p>\n<\/div>\n<p><h2>De qu\u00e9 se trata el Congreso Americano de la FIA<\/h2>\n<\/p>\n<div id=\"element-body-18\" class=\"sc-df222161-0 hNvwjb\">\n<p>El <strong>Congreso Americano de la FIA<\/strong> se desarrolla en <strong>Buenos Aires de sde este lunes 31 de agosto al 2 de septiembre<\/strong> y re\u00fane a representantes de <strong>32 clubes miembros de la FIA<\/strong> de <strong>Am\u00e9rica del Norte, Centroam\u00e9rica, Sudam\u00e9rica y el Caribe<\/strong>. Es la segunda de las cuatro reuniones regionales que el organismo realiza en 2026.<\/p>\n<\/div>\n<div id=\"element-body-19\" class=\"sc-df222161-0 hNvwjb\">\n<p>Durante tres jornadas <strong>se debaten cuestiones vinculadas al automovilismo y la movilidad<\/strong>, entre ellas <strong>seguridad en las competencias<\/strong>, <strong>formaci\u00f3n de nuevos talentos<\/strong>, <strong>innovaci\u00f3n tecnol\u00f3gica<\/strong>, <strong>movilidad sostenible<\/strong> e <strong>infraestructura vial<\/strong>. Tambi\u00e9n se realizan <strong>reuniones entre autoridades y representantes de los clubes<\/strong> para <strong>impulsar proyectos y cooperaci\u00f3n regional<\/strong>.<\/p>\n<\/div>\n<div id=\"element-body-20\" class=\"sc-df222161-0 hNvwjb\">\n<p>Esta vez, adem\u00e1s, el escenario tiene un atractivo extra para la Argentina: mientras <strong>la FIA debate el futuro del automovilismo en Am\u00e9rica<\/strong>, <strong>el pa\u00eds intenta volver a formar parte del calendario m\u00e1s importante del mundo<\/strong>.<\/p>\n<\/div>\n<div id=\"element-body-21\" class=\"sc-df222161-0 hNvwjb\">\n<p>Y Milei ya dej\u00f3 claro cu\u00e1l es el deseo: <strong>\u201cQueremos ver a Colapinto en el pa\u00eds\u201d<\/strong>.<\/p>\n<\/div>\n<div id=\"element-body-22\" class=\"sc-a7166897-0 eTTZWU\"><a href=\"https:\/\/www.ole.com.ar\/autos\/presidente-fia-mohammed-ben-sulayem-congreso-argentina_0_qi0oQ17JbV.html\" aria-label=\"El presidente de la FIA vendr\u00e1 a un congreso en Argentina y anticip\u00f3: &quot;Cuando est\u00e9n listos, estaremos listos&quot;\" class=\"sc-d4f573e5-0 bUEDsN\"\/><\/p>\n<section><picture><img alt=\"El presidente de la FIA vendr\u00e1 a un congreso en Argentina y anticip\u00f3: &quot;Cuando est\u00e9n listos, estaremos listos&quot;\" loading=\"lazy\" width=\"290\" height=\"290\" decoding=\"async\" data-nimg=\"1\" style=\"color:transparent\" src=\"https:\/\/fmamiga909.com.ar\/wp-content\/uploads\/2026\/08\/Q3NUMqKsP_290x290__1.jpg\"\/><\/picture>\n<p><span>Mir\u00e1 tambi\u00e9n<\/span><\/p>\n<hr\/>\n<h3>El presidente de la FIA vendr\u00e1 a un congreso en Argentina y anticip\u00f3: \u00abCuando est\u00e9n listos, estaremos listos\u00bb<\/h3>\n<\/p>\n<\/section>\n<\/div>\n<div id=\"element-body-23\" class=\"sc-a7166897-0 eTTZWU\"><a href=\"https:\/\/www.ole.com.ar\/autos\/marco-morelli-podio-argentina-moto3-motogp-valentin-perrone-aragon_0_pqZsGKc8u4.html\" aria-label=\"Morelli le dio otro podio a Argentina en Moto3: fue 3\u00b0 en el GP de Arag\u00f3n\" class=\"sc-d4f573e5-0 bUEDsN\"\/><\/p>\n<section><picture><img alt=\"Morelli le dio otro podio a Argentina en Moto3: fue 3\u00b0 en el GP de Arag\u00f3n\" loading=\"lazy\" width=\"290\" height=\"290\" decoding=\"async\" data-nimg=\"1\" style=\"color:transparent\" src=\"https:\/\/fmamiga909.com.ar\/wp-content\/uploads\/2026\/08\/OaUdqjT3y_290x290__1.jpg\"\/><\/picture>\n<p><span>Mir\u00e1 tambi\u00e9n<\/span><\/p>\n<hr\/>\n<h3>Morelli le dio otro podio a Argentina en Moto3: fue 3\u00b0 en el GP de Arag\u00f3n<\/h3>\n<\/p>\n<\/section>\n<\/div>\n<div id=\"element-body-24\" class=\"sc-a7166897-0 eTTZWU\"><a href=\"https:\/\/www.ole.com.ar\/autos\/ferrari-homenaje-especial-schumacher-proximo-gp-monzaformula1_0_x0P16Dej9S.html\" aria-label=\"Ferrari y un homenaje especial a Michael Schumacher para el pr\u00f3ximo GP de Monza\" class=\"sc-d4f573e5-0 bUEDsN\"\/><\/p>\n<section><picture><img alt=\"Ferrari y un homenaje especial a Michael Schumacher para el pr\u00f3ximo GP de Monza\" loading=\"lazy\" width=\"290\" height=\"290\" decoding=\"async\" data-nimg=\"1\" style=\"color:transparent\" src=\"https:\/\/fmamiga909.com.ar\/wp-content\/uploads\/2026\/08\/-NdF_xnKq_290x290__1.jpg\"\/><\/picture>\n<p><span>Mir\u00e1 tambi\u00e9n<\/span><\/p>\n<hr\/>\n<h3>Ferrari y un homenaje especial a Michael Schumacher para el pr\u00f3ximo GP de Monza<\/h3>\n<\/p>\n<\/section>\n<\/div>\n<div id=\"element-body-25\" class=\"sc-a7166897-0 eTTZWU\"><a href=\"https:\/\/www.ole.com.ar\/autos\/renovacion-franco-colapinto-alpine-quedo-parrila-formula-f1-2027_0_jN3Ev9T9cm.html\" aria-label=\"Tras la renovaci\u00f3n de Colapinto con Alpine, c\u00f3mo qued\u00f3 la parrilla de la F1 para 2027\" class=\"sc-d4f573e5-0 bUEDsN\"\/><\/p>\n<section><picture><img alt=\"Tras la renovaci\u00f3n de Colapinto con Alpine, c\u00f3mo qued\u00f3 la parrilla de la F1 para 2027\" loading=\"lazy\" width=\"290\" height=\"290\" decoding=\"async\" data-nimg=\"1\" style=\"color:transparent\" src=\"https:\/\/fmamiga909.com.ar\/wp-content\/uploads\/2026\/08\/BgD9SRDyv_290x290__1.jpg\"\/><\/picture>\n<p><span>Mir\u00e1 tambi\u00e9n<\/span><\/p>\n<hr\/>\n<h3>Tras la renovaci\u00f3n de Colapinto con Alpine, c\u00f3mo qued\u00f3 la parrilla de la F1 para 2027<\/h3>\n<\/p>\n<\/section>\n<\/div>\n<\/div>\n<p><a href=\"https:\/\/www.ole.com.ar\/autos\/milei-congreso-fia-discurso-formula-1-argentina-colapinto_0_D3ZFL6aAmG.html\">source<\/a><\/p>\n","protected":false},"excerpt":{"rendered":"<p>Javier Milei tom\u00f3 el micr\u00f3fono, mir\u00f3 hacia adelante y habl\u00f3 de automovilismo, de la Argentina,&#8230;<\/p>\n","protected":false},"author":3,"featured_media":49217,"comment_status":"closed","ping_status":"closed","sticky":false,"template":"","format":"standard","meta":{"footnotes":""},"categories":[21],"tags":[],"class_list":["post-49216","post","type-post","status-publish","format-standard","has-post-thumbnail","hentry","category-deportes"],"featured_image_urls":{"full":["https:\/\/fmamiga909.com.ar\/wp-content\/uploads\/2026\/08\/wp-header-logo-611.png",720,480,false],"thumbnail":["https:\/\/fmamiga909.com.ar\/wp-content\/uploads\/2026\/08\/wp-header-logo-611-150x150.png",150,150,true],"medium":["https:\/\/fmamiga909.com.ar\/wp-content\/uploads\/2026\/08\/wp-header-logo-611-300x200.png",300,200,true],"medium_large":["https:\/\/fmamiga909.com.ar\/wp-content\/uploads\/2026\/08\/wp-header-logo-611.png",720,480,false],"large":["https:\/\/fmamiga909.com.ar\/wp-content\/uploads\/2026\/08\/wp-header-logo-611.png",640,427,false],"1536x1536":["https:\/\/fmamiga909.com.ar\/wp-content\/uploads\/2026\/08\/wp-header-logo-611.png",720,480,false],"2048x2048":["https:\/\/fmamiga909.com.ar\/wp-content\/uploads\/2026\/08\/wp-header-logo-611.png",720,480,false],"newsium-slider-full":["https:\/\/fmamiga909.com.ar\/wp-content\/uploads\/2026\/08\/wp-header-logo-611.png",720,480,false],"newsium-featured":["https:\/\/fmamiga909.com.ar\/wp-content\/uploads\/2026\/08\/wp-header-logo-611.png",720,480,false],"newsium-medium":["https:\/\/fmamiga909.com.ar\/wp-content\/uploads\/2026\/08\/wp-header-logo-611-720x475.png",720,475,true]},"author_info":{"display_name":"Fredy Giuliano","author_link":"https:\/\/fmamiga909.com.ar\/?author=3"},"category_info":"<a href=\"https:\/\/fmamiga909.com.ar\/?cat=21\" rel=\"category\">Deportes<\/a>","tag_info":"Deportes","comment_count":"0","_links":{"self":[{"href":"https:\/\/fmamiga909.com.ar\/index.php?rest_route=\/wp\/v2\/posts\/49216","targetHints":{"allow":["GET"]}}],"collection":[{"href":"https:\/\/fmamiga909.com.ar\/index.php?rest_route=\/wp\/v2\/posts"}],"about":[{"href":"https:\/\/fmamiga909.com.ar\/index.php?rest_route=\/wp\/v2\/types\/post"}],"author":[{"embeddable":true,"href":"https:\/\/fmamiga909.com.ar\/index.php?rest_route=\/wp\/v2\/users\/3"}],"replies":[{"embeddable":true,"href":"https:\/\/fmamiga909.com.ar\/index.php?rest_route=%2Fwp%2Fv2%2Fcomments&post=49216"}],"version-history":[{"count":0,"href":"https:\/\/fmamiga909.com.ar\/index.php?rest_route=\/wp\/v2\/posts\/49216\/revisions"}],"wp:featuredmedia":[{"embeddable":true,"href":"https:\/\/fmamiga909.com.ar\/index.php?rest_route=\/wp\/v2\/media\/49217"}],"wp:attachment":[{"href":"https:\/\/fmamiga909.com.ar\/index.php?rest_route=%2Fwp%2Fv2%2Fmedia&parent=49216"}],"wp:term":[{"taxonomy":"category","embeddable":true,"href":"https:\/\/fmamiga909.com.ar\/index.php?rest_route=%2Fwp%2Fv2%2Fcategories&post=49216"},{"taxonomy":"post_tag","embeddable":true,"href":"https:\/\/fmamiga909.com.ar\/index.php?rest_route=%2Fwp%2Fv2%2Ftags&post=49216"}],"curies":[{"name":"wp","href":"https:\/\/api.w.org\/{rel}","templated":true}]}}