{"id":49240,"date":"2026-08-31T16:53:50","date_gmt":"2026-08-31T16:53:50","guid":{"rendered":"https:\/\/fmamiga909.com.ar\/?p=49240"},"modified":"2026-08-31T16:53:50","modified_gmt":"2026-08-31T16:53:50","slug":"el-asterisco-del-comunicado-de-messi-que-explica-en-12-palabras-la-verdad-de-su-retiro-de-la-seleccion","status":"publish","type":"post","link":"https:\/\/fmamiga909.com.ar\/?p=49240","title":{"rendered":"El asterisco del comunicado de Messi que explica en 12 palabras la verdad de su retiro de la Selecci\u00f3n"},"content":{"rendered":"<div id=\"storyBody\">\n<div id=\"element-body-0\" class=\"sc-df222161-0 hNvwjb\">\n<p><strong><a href=\"https:\/\/www.ole.com.ar\/tema\/lionel-messi.html\" title=\"Lionel Messi\" alt=\"Lionel Messi\" class=\"slug\">Lionel Messi<\/a><\/strong> ya lo hab\u00eda decidido. No fue una determinaci\u00f3n que tom\u00f3 en las \u00faltimas horas, despu\u00e9s de anunciar p\u00fablicamente su retiro de la <strong><a href=\"https:\/\/www.ole.com.ar\/tema\/seleccion-argentina.html\" title=\"Selecci\u00f3n Argentina\" alt=\"Selecci\u00f3n Argentina\" class=\"slug\"> Selecci\u00f3n Argentina<\/a><\/strong>. La decisi\u00f3n estaba madurando desde hac\u00eda tiempo y, de hecho, <strong>Leo ya hab\u00eda escrito su despedida dos d\u00edas despu\u00e9s de la final.<\/strong><\/p>\n<\/div>\n<div id=\"element-body-1\" class=\"sc-df222161-0 hNvwjb\">\n<p>El propio Messi lo revel\u00f3 al final de la carta con la que este lunes confirm\u00f3 que no volver\u00e1 a vestir la camiseta argentina. \u201cEstas palabras las escrib\u00ed el 21 de julio, dos d\u00edas despu\u00e9s de la final\u201d, cont\u00f3. Y entonces apareci\u00f3 la frase que termin\u00f3 de explicar el momento elegido para cerrar una historia de m\u00e1s de dos d\u00e9cadas: <strong>\u00abHoy, despu\u00e9s de lo de mi pap\u00e1, estoy m\u00e1s convencido que antes\u201d.<\/strong><\/p>\n<\/div>\n<div id=\"element-body-2\" class=\"sc-df222161-0 hNvwjb\">\n<p>Ah\u00ed est\u00e1 la clave. <strong>Messi no tom\u00f3 la decisi\u00f3n de retirarse por la muerte de Jorge. La hab\u00eda tomado antes. Pero la p\u00e9rdida de su padre termin\u00f3 de convencerlo.<\/strong><\/p>\n<\/div>\n<div id=\"element-body-3\" class=\"sc-df222161-0 hNvwjb\">\n<p><strong>Jorge Messi fue mucho m\u00e1s que su representante. Fue una figura central en la vida de Leo<\/strong> desde sus primeros pasos en el f\u00fatbol, cuando aquel chico de Rosario comenz\u00f3 a so\u00f1ar con una carrera que terminar\u00eda llev\u00e1ndolo a Barcelona, a la Selecci\u00f3n y a convertirse en campe\u00f3n del mundo.<\/p>\n<\/div>\n<div class=\"sc-c0843421-0 iNysjD image-embed\" id=\"element-body-4\"><img alt=\"La carta de Messi para anunciar su retiro de la Selecci\u00f3n (IG Lionel Messi).\" loading=\"lazy\" width=\"720\" height=\"100\" decoding=\"async\" data-nimg=\"1\" style=\"color:transparent\" src=\"https:\/\/fmamiga909.com.ar\/wp-content\/uploads\/2026\/08\/1788195229_419_zAK6KKSKn_720x0__1.jpg\"\/><span class=\"epigraphe\">La carta de Messi para anunciar su retiro de la Selecci\u00f3n (IG Lionel Messi).<\/span><\/div>\n<div id=\"element-body-5\" class=\"sc-df222161-0 hNvwjb\">\n<p>Por eso, <strong>esa \u00faltima aclaraci\u00f3n de la carta adquiere una dimensi\u00f3n especial<\/strong>. Entre aquel 21 de julio y este lunes ocurri\u00f3 un hecho que cambi\u00f3 todo para Messi en el plano personal: la muerte de su pap\u00e1.<\/p>\n<\/div>\n<div id=\"element-body-6\" class=\"sc-df222161-0 hNvwjb\">\n<p>Despu\u00e9s de la final, Messi sinti\u00f3 que su ciclo con la Selecci\u00f3n hab\u00eda llegado a su fin. Hab\u00eda ganado todo: la Copa Am\u00e9rica, la Finalissima y el Mundial. Tambi\u00e9n hab\u00eda atravesado derrotas, frustraciones y momentos en los que estuvo cerca de abandonar. Pero despu\u00e9s de tocar la gloria, entendi\u00f3 que pod\u00eda ser el momento de dejar lugar a una nueva generaci\u00f3n.<\/p>\n<\/div>\n<div id=\"element-body-7\" class=\"sc-df222161-0 hNvwjb\">\n<p><strong>\u201cMe vaci\u00e9, ya no tengo m\u00e1s para dar\u201d<\/strong>, escribi\u00f3. Y tambi\u00e9n habl\u00f3 de las etapas que se van cerrando. Una frase que, le\u00edda ahora junto con esa aclaraci\u00f3n final, cobra todav\u00eda m\u00e1s fuerza.<\/p>\n<\/div>\n<div id=\"element-body-8\" class=\"sc-df222161-0 hNvwjb\">\n<p>La decisi\u00f3n hab\u00eda nacido despu\u00e9s de la final. La muerte de Jorge no la provoc\u00f3: la termin\u00f3 de confirmar. Quiz\u00e1s por eso Messi eligi\u00f3 contar ese detalle. Porque <strong>detr\u00e1s del anuncio futbol\u00edstico hay tambi\u00e9n una decisi\u00f3n profundamente personal<\/strong>. La Selecci\u00f3n fue una parte enorme de su vida, pero tambi\u00e9n lo fue su familia. Y Jorge estuvo all\u00ed durante todo ese recorrido.<\/p>\n<\/div>\n<div class=\"sc-c0843421-0 iNysjD image-embed\" id=\"element-body-9\"><img alt=\"FILE - Argentina's Lionel Messi celebrates with the trophy in front of fans after winning the World Cup final soccer match between Argentina and France at the Lusail Stadium in Lusail, Qatar, Dec. 18, 2022. Argentina won 4-2 in a penalty shootout after the match ended tied 3-3. (AP Photo\/Martin Meissner, File)\" loading=\"lazy\" width=\"720\" height=\"100\" decoding=\"async\" data-nimg=\"1\" style=\"color:transparent\" src=\"https:\/\/fmamiga909.com.ar\/wp-content\/uploads\/2026\/08\/onfw3yShU_720x0__1.jpg\"\/><span class=\"epigraphe\">FILE &#8211; Argentina&#8217;s Lionel Messi celebrates with the trophy in front of fans after winning the World Cup final soccer match between Argentina and France at the Lusail Stadium in Lusail, Qatar, Dec. 18, 2022. Argentina won 4-2 in a penalty shootout after the match ended tied 3-3. (AP Photo\/Martin Meissner, File)<\/span><\/div>\n<div id=\"element-body-10\" class=\"sc-a7166897-0 eTTZWU\"><a href=\"https:\/\/www.ole.com.ar\/messi\/lionel-messi-argentina-seleccion-retiro-dijeron-mundo_0_QC7SNnCLaW.html\" aria-label=\"Qu\u00e9 dijeron en el mundo tras el retiro de Lionel Messi de la Selecci\u00f3n Argentina\" class=\"sc-d4f573e5-0 bUEDsN\"\/><\/p>\n<section><picture><img alt=\"Qu\u00e9 dijeron en el mundo tras el retiro de Lionel Messi de la Selecci\u00f3n Argentina\" loading=\"lazy\" width=\"290\" height=\"290\" decoding=\"async\" data-nimg=\"1\" style=\"color:transparent\" src=\"https:\/\/fmamiga909.com.ar\/wp-content\/uploads\/2026\/08\/1788195229_413_QppXmZ4Yq_290x290__1.jpg\"\/><\/picture>\n<p><span>Mir\u00e1 tambi\u00e9n<\/span><\/p>\n<hr\/>\n<h3>Qu\u00e9 dijeron en el mundo tras el retiro de Lionel Messi de la Selecci\u00f3n Argentina<\/h3>\n<\/p>\n<\/section>\n<\/div>\n<div id=\"element-body-11\" class=\"sc-a7166897-0 eTTZWU\"><a href=\"https:\/\/www.ole.com.ar\/messi\/lionel-messi-seleccion-argentina-retiro-carta-instagram-vacie-comunicado-posteo_0_ZofRDtcMUP.html\" aria-label=\"El mensaje de pu\u00f1o y letra de Messi para decir adi\u00f3s: &quot;Me vaci\u00e9&quot;\" class=\"sc-d4f573e5-0 bUEDsN\"\/><\/p>\n<section><picture><img alt=\"El mensaje de pu\u00f1o y letra de Messi para decir adi\u00f3s: &quot;Me vaci\u00e9&quot;\" loading=\"lazy\" width=\"290\" height=\"290\" decoding=\"async\" data-nimg=\"1\" style=\"color:transparent\" src=\"https:\/\/fmamiga909.com.ar\/wp-content\/uploads\/2026\/08\/KY6102lAC_290x290__1.jpg\"\/><\/picture>\n<p><span>Mir\u00e1 tambi\u00e9n<\/span><\/p>\n<hr\/>\n<h3>El mensaje de pu\u00f1o y letra de Messi para decir adi\u00f3s: \u00abMe vaci\u00e9\u00bb<\/h3>\n<\/p>\n<\/section>\n<\/div>\n<div id=\"element-body-12\" class=\"sc-a7166897-0 eTTZWU\"><a href=\"https:\/\/www.ole.com.ar\/seleccion\/lionel-messi-retiro-seleccion-argentina_0_Q7Uo8ybTrO.html\" aria-label=\"Gracias Leo, ser\u00e1s eterno: Messi se despidi\u00f3 de la Selecci\u00f3n\" class=\"sc-d4f573e5-0 bUEDsN\"\/><\/p>\n<section><picture><img alt=\"Gracias Leo, ser\u00e1s eterno: Messi se despidi\u00f3 de la Selecci\u00f3n\" loading=\"lazy\" width=\"290\" height=\"290\" decoding=\"async\" data-nimg=\"1\" style=\"color:transparent\" src=\"https:\/\/fmamiga909.com.ar\/wp-content\/uploads\/2026\/08\/1788195230_2_Gda5GR--0_290x290__1.jpg\"\/><\/picture>\n<p><span>Mir\u00e1 tambi\u00e9n<\/span><\/p>\n<hr\/>\n<h3>Gracias Leo, ser\u00e1s eterno: Messi se despidi\u00f3 de la Selecci\u00f3n<\/h3>\n<\/p>\n<\/section>\n<\/div>\n<\/div>\n<p><a href=\"https:\/\/www.ole.com.ar\/seleccion\/asterisco-comunicado-messi-explica-12-palabras-verdad-retiro-seleccion_0_feu1AkFtH8.html\">source<\/a><\/p>\n","protected":false},"excerpt":{"rendered":"<p>Lionel Messi ya lo hab\u00eda decidido. No fue una determinaci\u00f3n que tom\u00f3 en las \u00faltimas&#8230;<\/p>\n","protected":false},"author":3,"featured_media":49241,"comment_status":"closed","ping_status":"closed","sticky":false,"template":"","format":"standard","meta":{"footnotes":""},"categories":[21],"tags":[],"class_list":["post-49240","post","type-post","status-publish","format-standard","has-post-thumbnail","hentry","category-deportes"],"featured_image_urls":{"full":["https:\/\/fmamiga909.com.ar\/wp-content\/uploads\/2026\/08\/wp-header-logo-613.png",720,900,false],"thumbnail":["https:\/\/fmamiga909.com.ar\/wp-content\/uploads\/2026\/08\/wp-header-logo-613-150x150.png",150,150,true],"medium":["https:\/\/fmamiga909.com.ar\/wp-content\/uploads\/2026\/08\/wp-header-logo-613-240x300.png",240,300,true],"medium_large":["https:\/\/fmamiga909.com.ar\/wp-content\/uploads\/2026\/08\/wp-header-logo-613.png",720,900,false],"large":["https:\/\/fmamiga909.com.ar\/wp-content\/uploads\/2026\/08\/wp-header-logo-613.png",640,800,false],"1536x1536":["https:\/\/fmamiga909.com.ar\/wp-content\/uploads\/2026\/08\/wp-header-logo-613.png",720,900,false],"2048x2048":["https:\/\/fmamiga909.com.ar\/wp-content\/uploads\/2026\/08\/wp-header-logo-613.png",720,900,false],"newsium-slider-full":["https:\/\/fmamiga909.com.ar\/wp-content\/uploads\/2026\/08\/wp-header-logo-613-720x845.png",720,845,true],"newsium-featured":["https:\/\/fmamiga909.com.ar\/wp-content\/uploads\/2026\/08\/wp-header-logo-613.png",720,900,false],"newsium-medium":["https:\/\/fmamiga909.com.ar\/wp-content\/uploads\/2026\/08\/wp-header-logo-613-720x475.png",720,475,true]},"author_info":{"display_name":"Fredy Giuliano","author_link":"https:\/\/fmamiga909.com.ar\/?author=3"},"category_info":"<a href=\"https:\/\/fmamiga909.com.ar\/?cat=21\" rel=\"category\">Deportes<\/a>","tag_info":"Deportes","comment_count":"0","_links":{"self":[{"href":"https:\/\/fmamiga909.com.ar\/index.php?rest_route=\/wp\/v2\/posts\/49240","targetHints":{"allow":["GET"]}}],"collection":[{"href":"https:\/\/fmamiga909.com.ar\/index.php?rest_route=\/wp\/v2\/posts"}],"about":[{"href":"https:\/\/fmamiga909.com.ar\/index.php?rest_route=\/wp\/v2\/types\/post"}],"author":[{"embeddable":true,"href":"https:\/\/fmamiga909.com.ar\/index.php?rest_route=\/wp\/v2\/users\/3"}],"replies":[{"embeddable":true,"href":"https:\/\/fmamiga909.com.ar\/index.php?rest_route=%2Fwp%2Fv2%2Fcomments&post=49240"}],"version-history":[{"count":0,"href":"https:\/\/fmamiga909.com.ar\/index.php?rest_route=\/wp\/v2\/posts\/49240\/revisions"}],"wp:featuredmedia":[{"embeddable":true,"href":"https:\/\/fmamiga909.com.ar\/index.php?rest_route=\/wp\/v2\/media\/49241"}],"wp:attachment":[{"href":"https:\/\/fmamiga909.com.ar\/index.php?rest_route=%2Fwp%2Fv2%2Fmedia&parent=49240"}],"wp:term":[{"taxonomy":"category","embeddable":true,"href":"https:\/\/fmamiga909.com.ar\/index.php?rest_route=%2Fwp%2Fv2%2Fcategories&post=49240"},{"taxonomy":"post_tag","embeddable":true,"href":"https:\/\/fmamiga909.com.ar\/index.php?rest_route=%2Fwp%2Fv2%2Ftags&post=49240"}],"curies":[{"name":"wp","href":"https:\/\/api.w.org\/{rel}","templated":true}]}}