{"id":49254,"date":"2026-09-01T04:13:26","date_gmt":"2026-09-01T04:13:26","guid":{"rendered":"https:\/\/fmamiga909.com.ar\/?p=49254"},"modified":"2026-09-01T04:13:26","modified_gmt":"2026-09-01T04:13:26","slug":"gorosito-no-se-me-cruza-por-la-cabeza-irme-de-san-lorenzo","status":"publish","type":"post","link":"https:\/\/fmamiga909.com.ar\/?p=49254","title":{"rendered":"Gorosito: &quot;No se me cruza por la cabeza irme de San Lorenzo&quot;"},"content":{"rendered":"<div id=\"storyBody\">\n<div id=\"element-body-0\" class=\"sc-df222161-0 hNvwjb\">\n<p>\u00abNo se me cruza por la cabeza irme de <a href=\"https:\/\/www.ole.com.ar\/tema\/san-lorenzo.html\" title=\"San Lorenzo\" alt=\"San Lorenzo\" class=\"slug\">San Lorenzo<\/a><strong>\u00ab<\/strong>. Claro y sin vueltas. <strong>As\u00ed fue <a href=\"https:\/\/www.ole.com.ar\/tema\/nestor-gorosito.html\" title=\"N\u00e9stor Gorosito\" alt=\"N\u00e9stor Gorosito\" class=\"slug\">N\u00e9stor Gorosito<\/a> en conferencia de prensa.<\/strong> <strong>La dura derrota contra <a href=\"https:\/\/www.ole.com.ar\/tema\/instituto-cordoba.html\" title=\"Instituto de C\u00f3rdoba\" alt=\"Instituto de C\u00f3rdoba\" class=\"slug\">Instituto<\/a><\/strong>, en Alta C\u00f3rdoba, volvi\u00f3 a dejar una floja imagen del equipo. Sin embargo, m\u00e1s all\u00e1 de los inconvenientes que contin\u00faan evidenci\u00e1ndose fecha tras fecha, <strong>el entrenador avis\u00f3 que permanecer\u00e1 en el club.<\/strong><\/p>\n<\/div>\n<div id=\"element-body-1\" class=\"sc-df222161-0 hNvwjb\">\n<p><strong>Pipo lleg\u00f3 hace apenas unos meses<\/strong> despu\u00e9s de la <strong>tormentosa salida de <a href=\"https:\/\/www.ole.com.ar\/tema\/gustavo-alvarez.html\" title=\"Gustavo Alvarez\" alt=\"Gustavo Alvarez\" class=\"slug\">Gustavo \u00c1lvarez<\/a><\/strong> un d\u00eda antes del inicio de la pretemporada. Agarr\u00f3 un conjunto golpeado por las bajas, no lo pudo enderezar y sigue sufriendo en este inicio de semestre. Qued\u00f3 <strong>eliminado de la <a href=\"https:\/\/www.ole.com.ar\/tema\/copa-argentina.html\" title=\"Copa Argentina\" alt=\"Copa Argentina\" class=\"slug\">Copa Argentina<\/a> ante Riestra<\/strong>, <strong>perdi\u00f3 el cl\u00e1sico frente a <a href=\"https:\/\/www.ole.com.ar\/tema\/huracan.html\" title=\"Hurac\u00e1n\" alt=\"Hurac\u00e1n\" class=\"slug\">Hurac\u00e1n<\/a><\/strong><a href=\"https:\/\/www.ole.com.ar\/tema\/huracan.html\" title=\"Hurac\u00e1n\" alt=\"Hurac\u00e1n\" class=\"slug\"\/> en el Bidegain y, como si fuera poco, <strong>gan\u00f3 apenas dos partidos de los ochos que dirigi\u00f3<\/strong>.<\/p>\n<\/div>\n<div id=\"element-body-2\" class=\"sc-df222161-0 hNvwjb\">\n<p>\u201c <strong>No se me cruza por mi cabeza dejar de ser el DT<\/strong>. <strong>Se necesita un tiempo de trabajo l\u00f3gico<\/strong>. <strong>Tenemos que jugar mucho mejor<\/strong> de lo que jugamos\u201d, indic\u00f3 Gorosito luego de la ca\u00edda con la Gloria como visitante, al mismo tiempo que sostuvo que \u201c <strong>tenemos que generar mayor volumen de juego para tener mayor claridad<\/strong>\u201d.<\/p>\n<\/div>\n<div id=\"element-body-3\" class=\"sc-df222161-0 hNvwjb\">\n<p>Seg\u00fan sostuvo Pipo, <strong>el Cicl\u00f3n hizo un \u201cprimer tiempo correcto<\/strong>, en el que \u201c <strong>tuvimos situaciones para convertir alg\u00fan gol\u201d<\/strong>, aunque <strong>las dificultades aparecieron en el complemento<\/strong>. \u201c <strong>Fue m\u00e1s confuso, con m\u00e1s empuje que f\u00fatbol<\/strong>. En este momento <strong>es m\u00e1s para que la gente grande pueda aportar\u201d<\/strong>, se\u00f1al\u00f3.<\/p>\n<\/div>\n<div id=\"element-body-4\" class=\"sc-df222161-0 hNvwjb\">\n<p>Y por otra parte, el DT destac\u00f3 <strong>la importancia de la llegada de <a href=\"https:\/\/www.ole.com.ar\/tema\/facundo-farias.html\" title=\"Facundo Far\u00edas\" alt=\"Facundo Far\u00edas\" class=\"slug\">Facundo Far\u00edas<\/a><\/strong>, que ayer estuvo en Alta C\u00f3rdoba acompa\u00f1ando a sus compa\u00f1eros, pese a ni siquiera ir al banco de suplentes. \u201c <strong>Le va a cambiar la cara por completo al equipo, nos va a hacer llegar con claridad en los \u00faltimos metros<\/strong>\u201d, cerr\u00f3 Gorosito.<\/p>\n<\/div>\n<p><h2><strong>\u00bfC\u00f3mo est\u00e1 San Lorenzo en las posiciones?<\/strong><\/h2>\n<\/p>\n<div id=\"element-body-6\" class=\"sc-df222161-0 hNvwjb\">\n<p>Con esta derrota, <a href=\"https:\/\/www.ole.com.ar\/futbol-primera\/torneo-clausura-tablas-posiciones-resultados-fecha-7-playoffs-instituto-argentinos-lideres-zonas_0_7HuyzpEaXC.html\" target=\"_blank\" title=\"jugadas siete fechas del Clausura\" alt=\"jugadas siete fechas del Clausura\">jugadas siete fechas del Clausura<\/a>, <strong>el Cuervo suma siete puntos y est\u00e1 14\u00b0 en la Zona A<\/strong>, solo por delante de Talleres (cinco unidades). <strong>En <a href=\"https:\/\/www.ole.com.ar\/futbol-primera\/pelea-tabla-anual-lideres-boca-sudamericana-river-clasificacion-copas-libertadores_0_NVR1uUFJIp.html\" target=\"_blank\" title=\"la tabla anual\" alt=\"la tabla anual\">la tabla anual<\/a> aparece 21\u00b0, con 29 puntos <\/strong>(el \u00faltimo equipo que se est\u00e1 metiendo a la Sudamericana es River, 10\u00b0, con 36).<\/p>\n<\/div>\n<div class=\"sc-c0843421-0 iNysjD image-embed\" id=\"element-body-7\"><img alt=\"La parta baja de la tabla anual de la Liga Profesional 2026. San Lorenzo est\u00e1 21\u00b0.\" loading=\"lazy\" width=\"720\" height=\"100\" decoding=\"async\" data-nimg=\"1\" style=\"color:transparent\" src=\"https:\/\/fmamiga909.com.ar\/wp-content\/uploads\/2026\/09\/xc6ZD21SI_720x0__1.jpg\"\/><span class=\"epigraphe\">La parta baja de la tabla anual de la Liga Profesional 2026. San Lorenzo est\u00e1 21\u00b0.<\/span><\/div>\n<p><h2><strong>\u00bfCu\u00e1ndo vuelve a jugar San Lorenzo?<\/strong><\/h2>\n<\/p>\n<div id=\"element-body-9\" class=\"sc-df222161-0 hNvwjb\">\n<p>Por la fecha 8, el Cicl\u00f3n volver\u00e1 a tener acci\u00f3n <strong>el s\u00e1bado 5 de septiembre, a las 19.00, recibir\u00e1 a Talleres.<\/strong><\/p>\n<\/div>\n<p><h2><strong>Video: el gol de la victoria de Instituto contra San Lorenzo<\/strong><\/h2>\n<\/p>\n<div id=\"element-body-12\" class=\"sc-a7166897-0 eTTZWU\"><a href=\"https:\/\/www.ole.com.ar\/futbol-primera\/instituto-cordoba-vs-san-lorenzo-fecha-7-zona-torneo-clausura-ver-tv-alineaciones-resultado-video-goles_0_Jp2ob9cPr5.html\" aria-label=\"Instituto le gan\u00f3 a San Lorenzo y volvi\u00f3 a la punta en soledad\" class=\"sc-d4f573e5-0 bUEDsN\"\/><\/p>\n<section><picture><img alt=\"Instituto le gan\u00f3 a San Lorenzo y volvi\u00f3 a la punta en soledad\" loading=\"lazy\" width=\"290\" height=\"290\" decoding=\"async\" data-nimg=\"1\" style=\"color:transparent\" src=\"https:\/\/fmamiga909.com.ar\/wp-content\/uploads\/2026\/09\/QnW8jYkih_290x290__1.jpg\"\/><\/picture>\n<p><span>Mir\u00e1 tambi\u00e9n<\/span><\/p>\n<hr\/>\n<h3>Instituto le gan\u00f3 a San Lorenzo y volvi\u00f3 a la punta en soledad<\/h3>\n<\/p>\n<\/section>\n<\/div>\n<div id=\"element-body-13\" class=\"sc-a7166897-0 eTTZWU\"><a href=\"https:\/\/www.ole.com.ar\/futbol-primera\/tigre-vs-barracas-fecha-7-torneo-clausura-ver-tv-alineaciones-resultado-video-goles_0_U0mAHXpmSx.html\" aria-label=\"Tigre y Barracas jugaron un partido floj\u00edsimo y no pasaron del cero\" class=\"sc-d4f573e5-0 bUEDsN\"\/><\/p>\n<section><picture><img alt=\"Tigre y Barracas jugaron un partido floj\u00edsimo y no pasaron del cero\" loading=\"lazy\" width=\"290\" height=\"290\" decoding=\"async\" data-nimg=\"1\" style=\"color:transparent\" src=\"https:\/\/fmamiga909.com.ar\/wp-content\/uploads\/2026\/09\/1788236006_394_RqENVp-_o_290x290__1.jpg\"\/><\/picture>\n<p><span>Mir\u00e1 tambi\u00e9n<\/span><\/p>\n<hr\/>\n<h3>Tigre y Barracas jugaron un partido floj\u00edsimo y no pasaron del cero<\/h3>\n<\/p>\n<\/section>\n<\/div>\n<div id=\"element-body-14\" class=\"sc-a7166897-0 eTTZWU\"><a href=\"https:\/\/www.ole.com.ar\/futbol-primera\/barracascentral-fabriziollobet-facundotello-tigre-var_0_3QTA9MOrCe.html\" aria-label=\"Inesperado: el VAR llam\u00f3 para darle un penal a Barracas y el refer\u00ed dijo no\" class=\"sc-d4f573e5-0 bUEDsN\"\/><\/p>\n<section><picture><img alt=\"Inesperado: el VAR llam\u00f3 para darle un penal a Barracas y el refer\u00ed dijo no\" loading=\"lazy\" width=\"290\" height=\"290\" decoding=\"async\" data-nimg=\"1\" style=\"color:transparent\" src=\"https:\/\/fmamiga909.com.ar\/wp-content\/uploads\/2026\/09\/yl6iLPSqu_290x290__1.jpg\"\/><\/picture>\n<p><span>Mir\u00e1 tambi\u00e9n<\/span><\/p>\n<hr\/>\n<h3>Inesperado: el VAR llam\u00f3 para darle un penal a Barracas y el refer\u00ed dijo no<\/h3>\n<\/p>\n<\/section>\n<\/div>\n<div id=\"element-body-15\" class=\"sc-a7166897-0 eTTZWU\"><a href=\"https:\/\/www.ole.com.ar\/futbol-primera\/platense-vs-defensa-justicia-fecha-7-torneo-clausura-alineaciones-resultado-video-goles_0_r0snGG1pgm.html\" aria-label=\"Defensa le gan\u00f3 a Platense, le cort\u00f3 el invicto a Palermo y qued\u00f3 a un punto del l\u00edder\" class=\"sc-d4f573e5-0 bUEDsN\"\/><\/p>\n<section><picture><img alt=\"Defensa le gan\u00f3 a Platense, le cort\u00f3 el invicto a Palermo y qued\u00f3 a un punto del l\u00edder\" loading=\"lazy\" width=\"290\" height=\"290\" decoding=\"async\" data-nimg=\"1\" style=\"color:transparent\" src=\"https:\/\/fmamiga909.com.ar\/wp-content\/uploads\/2026\/09\/Ffyhqa_GC_290x290__1.jpg\"\/><\/picture>\n<p><span>Mir\u00e1 tambi\u00e9n<\/span><\/p>\n<hr\/>\n<h3>Defensa le gan\u00f3 a Platense, le cort\u00f3 el invicto a Palermo y qued\u00f3 a un punto del l\u00edder<\/h3>\n<\/p>\n<\/section>\n<\/div>\n<div id=\"element-body-16\" class=\"sc-a7166897-0 eTTZWU\"><a href=\"https:\/\/www.ole.com.ar\/futbol-primera\/estudiantes-vs-newells-fecha-7-torneo-clausura-alineaciones-resultado-video-goles_0_hFgPIJisgr.html\" aria-label=\"Estudiantes y Newell's empataron sin goles en UNO\" class=\"sc-d4f573e5-0 bUEDsN\"\/><\/p>\n<section><picture><img alt=\"Estudiantes y Newell's empataron sin goles en UNO\" loading=\"lazy\" width=\"290\" height=\"290\" decoding=\"async\" data-nimg=\"1\" style=\"color:transparent\" src=\"https:\/\/fmamiga909.com.ar\/wp-content\/uploads\/2026\/09\/JCUl1gxtq_290x290__1.jpg\"\/><\/picture>\n<p><span>Mir\u00e1 tambi\u00e9n<\/span><\/p>\n<hr\/>\n<h3>Estudiantes y Newell&#8217;s empataron sin goles en UNO<\/h3>\n<\/p>\n<\/section>\n<\/div>\n<\/div>\n<p><a href=\"https:\/\/www.ole.com.ar\/futbol-primera\/rueda-prensa-nestor-goristo-derrota-san-lorenzo-vs-instituto-clausura_0_OMItSatQgH.html\">source<\/a><\/p>\n","protected":false},"excerpt":{"rendered":"<p>\u00abNo se me cruza por la cabeza irme de San Lorenzo\u00ab. Claro y sin vueltas&#8230;.<\/p>\n","protected":false},"author":3,"featured_media":49255,"comment_status":"closed","ping_status":"closed","sticky":false,"template":"","format":"standard","meta":{"footnotes":""},"categories":[21],"tags":[],"class_list":["post-49254","post","type-post","status-publish","format-standard","has-post-thumbnail","hentry","category-deportes"],"featured_image_urls":{"full":["https:\/\/fmamiga909.com.ar\/wp-content\/uploads\/2026\/09\/wp-header-logo-1.png",720,1130,false],"thumbnail":["https:\/\/fmamiga909.com.ar\/wp-content\/uploads\/2026\/09\/wp-header-logo-1-150x150.png",150,150,true],"medium":["https:\/\/fmamiga909.com.ar\/wp-content\/uploads\/2026\/09\/wp-header-logo-1-191x300.png",191,300,true],"medium_large":["https:\/\/fmamiga909.com.ar\/wp-content\/uploads\/2026\/09\/wp-header-logo-1.png",720,1130,false],"large":["https:\/\/fmamiga909.com.ar\/wp-content\/uploads\/2026\/09\/wp-header-logo-1-652x1024.png",640,1005,true],"1536x1536":["https:\/\/fmamiga909.com.ar\/wp-content\/uploads\/2026\/09\/wp-header-logo-1.png",720,1130,false],"2048x2048":["https:\/\/fmamiga909.com.ar\/wp-content\/uploads\/2026\/09\/wp-header-logo-1.png",720,1130,false],"newsium-slider-full":["https:\/\/fmamiga909.com.ar\/wp-content\/uploads\/2026\/09\/wp-header-logo-1-720x845.png",720,845,true],"newsium-featured":["https:\/\/fmamiga909.com.ar\/wp-content\/uploads\/2026\/09\/wp-header-logo-1.png",720,1130,false],"newsium-medium":["https:\/\/fmamiga909.com.ar\/wp-content\/uploads\/2026\/09\/wp-header-logo-1-720x475.png",720,475,true]},"author_info":{"display_name":"Fredy Giuliano","author_link":"https:\/\/fmamiga909.com.ar\/?author=3"},"category_info":"<a href=\"https:\/\/fmamiga909.com.ar\/?cat=21\" rel=\"category\">Deportes<\/a>","tag_info":"Deportes","comment_count":"0","_links":{"self":[{"href":"https:\/\/fmamiga909.com.ar\/index.php?rest_route=\/wp\/v2\/posts\/49254","targetHints":{"allow":["GET"]}}],"collection":[{"href":"https:\/\/fmamiga909.com.ar\/index.php?rest_route=\/wp\/v2\/posts"}],"about":[{"href":"https:\/\/fmamiga909.com.ar\/index.php?rest_route=\/wp\/v2\/types\/post"}],"author":[{"embeddable":true,"href":"https:\/\/fmamiga909.com.ar\/index.php?rest_route=\/wp\/v2\/users\/3"}],"replies":[{"embeddable":true,"href":"https:\/\/fmamiga909.com.ar\/index.php?rest_route=%2Fwp%2Fv2%2Fcomments&post=49254"}],"version-history":[{"count":0,"href":"https:\/\/fmamiga909.com.ar\/index.php?rest_route=\/wp\/v2\/posts\/49254\/revisions"}],"wp:featuredmedia":[{"embeddable":true,"href":"https:\/\/fmamiga909.com.ar\/index.php?rest_route=\/wp\/v2\/media\/49255"}],"wp:attachment":[{"href":"https:\/\/fmamiga909.com.ar\/index.php?rest_route=%2Fwp%2Fv2%2Fmedia&parent=49254"}],"wp:term":[{"taxonomy":"category","embeddable":true,"href":"https:\/\/fmamiga909.com.ar\/index.php?rest_route=%2Fwp%2Fv2%2Fcategories&post=49254"},{"taxonomy":"post_tag","embeddable":true,"href":"https:\/\/fmamiga909.com.ar\/index.php?rest_route=%2Fwp%2Fv2%2Ftags&post=49254"}],"curies":[{"name":"wp","href":"https:\/\/api.w.org\/{rel}","templated":true}]}}