{"id":49260,"date":"2026-09-01T04:15:48","date_gmt":"2026-09-01T04:15:48","guid":{"rendered":"https:\/\/fmamiga909.com.ar\/?p=49260"},"modified":"2026-09-01T04:15:48","modified_gmt":"2026-09-01T04:15:48","slug":"la-causa-de-la-mansion-fue-a-la-corte-suprema-y-toviggino-volvio-a-postear","status":"publish","type":"post","link":"https:\/\/fmamiga909.com.ar\/?p=49260","title":{"rendered":"La causa de la mansi\u00f3n fue a la Corte Suprema y Toviggino volvi\u00f3 a postear"},"content":{"rendered":"<div id=\"storyBody\">\n<div id=\"element-body-0\" class=\"sc-df222161-0 hNvwjb\">\n<p><strong>El fiscal general Mario Villar apel\u00f3 este lunes<\/strong> el fallo de Casaci\u00f3n que orden\u00f3 que <a href=\"https:\/\/www.ole.com.ar\/informacion-general\/pablotoviggino-claudiotapia-afa-adriangonzalezcharvay-diegobarroetavena_0_fICFZ3v0Pa.html\" target=\"_self\" title=\" la causa en la que se investiga la mansi\u00f3n de Pilar\" alt=\" la causa en la que se investiga la mansi\u00f3n de Pilar\"> la causa en la que se investiga la mansi\u00f3n de Pilar<\/a>, que se le atribuye al tesorero de la <strong><a href=\"https:\/\/www.ole.com.ar\/tema\/afa.html\" title=\"afa\" alt=\"afa\" class=\"slug\">AFA<\/a><\/strong>, <strong><a href=\"https:\/\/www.ole.com.ar\/tema\/pablo-toviggino.html\" title=\"Pablo Toviggino\" alt=\"Pablo Toviggino\" class=\"slug\">Pablo Toviggino<\/a><\/strong>, se investigue en el Justicia federal de Campana, con el juez Adri\u00e1n Gonz\u00e1lez Charvay. Poco despu\u00e9s de difundirse esta informaci\u00f3n, el dirigente surgido del f\u00fatbol de Santiago del Estero public\u00f3 un posteo con un video con la sede que proyecta en el mismo distrito para la entidad que conduce el f\u00fatbol argentino. \u00abEl secreto del cambio es enfocar toda tu energ\u00eda, no en luchar contra lo viejo, sino en construir lo nuevo. <strong> SEGUIMOS<\/strong>\u00ab, escribi\u00f3.<\/p>\n<\/div>\n<div id=\"element-body-1\" class=\"sc-df222161-0 hNvwjb\">\n<p> Hace unos meses hab\u00eda advertido que la mudanza de la AFA a Pilar no alteraba la jurisdicci\u00f3n judicial y ahora actu\u00f3 en consecuencia. <strong>Villar reclam\u00f3 que la Corte Suprema de Justicia de la Naci\u00f3n revoque la sentencia -que calific\u00f3 de \u00abarbitraria\u00bb- y que la causa regrese al primer juez que la tuvo<\/strong>. Se trata de Daniel Rafecas, quien en diciembre pasado allan\u00f3 la propiedad y secuestr\u00f3 54 autos de lujo y colecci\u00f3n.<\/p>\n<\/div>\n<div id=\"element-body-2\" class=\"sc-df222161-0 hNvwjb\">\n<p>La Sala I de la C\u00e1mara Federal de Casaci\u00f3n Penal deber\u00e1 resolver si acepta que la apelaci\u00f3n llegue a la Corte Suprema. Si la rechaza, el fiscal Villar podr\u00eda ir con un nuevo planteo directamente al m\u00e1ximo tribunal.<\/p>\n<\/div>\n<div id=\"element-body-3\" class=\"sc-df222161-0 hNvwjb\">\n<p>Asi, los jueces Horacio Rosatti, Carlos Rosenkrantz y Ricardo Lorenzetti, pueden clave para el futuro judicial tanto de Toviggino como de Claudio Tapia.<\/p>\n<\/div>\n<div id=\"element-body-4\" class=\"sc-df222161-0 hNvwjb\">\n<p>La Corte ya tiene para resolver otro planteo sobre d\u00f3nde debe investigarse a la empresa TourProdEnter LLC por el manejo de los fondos en el extranjero de la AFA y espera que llegue la causa por la mudanza de la sede de la entidad a Pilar. Ya hubo reuni\u00f3n de Comit\u00e9 Ejecutivo en ese lugar, desestimando el hist\u00f3rico edificio de la calle Viamonte.<\/p>\n<\/div>\n<div class=\"sc-c0843421-0 iNysjD image-embed\" id=\"element-body-5\"><img alt=\"El fiscal Mario Villar.\" loading=\"lazy\" width=\"720\" height=\"100\" decoding=\"async\" data-nimg=\"1\" style=\"color:transparent\" src=\"https:\/\/fmamiga909.com.ar\/wp-content\/uploads\/2026\/09\/-Xfg6iak0_720x0__1.jpg\"\/><span class=\"epigraphe\">El fiscal Mario Villar.<\/span><\/div>\n<div id=\"element-body-6\" class=\"sc-df222161-0 hNvwjb\">\n<p>Los jueces de la C\u00e1mara Federal de Casaci\u00f3n Penal que resolvieron el paso a Campana fueron <strong>Diego Barroetave\u00f1a<\/strong>, quien hasta diciembre \u00faltimo fue presidente del tribunal de \u00c9tica de la AFA, y Mariano Borinsky. As\u00ed hizo lugar al pedido de quienes figuran como due\u00f1os de la propiedad, valuada en 17 millones de d\u00f3lares, la jubilida Ana Conte y el hijo de la mujer, el monotributista Luciano Pantano.<\/p>\n<\/div>\n<div id=\"element-body-7\" class=\"sc-df222161-0 hNvwjb\">\n<p>La sospecha es que son testaferros de Toviggino porque en el lugar se encontraron objetos del tesorero y Pantano ten\u00eda una tarjeta corporativa de la AFA con la que pagaba telepase de autos que manejan familiares del dirigente de la entidad. Adem\u00e1s, seg\u00fan una investigaci\u00f3n publicada por el periodista Mariano Roa en Clar\u00edn, en enero \u00faltimo, Toviggino sac\u00f3 de ese lugar 14 caballos en un operativo nocturno, antes del allanamiento.<\/p>\n<\/div>\n<div id=\"element-body-8\" class=\"sc-df222161-0 hNvwjb\">\n<p>El diputado <strong>Facundo del Gaiso<\/strong> (Legislatura porte\u00f1a), uno de los denunciantes, public\u00f3 su opini\u00f3n tras conocerse la apelaci\u00f3n de Villar: \u00abHace nueve meses que se discute qui\u00e9n investiga\u2026 Todav\u00eda no declar\u00f3 nadie, ni la jubilada que compr\u00f3 una Mansi\u00f3n de 20 palos verdes y 54 autos de alta gama, ni el monotribustista exitoso de Pantano tambi\u00e9n &#8216;due\u00f1o&#8217; de la Mansi\u00f3n de Pilar\u2026 Los verdaderos due\u00f1os y toda la casta judicial y pol\u00edtica quieren que vaya al juzgado de Campana a &#8216;dormirse definitivamente&#8217;. La Corte Suprema define si hay &#8216;investigaci\u00f3n o Impunidad&#8217;. Sobran pruebas, sobra impunidad, falta justicia\u00bb.<\/p>\n<\/div>\n<div class=\"sc-c0843421-0 iNysjD image-embed\" id=\"element-body-9\"><img alt=\"Una asamblea de la AFA en Pilar: se mont\u00f3 en una carpa...\" loading=\"lazy\" width=\"720\" height=\"100\" decoding=\"async\" data-nimg=\"1\" style=\"color:transparent\" src=\"https:\/\/fmamiga909.com.ar\/wp-content\/uploads\/2026\/09\/WYjQnC9yA_720x0__1.jpg\"\/><span class=\"epigraphe\">Una asamblea de la AFA en Pilar: se mont\u00f3 en una carpa&#8230;<\/span><\/div>\n<div id=\"element-body-10\" class=\"sc-df222161-0 hNvwjb\">\n<p>Estas causas no tiene relaci\u00f3n con el procesamiento que Tapia y Toviggino afrontan por evasi\u00f3n de aportes por 19 mil millones de pesos, resuelto por el juez Diego Amarante.<\/p>\n<\/div>\n<div id=\"element-body-12\" class=\"sc-a7166897-0 eTTZWU\"><a href=\"https:\/\/www.ole.com.ar\/opinion\/lionel-messi-anuncio-despedida-seleccion-argentina-legado-quita-jugado-opinion_0_LtYWd45gT0.html\" aria-label=\"El legado de Messi: \u00bfqui\u00e9n nos quita lo jugado?\" class=\"sc-d4f573e5-0 bUEDsN\"\/><\/p>\n<section><picture><img alt=\"El legado de Messi: \u00bfqui\u00e9n nos quita lo jugado?\" loading=\"lazy\" width=\"290\" height=\"290\" decoding=\"async\" data-nimg=\"1\" style=\"color:transparent\" src=\"https:\/\/fmamiga909.com.ar\/wp-content\/uploads\/2026\/09\/9mss1ceCk_290x290__1.jpg\"\/><\/picture>\n<p><span>Mir\u00e1 tambi\u00e9n<\/span><\/p>\n<hr\/>\n<h3>El legado de Messi: \u00bfqui\u00e9n nos quita lo jugado?<\/h3>\n<\/p>\n<\/section>\n<\/div>\n<div id=\"element-body-13\" class=\"sc-a7166897-0 eTTZWU\"><a href=\"https:\/\/www.ole.com.ar\/messi\/despedida-liones-messi-seleccion-argentina-homenajes-estudiantes-defensa-justicia-liga-profesional-clausura_0_RpUch0WjbQ.html\" aria-label=\"Messi se despidi\u00f3 de la Selecci\u00f3n Argentina: \u00bfc\u00f3mo fueron los homenajes en los partidos de la Liga Profesional?\" class=\"sc-d4f573e5-0 bUEDsN\"\/><\/p>\n<section><picture><img alt=\"Messi se despidi\u00f3 de la Selecci\u00f3n Argentina: \u00bfc\u00f3mo fueron los homenajes en los partidos de la Liga Profesional?\" loading=\"lazy\" width=\"290\" height=\"290\" decoding=\"async\" data-nimg=\"1\" style=\"color:transparent\" src=\"https:\/\/fmamiga909.com.ar\/wp-content\/uploads\/2026\/09\/aZXI-RH08_290x290__1.jpg\"\/><\/picture>\n<p><span>Mir\u00e1 tambi\u00e9n<\/span><\/p>\n<hr\/>\n<h3>Messi se despidi\u00f3 de la Selecci\u00f3n Argentina: \u00bfc\u00f3mo fueron los homenajes en los partidos de la Liga Profesional?<\/h3>\n<\/p>\n<\/section>\n<\/div>\n<\/div>\n<p><a href=\"https:\/\/www.ole.com.ar\/informacion-general\/mariovillar-cortesuprema-pablotoviggino-afapilar-adriangonzalezcharvay-danielrafecas_0_BeM07AUkXZ.html\">source<\/a><\/p>\n","protected":false},"excerpt":{"rendered":"<p>El fiscal general Mario Villar apel\u00f3 este lunes el fallo de Casaci\u00f3n que orden\u00f3 que&#8230;<\/p>\n","protected":false},"author":3,"featured_media":49261,"comment_status":"closed","ping_status":"closed","sticky":false,"template":"","format":"standard","meta":{"footnotes":""},"categories":[21],"tags":[],"class_list":["post-49260","post","type-post","status-publish","format-standard","has-post-thumbnail","hentry","category-deportes"],"featured_image_urls":{"full":["https:\/\/fmamiga909.com.ar\/wp-content\/uploads\/2026\/09\/wp-header-logo-2.png",720,479,false],"thumbnail":["https:\/\/fmamiga909.com.ar\/wp-content\/uploads\/2026\/09\/wp-header-logo-2-150x150.png",150,150,true],"medium":["https:\/\/fmamiga909.com.ar\/wp-content\/uploads\/2026\/09\/wp-header-logo-2-300x200.png",300,200,true],"medium_large":["https:\/\/fmamiga909.com.ar\/wp-content\/uploads\/2026\/09\/wp-header-logo-2.png",720,479,false],"large":["https:\/\/fmamiga909.com.ar\/wp-content\/uploads\/2026\/09\/wp-header-logo-2.png",640,426,false],"1536x1536":["https:\/\/fmamiga909.com.ar\/wp-content\/uploads\/2026\/09\/wp-header-logo-2.png",720,479,false],"2048x2048":["https:\/\/fmamiga909.com.ar\/wp-content\/uploads\/2026\/09\/wp-header-logo-2.png",720,479,false],"newsium-slider-full":["https:\/\/fmamiga909.com.ar\/wp-content\/uploads\/2026\/09\/wp-header-logo-2.png",720,479,false],"newsium-featured":["https:\/\/fmamiga909.com.ar\/wp-content\/uploads\/2026\/09\/wp-header-logo-2.png",720,479,false],"newsium-medium":["https:\/\/fmamiga909.com.ar\/wp-content\/uploads\/2026\/09\/wp-header-logo-2-720x475.png",720,475,true]},"author_info":{"display_name":"Fredy Giuliano","author_link":"https:\/\/fmamiga909.com.ar\/?author=3"},"category_info":"<a href=\"https:\/\/fmamiga909.com.ar\/?cat=21\" rel=\"category\">Deportes<\/a>","tag_info":"Deportes","comment_count":"0","_links":{"self":[{"href":"https:\/\/fmamiga909.com.ar\/index.php?rest_route=\/wp\/v2\/posts\/49260","targetHints":{"allow":["GET"]}}],"collection":[{"href":"https:\/\/fmamiga909.com.ar\/index.php?rest_route=\/wp\/v2\/posts"}],"about":[{"href":"https:\/\/fmamiga909.com.ar\/index.php?rest_route=\/wp\/v2\/types\/post"}],"author":[{"embeddable":true,"href":"https:\/\/fmamiga909.com.ar\/index.php?rest_route=\/wp\/v2\/users\/3"}],"replies":[{"embeddable":true,"href":"https:\/\/fmamiga909.com.ar\/index.php?rest_route=%2Fwp%2Fv2%2Fcomments&post=49260"}],"version-history":[{"count":0,"href":"https:\/\/fmamiga909.com.ar\/index.php?rest_route=\/wp\/v2\/posts\/49260\/revisions"}],"wp:featuredmedia":[{"embeddable":true,"href":"https:\/\/fmamiga909.com.ar\/index.php?rest_route=\/wp\/v2\/media\/49261"}],"wp:attachment":[{"href":"https:\/\/fmamiga909.com.ar\/index.php?rest_route=%2Fwp%2Fv2%2Fmedia&parent=49260"}],"wp:term":[{"taxonomy":"category","embeddable":true,"href":"https:\/\/fmamiga909.com.ar\/index.php?rest_route=%2Fwp%2Fv2%2Fcategories&post=49260"},{"taxonomy":"post_tag","embeddable":true,"href":"https:\/\/fmamiga909.com.ar\/index.php?rest_route=%2Fwp%2Fv2%2Ftags&post=49260"}],"curies":[{"name":"wp","href":"https:\/\/api.w.org\/{rel}","templated":true}]}}