{"id":49281,"date":"2026-09-01T04:25:17","date_gmt":"2026-09-01T04:25:17","guid":{"rendered":"https:\/\/fmamiga909.com.ar\/?p=49281"},"modified":"2026-09-01T04:25:17","modified_gmt":"2026-09-01T04:25:17","slug":"palermo-contra-loustau-a-vos-hay-que-aplaudirte-caradura","status":"publish","type":"post","link":"https:\/\/fmamiga909.com.ar\/?p=49281","title":{"rendered":"Palermo contra Loustau: &quot;A vos hay que aplaudirte, caradura&quot;"},"content":{"rendered":"<div id=\"storyBody\">\n<div id=\"element-body-0\" class=\"sc-df222161-0 hNvwjb\">\n<p><strong>Juan Pablo Loustau<\/strong>, el juez principal de <a href=\"https:\/\/www.ole.com.ar\/futbol-primera\/platense-vs-defensa-justicia-fecha-7-torneo-clausura-alineaciones-resultado-video-goles_0_r0snGG1pgm.html\" target=\"_self\" title=\"Defensa y Justicia 1 - Platense 0\" alt=\"Defensa y Justicia 1 - Platense 0\">Defensa y Justicia 1 &#8211; Platense 0<\/a>, tuvo una actitud poco habitual en el f\u00fatbol argentino. Fue convocado por el <strong><a href=\"https:\/\/www.ole.com.ar\/tema\/var.html\" title=\"VAR\" alt=\"VAR\" class=\"slug\">VAR<\/a><\/strong>, en este caso <strong><a href=\"https:\/\/www.ole.com.ar\/tema\/andres-merlos.html\" title=\"Andr\u00e9s Merlos\" alt=\"Andr\u00e9s Merlos\" class=\"slug\">Andr\u00e9s Merlos<\/a><\/strong> (un \u00e1rbitro con mayor recorrido) para verificar un posible penal para el Halc\u00f3n, pero el hijo de Juan Carlos y hermano de Patricio (ex refer\u00eds que tuvieron rango de internacionales) se sostuvo en su postura porque no observ\u00f3 falta del arquero Cozzani sobre el atacante del equipo local.<\/p>\n<\/div>\n<div id=\"element-body-1\" class=\"sc-df222161-0 hNvwjb\">\n<p>Sin embargo, <strong>en el <a href=\"https:\/\/www.ole.com.ar\/tema\/platense.html\" title=\"Platense\" alt=\"Platense\" class=\"slug\">Calamar<\/a> se quedaron molestos con Loustau<\/strong>. \u00bfQu\u00e9 ocurri\u00f3? En el noveno minuto de descuento, sancion\u00f3 una falta a favor de Defensa y Justicia y Ferreira, del equipo de Vicente L\u00f3pez, aplaudi\u00f3. El juez lo expuls\u00f3 por doble amarilla porque interpret\u00f3 la actitud del jugador como una falta de respeto. Entonces, varios jugadores se le fueron encima para reprocharle y el t\u00e9cnico, Mart\u00edn Palermo, le grit\u00f3: <strong>\u00abA vos hay que aplaudirte, caradura\u00bb. <\/strong><\/p>\n<\/div>\n<div id=\"element-body-2\" class=\"sc-df222161-0 hNvwjb\">\n<p>Poco despu\u00e9s, Loustau sancion\u00f3 tiro libre para Platense. Cozzani se dispuso a patear un remate largo hacia el \u00e1rea de Defensa y Justicia y Loustau termin\u00f3 el partido sin darles la \u00faltima chance a los visitantes. <strong> Cozzani, Nacho V\u00e1zquez y otros futbolistas se le fueron encima. Primero lleg\u00f3 Diego Cagna<\/strong>, ayudante de Palermo, a separar a los jugadores. Luego se meti\u00f3 el t\u00e9cnico principal: el Tit\u00e1n le discuti\u00f3, muy alterado, <strong>las decisiones a Loustau, tanto la expulsi\u00f3n como el final del juego con un tiro libre a favor. <\/strong><\/p>\n<\/div>\n<p><h2><strong>Mir\u00e1 el video<\/strong><\/h2>\n<\/p>\n<div id=\"element-body-4\" class=\"sc-8712cf2e-1 brsVwg\"><figcaption class=\"JWvideoNota_title\">\n<p>El t\u00e9cnico de Platense reclam\u00f3 al refer\u00ed Loustau por la expulsi\u00f3n de Ferreira y al final del partido encar\u00f3 al juez. Fuente: ESPN.<\/p>\n<\/figcaption><\/div>\n<div class=\"sc-c0843421-0 iNysjD image-embed\" id=\"element-body-5\"><img alt=\"Platense arranc\u00f3 mejor en Varela.\" loading=\"lazy\" width=\"720\" height=\"100\" decoding=\"async\" data-nimg=\"1\" style=\"color:transparent\" src=\"https:\/\/fmamiga909.com.ar\/wp-content\/uploads\/2026\/09\/rxTbDE-Nc_720x0__1.jpg\"\/><span class=\"epigraphe\">Platense arranc\u00f3 mejor en Varela.<\/span><\/div>\n<div class=\"sc-c0843421-0 iNysjD image-embed\" id=\"element-body-6\"><img alt=\"Platense ante Defensa y Justicia.\" loading=\"lazy\" width=\"720\" height=\"100\" decoding=\"async\" data-nimg=\"1\" style=\"color:transparent\" src=\"https:\/\/fmamiga909.com.ar\/wp-content\/uploads\/2026\/09\/_2w1nd5P0_720x0__1.jpg\"\/><span class=\"epigraphe\">Platense ante Defensa y Justicia.<\/span><\/div>\n<div class=\"sc-c0843421-0 iNysjD image-embed\" id=\"element-body-7\"><img alt=\"Platense ante Defensa y Justicia.\" loading=\"lazy\" width=\"720\" height=\"100\" decoding=\"async\" data-nimg=\"1\" style=\"color:transparent\" src=\"https:\/\/fmamiga909.com.ar\/wp-content\/uploads\/2026\/09\/4U94wzb33_720x0__1.jpg\"\/><span class=\"epigraphe\">Platense ante Defensa y Justicia.<\/span><\/div>\n<div id=\"element-body-8\" class=\"sc-df222161-0 hNvwjb\">\n<p>De todas maneras, <strong>es para valorar que Loustau se le haya plantado a Merlos<\/strong> (de AVAR estaba Gast\u00f3n Mons\u00f3n Brizuela). Quiz\u00e1, el antecedente de Nazareno Arasa y Diego Ceballos influy\u00f3 en \u00e9l: ambos jueces fueron suspendidos por el gol anulado a V\u00e9lez frente a Deportivo Riestra, uno por su actuaci\u00f3n en cancha y el otro por convocarlo a revisi\u00f3n para invalidar un gol leg\u00edtimo.<\/p>\n<\/div>\n<div id=\"element-body-9\" class=\"sc-df222161-0 hNvwjb\">\n<p>Recordar: Merlos no fue designado como juez central por <a href=\"https:\/\/www.ole.com.ar\/tema\/federico-beligoy.html\" title=\"Federico Beligoy\" alt=\"Federico Beligoy\" class=\"slug\">Federico Beligoy<\/a>, el jefe de la Direcci\u00f3n Nacional de Arbitraje, en la s\u00e9ptima fecha. En la sexta jornada, hab\u00eda expulsado a Lam\u00e9ndola, de Atl\u00e9tico Tucum\u00e1n, contra Instituto, pero desde el VAR lo llamaron para que se rectificara por un evidente error. <\/p>\n<\/div>\n<p><h2><strong>El resumen del partido<\/strong><\/h2>\n<\/p>\n<div id=\"element-body-12\" class=\"sc-a7166897-0 eTTZWU\"><a href=\"https:\/\/www.ole.com.ar\/messi\/despedida-liones-messi-seleccion-argentina-homenajes-estudiantes-defensa-justicia-liga-profesional-clausura_0_RpUch0WjbQ.html\" aria-label=\"Messi se despidi\u00f3 de la Selecci\u00f3n Argentina: \u00bfc\u00f3mo fueron los homenajes en los partidos de la Liga Profesional?\" class=\"sc-d4f573e5-0 bUEDsN\"\/><\/p>\n<section><picture><img alt=\"Messi se despidi\u00f3 de la Selecci\u00f3n Argentina: \u00bfc\u00f3mo fueron los homenajes en los partidos de la Liga Profesional?\" loading=\"lazy\" width=\"290\" height=\"290\" decoding=\"async\" data-nimg=\"1\" style=\"color:transparent\" src=\"https:\/\/fmamiga909.com.ar\/wp-content\/uploads\/2026\/09\/1788236717_103_aZXI-RH08_290x290__1.jpg\"\/><\/picture>\n<p><span>Mir\u00e1 tambi\u00e9n<\/span><\/p>\n<hr\/>\n<h3>Messi se despidi\u00f3 de la Selecci\u00f3n Argentina: \u00bfc\u00f3mo fueron los homenajes en los partidos de la Liga Profesional?<\/h3>\n<\/p>\n<\/section>\n<\/div>\n<div id=\"element-body-13\" class=\"sc-a7166897-0 eTTZWU\"><a href=\"https:\/\/www.ole.com.ar\/futbol-primera\/pelea-tabla-anual-lideres-boca-sudamericana-river-clasificacion-copas-libertadores_0_NVR1uUFJIp.html\" aria-label=\"La tabla anual: Independente Rivadavia puntero, Boca y V\u00e9lez pelean por la Libertadores y River en zona de Sudamericana\" class=\"sc-d4f573e5-0 bUEDsN\"\/><\/p>\n<section><picture><img alt=\"La tabla anual: Independente Rivadavia puntero, Boca y V\u00e9lez pelean por la Libertadores y River en zona de Sudamericana\" loading=\"lazy\" width=\"290\" height=\"290\" decoding=\"async\" data-nimg=\"1\" style=\"color:transparent\" src=\"https:\/\/fmamiga909.com.ar\/wp-content\/uploads\/2026\/09\/1788236717_483_ST6BbhJuX_290x290__1.jpg\"\/><\/picture>\n<p><span>Mir\u00e1 tambi\u00e9n<\/span><\/p>\n<hr\/>\n<h3>La tabla anual: Independente Rivadavia puntero, Boca y V\u00e9lez pelean por la Libertadores y River en zona de Sudamericana<\/h3>\n<\/p>\n<\/section>\n<\/div>\n<\/div>\n<p><a href=\"https:\/\/www.ole.com.ar\/futbol-primera\/juanpabloloustau-martinpalermo-platense-defensayjusticia-var_0_HSSQEnZkBZ.html\">source<\/a><\/p>\n","protected":false},"excerpt":{"rendered":"<p>Juan Pablo Loustau, el juez principal de Defensa y Justicia 1 &#8211; Platense 0, tuvo&#8230;<\/p>\n","protected":false},"author":3,"featured_media":49282,"comment_status":"closed","ping_status":"closed","sticky":false,"template":"","format":"standard","meta":{"footnotes":""},"categories":[21],"tags":[],"class_list":["post-49281","post","type-post","status-publish","format-standard","has-post-thumbnail","hentry","category-deportes"],"featured_image_urls":{"full":["https:\/\/fmamiga909.com.ar\/wp-content\/uploads\/2026\/09\/wp-header-logo-5.png",720,900,false],"thumbnail":["https:\/\/fmamiga909.com.ar\/wp-content\/uploads\/2026\/09\/wp-header-logo-5-150x150.png",150,150,true],"medium":["https:\/\/fmamiga909.com.ar\/wp-content\/uploads\/2026\/09\/wp-header-logo-5-240x300.png",240,300,true],"medium_large":["https:\/\/fmamiga909.com.ar\/wp-content\/uploads\/2026\/09\/wp-header-logo-5.png",720,900,false],"large":["https:\/\/fmamiga909.com.ar\/wp-content\/uploads\/2026\/09\/wp-header-logo-5.png",640,800,false],"1536x1536":["https:\/\/fmamiga909.com.ar\/wp-content\/uploads\/2026\/09\/wp-header-logo-5.png",720,900,false],"2048x2048":["https:\/\/fmamiga909.com.ar\/wp-content\/uploads\/2026\/09\/wp-header-logo-5.png",720,900,false],"newsium-slider-full":["https:\/\/fmamiga909.com.ar\/wp-content\/uploads\/2026\/09\/wp-header-logo-5-720x845.png",720,845,true],"newsium-featured":["https:\/\/fmamiga909.com.ar\/wp-content\/uploads\/2026\/09\/wp-header-logo-5.png",720,900,false],"newsium-medium":["https:\/\/fmamiga909.com.ar\/wp-content\/uploads\/2026\/09\/wp-header-logo-5-720x475.png",720,475,true]},"author_info":{"display_name":"Fredy Giuliano","author_link":"https:\/\/fmamiga909.com.ar\/?author=3"},"category_info":"<a href=\"https:\/\/fmamiga909.com.ar\/?cat=21\" rel=\"category\">Deportes<\/a>","tag_info":"Deportes","comment_count":"0","_links":{"self":[{"href":"https:\/\/fmamiga909.com.ar\/index.php?rest_route=\/wp\/v2\/posts\/49281","targetHints":{"allow":["GET"]}}],"collection":[{"href":"https:\/\/fmamiga909.com.ar\/index.php?rest_route=\/wp\/v2\/posts"}],"about":[{"href":"https:\/\/fmamiga909.com.ar\/index.php?rest_route=\/wp\/v2\/types\/post"}],"author":[{"embeddable":true,"href":"https:\/\/fmamiga909.com.ar\/index.php?rest_route=\/wp\/v2\/users\/3"}],"replies":[{"embeddable":true,"href":"https:\/\/fmamiga909.com.ar\/index.php?rest_route=%2Fwp%2Fv2%2Fcomments&post=49281"}],"version-history":[{"count":0,"href":"https:\/\/fmamiga909.com.ar\/index.php?rest_route=\/wp\/v2\/posts\/49281\/revisions"}],"wp:featuredmedia":[{"embeddable":true,"href":"https:\/\/fmamiga909.com.ar\/index.php?rest_route=\/wp\/v2\/media\/49282"}],"wp:attachment":[{"href":"https:\/\/fmamiga909.com.ar\/index.php?rest_route=%2Fwp%2Fv2%2Fmedia&parent=49281"}],"wp:term":[{"taxonomy":"category","embeddable":true,"href":"https:\/\/fmamiga909.com.ar\/index.php?rest_route=%2Fwp%2Fv2%2Fcategories&post=49281"},{"taxonomy":"post_tag","embeddable":true,"href":"https:\/\/fmamiga909.com.ar\/index.php?rest_route=%2Fwp%2Fv2%2Ftags&post=49281"}],"curies":[{"name":"wp","href":"https:\/\/api.w.org\/{rel}","templated":true}]}}