{"id":49301,"date":"2026-09-01T04:47:25","date_gmt":"2026-09-01T04:47:25","guid":{"rendered":"https:\/\/fmamiga909.com.ar\/?p=49301"},"modified":"2026-09-01T04:47:25","modified_gmt":"2026-09-01T04:47:25","slug":"donofrio-no-hay-que-tenerle-miedo-a-tapia","status":"publish","type":"post","link":"https:\/\/fmamiga909.com.ar\/?p=49301","title":{"rendered":"D&#039;Onofrio: &quot;No hay que tenerle miedo a Tapia&quot;"},"content":{"rendered":"<div id=\"storyBody\">\n<div id=\"element-body-0\" class=\"sc-df222161-0 hNvwjb\">\n<p><strong><a href=\"https:\/\/www.ole.com.ar\/tema\/rodolfo-donofrio.html\" title=\"Rodolfo D'Onofrio\" alt=\"Rodolfo D'Onofrio\" class=\"slug\">Rodolfo D&#8217;Onofrio<\/a><\/strong>, ex presidente de River, formul\u00f3 declaraciones cr\u00edticas contra la conducci\u00f3n de <strong><a href=\"https:\/\/www.ole.com.ar\/tema\/claudio-tapia.html\" title=\"Claudio Tapia\" alt=\"Claudio Tapia\" class=\"slug\">Claudio Tapia<\/a><\/strong> en la <a href=\"https:\/\/www.ole.com.ar\/tema\/afa.html\" title=\"afa\" alt=\"afa\" class=\"slug\">AFA<\/a>. Lo hizo dos semanas despu\u00e9s de que el actual titular del club, <a href=\"https:\/\/www.ole.com.ar\/tema\/stefano-di-carlo.html\" title=\"Stefano Di Carlo\" alt=\"Stefano Di Carlo\" class=\"slug\">Stefano Di Carlo<\/a>, se posicionara con una frase contudente: \u00abLa dignidad no se negocia\u00bb.<\/p>\n<\/div>\n<div id=\"element-body-1\" class=\"sc-df222161-0 hNvwjb\">\n<p>\u00abLo que hay que hacer en este momento es <strong> decirle al presidente de la AFA las cosas que no estamos de acuerdo, las cosas que nos parecen mal. Eso es lo que tienen que hacer los clubes: tener el coraje, no tener miedo<\/strong>. Porque esto es lo mismo que cuando&#8230; te la voy a contar. Tambi\u00e9n a m\u00ed me toc\u00f3, junto con otros dirigentes, votar la elecci\u00f3n de Blatter. Estaba Blatter y el pr\u00edncipe. Fue justo en la \u00e9poca del FIFAgate. Yo viv\u00ed cada cosa&#8230; Yo me fui a dormir una noche en&#8230; en Suiza, que fui por primera vez, y cuando me despert\u00e9&#8230; Hab\u00eda ido a comer con un mont\u00f3n de dirigentes. Cuando me despert\u00e9, ocho o nueve de los que hab\u00edan cenado conmigo estaban presos\u00bb, declar\u00f3 D&#8217;Onofrio en la Oral Deportiva, por radio Rivadavia.<\/p>\n<\/div>\n<div id=\"element-body-2\" class=\"sc-df222161-0 hNvwjb\">\n<p>\u00abY ese d\u00eda hab\u00eda que votar a la ma\u00f1ana siguiente por Blatter o no, y nosotros votamos por el pr\u00edncipe (NdeR: el derrotado). Y claro, \u00bfqu\u00e9 pas\u00f3 en la Argentina? Ten\u00edan miedo: &#8216;Uh, ahora no vamos a ganar m\u00e1s, vamos&#8230; no nos clasificamos m\u00e1s&#8217;. Porque siempre est\u00e1 el miedo en la Argentina y en el mundo. <strong>\u00bfY qu\u00e9 ocurri\u00f3? Que Blatter renunci\u00f3\u00bb, record\u00f3.<\/strong><\/p>\n<\/div>\n<div id=\"element-body-3\" class=\"sc-df222161-0 hNvwjb\">\n<p>\u00abTen\u00edamos raz\u00f3n en no votar por Blatter. Ten\u00edamos raz\u00f3n. Entonces, hay cosas que uno de alguna manera tiene que mantener, como dijo muy bien el presidente, la dignidad. Y la dignidad es&#8230; Y les digo a todos los hinchas de River: <strong> muchachos, en los cuatro a\u00f1os que nosotros no lo votamos a Tapia, ganamos todos los campeonatos que ganamos<\/strong>\u00ab, afirm\u00f3.<\/p>\n<\/div>\n<div id=\"element-body-4\" class=\"sc-df222161-0 hNvwjb\">\n<p>Adem\u00e1s, le preguntaron a D&#8217;Onofrio si le gustar\u00eda ser presidente de la AFA: \u00abTe lo contesto, porque vale tambi\u00e9n para cuando me preguntan &#8216;Che, \u00bfeste t\u00e9cnico habr\u00eda que echarlo?&#8217;. Yo digo: \u00abNo, no, no, no, la gente no se echa\u00bb. La gente, si uno quiere, hay que darle el tiempo suficiente, y <strong> si el presidente de la AFA en determinado momento hay una elecci\u00f3n, ah\u00ed se ver\u00e1. Yo no&#8230; Yo lo \u00fanico que quiero es que al f\u00fatbol argentino le vaya bien\u00bb.<\/strong><\/p>\n<\/div>\n<div id=\"element-body-5\" class=\"sc-df222161-0 hNvwjb\">\n<p>Tambi\u00e9n, D&#8217;Onofrio cont\u00f3 que el club no vot\u00f3 por Tapia cuando fue electo presidente de la AFA, en 2017. \u00abRiver, en el 2017, cuando Tapia fue candidato a presidente, vicepresidente Angelici y vicepresidente segundo Moyano, <strong>nosotros decidimos en ese momento votar en blanco<\/strong>. Yo lo llam\u00e9 a Tapia a decirle &#8216;ma\u00f1ana vas a tener un sobre en blanco de River&#8217;. Y te digo, estuvimos cuatro a\u00f1os sin estar en el Comit\u00e9 Ejecutivo y no, nadie nos nos castig\u00f3, nadie nos nos nos hizo algo que no nos gustara por no estar. Yo esto lo quiero dejar bien en claro, porque a m\u00ed me pasa hoy que yo me cruzo con la gente de River por la calle y me dice &#8216;Rodolfo, no puede ser que estemos discutiendo con la AFA porque vamos a perder todo&#8217;. No, si eso fuera cierto realmente ser\u00eda vergonzoso y un caos total que nosotros como club tengamos problemas porque tenemos una opini\u00f3n distinta a lo que se est\u00e1 haciendo. \u00bfY qu\u00e9 es la opini\u00f3n distinta, por ejemplo? <strong>Yo lo dije siempre en toda mi presidencia: 30 equipos no\u00bb<\/strong>, agreg\u00f3.<\/p>\n<\/div>\n<div class=\"sc-c0843421-0 iNysjD image-embed\" id=\"element-body-6\"><img alt=\"St\u00e9fano Di Carlo rodeado de sus antecesores:&#10;Jorge Brito a la derecha y Rodolfo Donofrio a la izquierda. Los tres muy cr\u00edticos de Tapia.\" loading=\"lazy\" width=\"720\" height=\"100\" decoding=\"async\" data-nimg=\"1\" style=\"color:transparent\" src=\"https:\/\/fmamiga909.com.ar\/wp-content\/uploads\/2026\/09\/PN3z1pg0X_720x0__1.jpg\"\/><span class=\"epigraphe\">St\u00e9fano Di Carlo rodeado de sus antecesores:<br \/>\nJorge Brito a la derecha y Rodolfo Donofrio a la izquierda. Los tres muy cr\u00edticos de Tapia.<\/span><\/div>\n<p><h2><strong>Cuestionamientos largos<\/strong><\/h2>\n<\/p>\n<div id=\"element-body-8\" class=\"sc-df222161-0 hNvwjb\">\n<p>D&#8217;Onofrio se hab\u00eda opuesto a la anulaci\u00f3n de descensos en 2021 (Argentina fue la \u00fanica liga del mundo que con la excusa de la pandemia resolvi\u00f3 la p\u00e9rdida de categor\u00eda). Despu\u00e9s, m\u00e1s de una vez reclam\u00f3 por el regreso del torneo de 20 equipos, posici\u00f3n que fue ratificada por su sucesor, <strong>Jorge Brito, quien calific\u00f3 de \u00abdestructivo\u00bb el actual certamen con 30.<\/strong> River se alej\u00f3 del Comite Ejecutivo poco despu\u00e9s de la determinaci\u00f3n de Tapia y Toviggino de otorgarle a Rosario Central el t\u00edtulo de campe\u00f3n de la Tabla Anual 2025, un m\u00e9rito que no se hab\u00eda avisado que estaba en disputa. <\/p>\n<\/div>\n<div id=\"element-body-9\" class=\"sc-df222161-0 hNvwjb\">\n<p>Despu\u00e9s de la declaraci\u00f3n de Di Carlo sobre sostener la dignidad, en un puente cercano al estadio de Barracas Central apareci\u00f3 una bandera con la inscripci\u00f3n \u00abDi Carlo Chilindrina\u00bb. <\/p>\n<\/div>\n<div class=\"sc-c0843421-0 iNysjD image-embed\" id=\"element-body-10\"><img alt=\"&quot;Di Carlo Chilindrina&quot;, la bandera que apareci\u00f3 en cancha de Barracas (Foto: X @InfoCanaya).\" loading=\"lazy\" width=\"720\" height=\"100\" decoding=\"async\" data-nimg=\"1\" style=\"color:transparent\" src=\"https:\/\/fmamiga909.com.ar\/wp-content\/uploads\/2026\/09\/HIk7jYXCH_720x0__1.jpg\"\/><span class=\"epigraphe\">\u00abDi Carlo Chilindrina\u00bb, la bandera que apareci\u00f3 en cancha de Barracas (Foto: X @InfoCanaya).<\/span><\/div>\n<div id=\"element-body-11\" class=\"sc-a7166897-0 eTTZWU\"><a href=\"https:\/\/www.ole.com.ar\/opinion\/lionel-messi-anuncio-despedida-seleccion-argentina-legado-quita-jugado-opinion_0_LtYWd45gT0.html\" aria-label=\"El legado de Messi: \u00bfqui\u00e9n nos quita lo jugado?\" class=\"sc-d4f573e5-0 bUEDsN\"\/><\/p>\n<section><picture><img alt=\"El legado de Messi: \u00bfqui\u00e9n nos quita lo jugado?\" loading=\"lazy\" width=\"290\" height=\"290\" decoding=\"async\" data-nimg=\"1\" style=\"color:transparent\" src=\"https:\/\/fmamiga909.com.ar\/wp-content\/uploads\/2026\/09\/1788238045_725_9mss1ceCk_290x290__1.jpg\"\/><\/picture>\n<p><span>Mir\u00e1 tambi\u00e9n<\/span><\/p>\n<hr\/>\n<h3>El legado de Messi: \u00bfqui\u00e9n nos quita lo jugado?<\/h3>\n<\/p>\n<\/section>\n<\/div>\n<\/div>\n<p><a href=\"https:\/\/www.ole.com.ar\/futbol-primera\/rodolfodonofrio-claudiotapia-riverplate-afa-fifagate-stefanodicarlo_0_rqN6EpEVKd.html\">source<\/a><\/p>\n","protected":false},"excerpt":{"rendered":"<p>Rodolfo D&#8217;Onofrio, ex presidente de River, formul\u00f3 declaraciones cr\u00edticas contra la conducci\u00f3n de Claudio Tapia&#8230;<\/p>\n","protected":false},"author":3,"featured_media":49302,"comment_status":"closed","ping_status":"closed","sticky":false,"template":"","format":"standard","meta":{"footnotes":""},"categories":[21],"tags":[],"class_list":["post-49301","post","type-post","status-publish","format-standard","has-post-thumbnail","hentry","category-deportes"],"featured_image_urls":{"full":["https:\/\/fmamiga909.com.ar\/wp-content\/uploads\/2026\/09\/wp-header-logo-8.png",720,480,false],"thumbnail":["https:\/\/fmamiga909.com.ar\/wp-content\/uploads\/2026\/09\/wp-header-logo-8-150x150.png",150,150,true],"medium":["https:\/\/fmamiga909.com.ar\/wp-content\/uploads\/2026\/09\/wp-header-logo-8-300x200.png",300,200,true],"medium_large":["https:\/\/fmamiga909.com.ar\/wp-content\/uploads\/2026\/09\/wp-header-logo-8.png",720,480,false],"large":["https:\/\/fmamiga909.com.ar\/wp-content\/uploads\/2026\/09\/wp-header-logo-8.png",640,427,false],"1536x1536":["https:\/\/fmamiga909.com.ar\/wp-content\/uploads\/2026\/09\/wp-header-logo-8.png",720,480,false],"2048x2048":["https:\/\/fmamiga909.com.ar\/wp-content\/uploads\/2026\/09\/wp-header-logo-8.png",720,480,false],"newsium-slider-full":["https:\/\/fmamiga909.com.ar\/wp-content\/uploads\/2026\/09\/wp-header-logo-8.png",720,480,false],"newsium-featured":["https:\/\/fmamiga909.com.ar\/wp-content\/uploads\/2026\/09\/wp-header-logo-8.png",720,480,false],"newsium-medium":["https:\/\/fmamiga909.com.ar\/wp-content\/uploads\/2026\/09\/wp-header-logo-8-720x475.png",720,475,true]},"author_info":{"display_name":"Fredy Giuliano","author_link":"https:\/\/fmamiga909.com.ar\/?author=3"},"category_info":"<a href=\"https:\/\/fmamiga909.com.ar\/?cat=21\" rel=\"category\">Deportes<\/a>","tag_info":"Deportes","comment_count":"0","_links":{"self":[{"href":"https:\/\/fmamiga909.com.ar\/index.php?rest_route=\/wp\/v2\/posts\/49301","targetHints":{"allow":["GET"]}}],"collection":[{"href":"https:\/\/fmamiga909.com.ar\/index.php?rest_route=\/wp\/v2\/posts"}],"about":[{"href":"https:\/\/fmamiga909.com.ar\/index.php?rest_route=\/wp\/v2\/types\/post"}],"author":[{"embeddable":true,"href":"https:\/\/fmamiga909.com.ar\/index.php?rest_route=\/wp\/v2\/users\/3"}],"replies":[{"embeddable":true,"href":"https:\/\/fmamiga909.com.ar\/index.php?rest_route=%2Fwp%2Fv2%2Fcomments&post=49301"}],"version-history":[{"count":0,"href":"https:\/\/fmamiga909.com.ar\/index.php?rest_route=\/wp\/v2\/posts\/49301\/revisions"}],"wp:featuredmedia":[{"embeddable":true,"href":"https:\/\/fmamiga909.com.ar\/index.php?rest_route=\/wp\/v2\/media\/49302"}],"wp:attachment":[{"href":"https:\/\/fmamiga909.com.ar\/index.php?rest_route=%2Fwp%2Fv2%2Fmedia&parent=49301"}],"wp:term":[{"taxonomy":"category","embeddable":true,"href":"https:\/\/fmamiga909.com.ar\/index.php?rest_route=%2Fwp%2Fv2%2Fcategories&post=49301"},{"taxonomy":"post_tag","embeddable":true,"href":"https:\/\/fmamiga909.com.ar\/index.php?rest_route=%2Fwp%2Fv2%2Ftags&post=49301"}],"curies":[{"name":"wp","href":"https:\/\/api.w.org\/{rel}","templated":true}]}}