{"id":49312,"date":"2026-09-01T05:02:46","date_gmt":"2026-09-01T05:02:46","guid":{"rendered":"https:\/\/fmamiga909.com.ar\/?p=49312"},"modified":"2026-09-01T05:02:46","modified_gmt":"2026-09-01T05:02:46","slug":"el-legado-de-messi-quien-nos-quita-lo-jugado","status":"publish","type":"post","link":"https:\/\/fmamiga909.com.ar\/?p=49312","title":{"rendered":"El legado de Messi: \u00bfqui\u00e9n nos quita lo jugado?"},"content":{"rendered":"<div id=\"storyBody\">\n<div id=\"element-body-0\" class=\"sc-df222161-0 hNvwjb\">\n<p>Habr\u00e1 que imagin\u00e1rselo. Es 21 de julio. <strong>Hace horas perdimos la final del mundo<\/strong>. Mientras los argentinos estamos ocupad\u00edsimos -encantad\u00edsimos- elucubrando las m\u00e1s disparatadas teor\u00edas e hip\u00f3tesis conspiranoicas sobre por qu\u00e9 perdimos, <strong><a href=\"https:\/\/www.ole.com.ar\/tema\/lionel-messi.html\" title=\"Lionel Messi\" alt=\"Lionel Messi\" class=\"slug\">Lionel Messi<\/a> arranca un par de hojas de un bloc de notas, <a href=\"https:\/\/www.ole.com.ar\/messi\/lionel-messi-seleccion-argentina-retiro-carta-instagram-vacie-comunicado-posteo_0_ZofRDtcMUP.html\" target=\"_blank\" title=\"agarra una lapicera y se pone a escribir\" alt=\"agarra una lapicera y se pone a escribir\">agarra una lapicera y se pone a escribir<\/a><\/strong>. <\/p>\n<\/div>\n<div id=\"element-body-1\" class=\"sc-df222161-0 hNvwjb\">\n<p>Si tomara su celular y mandara un wasap, apenas uno, <strong>tendr\u00eda, en cuesti\u00f3n de segundos, a cualquier director\/a de comunicaci\u00f3n y relaciones de medios, community manager, licenciado\/a en comunicaci\u00f3n estrat\u00e9gica, jefe de prensa, responsable en gesti\u00f3n de relaciones o ghostwriter de Hollywood a disposici\u00f3n<\/strong>. Pero no. <\/p>\n<\/div>\n<div id=\"element-body-2\" class=\"sc-df222161-0 hNvwjb\">\n<p><strong>\u00c9l mismo decide escribir. <a href=\"https:\/\/www.ole.com.ar\/seleccion\/viral-tendencia-lapicera-messi-despedida-seleccion-harry-potter-giratiempos_0_cYXHV28V6L.html\" target=\"_blank\" title=\"Una carta. De pu\u00f1o y letra\" alt=\"Una carta. De pu\u00f1o y letra\">Una carta. De pu\u00f1o y letra<\/a>.<\/strong> Como en la escuela primaria. O como en el 1800. As\u00ed, de manera epistolar, <strong>con la emoci\u00f3n a flor de piel, Leo se zambulle de lleno en la naturaleza escurridiza de los recuerdos.<\/strong> No son pocas las emociones que seguramente lo atraviesan. Su abuela. Su clubcito. Aquellas inyecciones. Su vieja. Su viejo. Su viaje. Los silbidos. Las cr\u00edticas. La gloria. Sus hijos. Los r\u00e9cords. Sus hitos. El mito.<\/p>\n<\/div>\n<div id=\"element-body-3\" class=\"sc-df222161-0 hNvwjb\">\n<p>Hoy, m\u00e1s de un mes despu\u00e9s de que esa carta fuera escrita, <strong>es el mundo entero el que repasa su historia, el que rememora<\/strong>. <a href=\"https:\/\/www.ole.com.ar\/messi\/lionel-messi-balance-seleccion-argentina-retiro-mundial_0_vesrzUMPH6.html\" target=\"_blank\" title=\"Su debut\" alt=\"Su debut\">Su debut<\/a>, <strong><a href=\"https:\/\/www.ole.com.ar\/messi\/lionelmessi-seleccionargentina-goles_0_bU4wYbJitW.html\" target=\"_blank\" title=\"sus goles\" alt=\"sus goles\">sus goles<\/a>, <a href=\"https:\/\/www.ole.com.ar\/messi\/messi-eterno-titulos-seleccion-argentina-mundial-copa-america-finalissima-jjoo-sub-20_0_aUpiS45iby.html\" target=\"_blank\" title=\"sus proezas\" alt=\"sus proezas\">sus proezas<\/a><\/strong>. Porque todos, quien m\u00e1s, quien menos, tiene una emoci\u00f3n, un abrazo, un recuerdo, atado a Messi.<\/p>\n<\/div>\n<div class=\"sc-c0843421-0 iNysjD image-embed\" id=\"element-body-4\"><img alt=\"La carta de Messi.\" loading=\"lazy\" width=\"720\" height=\"100\" decoding=\"async\" data-nimg=\"1\" style=\"color:transparent\" src=\"https:\/\/fmamiga909.com.ar\/wp-content\/uploads\/2026\/09\/enp1E4XQ3_720x0__1.jpg\"\/><span class=\"epigraphe\">La carta de Messi.<\/span><\/div>\n<div id=\"element-body-5\" class=\"sc-df222161-0 hNvwjb\">\n<p>Se sabe, hay muchos que antes de Qatar dec\u00edan que todo bien pero que <strong>para ser grande, grande de verdad, le faltaba un Mundial<\/strong>. No entend\u00edan quiz\u00e1s que Messi no lo necesitaba. Es decir, lo quer\u00eda, claro, lo so\u00f1aba, pero <strong>no lo necesitaba para confirmar su grandeza<\/strong>. Ya era enorme, gigante, antes de Qatar. Y no lo necesitaba b\u00e1sicamente porque <strong>\u00e9l es un Mundial: Messi siempre fue un Mundial en s\u00ed mismo<\/strong>.<\/p>\n<\/div>\n<div id=\"element-body-6\" class=\"sc-df222161-0 hNvwjb\">\n<p>Porque genera mucho de lo mismo que produce un Mundial. Ese fen\u00f3meno de que en el planeta haya algunos miles de millones a los que, por suerte, no les gusta el f\u00fatbol, no les llama, ni fu ni fa, pero cuando llega un Mundial miran los partidos, hablan del offside, se enganchan con un Curazao vs. Costa de Marfil. <strong>Eso mismo es lo que Messi gener\u00f3. \u00c9l solito.<\/strong> <\/p>\n<\/div>\n<div id=\"element-body-7\" class=\"sc-df222161-0 hNvwjb\">\n<p>Es tan grande su figura que su vida, su recorrido, sus frustraciones, sus logros, <strong>siempre fueron temas universales, del que todo el mundo habl\u00f3<\/strong>. Como un terremoto, un atentado, una elecci\u00f3n presidencial, la pandemia, el nuevo novio de la nena, el nuevo novio del nene, Messi siempre fue un tema de cualquier mesa familiar. En Burzaco, Par\u00eds o Bangalore.<\/p>\n<\/div>\n<div class=\"sc-c0843421-0 iNysjD image-embed\" id=\"element-body-8\"><img alt=\"Messi campe\u00f3n en Qatar (EFE).\" loading=\"lazy\" width=\"720\" height=\"100\" decoding=\"async\" data-nimg=\"1\" style=\"color:transparent\" src=\"https:\/\/fmamiga909.com.ar\/wp-content\/uploads\/2026\/09\/txHEjgv5T_720x0__1.jpg\"\/><span class=\"epigraphe\">Messi campe\u00f3n en Qatar (EFE).<\/span><\/div>\n<div id=\"element-body-9\" class=\"sc-df222161-0 hNvwjb\">\n<p>As\u00ed, <strong>a los 39 a\u00f1os<\/strong> (edad en la que al Diego ya le cortaron las piernas en EE.UU. 94; Pel\u00e9 ya dej\u00f3 de jugar en el \u201cCosmos de Pel\u00e9\u201d y participa de la filmaci\u00f3n de la pel\u00edcula Escape a la victoria con Sylvester Stallone y Osvaldo Ardiles; Di St\u00e9fano se fue del Real Madrid, todav\u00eda juega en el Espanyol pero ya no en la selecci\u00f3n espa\u00f1ola; Johan Cruyff ya quem\u00f3 sus \u00faltimos cartuchos en el Levante de la Segunda de Espa\u00f1a y arranca como entrenador en el Ajax; Wolfgang Amadeus Mozart ya est\u00e1 viendo crecer las flores desde abajo en una fosa comunitaria de la clase media del cementerio de Viena; Vincent Van Gogh ya se cort\u00f3 la oreja y se dispar\u00f3 a s\u00ed mismo hace dos a\u00f1os; y John Lennon ya se mud\u00f3 a New York con Yoko Ono y est\u00e1 a un a\u00f1o de ser asesinado en la puerta del Dakota), <strong>Lionel Messi la rompi\u00f3 en otro Mundial<\/strong>. Descomunal.<\/p>\n<\/div>\n<div class=\"sc-c0843421-0 iNysjD image-embed\" id=\"element-body-10\"><img alt=\"Messi, tras la final de Estados Unidos (Foto Juano Tesone).\" loading=\"lazy\" width=\"720\" height=\"100\" decoding=\"async\" data-nimg=\"1\" style=\"color:transparent\" src=\"https:\/\/fmamiga909.com.ar\/wp-content\/uploads\/2026\/09\/uo8mn7huz_720x0__1.jpg\"\/><span class=\"epigraphe\">Messi, tras la final de Estados Unidos (Foto Juano Tesone).<\/span><\/div>\n<div id=\"element-body-11\" class=\"sc-df222161-0 hNvwjb\">\n<p>Desde su debut en la Sub 20 en 2004, a Messi en la Selecci\u00f3n pudieron verlo, disfrutarlo, gozarlo, admirarlo, <strong>cinco generaciones: los Baby Boomers (1946-1964), la Generaci\u00f3n X (1965-1980), los Millennials (1981-1996), la Generaci\u00f3n Z (1997-2012) y la Generaci\u00f3n Alpha (2013-2025)<\/strong>.<\/p>\n<\/div>\n<div id=\"element-body-12\" class=\"sc-df222161-0 hNvwjb\">\n<p>Lo incre\u00edble fue que durante todos estos a\u00f1os <strong>los periodistas hablamos, claro, gansadas, giladas, de Messi<\/strong>. Muchos marcando las cosas qu\u00e9 deb\u00eda hacer en la Selecci\u00f3n: cantar el Himno, jugar como en el Barcelona, no mirar el piso, ser lo que no era en aquel entonces (un l\u00edder locuaz). En un pa\u00eds malo para casi todo <strong>le exig\u00edamos a Messi ser siempre el mejor y ser campe\u00f3n del mundo<\/strong>. <strong>Era su deber. Su obligaci\u00f3n por ser un fen\u00f3meno. <\/strong><\/p>\n<\/div>\n<div id=\"element-body-13\" class=\"sc-df222161-0 hNvwjb\">\n<p>Y cada vez que no lo lograba, cada vez que fallaba en sus reiterados intentos, le exig\u00edamos las explicaciones del caso: <strong>\u00bfc\u00f3mo, Messi, siendo usted tan extraordinario no ha ganado nada con la Mayor? \u00bfPor qu\u00e9, Messi, usted que juega tan bien en el Barcelona, ac\u00e1 no le hace un gol al arco iris?<\/strong><\/p>\n<\/div>\n<div id=\"element-body-14\" class=\"sc-df222161-0 hNvwjb\">\n<p><strong>Pong\u00e1monos un segundo en el lugar de aquel Messi<\/strong>. Vos, yo, todas, todos, los que no ganamos nada nunca, pong\u00e1monos un segundo en su lugar: admirados en el mundo, en todo el mundo, pero <strong>castigados much\u00edsimo en nuestro propio pa\u00eds<\/strong>. <strong>\u00bfC\u00f3mo fue entonces que Messi no nos mand\u00f3 a cagar? \u00bfC\u00f3mo nos aguant\u00f3? \u00bfC\u00f3mo hizo para renunciar s\u00ed, pero al tiempito volver, tragar saliva y seguir?<\/strong><\/p>\n<\/div>\n<div class=\"sc-c0843421-0 iNysjD image-embed\" id=\"element-body-15\"><img alt=\"Messi campe\u00f3n en Qatar. EFE\/EPA\/FRIEDEMANN VOGEL\" loading=\"lazy\" width=\"720\" height=\"100\" decoding=\"async\" data-nimg=\"1\" style=\"color:transparent\" src=\"https:\/\/fmamiga909.com.ar\/wp-content\/uploads\/2026\/09\/yWxJ-2D0U_720x0__1.jpg\"\/><span class=\"epigraphe\">Messi campe\u00f3n en Qatar. EFE\/EPA\/FRIEDEMANN VOGEL<\/span><\/div>\n<div id=\"element-body-16\" class=\"sc-df222161-0 hNvwjb\">\n<p><strong>Nos ha tenido paciencia, Messi, en estos m\u00e1s de 20 a\u00f1os<\/strong>. Por eso, <strong>la gloria en Qatar sirvi\u00f3 para demostrar que Messi fue campe\u00f3n del mundo a pesar nuestro<\/strong>. Por lo tanto, <strong>su legado no son las copas, los r\u00e9cords, las gambetas extraterrestres<\/strong>: <strong>su legado es el no haber bajado los brazos, el intentarlo una y otra vez, ese perseguir su sue\u00f1o a pesar de las dificultades<\/strong>.<\/p>\n<\/div>\n<div id=\"element-body-17\" class=\"sc-df222161-0 hNvwjb\">\n<p><strong>Hoy se va. Dice adi\u00f3s. No va m\u00e1s.<\/strong> Y est\u00e1 bien. Lo vamos a extra\u00f1ar. Mucho. <strong>Ser\u00e1 muy dif\u00edcil ver un partido de la Selecci\u00f3n sin el Diez.<\/strong> O ver al Diez en la tribuna viendo un partido de la Selecci\u00f3n. Pero qui\u00e9n nos quita lo jugado. Ahora <strong>volveremos a la vida normal, al f\u00fatbol de selecciones terrenales.<\/strong> Pero en cualquier canchita en la que una nena patee, all\u00e1 donde un cincuent\u00f3n intente una gambeta y se caiga de culo al piso, <strong>en cualquier lugar del mundo en el que un nene est\u00e9 haciendo jueguitos en un sem\u00e1foro, estar\u00e1.<\/strong> Porque ah\u00ed seguro <strong>veremos la 10. Su 10. Celeste y Blanca.<\/strong><\/p>\n<\/div>\n<p><h2><strong>El video que Messi poste\u00f3 por su despedida de la Selecci\u00f3n<\/strong><\/h2>\n<\/p>\n<p><h2><strong>\u00bfQu\u00e9 pasar\u00e1 con la 10 de la Selecci\u00f3n Argentina? \u00bfSe puede retirar?<\/strong><\/h2>\n<\/p>\n<div id=\"element-body-21\" class=\"sc-8712cf2e-1 brsVwg\"><figcaption class=\"JWvideoNota_title\">\n<p>La AFA podr\u00eda perfectamente realizar una ceremonia para homenajear al capit\u00e1n y retirar simb\u00f3licamente la camiseta. Sin embargo, la FIFA NO permite retirar el n\u00famero 10 en los torneos oficiales ni en las Copas del Mundo debido a su reglamento de numeraci\u00f3n de planteles<\/p>\n<\/figcaption><\/div>\n<div id=\"element-body-22\" class=\"sc-a7166897-0 eTTZWU\"><a href=\"https:\/\/www.ole.com.ar\/messi\/trivia-ole-carrera-lionel-messi-seleccion-argentina-retiro-sabes_0_oLwn0ACPjf.html\" aria-label=\"Trivia Ol\u00e9: diez preguntas sobre la carrera de Lionel Messi en la Selecci\u00f3n Argentina\" class=\"sc-d4f573e5-0 bUEDsN\"\/><\/p>\n<section><picture><img alt=\"Trivia Ol\u00e9: diez preguntas sobre la carrera de Lionel Messi en la Selecci\u00f3n Argentina\" loading=\"lazy\" width=\"290\" height=\"290\" decoding=\"async\" data-nimg=\"1\" style=\"color:transparent\" src=\"https:\/\/fmamiga909.com.ar\/wp-content\/uploads\/2026\/09\/8ECyB54pO_290x290__1.jpg\"\/><\/picture>\n<p><span>Mir\u00e1 tambi\u00e9n<\/span><\/p>\n<hr\/>\n<h3>Trivia Ol\u00e9: diez preguntas sobre la carrera de Lionel Messi en la Selecci\u00f3n Argentina<\/h3>\n<\/p>\n<\/section>\n<\/div>\n<div id=\"element-body-23\" class=\"sc-a7166897-0 eTTZWU\"><a href=\"https:\/\/www.ole.com.ar\/messi\/lionel-messi-retiro-seleccion-argentina_0_4WEG1KJ9aJ.html\" aria-label=\"Messi a trav\u00e9s de los 30 a\u00f1os de Ol\u00e9: una conexi\u00f3n \u00fanica \" class=\"sc-d4f573e5-0 bUEDsN\"\/><\/p>\n<section><picture><img alt=\"Messi a trav\u00e9s de los 30 a\u00f1os de Ol\u00e9: una conexi\u00f3n \u00fanica \" loading=\"lazy\" width=\"290\" height=\"290\" decoding=\"async\" data-nimg=\"1\" style=\"color:transparent\" src=\"https:\/\/fmamiga909.com.ar\/wp-content\/uploads\/2026\/09\/RTPcMjzJK_290x290__1.jpg\"\/><\/picture>\n<p><span>Mir\u00e1 tambi\u00e9n<\/span><\/p>\n<hr\/>\n<h3>Messi a trav\u00e9s de los 30 a\u00f1os de Ol\u00e9: una conexi\u00f3n \u00fanica <\/h3>\n<\/p>\n<\/section>\n<\/div>\n<div id=\"element-body-24\" class=\"sc-a7166897-0 eTTZWU\"><a href=\"https:\/\/www.ole.com.ar\/seleccion\/futuro-scaloni-retiro-messi-seleccion-argentina_0_r4BEzqZai0.html\" aria-label=\"El futuro de Scaloni: tras el retiro de Messi, \u00bfqu\u00e9 pasar\u00e1 con el otro Leo?\" class=\"sc-d4f573e5-0 bUEDsN\"\/><\/p>\n<section><picture><img alt=\"El futuro de Scaloni: tras el retiro de Messi, \u00bfqu\u00e9 pasar\u00e1 con el otro Leo?\" loading=\"lazy\" width=\"290\" height=\"290\" decoding=\"async\" data-nimg=\"1\" style=\"color:transparent\" src=\"https:\/\/fmamiga909.com.ar\/wp-content\/uploads\/2026\/09\/w83_loxuR_290x290__1.jpg\"\/><\/picture>\n<p><span>Mir\u00e1 tambi\u00e9n<\/span><\/p>\n<hr\/>\n<h3>El futuro de Scaloni: tras el retiro de Messi, \u00bfqu\u00e9 pasar\u00e1 con el otro Leo?<\/h3>\n<\/p>\n<\/section>\n<\/div>\n<div id=\"element-body-25\" class=\"sc-a7166897-0 eTTZWU\"><a href=\"https:\/\/www.ole.com.ar\/seleccion\/lionel-messi-anuncio-retiro-seleccion-argentina-posteo-dedicacion-rodrigo-paul-redes-sociales_0_tl5wEqFtog.html\" aria-label=\"El conmovedor mensaje que De Paul le dedic\u00f3 a Messi por su despedida en la Selecci\u00f3n: &quot;Me lo voy a llevar toda la vida&quot;\" class=\"sc-d4f573e5-0 bUEDsN\"\/><\/p>\n<section><picture><img alt=\"El conmovedor mensaje que De Paul le dedic\u00f3 a Messi por su despedida en la Selecci\u00f3n: &quot;Me lo voy a llevar toda la vida&quot;\" loading=\"lazy\" width=\"290\" height=\"290\" decoding=\"async\" data-nimg=\"1\" style=\"color:transparent\" src=\"https:\/\/fmamiga909.com.ar\/wp-content\/uploads\/2026\/09\/bvJw6uLHF_290x290__1.jpg\"\/><\/picture>\n<p><span>Mir\u00e1 tambi\u00e9n<\/span><\/p>\n<hr\/>\n<h3>El conmovedor mensaje que De Paul le dedic\u00f3 a Messi por su despedida en la Selecci\u00f3n: \u00abMe lo voy a llevar toda la vida\u00bb<\/h3>\n<\/p>\n<\/section>\n<\/div>\n<div id=\"element-body-26\" class=\"sc-a7166897-0 eTTZWU\"><a href=\"https:\/\/www.ole.com.ar\/messi\/video-emotivo-repaso-carrera-messi-animado-seleccion-argentina-retiro_0_pxD6hE8RtZ.html\" aria-label=\"Video: el emocionante repaso animado de la carrera de Lionel Messi en la Selecci\u00f3n Argentina\" class=\"sc-d4f573e5-0 bUEDsN\"\/><\/p>\n<section><picture><img alt=\"Video: el emocionante repaso animado de la carrera de Lionel Messi en la Selecci\u00f3n Argentina\" loading=\"lazy\" width=\"290\" height=\"290\" decoding=\"async\" data-nimg=\"1\" style=\"color:transparent\" src=\"https:\/\/fmamiga909.com.ar\/wp-content\/uploads\/2026\/09\/BtBpjiMyo_290x290__1.jpg\"\/><\/picture>\n<p><span>Mir\u00e1 tambi\u00e9n<\/span><\/p>\n<hr\/>\n<h3>Video: el emocionante repaso animado de la carrera de Lionel Messi en la Selecci\u00f3n Argentina<\/h3>\n<\/p>\n<\/section>\n<\/div>\n<\/div>\n<p><a href=\"https:\/\/www.ole.com.ar\/opinion\/lionel-messi-anuncio-despedida-seleccion-argentina-legado-quita-jugado-opinion_0_LtYWd45gT0.html\">source<\/a><\/p>\n","protected":false},"excerpt":{"rendered":"<p>Habr\u00e1 que imagin\u00e1rselo. Es 21 de julio. Hace horas perdimos la final del mundo. Mientras&#8230;<\/p>\n","protected":false},"author":3,"featured_media":49313,"comment_status":"closed","ping_status":"closed","sticky":false,"template":"","format":"standard","meta":{"footnotes":""},"categories":[21],"tags":[],"class_list":["post-49312","post","type-post","status-publish","format-standard","has-post-thumbnail","hentry","category-deportes"],"featured_image_urls":{"full":["https:\/\/fmamiga909.com.ar\/wp-content\/uploads\/2026\/09\/wp-header-logo-9.png",720,486,false],"thumbnail":["https:\/\/fmamiga909.com.ar\/wp-content\/uploads\/2026\/09\/wp-header-logo-9-150x150.png",150,150,true],"medium":["https:\/\/fmamiga909.com.ar\/wp-content\/uploads\/2026\/09\/wp-header-logo-9-300x203.png",300,203,true],"medium_large":["https:\/\/fmamiga909.com.ar\/wp-content\/uploads\/2026\/09\/wp-header-logo-9.png",720,486,false],"large":["https:\/\/fmamiga909.com.ar\/wp-content\/uploads\/2026\/09\/wp-header-logo-9.png",640,432,false],"1536x1536":["https:\/\/fmamiga909.com.ar\/wp-content\/uploads\/2026\/09\/wp-header-logo-9.png",720,486,false],"2048x2048":["https:\/\/fmamiga909.com.ar\/wp-content\/uploads\/2026\/09\/wp-header-logo-9.png",720,486,false],"newsium-slider-full":["https:\/\/fmamiga909.com.ar\/wp-content\/uploads\/2026\/09\/wp-header-logo-9.png",720,486,false],"newsium-featured":["https:\/\/fmamiga909.com.ar\/wp-content\/uploads\/2026\/09\/wp-header-logo-9.png",720,486,false],"newsium-medium":["https:\/\/fmamiga909.com.ar\/wp-content\/uploads\/2026\/09\/wp-header-logo-9-720x475.png",720,475,true]},"author_info":{"display_name":"Fredy Giuliano","author_link":"https:\/\/fmamiga909.com.ar\/?author=3"},"category_info":"<a href=\"https:\/\/fmamiga909.com.ar\/?cat=21\" rel=\"category\">Deportes<\/a>","tag_info":"Deportes","comment_count":"0","_links":{"self":[{"href":"https:\/\/fmamiga909.com.ar\/index.php?rest_route=\/wp\/v2\/posts\/49312","targetHints":{"allow":["GET"]}}],"collection":[{"href":"https:\/\/fmamiga909.com.ar\/index.php?rest_route=\/wp\/v2\/posts"}],"about":[{"href":"https:\/\/fmamiga909.com.ar\/index.php?rest_route=\/wp\/v2\/types\/post"}],"author":[{"embeddable":true,"href":"https:\/\/fmamiga909.com.ar\/index.php?rest_route=\/wp\/v2\/users\/3"}],"replies":[{"embeddable":true,"href":"https:\/\/fmamiga909.com.ar\/index.php?rest_route=%2Fwp%2Fv2%2Fcomments&post=49312"}],"version-history":[{"count":0,"href":"https:\/\/fmamiga909.com.ar\/index.php?rest_route=\/wp\/v2\/posts\/49312\/revisions"}],"wp:featuredmedia":[{"embeddable":true,"href":"https:\/\/fmamiga909.com.ar\/index.php?rest_route=\/wp\/v2\/media\/49313"}],"wp:attachment":[{"href":"https:\/\/fmamiga909.com.ar\/index.php?rest_route=%2Fwp%2Fv2%2Fmedia&parent=49312"}],"wp:term":[{"taxonomy":"category","embeddable":true,"href":"https:\/\/fmamiga909.com.ar\/index.php?rest_route=%2Fwp%2Fv2%2Fcategories&post=49312"},{"taxonomy":"post_tag","embeddable":true,"href":"https:\/\/fmamiga909.com.ar\/index.php?rest_route=%2Fwp%2Fv2%2Ftags&post=49312"}],"curies":[{"name":"wp","href":"https:\/\/api.w.org\/{rel}","templated":true}]}}