{"id":49322,"date":"2026-09-01T16:12:25","date_gmt":"2026-09-01T16:12:25","guid":{"rendered":"https:\/\/fmamiga909.com.ar\/?p=49322"},"modified":"2026-09-01T16:12:25","modified_gmt":"2026-09-01T16:12:25","slug":"la-reliquia-de-messi-que-bahia-blanca-guarda-como-un-tesoro-la-camiseta-de-su-primera-semifinal-mundialista","status":"publish","type":"post","link":"https:\/\/fmamiga909.com.ar\/?p=49322","title":{"rendered":"La reliquia de Messi que Bah\u00eda Blanca guarda como un tesoro: la camiseta de su primera semifinal mundialista"},"content":{"rendered":"<div id=\"storyBody\">\n<div id=\"element-body-0\" class=\"sc-df222161-0 hNvwjb\">\n<p><strong><a href=\"https:\/\/www.ole.com.ar\/seleccion\/lionel-messi-retiro-seleccion-argentina_0_Q7Uo8ybTrO.html\" title=\"Lionel Messi le puso punto final a su historia con la Selecci\u00f3n Argentina\" alt=\"Lionel Messi le puso punto final a su historia con la Selecci\u00f3n Argentina\">Lionel Messi<\/a><\/strong><a href=\"https:\/\/www.ole.com.ar\/seleccion\/lionel-messi-retiro-seleccion-argentina_0_Q7Uo8ybTrO.html\" target=\"_blank\" title=\"Lionel Messi le puso punto final a su historia con la Selecci\u00f3n Argentina\" alt=\"Lionel Messi le puso punto final a su historia con la Selecci\u00f3n Argentina\"\/><strong><a href=\"https:\/\/www.ole.com.ar\/seleccion\/lionel-messi-retiro-seleccion-argentina_0_Q7Uo8ybTrO.html\" target=\"_blank\" title=\"Lionel Messi le puso punto final a su historia con la Selecci\u00f3n Argentina\" alt=\"Lionel Messi le puso punto final a su historia con la Selecci\u00f3n Argentina\">le puso punto final a su historia con la Selecci\u00f3n Argentina<\/a><\/strong> despu\u00e9s de 21 a\u00f1os inolvidables. Una trayectoria marcada por t\u00edtulos, r\u00e9cords y momentos que quedaron para siempre en la memoria del f\u00fatbol argentino. Pero mientras el capit\u00e1n cerraba su ciclo con la camiseta albiceleste, en <strong><a href=\"https:\/\/www.ole.com.ar\/tema\/bahia-blanca.html\" target=\"_blank\" title=\"Bah\u00eda Blanca\" alt=\"Bah\u00eda Blanca\" class=\"slug\">Bah\u00eda Blanca<\/a><\/strong> todav\u00eda hay una reliquia capaz de transportar a cualquiera a una de las jornadas m\u00e1s importantes de su carrera.<\/p>\n<\/div>\n<div id=\"element-body-1\" class=\"sc-df222161-0 hNvwjb\">\n<p>Se trata de una camiseta utilizada por <strong><a href=\"https:\/\/www.ole.com.ar\/tema\/lionel-messi.html\" title=\"Lionel Messi\" alt=\"Lionel Messi\" class=\"slug\">Messi<\/a><\/strong> durante el <strong><a href=\"https:\/\/www.ole.com.ar\/tema\/mundial-brasil-2014.html\" title=\"Mundial Brasil 2014\" alt=\"Mundial Brasil 2014\" class=\"slug\">Mundial de Brasil 2014<\/a><\/strong>, en el partido de semifinales frente a Pa\u00edses Bajos. Aquella jornada en San Pablo termin\u00f3 con Argentina nuevamente entre los cuatro mejores del mundo despu\u00e9s de 24 a\u00f1os tras empatar 0-0 en los 120 minutos y ganar por penales.<\/p>\n<\/div>\n<div class=\"sc-c0843421-0 iNysjD image-embed\" id=\"element-body-2\"><img alt=\"Argentina se clasific\u00f3 a la final por penales. (AFP PHOTO\/GABRIEL BOUYS)\" loading=\"lazy\" width=\"720\" height=\"100\" decoding=\"async\" data-nimg=\"1\" style=\"color:transparent\" src=\"https:\/\/fmamiga909.com.ar\/wp-content\/uploads\/2026\/09\/BdHC_xA2z_720x0__1.jpg\"\/><span class=\"epigraphe\">Argentina se clasific\u00f3 a la final por penales. (AFP PHOTO\/GABRIEL BOUYS)<\/span><\/div>\n<p><h2>La camiseta de Messi que lleg\u00f3 a Bah\u00eda Blanca antes del Mundial de Rusia<\/h2>\n<\/p>\n<div id=\"element-body-4\" class=\"sc-df222161-0 hNvwjb\">\n<p>La historia de esta particular camiseta comenz\u00f3 a tomar otro rumbo en junio de 2018, apenas unos d\u00edas antes del comienzo del Mundial de Rusia. Por entonces, <strong>la reliquia lleg\u00f3 a Bah\u00eda Blanca para convertirse en parte de la colecci\u00f3n del Museo del Deporte<\/strong>.<\/p>\n<\/div>\n<div id=\"element-body-5\" class=\"sc-df222161-0 hNvwjb\">\n<p>La casaca hab\u00eda sido adquirida por la empresa Siemens en una subasta realizada en Estados Unidos. El objetivo era utilizarla como un <strong>s\u00edmbolo de superaci\u00f3n para los trabajadores <\/strong> que participaron de la construcci\u00f3n de la Central Termoel\u00e9ctrica Guillermo Brown, ubicada en General Daniel Cerri.<\/p>\n<\/div>\n<div class=\"sc-c0843421-0 iNysjD image-embed\" id=\"element-body-6\"><img alt=\"Fabio Oyola, gerente general de la Termoel\u00e9ctrica, Bernardo Stortoni, subsecretario de Deportes y Carlos Fern\u00e1ndez, en representaci\u00f3n de Siemens.\" loading=\"lazy\" width=\"720\" height=\"100\" decoding=\"async\" data-nimg=\"1\" style=\"color:transparent\" src=\"https:\/\/fmamiga909.com.ar\/wp-content\/uploads\/2026\/09\/XzyAiDqXe_720x0__1.jpg\"\/><span class=\"epigraphe\">Fabio Oyola, gerente general de la Termoel\u00e9ctrica, Bernardo Stortoni, subsecretario de Deportes y Carlos Fern\u00e1ndez, en representaci\u00f3n de Siemens.<\/span><\/div>\n<div id=\"element-body-7\" class=\"sc-df222161-0 hNvwjb\">\n<p>Desde la Municipalidad de Bah\u00eda Blanca destacaron en aquel momento la decisi\u00f3n de la compa\u00f1\u00eda de entregar la pieza al museo local, en lugar de enviarla a otra instituci\u00f3n.<\/p>\n<\/div>\n<div id=\"element-body-8\" class=\"sc-df222161-0 hNvwjb\">\n<p>La camiseta cuenta con una certificaci\u00f3n internacional que acredita su autenticidad. Pero hay otro detalle, <strong>est\u00e1 firmada por los otros 22 integrantes de aquel plantel argentino que termin\u00f3 como subcampe\u00f3n mundial. <\/strong> Entre esas firmas aparece la de <strong>Rodrigo Palacio<\/strong>, delantero nacido en Bah\u00eda Blanca y uno de los integrantes de aquella Selecci\u00f3n dirigida por Alejandro Sabella.<\/p>\n<\/div>\n<div class=\"sc-c0843421-0 iNysjD image-embed\" id=\"element-body-9\"><img alt=\"La camiseta con la firma de todos los jugadores que integraron el plantel.\" loading=\"lazy\" width=\"720\" height=\"100\" decoding=\"async\" data-nimg=\"1\" style=\"color:transparent\" src=\"https:\/\/fmamiga909.com.ar\/wp-content\/uploads\/2026\/09\/E6xINg-aE_720x0__1.jpg\"\/><span class=\"epigraphe\">La camiseta con la firma de todos los jugadores que integraron el plantel.<\/span><\/div>\n<div id=\"element-body-10\" class=\"sc-df222161-0 hNvwjb\">\n<p>As\u00ed, la camiseta de Messi termin\u00f3 teniendo un v\u00ednculo todav\u00eda m\u00e1s fuerte con la ciudad. El bahiense fue uno de los protagonistas de aquel plantel y tambi\u00e9n funcion\u00f3 como <strong>un nexo fundamental para que la hist\u00f3rica casaca llegara a exhibirse en su tierra.<\/strong><\/p>\n<\/div>\n<p><h2>C\u00f3mo es la camiseta de Messi que se exhibe en el Museo del Deporte<\/h2>\n<\/p>\n<div id=\"element-body-12\" class=\"sc-df222161-0 hNvwjb\">\n<p>La reliquia pesa <strong>apenas 100 gramos<\/strong> y corresponde al modelo que Adidas present\u00f3 oficialmente en noviembre de 2013. En aquel momento, la camiseta ten\u00eda un valor de venta de 700 pesos, equivalentes a unos 116 d\u00f3lares seg\u00fan la cotizaci\u00f3n de entonces.<\/p>\n<\/div>\n<div id=\"element-body-13\" class=\"sc-df222161-0 hNvwjb\">\n<p>El dise\u00f1o tiene varias caracter\u00edsticas que permiten reconocerla r\u00e1pidamente. Los pu\u00f1os y el cuello son de color negro, al igual que las tres tiras caracter\u00edsticas de Adidas que aparecen sobre los hombros. Tambi\u00e9n presenta <strong>un escudo de la AFA diferente al tradicional, con un contorno negro.<\/strong> A eso se suma la particularidad de los <strong>bastones celestes<\/strong>, que aparecen difuminados sobre la tela.<\/p>\n<\/div>\n<div class=\"sc-c0843421-0 iNysjD image-embed\" id=\"element-body-14\"><img alt=\"Messi con la camiseta que hoy se encuentra en Bah\u00eda Blanca. (AP Photo\/Martin Meissner, File)\" loading=\"lazy\" width=\"720\" height=\"100\" decoding=\"async\" data-nimg=\"1\" style=\"color:transparent\" src=\"https:\/\/fmamiga909.com.ar\/wp-content\/uploads\/2026\/09\/nN_Igz4oG_720x0__1.jpg\"\/><span class=\"epigraphe\">Messi con la camiseta que hoy se encuentra en Bah\u00eda Blanca. (AP Photo\/Martin Meissner, File)<\/span><\/div>\n<div id=\"element-body-15\" class=\"sc-df222161-0 hNvwjb\">\n<p>Ese modelo fue utilizado por Argentina durante <strong>seis de los siete partidos que disput\u00f3 en Brasil 2014<\/strong>. La \u00fanica excepci\u00f3n fue la final frente a Alemania, cuando el equipo de Sabella utiliz\u00f3 la camiseta alternativa, de predominante azul oscuro.<\/p>\n<\/div>\n<div id=\"element-body-16\" class=\"sc-df222161-0 hNvwjb\">\n<p>Aquella tardenoche paulista en la Arena Corinthians ante <strong>Pa\u00edses Bajos<\/strong>, Messi convirti\u00f3 uno de los cuatro penales de Argentina en la definici\u00f3n y <strong>ayud\u00f3 a sellar el pase a la final despu\u00e9s de M\u00e9xico 86<\/strong>. Luego llegar\u00eda la derrota ante <strong>Alemania (0-1)<\/strong>, pero tambi\u00e9n el comienzo de un recorrido que a\u00f1os m\u00e1s tarde tendr\u00eda su revancha.<\/p>\n<\/div>\n<div id=\"element-body-17\" class=\"sc-df222161-0 hNvwjb\">\n<p>Hoy, con la historia de Messi en la Selecci\u00f3n llegando a su \u00faltimo cap\u00edtulo, <strong>aquella camiseta adquiere todav\u00eda m\u00e1s valor<\/strong>. Los recuerdos de Brasil 2014 permanecen intactos en una reliquia que, desde Bah\u00eda Blanca, permite <strong>volver a mirar uno de los primeros grandes pasos del Diez hacia la eternidad.<\/strong><\/p>\n<\/div>\n<div id=\"element-body-18\" class=\"sc-a7166897-0 eTTZWU\"><a href=\"https:\/\/www.ole.com.ar\/river-plate\/river-plate-lucas-martinez-quarta-nacho-fernandez_0_8esAENexmp.html\" aria-label=\"El gesto de un ex River con Mart\u00ednez Quarta en medio de las cr\u00edticas: &quot;Te banco siempre&quot;\" class=\"sc-d4f573e5-0 bUEDsN\"\/><\/p>\n<section><picture><img alt=\"El gesto de un ex River con Mart\u00ednez Quarta en medio de las cr\u00edticas: &quot;Te banco siempre&quot;\" loading=\"lazy\" width=\"290\" height=\"290\" decoding=\"async\" data-nimg=\"1\" style=\"color:transparent\" src=\"https:\/\/fmamiga909.com.ar\/wp-content\/uploads\/2026\/09\/qf9HM8Th_290x290__1.jpg\"\/><\/picture>\n<p><span>Mir\u00e1 tambi\u00e9n<\/span><\/p>\n<hr\/>\n<h3>El gesto de un ex River con Mart\u00ednez Quarta en medio de las cr\u00edticas: \u00abTe banco siempre\u00bb<\/h3>\n<\/p>\n<\/section>\n<\/div>\n<div id=\"element-body-19\" class=\"sc-a7166897-0 eTTZWU\"><a href=\"https:\/\/www.ole.com.ar\/newells-old-boys\/lionelmessi-deseo-josuereinatti-newells-pedidojugar-club-estadiouno-seleccionargentina-torneoclausura2026-rosario-frankdariokudelka_0_GgNXmvEKZd.html\" aria-label=\"El jugador de Newell's que no ocult\u00f3 sus ganas de ver a Messi en el club\" class=\"sc-d4f573e5-0 bUEDsN\"\/><\/p>\n<section><picture><img alt=\"El jugador de Newell's que no ocult\u00f3 sus ganas de ver a Messi en el club\" loading=\"lazy\" width=\"290\" height=\"290\" decoding=\"async\" data-nimg=\"1\" style=\"color:transparent\" src=\"https:\/\/fmamiga909.com.ar\/wp-content\/uploads\/2026\/09\/7U-u7brpZ_290x290__1.jpg\"\/><\/picture>\n<p><span>Mir\u00e1 tambi\u00e9n<\/span><\/p>\n<hr\/>\n<h3>El jugador de Newell&#8217;s que no ocult\u00f3 sus ganas de ver a Messi en el club<\/h3>\n<\/p>\n<\/section>\n<\/div>\n<div id=\"element-body-20\" class=\"sc-a7166897-0 eTTZWU\"><a href=\"https:\/\/www.ole.com.ar\/messi\/palermo-messi-despedida-seleccion-argentina_0_w9V7Q9NbBF.html\" aria-label=\"Palermo: la despedida de Messi de la Selecci\u00f3n y el &quot;no me animaba a hablarle&quot; en Sud\u00e1frica 2010\" class=\"sc-d4f573e5-0 bUEDsN\"\/><\/p>\n<section><picture><img alt=\"Palermo: la despedida de Messi de la Selecci\u00f3n y el &quot;no me animaba a hablarle&quot; en Sud\u00e1frica 2010\" loading=\"lazy\" width=\"290\" height=\"290\" decoding=\"async\" data-nimg=\"1\" style=\"color:transparent\" src=\"https:\/\/fmamiga909.com.ar\/wp-content\/uploads\/2026\/09\/i1ez5H18D_290x290__1.jpg\"\/><\/picture>\n<p><span>Mir\u00e1 tambi\u00e9n<\/span><\/p>\n<hr\/>\n<h3>Palermo: la despedida de Messi de la Selecci\u00f3n y el \u00abno me animaba a hablarle\u00bb en Sud\u00e1frica 2010<\/h3>\n<\/p>\n<\/section>\n<\/div>\n<div id=\"element-body-21\" class=\"sc-a7166897-0 eTTZWU\"><a href=\"https:\/\/www.ole.com.ar\/messi\/lionelmessi-davidbeckham-intermiami-seleccionargentina_0_R1AkRSX59R.html\" aria-label=\"El emotivo mensaje de David Beckham a Messi: &quot;Le diste el mayor regalo a tu pa\u00eds y por eso tu legado vivir\u00e1 para siempre&quot;\" class=\"sc-d4f573e5-0 bUEDsN\"\/><\/p>\n<section><picture><img alt=\"El emotivo mensaje de David Beckham a Messi: &quot;Le diste el mayor regalo a tu pa\u00eds y por eso tu legado vivir\u00e1 para siempre&quot;\" loading=\"lazy\" width=\"290\" height=\"290\" decoding=\"async\" data-nimg=\"1\" style=\"color:transparent\" src=\"https:\/\/fmamiga909.com.ar\/wp-content\/uploads\/2026\/09\/OreKENA5F_290x290__1.jpg\"\/><\/picture>\n<p><span>Mir\u00e1 tambi\u00e9n<\/span><\/p>\n<hr\/>\n<h3>El emotivo mensaje de David Beckham a Messi: \u00abLe diste el mayor regalo a tu pa\u00eds y por eso tu legado vivir\u00e1 para siempre\u00bb<\/h3>\n<\/p>\n<\/section>\n<\/div>\n<\/div>\n<p><a href=\"https:\/\/www.ole.com.ar\/informacion-general\/reliquia-messi-bahia-blanca-guarda-tesoro-camiseta-primera-semifinal-mundialista_0_5WIQiVOOxh.html\">source<\/a><\/p>\n","protected":false},"excerpt":{"rendered":"<p>Lionel Messile puso punto final a su historia con la Selecci\u00f3n Argentina despu\u00e9s de 21&#8230;<\/p>\n","protected":false},"author":3,"featured_media":49323,"comment_status":"closed","ping_status":"closed","sticky":false,"template":"","format":"standard","meta":{"footnotes":""},"categories":[21],"tags":[],"class_list":["post-49322","post","type-post","status-publish","format-standard","has-post-thumbnail","hentry","category-deportes"],"featured_image_urls":{"full":["https:\/\/fmamiga909.com.ar\/wp-content\/uploads\/2026\/09\/wp-header-logo-10.png",720,479,false],"thumbnail":["https:\/\/fmamiga909.com.ar\/wp-content\/uploads\/2026\/09\/wp-header-logo-10-150x150.png",150,150,true],"medium":["https:\/\/fmamiga909.com.ar\/wp-content\/uploads\/2026\/09\/wp-header-logo-10-300x200.png",300,200,true],"medium_large":["https:\/\/fmamiga909.com.ar\/wp-content\/uploads\/2026\/09\/wp-header-logo-10.png",720,479,false],"large":["https:\/\/fmamiga909.com.ar\/wp-content\/uploads\/2026\/09\/wp-header-logo-10.png",640,426,false],"1536x1536":["https:\/\/fmamiga909.com.ar\/wp-content\/uploads\/2026\/09\/wp-header-logo-10.png",720,479,false],"2048x2048":["https:\/\/fmamiga909.com.ar\/wp-content\/uploads\/2026\/09\/wp-header-logo-10.png",720,479,false],"newsium-slider-full":["https:\/\/fmamiga909.com.ar\/wp-content\/uploads\/2026\/09\/wp-header-logo-10.png",720,479,false],"newsium-featured":["https:\/\/fmamiga909.com.ar\/wp-content\/uploads\/2026\/09\/wp-header-logo-10.png",720,479,false],"newsium-medium":["https:\/\/fmamiga909.com.ar\/wp-content\/uploads\/2026\/09\/wp-header-logo-10-720x475.png",720,475,true]},"author_info":{"display_name":"Fredy Giuliano","author_link":"https:\/\/fmamiga909.com.ar\/?author=3"},"category_info":"<a href=\"https:\/\/fmamiga909.com.ar\/?cat=21\" rel=\"category\">Deportes<\/a>","tag_info":"Deportes","comment_count":"0","_links":{"self":[{"href":"https:\/\/fmamiga909.com.ar\/index.php?rest_route=\/wp\/v2\/posts\/49322","targetHints":{"allow":["GET"]}}],"collection":[{"href":"https:\/\/fmamiga909.com.ar\/index.php?rest_route=\/wp\/v2\/posts"}],"about":[{"href":"https:\/\/fmamiga909.com.ar\/index.php?rest_route=\/wp\/v2\/types\/post"}],"author":[{"embeddable":true,"href":"https:\/\/fmamiga909.com.ar\/index.php?rest_route=\/wp\/v2\/users\/3"}],"replies":[{"embeddable":true,"href":"https:\/\/fmamiga909.com.ar\/index.php?rest_route=%2Fwp%2Fv2%2Fcomments&post=49322"}],"version-history":[{"count":0,"href":"https:\/\/fmamiga909.com.ar\/index.php?rest_route=\/wp\/v2\/posts\/49322\/revisions"}],"wp:featuredmedia":[{"embeddable":true,"href":"https:\/\/fmamiga909.com.ar\/index.php?rest_route=\/wp\/v2\/media\/49323"}],"wp:attachment":[{"href":"https:\/\/fmamiga909.com.ar\/index.php?rest_route=%2Fwp%2Fv2%2Fmedia&parent=49322"}],"wp:term":[{"taxonomy":"category","embeddable":true,"href":"https:\/\/fmamiga909.com.ar\/index.php?rest_route=%2Fwp%2Fv2%2Fcategories&post=49322"},{"taxonomy":"post_tag","embeddable":true,"href":"https:\/\/fmamiga909.com.ar\/index.php?rest_route=%2Fwp%2Fv2%2Ftags&post=49322"}],"curies":[{"name":"wp","href":"https:\/\/api.w.org\/{rel}","templated":true}]}}