{"id":49327,"date":"2026-09-01T16:15:37","date_gmt":"2026-09-01T16:15:37","guid":{"rendered":"https:\/\/fmamiga909.com.ar\/?p=49327"},"modified":"2026-09-01T16:15:37","modified_gmt":"2026-09-01T16:15:37","slug":"la-paredes-alta-la-advertencia-arbitral-del-capitan-de-boca-tras-el-escandalo-con-velez-y-el-estallido-de-guillermo","status":"publish","type":"post","link":"https:\/\/fmamiga909.com.ar\/?p=49327","title":{"rendered":"La Paredes alta: la advertencia arbitral del capit\u00e1n de Boca tras el esc\u00e1ndalo con V\u00e9lez y el estallido de Guillermo"},"content":{"rendered":"<div id=\"storyBody\">\n<div id=\"element-body-0\" class=\"sc-df222161-0 hNvwjb\">\n<p>En un f\u00fatbol argentino repleto de pol\u00e9micas y esc\u00e1ndalos a cada paso, con la lupa puesta en los arbitrajes, a qui\u00e9nes ayudan y a qui\u00e9nes perjudican, con teor\u00edas conspirativas y juegos medi\u00e1ticos para tratar de inclinar la balanza \u00bfde la justicia? para su lado, <strong> <a href=\"https:\/\/www.ole.com.ar\/tema\/boca-juniors.html\" title=\"Boca Juniors\" alt=\"Boca Juniors\" class=\"slug\">Boca<\/a> no se quiso quedar afuera y este martes fue su capit\u00e1n <a href=\"https:\/\/www.ole.com.ar\/tema\/leandro-paredes.html\" title=\"Leandro Paredes\" alt=\"Leandro Paredes\" class=\"slug\">Leandro Paredes<\/a> el que levant\u00f3 la guardia<\/strong>. O la Paredes. Justo antes de viajar a C\u00f3rdoba para enfrentar a un <strong><a href=\"https:\/\/www.ole.com.ar\/tema\/velez.html\" title=\"V\u00e9lez\" alt=\"V\u00e9lez\" class=\"slug\">V\u00e9lez<\/a><\/strong> por la <strong><a href=\"https:\/\/www.ole.com.ar\/tema\/copa-argentina.html\" title=\"Copa Argentina\" alt=\"Copa Argentina\" class=\"slug\">Copa Argentina<\/a><\/strong>.<\/p>\n<\/div>\n<div id=\"element-body-1\" class=\"sc-df222161-0 hNvwjb\">\n<p><strong>La aparici\u00f3n de Paredes en la sala de conferencias de Boca Predio no se puede tomar como algo casual. V\u00e9lez viene de quejarse fuerte<\/strong> por el gol del triunfo que le anularon mal ante Deportivo Riestra, <a href=\"https:\/\/www.ole.com.ar\/velez\/velez-conferencia_0_04eN92S5F8.html\" target=\"_self\" title=\"Guillermo Barros Schelotto peg\u00f3 el grito en el cielo en la conferencia\" alt=\"Guillermo Barros Schelotto peg\u00f3 el grito en el cielo en la conferencia\">Guillermo Barros Schelotto peg\u00f3 el grito en el cielo en la conferencia<\/a>, y la AFA suspendi\u00f3 al \u00e1rbiro y el encargado del VAR. Y esa sumatoria de cuestiones consideran en el Xeneize que puede ser peligroso justo antes de un partido clave.<\/p>\n<\/div>\n<div id=\"element-body-2\" class=\"sc-df222161-0 hNvwjb\">\n<p>\u00abNosotros tratamos y esperamos que los protagonistas sean los jugadores, como siempre digo. <strong>Obviamente que no vamos a entrar en ese debate de los \u00e1rbitros, del VAR y dem\u00e1s, s\u00ed queremos, s\u00ed esperamos, como dije reci\u00e9n, que los protagonistas sean siempre los jugadores<\/strong>\u00ab, arranc\u00f3 el capit\u00e1n xeneize desde Ezeiza.<\/p>\n<\/div>\n<div id=\"element-body-3\" class=\"sc-df222161-0 hNvwjb\">\n<p>El partido todav\u00eda no se jug\u00f3, pero la previa ya ven\u00eda cargada, apenas unos d\u00edas despu\u00e9s del esc\u00e1ndalo que sacudi\u00f3 al f\u00fatbol argentino. Y en ese contexto fue que <strong> a Paredes lo consultaron directamente por el tema arbitral casi en el inicio de la charla<\/strong> con la prensa en el predio.<\/p>\n<\/div>\n<p><h2><strong>El esc\u00e1ndalo que encendi\u00f3 la previa<\/strong><\/h2>\n<\/p>\n<div id=\"element-body-5\" class=\"sc-df222161-0 hNvwjb\">\n<p>La pregunta no fue casual. El antecedente est\u00e1 demasiado fresco. V\u00e9lez viene de empatar 1-1 con Riestra en un partido que pudo haber terminado de otra manera. El Fort\u00edn hab\u00eda convertido un gol que significaba el triunfo y que le daba la posibilidad de subirse a la punta de la tabla anual, pero la jugada fue mal anulada por una infracci\u00f3n previa que no existi\u00f3. <strong> La decisi\u00f3n provoc\u00f3 una bronca enorme y tuvo como principal portavoz a Guillermo.<\/strong><\/p>\n<\/div>\n<div id=\"element-body-6\" class=\"sc-df222161-0 hNvwjb\">\n<p>El Mellizo, que hab\u00eda sido expulsado durante el partido, incluso <strong>decidi\u00f3 presentarse en la conferencia de prensa pese a que la sanci\u00f3n no se lo permit\u00eda<\/strong>. Y fue directo.<\/p>\n<\/div>\n<div id=\"element-body-7\" class=\"sc-8712cf2e-1 brsVwg\"><figcaption class=\"JWvideoNota_title\">\n<p>Barros Schelotto se fue expulsado e igual quiso hablar en conferencia aunque no pod\u00eda. Video TNT Sports<\/p>\n<\/figcaption><\/div>\n<div id=\"element-body-8\" class=\"sc-df222161-0 hNvwjb\">\n<p><strong>\u00abMe chupa todo un huevo\u00bb<\/strong>, le hab\u00eda gritado al jefe de prensa antes de entrar a la sala. Luego, frente a los micr\u00f3fonos, apunt\u00f3 con munici\u00f3n gruesa: <strong>\u00abTanto Arasa como Ceballos en el VAR tienen la responsabilidad de que V\u00e9lez no haya ganado el partido\u00bb<\/strong>.<\/p>\n<\/div>\n<div id=\"element-body-9\" class=\"sc-df222161-0 hNvwjb\">\n<p>Pero fue todav\u00eda m\u00e1s lejos. <strong> \u00abArasa y Ceballos no tienen que dirigir nunca m\u00e1s, ni en campo ni en el VAR, a V\u00e9lez Sarsfield\u00bb<\/strong>, dispar\u00f3.<\/p>\n<\/div>\n<div id=\"element-body-10\" class=\"sc-df222161-0 hNvwjb\">\n<p><strong>El partido de Boca ante Lan\u00fas tampoco estuvo libre de pol\u00e9micas en el arbitraje de Pablo D\u00f3valo.<\/strong> De arranque, el pibe Leonel Flores le entr\u00f3 con los tapones en la pierna izquierda, cerca de la rodilla, en una acci\u00f3n que todo el Grana reclam\u00f3 tarjeta roja y se repiti\u00f3 en los canales hasta el hartazgo. Pero no fue la \u00fanica&#8230;<\/p>\n<\/div>\n<div id=\"element-body-11\" class=\"sc-8712cf2e-1 brsVwg\"><figcaption class=\"JWvideoNota_title\">\n<p>Leonel le peg\u00f3 a Marcich y Pablo D\u00f3valo solo lo amonest\u00f3. Fuente: TNT Sports.<\/p>\n<\/figcaption><\/div>\n<div id=\"element-body-12\" class=\"sc-df222161-0 hNvwjb\">\n<p><strong>Con menos visibilidad meti\u00e1tica, hubo otras dos<\/strong>. Unos minutos despu\u00e9s, Watson le entr\u00f3 de costado al mismo Flores con un planchazo y pisot\u00f3n a la altura del tobillo, en el que el juez s\u00f3lo cobr\u00f3 falta sin mostrar ninguna tarjeta, aunque m\u00ednimo parec\u00eda para amarilla. Y sobre el final, Cali Izquierdoz barri\u00f3 desde atr\u00e1s a Enner Valencia y ni siquiera se sancion\u00f3 infracci\u00f3n. <\/p>\n<\/div>\n<div id=\"element-body-13\" class=\"sc-df222161-0 hNvwjb\">\n<p>Ahora, <strong>apenas unos d\u00edas despu\u00e9s de un fin de semana complicado con los arbitrajes, V\u00e9lez se cruza con Boca<\/strong>. Y, l\u00f3gicamente, la discusi\u00f3n arbitral aparece otra vez en la previa. El pito ser\u00e1 Sebasti\u00e1n Zunino, en tanto que el VAR -incorporado al torneo a partir de esta instancia- estar\u00e1 a cargo de Jos\u00e9 Carreras.<\/p>\n<\/div>\n<p><h2><strong>La postura de Boca<\/strong><\/h2>\n<\/p>\n<div id=\"element-body-15\" class=\"sc-df222161-0 hNvwjb\">\n<p>Paredes evit\u00f3 entrar en el detalle. No cuestion\u00f3 a ning\u00fan \u00e1rbitro ni habl\u00f3 de una jugada en particular. Pero tampoco esquiv\u00f3 el tema. <strong>Su respuesta fue una manera de fijar la posici\u00f3n de Boca antes de salir a jugar. <\/strong> Y ante la insistencia sobre si el plantel estaba tranquilo en medio de todo lo que se habla alrededor de los \u00e1rbitros, el capit\u00e1n insisti\u00f3 con el tema.<\/p>\n<\/div>\n<div id=\"element-body-16\" class=\"sc-df222161-0 hNvwjb\">\n<p>\u00abS\u00ed, es lo que digo, nosotros preparamos el partido para hacerlo de la mejor manera, para jugar un buen partido de f\u00fatbol. Creo que lo estamos haciendo de menor a mayor y <strong> te repito, la idea es que en este deporte sean siempre los protagonistas los jugadores<\/strong>\u00ab, sigui\u00f3 el 5 su exposici\u00f3n.<\/p>\n<\/div>\n<div id=\"element-body-17\" class=\"sc-df222161-0 hNvwjb\">\n<p>La frase tiene peso. Sobre todo porque llega desde el capit\u00e1n y principal referente de un Boca que, justamente, tambi\u00e9n llega con mucho por jugar. <strong>No fue una voz cualquiera, sino una que se hace escuchar<\/strong>. Para levantar la guardia y que el duelo se defina sin alto protagonismo arbitral.<\/p>\n<\/div>\n<div id=\"element-body-18\" class=\"sc-8712cf2e-1 brsVwg\"><figcaption class=\"JWvideoNota_title\">\n<p>Leando Paredes habl\u00f3 en Boca Predio sobre la salida de Messi y analiz\u00f3 cu\u00e1l ser\u00e1 su camino a seguir.<\/p>\n<\/figcaption><\/div>\n<div id=\"element-body-19\" class=\"sc-df222161-0 hNvwjb\">\n<p>En un f\u00fatbol argentino en el que cada fecha suma una nueva discusi\u00f3n arbitral, <strong> cada fallo pol\u00e9mico se multiplica en las redes y el VAR est\u00e1 permanentemente bajo la lupa, el esc\u00e1ndalo de V\u00e9lez no pas\u00f3 inadvertido.<\/strong><\/p>\n<\/div>\n<div id=\"element-body-20\" class=\"sc-df222161-0 hNvwjb\">\n<p><strong>Guillermo habl\u00f3. Y habl\u00f3 fuerte. Ahora fue Paredes quien tom\u00f3 la palabra antes del mano a mano entre ambos.<\/strong> Sin levantar la voz, sin acusar ni denunciar y sin entrar directamente en la pol\u00e9mica. Pero s\u00ed dejando un mensaje firme, justo en el momento en que la previa estaba otra vez cargada por el tema arbitral.<\/p>\n<\/div>\n<p><h2><strong>Para seguir en la tres competencias<\/strong><\/h2>\n<\/p>\n<div id=\"element-body-22\" class=\"sc-df222161-0 hNvwjb\">\n<p>El objetivo del equipo de <strong><a href=\"https:\/\/www.ole.com.ar\/tema\/rodolfo-arruabarrena.html\" title=\"Rodolfo Arruabarrena\" alt=\"Rodolfo Arruabarrena\" class=\"slug\">Rodolfo Arruabarrena<\/a><\/strong> afronta el cruce con V\u00e9lez como uno de los pocos equipos que se mantiene en triple competencia. Copa Argentina, Torneo Clausura y Copa Libertadores. Y Paredes dej\u00f3 claro que eso no es un dato menor. <strong>\u00abTenemos la obligaci\u00f3n, como dije antes, de competir, de hacerlo de la mejor manera. Somos el equipo m\u00e1s grande del pa\u00eds y tenemos que competir de esta manera y creo que lo estamos haciendo muy bien\u00bb<\/strong>, asegur\u00f3.<\/p>\n<\/div>\n<div id=\"element-body-23\" class=\"sc-df222161-0 hNvwjb\">\n<p>\u00abObviamente tenemos mucho entusiasmo, jugamos un partido seguramente muy lindo con un rival que juega muy bien al f\u00fatbol, que lo est\u00e1 haciendo muy bien y ojal\u00e1 que nosotros hagamos el partido que queremos para quedarnos con una victoria. Es un mata-mata y el margen de error hay es m\u00ednimo. <strong>Hay que estar obviamente concentrado al cien por cien<\/strong>\u00ab. Y con la Paredes alta&#8230;<\/p>\n<\/div>\n<div id=\"element-body-24\" class=\"sc-8712cf2e-1 brsVwg\"><figcaption class=\"JWvideoNota_title\">\n<p>El capit\u00e1n de Boca habl\u00f3 en rueda de prensa antes del viaje a C\u00f3rdoba para la Copa Argentina. Video ESPN<\/p>\n<\/figcaption><\/div>\n<div id=\"element-body-25\" class=\"sc-a7166897-0 eTTZWU\"><a href=\"https:\/\/www.ole.com.ar\/boca-juniors\/paredes-retiro-seleccion-anuncio-messi_0_7lkg5BiRa3.html\" aria-label=\"Paredes y su retiro de la Selecci\u00f3n tras el anuncio de Messi: &quot;Por todo, va a ser dif\u00edcil que yo siga&quot;\" class=\"sc-d4f573e5-0 bUEDsN\"\/><\/p>\n<section><picture><img alt=\"Paredes y su retiro de la Selecci\u00f3n tras el anuncio de Messi: &quot;Por todo, va a ser dif\u00edcil que yo siga&quot;\" loading=\"lazy\" width=\"290\" height=\"290\" decoding=\"async\" data-nimg=\"1\" style=\"color:transparent\" src=\"https:\/\/fmamiga909.com.ar\/wp-content\/uploads\/2026\/09\/gBD28g55O_290x290__1.jpg\"\/><\/picture>\n<p><span>Mir\u00e1 tambi\u00e9n<\/span><\/p>\n<hr\/>\n<h3>Paredes y su retiro de la Selecci\u00f3n tras el anuncio de Messi: \u00abPor todo, va a ser dif\u00edcil que yo siga\u00bb<\/h3>\n<\/p>\n<\/section>\n<\/div>\n<div id=\"element-body-26\" class=\"sc-a7166897-0 eTTZWU\"><a href=\"https:\/\/www.ole.com.ar\/boca-juniors\/boca-minutos-jugadores-arruabarrena-lesiones-exigencia_0_hTnIu9tkGG.html\" aria-label=\"La se\u00f1al de alerta en Boca en el inicio de una nueva seguidilla\" class=\"sc-d4f573e5-0 bUEDsN\"\/><\/p>\n<section><picture><img alt=\"La se\u00f1al de alerta en Boca en el inicio de una nueva seguidilla\" loading=\"lazy\" width=\"290\" height=\"290\" decoding=\"async\" data-nimg=\"1\" style=\"color:transparent\" src=\"https:\/\/fmamiga909.com.ar\/wp-content\/uploads\/2026\/09\/8edcF47b2_290x290__1.jpg\"\/><\/picture>\n<p><span>Mir\u00e1 tambi\u00e9n<\/span><\/p>\n<hr\/>\n<h3>La se\u00f1al de alerta en Boca en el inicio de una nueva seguidilla<\/h3>\n<\/p>\n<\/section>\n<\/div>\n<div id=\"element-body-27\" class=\"sc-a7166897-0 eTTZWU\"><a href=\"https:\/\/www.ole.com.ar\/boca-juniors\/boca-presento-pedido-afa-poder-incorporar-lesion-aranda_0_yUKnW69ySC.html\" aria-label=\"Boca hizo el pedido a la AFA para poder incorporar por la lesi\u00f3n de Aranda\" class=\"sc-d4f573e5-0 bUEDsN\"\/><\/p>\n<section><picture><img alt=\"Boca hizo el pedido a la AFA para poder incorporar por la lesi\u00f3n de Aranda\" loading=\"lazy\" width=\"290\" height=\"290\" decoding=\"async\" data-nimg=\"1\" style=\"color:transparent\" src=\"https:\/\/fmamiga909.com.ar\/wp-content\/uploads\/2026\/09\/R3tIK-2W__290x290__1.jpg\"\/><\/picture>\n<p><span>Mir\u00e1 tambi\u00e9n<\/span><\/p>\n<hr\/>\n<h3>Boca hizo el pedido a la AFA para poder incorporar por la lesi\u00f3n de Aranda<\/h3>\n<\/p>\n<\/section>\n<\/div>\n<\/div>\n<p><a href=\"https:\/\/www.ole.com.ar\/boca-juniors\/paredes-alta-advertencia-capitan-boca-arbitrajes-enfrentar-velez_0_JtktmOIIKr.html\">source<\/a><\/p>\n","protected":false},"excerpt":{"rendered":"<p>En un f\u00fatbol argentino repleto de pol\u00e9micas y esc\u00e1ndalos a cada paso, con la lupa&#8230;<\/p>\n","protected":false},"author":3,"featured_media":49328,"comment_status":"closed","ping_status":"closed","sticky":false,"template":"","format":"standard","meta":{"footnotes":""},"categories":[21],"tags":[],"class_list":["post-49327","post","type-post","status-publish","format-standard","has-post-thumbnail","hentry","category-deportes"],"featured_image_urls":{"full":["https:\/\/fmamiga909.com.ar\/wp-content\/uploads\/2026\/09\/wp-header-logo-11.png",290,290,false],"thumbnail":["https:\/\/fmamiga909.com.ar\/wp-content\/uploads\/2026\/09\/wp-header-logo-11-150x150.png",150,150,true],"medium":["https:\/\/fmamiga909.com.ar\/wp-content\/uploads\/2026\/09\/wp-header-logo-11.png",290,290,false],"medium_large":["https:\/\/fmamiga909.com.ar\/wp-content\/uploads\/2026\/09\/wp-header-logo-11.png",290,290,false],"large":["https:\/\/fmamiga909.com.ar\/wp-content\/uploads\/2026\/09\/wp-header-logo-11.png",290,290,false],"1536x1536":["https:\/\/fmamiga909.com.ar\/wp-content\/uploads\/2026\/09\/wp-header-logo-11.png",290,290,false],"2048x2048":["https:\/\/fmamiga909.com.ar\/wp-content\/uploads\/2026\/09\/wp-header-logo-11.png",290,290,false],"newsium-slider-full":["https:\/\/fmamiga909.com.ar\/wp-content\/uploads\/2026\/09\/wp-header-logo-11.png",290,290,false],"newsium-featured":["https:\/\/fmamiga909.com.ar\/wp-content\/uploads\/2026\/09\/wp-header-logo-11.png",290,290,false],"newsium-medium":["https:\/\/fmamiga909.com.ar\/wp-content\/uploads\/2026\/09\/wp-header-logo-11.png",290,290,false]},"author_info":{"display_name":"Fredy Giuliano","author_link":"https:\/\/fmamiga909.com.ar\/?author=3"},"category_info":"<a href=\"https:\/\/fmamiga909.com.ar\/?cat=21\" rel=\"category\">Deportes<\/a>","tag_info":"Deportes","comment_count":"0","_links":{"self":[{"href":"https:\/\/fmamiga909.com.ar\/index.php?rest_route=\/wp\/v2\/posts\/49327","targetHints":{"allow":["GET"]}}],"collection":[{"href":"https:\/\/fmamiga909.com.ar\/index.php?rest_route=\/wp\/v2\/posts"}],"about":[{"href":"https:\/\/fmamiga909.com.ar\/index.php?rest_route=\/wp\/v2\/types\/post"}],"author":[{"embeddable":true,"href":"https:\/\/fmamiga909.com.ar\/index.php?rest_route=\/wp\/v2\/users\/3"}],"replies":[{"embeddable":true,"href":"https:\/\/fmamiga909.com.ar\/index.php?rest_route=%2Fwp%2Fv2%2Fcomments&post=49327"}],"version-history":[{"count":0,"href":"https:\/\/fmamiga909.com.ar\/index.php?rest_route=\/wp\/v2\/posts\/49327\/revisions"}],"wp:featuredmedia":[{"embeddable":true,"href":"https:\/\/fmamiga909.com.ar\/index.php?rest_route=\/wp\/v2\/media\/49328"}],"wp:attachment":[{"href":"https:\/\/fmamiga909.com.ar\/index.php?rest_route=%2Fwp%2Fv2%2Fmedia&parent=49327"}],"wp:term":[{"taxonomy":"category","embeddable":true,"href":"https:\/\/fmamiga909.com.ar\/index.php?rest_route=%2Fwp%2Fv2%2Fcategories&post=49327"},{"taxonomy":"post_tag","embeddable":true,"href":"https:\/\/fmamiga909.com.ar\/index.php?rest_route=%2Fwp%2Fv2%2Ftags&post=49327"}],"curies":[{"name":"wp","href":"https:\/\/api.w.org\/{rel}","templated":true}]}}