{"id":49334,"date":"2026-09-01T16:20:56","date_gmt":"2026-09-01T16:20:56","guid":{"rendered":"https:\/\/fmamiga909.com.ar\/?p=49334"},"modified":"2026-09-01T16:20:56","modified_gmt":"2026-09-01T16:20:56","slug":"gabriel-jesus-fue-presentado-como-nuevo-jugador-del-barcelona-cuanto-costo-hasta-cuando-firmo-y-que-dijo","status":"publish","type":"post","link":"https:\/\/fmamiga909.com.ar\/?p=49334","title":{"rendered":"Gabriel Jes\u00fas fue presentado como nuevo jugador del Barcelona: cu\u00e1nto cost\u00f3, hasta cu\u00e1ndo firm\u00f3 y qu\u00e9 dijo"},"content":{"rendered":"<div id=\"storyBody\">\n<div id=\"element-body-0\" class=\"sc-df222161-0 hNvwjb\">\n<p>Gabriel Jes\u00fas fue presentado oficialmente como nuevo jugador del <strong><a href=\"https:\/\/www.ole.com.ar\/tema\/barcelona.html\" title=\"Barcelona\" alt=\"Barcelona\" class=\"slug\">Barcelona<\/a><\/strong>. <strong> El delantero brasile\u00f1o de 29 a\u00f1os llega desde el <a href=\"https:\/\/www.ole.com.ar\/tema\/arsenal-fc.html\" title=\"Arsenal FC\" alt=\"Arsenal FC\" class=\"slug\">Arsenal<\/a> y firm\u00f3 contrato hasta el 30 de junio de 2029<\/strong>, tras el acuerdo alcanzado entre el club ingl\u00e9s y la instituci\u00f3n catalana.<\/p>\n<\/div>\n<div id=\"element-body-1\" class=\"sc-df222161-0 hNvwjb\">\n<p>Los Cul\u00e9s no informaron oficialmente el monto de la transferencia, <strong>aunque medios espa\u00f1oles ubican la operaci\u00f3n en 10 millones de euros fijos m\u00e1s variables<\/strong>. El atacante firm\u00f3 su contrato acompa\u00f1ado por el presidente <strong><a href=\"https:\/\/www.ole.com.ar\/tema\/joan-laporta.html\" title=\"Joan Laporta\" alt=\"Joan Laporta\" class=\"slug\">Joan Laporta<\/a><\/strong> y el director deportivo Deco. <\/p>\n<\/div>\n<p><h2>Gabriel Jes\u00fas, nuevo delantero del Barcelona<\/h2>\n<\/p>\n<div id=\"element-body-4\" class=\"sc-df222161-0 hNvwjb\">\n<p>El brasile\u00f1o arrib\u00f3 el lunes a Espa\u00f1a, super\u00f3 la revisi\u00f3n m\u00e9dica y este martes complet\u00f3 su incorporaci\u00f3n. \u201c <strong>Estoy muy contento y muy feliz<\/strong>\u201d, expres\u00f3 en sus primeras declaraciones como futbolista del conjunto catal\u00e1n. La contrataci\u00f3n del delantero se cerr\u00f3 justo en el cierre del mercado, porque el Barcelona se mantuvo firme hasta \u00faltimo momento a la espera de un cierre positivo en <strong><a href=\"https:\/\/www.ole.com.ar\/futbol-internacional\/espana\/horas-cierre-mercado-pases-julian-alvarez-queda-atletico-madrid-barcelona-arsenal_0_37xHyrwSvI.html\" target=\"_self\" title=\"en qu\u00e9 terminar\u00eda la novela de\" alt=\"en qu\u00e9 terminar\u00eda la novela de\">\u00a0la novela de<\/a><\/strong> <strong><a href=\"https:\/\/www.ole.com.ar\/tema\/julian-alvarez.html\" title=\"Juli\u00e1n Alvarez\" alt=\"Juli\u00e1n Alvarez\" class=\"slug\">Juli\u00e1n \u00c1lvarez<\/a><\/strong>.<\/p>\n<\/div>\n<div id=\"element-body-5\" class=\"sc-df222161-0 hNvwjb\">\n<p><strong>\u00abNo me molesta que digan que soy otro plan&#8230; me ofende que digan que soy un mal t\u00edo. Me molesta no jugar.<\/strong> Tengo una oportunidad real de estar en el Barsa. La tuve hace unos a\u00f1os y la vida me llev\u00f3 a otro camino. Pero ahora es un sue\u00f1o. Voy a hacerlo lo mejor\u00bb, se sincer\u00f3 con respecto al inter\u00e9s del Barsa por el delantero argentino. <\/p>\n<\/div>\n<div id=\"element-body-6\" class=\"sc-df222161-0 hNvwjb\">\n<p>Jes\u00fas tambi\u00e9n tiene n\u00famero confirmado: <strong>utilizar\u00e1 la camiseta 9, dorsal que qued\u00f3 disponible despu\u00e9s de la salida de <a href=\"https:\/\/www.ole.com.ar\/tema\/robert-lewandowski.html\" title=\"Robert Lewandowski\" alt=\"Robert Lewandowski\" class=\"slug\">Robert Lewandowski<\/a><\/strong> al finalizar la \u00faltima temporada.<\/p>\n<\/div>\n<div id=\"element-body-7\" class=\"sc-df222161-0 hNvwjb\">\n<p>El delantero llega para reforzar el ataque de <strong><a href=\"https:\/\/www.ole.com.ar\/tema\/hansi-flick.html\" title=\"Hansi Flick\" alt=\"Hansi Flick\" class=\"slug\">Hansi Flick<\/a><\/strong> y puede desempe\u00f1arse en diferentes posiciones. <strong>Su puesto habitual es como centrodelantero, aunque durante su carrera tambi\u00e9n jug\u00f3 por los costados<\/strong>. \u201cEn toda mi vida he jugado en las tres o cuatro posiciones de la cancha. Soy as\u00ed. Puedo jugar fuera y dentro\u201d, explic\u00f3.<\/p>\n<\/div>\n<div class=\"sc-c0843421-0 iNysjD image-embed\" id=\"element-body-8\"><img alt=\"Presentaci\u00f3n de Gabriel Jes\u00fas en el Barcelona. EFE\/ Enric Fontcuberta\" loading=\"lazy\" width=\"720\" height=\"100\" decoding=\"async\" data-nimg=\"1\" style=\"color:transparent\" src=\"https:\/\/fmamiga909.com.ar\/wp-content\/uploads\/2026\/09\/_-PEe4qbe_720x0__1.jpg\"\/><span class=\"epigraphe\">Presentaci\u00f3n de Gabriel Jes\u00fas en el Barcelona. EFE\/ Enric Fontcuberta<\/span><\/div>\n<div id=\"element-body-9\" class=\"sc-df222161-0 hNvwjb\">\n<p>Gabriel tambi\u00e9n confirm\u00f3 que acept\u00f3 reducir su salario para concretar la operaci\u00f3n. \u201c <strong>He rebajado mi salario para poder estar aqu\u00ed y cumplir un sue\u00f1o<\/strong>\u201d, coment\u00f3 durante la presentaci\u00f3n. <\/p>\n<\/div>\n<div class=\"sc-c0843421-0 iNysjD image-embed\" id=\"element-body-10\"><img alt=\"Llegada de Gabriel Jes\u00fas a Espa\u00f1a. EFE\/ Enric Fontcuberta\" loading=\"lazy\" width=\"720\" height=\"100\" decoding=\"async\" data-nimg=\"1\" style=\"color:transparent\" src=\"https:\/\/fmamiga909.com.ar\/wp-content\/uploads\/2026\/09\/zeMkEWsyq_720x0__1.jpg\"\/><span class=\"epigraphe\">Llegada de Gabriel Jes\u00fas a Espa\u00f1a. EFE\/ Enric Fontcuberta<\/span><\/div>\n<div id=\"element-body-11\" class=\"sc-df222161-0 hNvwjb\">\n<p>Jes\u00fas ten\u00eda contrato con Arsenal hasta junio de 2027, pero hab\u00eda perdido protagonismo en el equipo ingl\u00e9s. Ahora dej\u00f3 Londres despu\u00e9s de cuatro temporadas para comenzar su primera experiencia en el f\u00fatbol espa\u00f1ol. <strong>Con los Gunners disput\u00f3 123 partidos y convirti\u00f3 32 goles desde su llegada procedente del <a href=\"https:\/\/www.ole.com.ar\/tema\/manchester-city.html\" title=\"Manchester City\" alt=\"Manchester City\" class=\"slug\">Manchester City<\/a><\/strong> en julio de 2022.<\/p>\n<\/div>\n<p><h2>Qu\u00e9 dijo Gabriel Jesus en su presentaci\u00f3n<\/h2>\n<\/p>\n<div id=\"element-body-13\" class=\"sc-df222161-0 hNvwjb\">\n<p>El delantero explic\u00f3 r\u00e1pidamente qu\u00e9 pretende aportar al equipo de Flick: \u201c <strong>Voy a darlo todo<\/strong>. Voy a ayudar a mis compa\u00f1eros con mis goles, asistencias y defendiendo. Yo soy as\u00ed, doy el alma\u201d.<\/p>\n<\/div>\n<div id=\"element-body-14\" class=\"sc-df222161-0 hNvwjb\">\n<p>Tambi\u00e9n habl\u00f3 sobre la posibilidad de jugar como local en la casa del club Catal\u00e1n. \u201cNunca he jugado contra el Barcelona, solo jugu\u00e9 un amistoso. <strong>Pero jugar en el Camp Nou es un sue\u00f1o<\/strong>\u201d, asegur\u00f3.<\/p>\n<\/div>\n<p><h2>La lesi\u00f3n de Gabriel Jesus, su salida del Arsenal y toda su carera<\/h2>\n<\/p>\n<div id=\"element-body-17\" class=\"sc-df222161-0 hNvwjb\">\n<p>La etapa del brasile\u00f1o en el Arsenal estuvo marcada por una grave lesi\u00f3n. En enero de 2025 sufri\u00f3 la rotura del ligamento cruzado anterior de la rodilla izquierda y permaneci\u00f3 varios meses fuera de las canchas. Durante su presentaci\u00f3n explic\u00f3 el presente de su estado f\u00edsico: \u201c <strong>Los problemas de la rodilla son pasado. Me he recuperado bien y estoy preparado para dar lo mejor<\/strong>\u201d. <\/p>\n<\/div>\n<div id=\"element-body-18\" class=\"sc-df222161-0 hNvwjb\">\n<p>Jes\u00fas comenz\u00f3 su carrera en <strong><a href=\"https:\/\/www.ole.com.ar\/tema\/palmeiras.html\" title=\"Palmeiras\" alt=\"Palmeiras\" class=\"slug\">Palmeiras<\/a><\/strong>. Lleg\u00f3 a las inferiores del club en 2013, debut\u00f3 con el primer equipo en 2015 y conquist\u00f3 la <strong><a href=\"https:\/\/www.ole.com.ar\/tema\/copa-de-brasil.html\" title=\"Copa de Brasil\" alt=\"Copa de Brasil\" class=\"slug\">Copa de Brasil<\/a><\/strong>. En 2016 gan\u00f3 el Brasileirao y su rendimiento lo llev\u00f3 al City. <strong>Lleg\u00f3 a Inglaterra en enero de 2017 para ponerse bajo las \u00f3rdenes de <a href=\"https:\/\/www.ole.com.ar\/tema\/pep-guardiola.html\" title=\"Pep Guardiola\" alt=\"Pep Guardiola\" class=\"slug\">Pep Guardiola,<\/a> <\/strong> donde <strong> <\/strong> disput\u00f3 236 partidos, convirti\u00f3 95 goles y gan\u00f3 cuatro <strong><a href=\"https:\/\/www.ole.com.ar\/tema\/premier-league.html\" title=\"Premier League\" alt=\"Premier League\" class=\"slug\">Premier League<\/a> <\/strong> antes de ir al Arsenal.<\/p>\n<\/div>\n<div class=\"sc-c0843421-0 iNysjD image-embed\" id=\"element-body-19\"><img alt=\"Gabriel Jes\u00fas, cuando jugaba en el Arsenal de Inglaterra.\" loading=\"lazy\" width=\"720\" height=\"100\" decoding=\"async\" data-nimg=\"1\" style=\"color:transparent\" src=\"https:\/\/fmamiga909.com.ar\/wp-content\/uploads\/2026\/09\/BLGvaY5mY_720x0__1.jpg\"\/><span class=\"epigraphe\">Gabriel Jes\u00fas, cuando jugaba en el Arsenal de Inglaterra.<\/span><\/div>\n<div id=\"element-body-20\" class=\"sc-df222161-0 hNvwjb\">\n<p>Gabriel Jesus comienza as\u00ed su primera experiencia en Espa\u00f1a. Llega desde Arsenal, <strong>firm\u00f3 hasta junio de 2029 y ser\u00e1 el nuevo n\u00famero 9 del Barcelona<\/strong>, que sum\u00f3 al brasile\u00f1o en el cierre del mercado de pases.<\/p>\n<\/div>\n<div id=\"element-body-21\" class=\"sc-a7166897-0 eTTZWU\"><a href=\"https:\/\/www.ole.com.ar\/futbol-internacional\/clubes-pelean-nico-tagliafico-atletico-madrid-juventus-cierre-mercado-pases-europa_0_7vTzQ50KMT.html\" aria-label=\"Los dos clubes que se pelean por Nico Tagliafico en el cierre del mercado\" class=\"sc-d4f573e5-0 bUEDsN\"\/><\/p>\n<section><picture><img alt=\"Los dos clubes que se pelean por Nico Tagliafico en el cierre del mercado\" loading=\"lazy\" width=\"290\" height=\"290\" decoding=\"async\" data-nimg=\"1\" style=\"color:transparent\" src=\"https:\/\/fmamiga909.com.ar\/wp-content\/uploads\/2026\/09\/G8WjaLbbW_290x290__1.jpg\"\/><\/picture>\n<p><span>Mir\u00e1 tambi\u00e9n<\/span><\/p>\n<hr\/>\n<h3>Los dos clubes que se pelean por Nico Tagliafico en el cierre del mercado<\/h3>\n<\/p>\n<\/section>\n<\/div>\n<div id=\"element-body-22\" class=\"sc-a7166897-0 eTTZWU\"><a href=\"https:\/\/www.ole.com.ar\/futbol-internacional\/espana\/horas-cierre-mercado-pases-julian-alvarez-queda-atletico-madrid-barcelona-arsenal_0_37xHyrwSvI.html\" aria-label=\"A horas del cierre del mercado en Europa, Juli\u00e1n asume que se queda en Madrid\" class=\"sc-d4f573e5-0 bUEDsN\"\/><\/p>\n<section><picture><img alt=\"A horas del cierre del mercado en Europa, Juli\u00e1n asume que se queda en Madrid\" loading=\"lazy\" width=\"290\" height=\"290\" decoding=\"async\" data-nimg=\"1\" style=\"color:transparent\" src=\"https:\/\/fmamiga909.com.ar\/wp-content\/uploads\/2026\/09\/TSLkjr5J3_290x290__1.jpg\"\/><\/picture>\n<p><span>Mir\u00e1 tambi\u00e9n<\/span><\/p>\n<hr\/>\n<h3>A horas del cierre del mercado en Europa, Juli\u00e1n asume que se queda en Madrid<\/h3>\n<\/p>\n<\/section>\n<\/div>\n<\/div>\n<p><a href=\"https:\/\/www.ole.com.ar\/futbol-internacional\/espana\/gabrieljesus-presentacion-barcelona-espana-hastacuando-campnou-fichaje_0_tAju4o58Rf.html\">source<\/a><\/p>\n","protected":false},"excerpt":{"rendered":"<p>Gabriel Jes\u00fas fue presentado oficialmente como nuevo jugador del Barcelona. El delantero brasile\u00f1o de 29&#8230;<\/p>\n","protected":false},"author":3,"featured_media":49335,"comment_status":"closed","ping_status":"closed","sticky":false,"template":"","format":"standard","meta":{"footnotes":""},"categories":[21],"tags":[],"class_list":["post-49334","post","type-post","status-publish","format-standard","has-post-thumbnail","hentry","category-deportes"],"featured_image_urls":{"full":["https:\/\/fmamiga909.com.ar\/wp-content\/uploads\/2026\/09\/wp-header-logo-12.png",720,478,false],"thumbnail":["https:\/\/fmamiga909.com.ar\/wp-content\/uploads\/2026\/09\/wp-header-logo-12-150x150.png",150,150,true],"medium":["https:\/\/fmamiga909.com.ar\/wp-content\/uploads\/2026\/09\/wp-header-logo-12-300x199.png",300,199,true],"medium_large":["https:\/\/fmamiga909.com.ar\/wp-content\/uploads\/2026\/09\/wp-header-logo-12.png",720,478,false],"large":["https:\/\/fmamiga909.com.ar\/wp-content\/uploads\/2026\/09\/wp-header-logo-12.png",640,425,false],"1536x1536":["https:\/\/fmamiga909.com.ar\/wp-content\/uploads\/2026\/09\/wp-header-logo-12.png",720,478,false],"2048x2048":["https:\/\/fmamiga909.com.ar\/wp-content\/uploads\/2026\/09\/wp-header-logo-12.png",720,478,false],"newsium-slider-full":["https:\/\/fmamiga909.com.ar\/wp-content\/uploads\/2026\/09\/wp-header-logo-12.png",720,478,false],"newsium-featured":["https:\/\/fmamiga909.com.ar\/wp-content\/uploads\/2026\/09\/wp-header-logo-12.png",720,478,false],"newsium-medium":["https:\/\/fmamiga909.com.ar\/wp-content\/uploads\/2026\/09\/wp-header-logo-12-720x475.png",720,475,true]},"author_info":{"display_name":"Fredy Giuliano","author_link":"https:\/\/fmamiga909.com.ar\/?author=3"},"category_info":"<a href=\"https:\/\/fmamiga909.com.ar\/?cat=21\" rel=\"category\">Deportes<\/a>","tag_info":"Deportes","comment_count":"0","_links":{"self":[{"href":"https:\/\/fmamiga909.com.ar\/index.php?rest_route=\/wp\/v2\/posts\/49334","targetHints":{"allow":["GET"]}}],"collection":[{"href":"https:\/\/fmamiga909.com.ar\/index.php?rest_route=\/wp\/v2\/posts"}],"about":[{"href":"https:\/\/fmamiga909.com.ar\/index.php?rest_route=\/wp\/v2\/types\/post"}],"author":[{"embeddable":true,"href":"https:\/\/fmamiga909.com.ar\/index.php?rest_route=\/wp\/v2\/users\/3"}],"replies":[{"embeddable":true,"href":"https:\/\/fmamiga909.com.ar\/index.php?rest_route=%2Fwp%2Fv2%2Fcomments&post=49334"}],"version-history":[{"count":0,"href":"https:\/\/fmamiga909.com.ar\/index.php?rest_route=\/wp\/v2\/posts\/49334\/revisions"}],"wp:featuredmedia":[{"embeddable":true,"href":"https:\/\/fmamiga909.com.ar\/index.php?rest_route=\/wp\/v2\/media\/49335"}],"wp:attachment":[{"href":"https:\/\/fmamiga909.com.ar\/index.php?rest_route=%2Fwp%2Fv2%2Fmedia&parent=49334"}],"wp:term":[{"taxonomy":"category","embeddable":true,"href":"https:\/\/fmamiga909.com.ar\/index.php?rest_route=%2Fwp%2Fv2%2Fcategories&post=49334"},{"taxonomy":"post_tag","embeddable":true,"href":"https:\/\/fmamiga909.com.ar\/index.php?rest_route=%2Fwp%2Fv2%2Ftags&post=49334"}],"curies":[{"name":"wp","href":"https:\/\/api.w.org\/{rel}","templated":true}]}}