{"id":49339,"date":"2026-09-01T16:23:44","date_gmt":"2026-09-01T16:23:44","guid":{"rendered":"https:\/\/fmamiga909.com.ar\/?p=49339"},"modified":"2026-09-01T16:23:44","modified_gmt":"2026-09-01T16:23:44","slug":"paredes-y-su-retiro-de-la-seleccion-tras-el-anuncio-de-messi-por-todo-va-a-ser-dificil-que-yo-siga","status":"publish","type":"post","link":"https:\/\/fmamiga909.com.ar\/?p=49339","title":{"rendered":"Paredes y su retiro de la Selecci\u00f3n tras el anuncio de Messi: &quot;Por todo, va a ser dif\u00edcil que yo siga&quot;"},"content":{"rendered":"<div id=\"storyBody\">\n<div id=\"element-body-0\" class=\"sc-df222161-0 hNvwjb\">\n<p>Fue el d\u00eda despu\u00e9s del anuncio de <strong><a href=\"https:\/\/www.ole.com.ar\/tema\/lionel-messi.html\" title=\"Lionel Messi\" alt=\"Lionel Messi\" class=\"slug\">Lionel Messi<\/a><\/strong>. <strong><a href=\"https:\/\/www.ole.com.ar\/tema\/leandro-paredes.html\" title=\"Leandro Paredes\" alt=\"Leandro Paredes\" class=\"slug\"> Leandro Paredes<\/a>, uno de los laderos del capit\u00e1n albiceleste, volvi\u00f3 a poner en duda su continuidad en la <a href=\"https:\/\/www.ole.com.ar\/tema\/seleccion-argentina.html\" title=\"Selecci\u00f3n Argentina\" alt=\"Selecci\u00f3n Argentina\" class=\"slug\">Selecci\u00f3n Argentina<\/a>. Pero mucho m\u00e1s firme que otras veces. Casi una sentencia.<\/strong> Y lo hizo con una frase contundente durante la rueda de prensa que brind\u00f3 este martes en Boca Predio, antes del viaje a C\u00f3rdoba para enfrentar el mi\u00e9rcoles a V\u00e9lez por los octavos de final de la Copa Argentina: <\/p>\n<\/div>\n<div id=\"element-body-1\" class=\"sc-df222161-0 hNvwjb\">\n<p>\u00bb <strong>Va a ser dif\u00edcil -hablo de m\u00ed- que siga. Por todo, por lo que dije en ese momento, por la suspensi\u00f3n tambi\u00e9n, por la decisi\u00f3n de Leo<\/strong>. Creo que tambi\u00e9n el que no est\u00e9 \u00e9l va a ser dif\u00edcil que todo siga funcionando igual, entonces seguramente sea una decisi\u00f3n dif\u00edcil\u00bb, arranc\u00f3 Paredes desde Ezeiza.<\/p>\n<\/div>\n<div id=\"element-body-2\" class=\"sc-8712cf2e-1 brsVwg\"><figcaption class=\"JWvideoNota_title\">\n<p>Leando Paredes habl\u00f3 en Boca Predio sobre la salida de Messi y analiz\u00f3 cu\u00e1l ser\u00e1 su camino a seguir.<\/p>\n<\/figcaption><\/div>\n<div id=\"element-body-3\" class=\"sc-df222161-0 hNvwjb\">\n<p>No fue la primera vez, sino la m\u00e1s firme. Paredes ya hab\u00eda dejado abierta esta posibilidad tiempo atr\u00e1s. Pero ahora, con la decisi\u00f3n de Messi de dejar la Selecci\u00f3n, volvi\u00f3 a profundizar sobre una continuidad que ve cada vez m\u00e1s complicada. \u00bb <strong>Lo dije ya hace un tiempo, obviamente no lo habl\u00e9 con el entrenador, lo hablar\u00e9 con \u00e9l y veremos la decisi\u00f3n que tome, pero s\u00ed va a ser dif\u00edcil\u00bb<\/strong>, sigui\u00f3 el capit\u00e1n xeneize.<\/p>\n<\/div>\n<p><h2><strong>La salida de Messi y la vara que dej\u00f3 la Selecci\u00f3n<\/strong><\/h2>\n<\/p>\n<div id=\"element-body-5\" class=\"sc-df222161-0 hNvwjb\">\n<p>El volante campe\u00f3n del mundo y bicampe\u00f3n de Am\u00e9rica explic\u00f3 que su posible salida no tiene que ver solamente con la ausencia de Messi o con la sanci\u00f3n que deber\u00e1 cumplir. <strong>\u00abUn poco de todo, un poco de todo\u00bb<\/strong>, respondi\u00f3 cuando le preguntaron por los distintos factores que pesan sobre su decisi\u00f3n.<\/p>\n<\/div>\n<div id=\"element-body-6\" class=\"sc-df222161-0 hNvwjb\">\n<p>Y all\u00ed volvi\u00f3 sobre una idea que considera fundamental: el nivel que alcanz\u00f3 la generaci\u00f3n que marc\u00f3 una era en la Selecci\u00f3n. <strong> \u00abLa vara est\u00e1 muy alta, dejamos la vara muy alta y seguir compitiendo de esa manera, seguir logrando cosas importantes, va a ser dif\u00edcil\u00bb<\/strong>, asegur\u00f3 despu\u00e9s de ganar todo lo que se pod\u00eda ganar con la camiseta argentina.<\/p>\n<\/div>\n<div id=\"element-body-7\" class=\"sc-df222161-0 hNvwjb\">\n<p>Para Paredes, adem\u00e1s, la salida de Messi representa un cambio profundo dentro del grupo que se construy\u00f3 durante estos a\u00f1os: <strong>\u00abCreo que en este proceso hemos conseguido formar un grupo de jugadores y de personas incre\u00edbles y en ese grupo de jugadores y personas ten\u00edamos a nuestro l\u00edder, que era Leo. \u00c9l no est\u00e1, entonces va a ser muy dif\u00edcil\u00bb.<\/strong><\/p>\n<\/div>\n<div id=\"element-body-8\" class=\"sc-df222161-0 hNvwjb\">\n<p>Paredes fue uno de los jugadores m\u00e1s cercanos a Messi y una pieza importante del ciclo m\u00e1s exitoso de la historia reciente de la Selecci\u00f3n. Por eso, apenas 24 horas despu\u00e9s del anuncio de Leo, su futuro tambi\u00e9n qued\u00f3 bajo la lupa.<\/p>\n<\/div>\n<div id=\"element-body-9\" class=\"sc-df222161-0 hNvwjb\">\n<p>Por ahora, <strong>Paredes no tom\u00f3 una decisi\u00f3n definitiva.<\/strong> Todav\u00eda deber\u00e1 hablar con el entrenador y evaluar los pr\u00f3ximos pasos. Pero el mensaje volvi\u00f3 a ser contundente: su continuidad en la Selecci\u00f3n est\u00e1 seriamente en duda.<\/p>\n<\/div>\n<div id=\"element-body-10\" class=\"sc-df222161-0 hNvwjb\">\n<p><strong>\u00abComo dije reci\u00e9n, hablar\u00e9 con el entrenador, veremos qu\u00e9 decisi\u00f3n tomar, pero va a ser dif\u00edcil\u00bb, cerr\u00f3 Paredes.<\/strong> La despedida de Messi podr\u00eda no ser la \u00fanica que marque el final de una era.<\/p>\n<\/div>\n<div id=\"element-body-11\" class=\"sc-8712cf2e-1 brsVwg\"><figcaption class=\"JWvideoNota_title\">\n<p>El capit\u00e1n de Boca habl\u00f3 en rueda de prensa antes del viaje a C\u00f3rdoba para la Copa Argentina. Video ESPN<\/p>\n<\/figcaption><\/div>\n<div id=\"element-body-12\" class=\"sc-a7166897-0 eTTZWU\"><a href=\"https:\/\/www.ole.com.ar\/boca-juniors\/boca-presento-pedido-afa-poder-incorporar-lesion-aranda_0_yUKnW69ySC.html\" aria-label=\"Boca hizo el pedido a la AFA para poder incorporar por la lesi\u00f3n de Aranda\" class=\"sc-d4f573e5-0 bUEDsN\"\/><\/p>\n<section><picture><img alt=\"Boca hizo el pedido a la AFA para poder incorporar por la lesi\u00f3n de Aranda\" loading=\"lazy\" width=\"290\" height=\"290\" decoding=\"async\" data-nimg=\"1\" style=\"color:transparent\" src=\"https:\/\/fmamiga909.com.ar\/wp-content\/uploads\/2026\/09\/1788279823_222_R3tIK-2W__290x290__1.jpg\"\/><\/picture>\n<p><span>Mir\u00e1 tambi\u00e9n<\/span><\/p>\n<hr\/>\n<h3>Boca hizo el pedido a la AFA para poder incorporar por la lesi\u00f3n de Aranda<\/h3>\n<\/p>\n<\/section>\n<\/div>\n<div id=\"element-body-13\" class=\"sc-a7166897-0 eTTZWU\"><a href=\"https:\/\/www.ole.com.ar\/boca-juniors\/boca-minutos-jugadores-arruabarrena-lesiones-exigencia_0_hTnIu9tkGG.html\" aria-label=\"La se\u00f1al de alerta en Boca en el inicio de una nueva seguidilla\" class=\"sc-d4f573e5-0 bUEDsN\"\/><\/p>\n<section><picture><img alt=\"La se\u00f1al de alerta en Boca en el inicio de una nueva seguidilla\" loading=\"lazy\" width=\"290\" height=\"290\" decoding=\"async\" data-nimg=\"1\" style=\"color:transparent\" src=\"https:\/\/fmamiga909.com.ar\/wp-content\/uploads\/2026\/09\/1788279823_27_8edcF47b2_290x290__1.jpg\"\/><\/picture>\n<p><span>Mir\u00e1 tambi\u00e9n<\/span><\/p>\n<hr\/>\n<h3>La se\u00f1al de alerta en Boca en el inicio de una nueva seguidilla<\/h3>\n<\/p>\n<\/section>\n<\/div>\n<div id=\"element-body-14\" class=\"sc-a7166897-0 eTTZWU\"><a href=\"https:\/\/www.ole.com.ar\/futbol-primera\/pelea-tabla-anual-lideres-boca-sudamericana-river-clasificacion-copas-libertadores_0_NVR1uUFJIp.html\" aria-label=\"La tabla anual: Independente Rivadavia puntero, Boca y V\u00e9lez pelean por la Libertadores y River en zona de Sudamericana\" class=\"sc-d4f573e5-0 bUEDsN\"\/><\/p>\n<section><picture><img alt=\"La tabla anual: Independente Rivadavia puntero, Boca y V\u00e9lez pelean por la Libertadores y River en zona de Sudamericana\" loading=\"lazy\" width=\"290\" height=\"290\" decoding=\"async\" data-nimg=\"1\" style=\"color:transparent\" src=\"https:\/\/fmamiga909.com.ar\/wp-content\/uploads\/2026\/09\/1788279824_159_ST6BbhJuX_290x290__1.jpg\"\/><\/picture>\n<p><span>Mir\u00e1 tambi\u00e9n<\/span><\/p>\n<hr\/>\n<h3>La tabla anual: Independente Rivadavia puntero, Boca y V\u00e9lez pelean por la Libertadores y River en zona de Sudamericana<\/h3>\n<\/p>\n<\/section>\n<\/div>\n<\/div>\n<p><a href=\"https:\/\/www.ole.com.ar\/boca-juniors\/paredes-retiro-seleccion-anuncio-messi_0_7lkg5BiRa3.html\">source<\/a><\/p>\n","protected":false},"excerpt":{"rendered":"<p>Fue el d\u00eda despu\u00e9s del anuncio de Lionel Messi. Leandro Paredes, uno de los laderos&#8230;<\/p>\n","protected":false},"author":3,"featured_media":49340,"comment_status":"closed","ping_status":"closed","sticky":false,"template":"","format":"standard","meta":{"footnotes":""},"categories":[21],"tags":[],"class_list":["post-49339","post","type-post","status-publish","format-standard","has-post-thumbnail","hentry","category-deportes"],"featured_image_urls":{"full":["https:\/\/fmamiga909.com.ar\/wp-content\/uploads\/2026\/09\/wp-header-logo-13.png",290,290,false],"thumbnail":["https:\/\/fmamiga909.com.ar\/wp-content\/uploads\/2026\/09\/wp-header-logo-13-150x150.png",150,150,true],"medium":["https:\/\/fmamiga909.com.ar\/wp-content\/uploads\/2026\/09\/wp-header-logo-13.png",290,290,false],"medium_large":["https:\/\/fmamiga909.com.ar\/wp-content\/uploads\/2026\/09\/wp-header-logo-13.png",290,290,false],"large":["https:\/\/fmamiga909.com.ar\/wp-content\/uploads\/2026\/09\/wp-header-logo-13.png",290,290,false],"1536x1536":["https:\/\/fmamiga909.com.ar\/wp-content\/uploads\/2026\/09\/wp-header-logo-13.png",290,290,false],"2048x2048":["https:\/\/fmamiga909.com.ar\/wp-content\/uploads\/2026\/09\/wp-header-logo-13.png",290,290,false],"newsium-slider-full":["https:\/\/fmamiga909.com.ar\/wp-content\/uploads\/2026\/09\/wp-header-logo-13.png",290,290,false],"newsium-featured":["https:\/\/fmamiga909.com.ar\/wp-content\/uploads\/2026\/09\/wp-header-logo-13.png",290,290,false],"newsium-medium":["https:\/\/fmamiga909.com.ar\/wp-content\/uploads\/2026\/09\/wp-header-logo-13.png",290,290,false]},"author_info":{"display_name":"Fredy Giuliano","author_link":"https:\/\/fmamiga909.com.ar\/?author=3"},"category_info":"<a href=\"https:\/\/fmamiga909.com.ar\/?cat=21\" rel=\"category\">Deportes<\/a>","tag_info":"Deportes","comment_count":"0","_links":{"self":[{"href":"https:\/\/fmamiga909.com.ar\/index.php?rest_route=\/wp\/v2\/posts\/49339","targetHints":{"allow":["GET"]}}],"collection":[{"href":"https:\/\/fmamiga909.com.ar\/index.php?rest_route=\/wp\/v2\/posts"}],"about":[{"href":"https:\/\/fmamiga909.com.ar\/index.php?rest_route=\/wp\/v2\/types\/post"}],"author":[{"embeddable":true,"href":"https:\/\/fmamiga909.com.ar\/index.php?rest_route=\/wp\/v2\/users\/3"}],"replies":[{"embeddable":true,"href":"https:\/\/fmamiga909.com.ar\/index.php?rest_route=%2Fwp%2Fv2%2Fcomments&post=49339"}],"version-history":[{"count":0,"href":"https:\/\/fmamiga909.com.ar\/index.php?rest_route=\/wp\/v2\/posts\/49339\/revisions"}],"wp:featuredmedia":[{"embeddable":true,"href":"https:\/\/fmamiga909.com.ar\/index.php?rest_route=\/wp\/v2\/media\/49340"}],"wp:attachment":[{"href":"https:\/\/fmamiga909.com.ar\/index.php?rest_route=%2Fwp%2Fv2%2Fmedia&parent=49339"}],"wp:term":[{"taxonomy":"category","embeddable":true,"href":"https:\/\/fmamiga909.com.ar\/index.php?rest_route=%2Fwp%2Fv2%2Fcategories&post=49339"},{"taxonomy":"post_tag","embeddable":true,"href":"https:\/\/fmamiga909.com.ar\/index.php?rest_route=%2Fwp%2Fv2%2Ftags&post=49339"}],"curies":[{"name":"wp","href":"https:\/\/api.w.org\/{rel}","templated":true}]}}