{"id":49352,"date":"2026-09-01T16:33:18","date_gmt":"2026-09-01T16:33:18","guid":{"rendered":"https:\/\/fmamiga909.com.ar\/?p=49352"},"modified":"2026-09-01T16:33:18","modified_gmt":"2026-09-01T16:33:18","slug":"paredes-sobre-messi-no-estabamos-preparados-para-eso-como-les-conto-la-noticia-y-el-no-le-quise-mandar-mensaje","status":"publish","type":"post","link":"https:\/\/fmamiga909.com.ar\/?p=49352","title":{"rendered":"Paredes sobre Messi: &quot;No est\u00e1bamos preparados para eso&quot;, c\u00f3mo les cont\u00f3 la noticia y el &quot;no le quise mandar mensaje&quot;"},"content":{"rendered":"<div id=\"storyBody\">\n<div id=\"element-body-0\" class=\"sc-df222161-0 hNvwjb\">\n<p>Su posteo en Instagram mostr\u00f3 el enorme dolor que le gener\u00f3 el retiro de <strong><a href=\"https:\/\/www.ole.com.ar\/tema\/lionel-messi.html\" title=\"Lionel Messi\" alt=\"Lionel Messi\" class=\"slug\">Lionel Messi<\/a><\/strong> de la <strong><a href=\"https:\/\/www.ole.com.ar\/tema\/seleccion-argentina.html\" title=\"Selecci\u00f3n Argentina\" alt=\"Selecci\u00f3n Argentina\" class=\"slug\">Selecci\u00f3n<\/a><\/strong>. Y fue durante la ma\u00f1ana de este martes, que <strong><a href=\"https:\/\/www.ole.com.ar\/tema\/leandro-paredes.html\" title=\"Leandro Paredes\" alt=\"Leandro Paredes\" class=\"slug\">Leandro Paredes<\/a><\/strong> <strong>pudo poner en palabras ante los micr\u00f3fonos lo que le gener\u00f3 la partida de su capit\u00e1n<\/strong>. En la rueda de prensa que dio en Boca Predio, donde tambi\u00e9n <a href=\"https:\/\/www.ole.com.ar\/boca-juniors\/paredes-retiro-seleccion-anuncio-messi_0_7lkg5BiRa3.html\" target=\"_blank\" title=\"puso en duda su futuro en la Albiceleste\" alt=\"puso en duda su futuro en la Albiceleste\">puso en duda su futuro en la Albiceleste<\/a>, <strong>Lea reconoci\u00f3 que \u00abno est\u00e1bamos preparados para eso\u00bb<\/strong>.<\/p>\n<\/div>\n<div id=\"element-body-1\" class=\"sc-df222161-0 hNvwjb\">\n<p>Cuando fue consultado sobre c\u00f3mo recibi\u00f3 la noticia, el volante Xeneize fue m\u00e1s que sincero y dijo: <strong>\u00abDur\u00edsimo. Seguramente la recibi\u00f3 todo el pa\u00eds y todo el mundo del f\u00fatbol tambi\u00e9n, por lo que significa Leo para el f\u00fatbol, para nosotros y para nuestro pa\u00eds<\/strong>. Seguramente, como puse yo ayer en mi Instagram, el legado de \u00e9l va a quedar para siempre: por lo que significa \u00e9l para nosotros; por lo que dej\u00f3; por no rendirse nunca; por demostrar que los sue\u00f1os se sufren y se persiguen, pero al final se cumplen. <strong>Ese es el legado m\u00e1s grande que nos dej\u00f3\u00bb<\/strong>.<\/p>\n<\/div>\n<div class=\"sc-c0843421-0 iNysjD image-embed\" id=\"element-body-2\"><img alt=\"Messi junto a Paredes en una de las \u00faltimas pr\u00e1cticas del Mundial (Foto: Juano Tesone).\" loading=\"lazy\" width=\"720\" height=\"100\" decoding=\"async\" data-nimg=\"1\" style=\"color:transparent\" src=\"https:\/\/fmamiga909.com.ar\/wp-content\/uploads\/2026\/09\/_lPXxwtTP_720x0__1.jpg\"\/><span class=\"epigraphe\">Messi junto a Paredes en una de las \u00faltimas pr\u00e1cticas del Mundial (Foto: Juano Tesone).<\/span><\/div>\n<div id=\"element-body-3\" class=\"sc-df222161-0 hNvwjb\">\n<p>A su vez, <strong>reconoci\u00f3 que \u00abno le quise mandar mensaje, porque entiendo lo que debe estar pasando<\/strong>\u00ab. Y sobre este momento que vive su amigo y un posible llamado, afirm\u00f3: \u00abNo va a ser f\u00e1cil para \u00e9l dejar la Selecci\u00f3n despu\u00e9s de 20 a\u00f1os. Entonces dejo siempre que pasen unos d\u00edas y despu\u00e9s seguramente lo har\u00e9\u00bb.<\/p>\n<\/div>\n<div id=\"element-body-4\" class=\"sc-df222161-0 hNvwjb\">\n<p>Por otra parte, el futbolista del CABJ explic\u00f3 c\u00f3mo fue el momento en que el 10 les dio la noticia a los jugadores de la Scaloneta y cont\u00f3: \u00abObviamente que tom\u00f3 una decisi\u00f3n que no quer\u00edamos que llegue. <strong>Lo hab\u00edamos hablado much\u00edsimo con \u00e9l y hab\u00eda sido sincero con nosotros ah\u00ed cuando est\u00e1bamos en los \u00faltimos d\u00edas del Mundial. Nos dijo que seguramente la final era su \u00faltimo partido<\/strong>. Nosotros lo sab\u00edamos, pero no est\u00e1bamos preparados para eso. Tuvimos muchas charlas de este tipo de cosas, pero s\u00ed, duele por todo lo que significa \u00e9l para nosotros\u00bb.<\/p>\n<\/div>\n<div class=\"sc-c0843421-0 iNysjD image-embed\" id=\"element-body-5\"><img alt=\"Paredes y Messi antes de la final del Mundial, su \u00faltimo partido juntos (Reuters).\" loading=\"lazy\" width=\"720\" height=\"100\" decoding=\"async\" data-nimg=\"1\" style=\"color:transparent\" src=\"https:\/\/fmamiga909.com.ar\/wp-content\/uploads\/2026\/09\/cuMP-0HsoZ_720x0__1.jpg\"\/><span class=\"epigraphe\">Paredes y Messi antes de la final del Mundial, su \u00faltimo partido juntos (Reuters).<\/span><\/div>\n<div id=\"element-body-6\" class=\"sc-df222161-0 hNvwjb\">\n<p>Finalmente, Paredes habl\u00f3 sobre un posible partido de despedida en la Argentina para la Pulga. <strong>\u00abSiempre queremos jugar y yo soy uno de los que lo quiero tener siempre al lado\u00bb<\/strong>, reconoci\u00f3 el capit\u00e1n del CABJ dejando abierta la puerta a un posible \u00faltimo baile de Messi.<\/p>\n<\/div>\n<p><h2><strong>El posteo de Paredes<\/strong><\/h2>\n<\/p>\n<div id=\"element-body-9\" class=\"sc-a7166897-0 eTTZWU\"><a href=\"https:\/\/www.ole.com.ar\/boca-juniors\/paredes-retiro-seleccion-anuncio-messi_0_7lkg5BiRa3.html\" aria-label=\"Paredes y su retiro de la Selecci\u00f3n tras el anuncio de Messi: &quot;Por todo, va a ser dif\u00edcil que yo siga&quot;\" class=\"sc-d4f573e5-0 bUEDsN\"\/><\/p>\n<section><picture><img alt=\"Paredes y su retiro de la Selecci\u00f3n tras el anuncio de Messi: &quot;Por todo, va a ser dif\u00edcil que yo siga&quot;\" loading=\"lazy\" width=\"290\" height=\"290\" decoding=\"async\" data-nimg=\"1\" style=\"color:transparent\" src=\"https:\/\/fmamiga909.com.ar\/wp-content\/uploads\/2026\/09\/1788280398_914_gBD28g55O_290x290__1.jpg\"\/><\/picture>\n<p><span>Mir\u00e1 tambi\u00e9n<\/span><\/p>\n<hr\/>\n<h3>Paredes y su retiro de la Selecci\u00f3n tras el anuncio de Messi: \u00abPor todo, va a ser dif\u00edcil que yo siga\u00bb<\/h3>\n<\/p>\n<\/section>\n<\/div>\n<div id=\"element-body-10\" class=\"sc-a7166897-0 eTTZWU\"><a href=\"https:\/\/www.ole.com.ar\/boca-juniors\/boca-presento-pedido-afa-poder-incorporar-lesion-aranda_0_yUKnW69ySC.html\" aria-label=\"Boca hizo el pedido a la AFA para poder incorporar por la lesi\u00f3n de Aranda\" class=\"sc-d4f573e5-0 bUEDsN\"\/><\/p>\n<section><picture><img alt=\"Boca hizo el pedido a la AFA para poder incorporar por la lesi\u00f3n de Aranda\" loading=\"lazy\" width=\"290\" height=\"290\" decoding=\"async\" data-nimg=\"1\" style=\"color:transparent\" src=\"https:\/\/fmamiga909.com.ar\/wp-content\/uploads\/2026\/09\/1788280398_477_R3tIK-2W__290x290__1.jpg\"\/><\/picture>\n<p><span>Mir\u00e1 tambi\u00e9n<\/span><\/p>\n<hr\/>\n<h3>Boca hizo el pedido a la AFA para poder incorporar por la lesi\u00f3n de Aranda<\/h3>\n<\/p>\n<\/section>\n<\/div>\n<div id=\"element-body-11\" class=\"sc-a7166897-0 eTTZWU\"><a href=\"https:\/\/www.ole.com.ar\/boca-juniors\/boca-minutos-jugadores-arruabarrena-lesiones-exigencia_0_hTnIu9tkGG.html\" aria-label=\"La se\u00f1al de alerta en Boca en el inicio de una nueva seguidilla\" class=\"sc-d4f573e5-0 bUEDsN\"\/><\/p>\n<section><picture><img alt=\"La se\u00f1al de alerta en Boca en el inicio de una nueva seguidilla\" loading=\"lazy\" width=\"290\" height=\"290\" decoding=\"async\" data-nimg=\"1\" style=\"color:transparent\" src=\"https:\/\/fmamiga909.com.ar\/wp-content\/uploads\/2026\/09\/1788280398_452_8edcF47b2_290x290__1.jpg\"\/><\/picture>\n<p><span>Mir\u00e1 tambi\u00e9n<\/span><\/p>\n<hr\/>\n<h3>La se\u00f1al de alerta en Boca en el inicio de una nueva seguidilla<\/h3>\n<\/p>\n<\/section>\n<\/div>\n<div id=\"element-body-12\" class=\"sc-a7166897-0 eTTZWU\"><a href=\"https:\/\/www.ole.com.ar\/futbol-primera\/pelea-tabla-anual-lideres-boca-sudamericana-river-clasificacion-copas-libertadores_0_NVR1uUFJIp.html\" aria-label=\"La tabla anual: Independente Rivadavia puntero, Boca y V\u00e9lez pelean por la Libertadores y River en zona de Sudamericana\" class=\"sc-d4f573e5-0 bUEDsN\"\/><\/p>\n<section><picture><img alt=\"La tabla anual: Independente Rivadavia puntero, Boca y V\u00e9lez pelean por la Libertadores y River en zona de Sudamericana\" loading=\"lazy\" width=\"290\" height=\"290\" decoding=\"async\" data-nimg=\"1\" style=\"color:transparent\" src=\"https:\/\/fmamiga909.com.ar\/wp-content\/uploads\/2026\/09\/1788280398_939_ST6BbhJuX_290x290__1.jpg\"\/><\/picture>\n<p><span>Mir\u00e1 tambi\u00e9n<\/span><\/p>\n<hr\/>\n<h3>La tabla anual: Independente Rivadavia puntero, Boca y V\u00e9lez pelean por la Libertadores y River en zona de Sudamericana<\/h3>\n<\/p>\n<\/section>\n<\/div>\n<\/div>\n<p><a href=\"https:\/\/www.ole.com.ar\/seleccion\/leandro-paredes-lionel-messi-dijo-palabras-boca-preparados-mundial-mensaje_0_CWCx2xVAPA.html\">source<\/a><\/p>\n","protected":false},"excerpt":{"rendered":"<p>Su posteo en Instagram mostr\u00f3 el enorme dolor que le gener\u00f3 el retiro de Lionel&#8230;<\/p>\n","protected":false},"author":3,"featured_media":49353,"comment_status":"closed","ping_status":"closed","sticky":false,"template":"","format":"standard","meta":{"footnotes":""},"categories":[21],"tags":[],"class_list":["post-49352","post","type-post","status-publish","format-standard","has-post-thumbnail","hentry","category-deportes"],"featured_image_urls":{"full":["https:\/\/fmamiga909.com.ar\/wp-content\/uploads\/2026\/09\/wp-header-logo-15.png",720,480,false],"thumbnail":["https:\/\/fmamiga909.com.ar\/wp-content\/uploads\/2026\/09\/wp-header-logo-15-150x150.png",150,150,true],"medium":["https:\/\/fmamiga909.com.ar\/wp-content\/uploads\/2026\/09\/wp-header-logo-15-300x200.png",300,200,true],"medium_large":["https:\/\/fmamiga909.com.ar\/wp-content\/uploads\/2026\/09\/wp-header-logo-15.png",720,480,false],"large":["https:\/\/fmamiga909.com.ar\/wp-content\/uploads\/2026\/09\/wp-header-logo-15.png",640,427,false],"1536x1536":["https:\/\/fmamiga909.com.ar\/wp-content\/uploads\/2026\/09\/wp-header-logo-15.png",720,480,false],"2048x2048":["https:\/\/fmamiga909.com.ar\/wp-content\/uploads\/2026\/09\/wp-header-logo-15.png",720,480,false],"newsium-slider-full":["https:\/\/fmamiga909.com.ar\/wp-content\/uploads\/2026\/09\/wp-header-logo-15.png",720,480,false],"newsium-featured":["https:\/\/fmamiga909.com.ar\/wp-content\/uploads\/2026\/09\/wp-header-logo-15.png",720,480,false],"newsium-medium":["https:\/\/fmamiga909.com.ar\/wp-content\/uploads\/2026\/09\/wp-header-logo-15-720x475.png",720,475,true]},"author_info":{"display_name":"Fredy Giuliano","author_link":"https:\/\/fmamiga909.com.ar\/?author=3"},"category_info":"<a href=\"https:\/\/fmamiga909.com.ar\/?cat=21\" rel=\"category\">Deportes<\/a>","tag_info":"Deportes","comment_count":"0","_links":{"self":[{"href":"https:\/\/fmamiga909.com.ar\/index.php?rest_route=\/wp\/v2\/posts\/49352","targetHints":{"allow":["GET"]}}],"collection":[{"href":"https:\/\/fmamiga909.com.ar\/index.php?rest_route=\/wp\/v2\/posts"}],"about":[{"href":"https:\/\/fmamiga909.com.ar\/index.php?rest_route=\/wp\/v2\/types\/post"}],"author":[{"embeddable":true,"href":"https:\/\/fmamiga909.com.ar\/index.php?rest_route=\/wp\/v2\/users\/3"}],"replies":[{"embeddable":true,"href":"https:\/\/fmamiga909.com.ar\/index.php?rest_route=%2Fwp%2Fv2%2Fcomments&post=49352"}],"version-history":[{"count":0,"href":"https:\/\/fmamiga909.com.ar\/index.php?rest_route=\/wp\/v2\/posts\/49352\/revisions"}],"wp:featuredmedia":[{"embeddable":true,"href":"https:\/\/fmamiga909.com.ar\/index.php?rest_route=\/wp\/v2\/media\/49353"}],"wp:attachment":[{"href":"https:\/\/fmamiga909.com.ar\/index.php?rest_route=%2Fwp%2Fv2%2Fmedia&parent=49352"}],"wp:term":[{"taxonomy":"category","embeddable":true,"href":"https:\/\/fmamiga909.com.ar\/index.php?rest_route=%2Fwp%2Fv2%2Fcategories&post=49352"},{"taxonomy":"post_tag","embeddable":true,"href":"https:\/\/fmamiga909.com.ar\/index.php?rest_route=%2Fwp%2Fv2%2Ftags&post=49352"}],"curies":[{"name":"wp","href":"https:\/\/api.w.org\/{rel}","templated":true}]}}