{"id":49359,"date":"2026-09-01T16:41:12","date_gmt":"2026-09-01T16:41:12","guid":{"rendered":"https:\/\/fmamiga909.com.ar\/?p=49359"},"modified":"2026-09-01T16:41:12","modified_gmt":"2026-09-01T16:41:12","slug":"nos-dijeron-que-no-la-hicimos-igual-la-particular-camiseta-amarilla-y-negra-que-saco-racing","status":"publish","type":"post","link":"https:\/\/fmamiga909.com.ar\/?p=49359","title":{"rendered":"&quot;Nos dijeron que no, la hicimos igual&quot;: la particular camiseta amarilla y negra que sac\u00f3 Racing"},"content":{"rendered":"<div id=\"storyBody\">\n<div id=\"element-body-0\" class=\"sc-df222161-0 hNvwjb\">\n<p>Mientras atraviesa un complejo presente futbol\u00edstico, <strong><a href=\"https:\/\/www.ole.com.ar\/tema\/racing.html\" title=\"Racing\" alt=\"Racing\" class=\"slug\">Racing<\/a><\/strong> <strong>present\u00f3 una nueva camiseta que llam\u00f3 la atenci\u00f3n entre los hinchas<\/strong>. Haciendo referencia a un hist\u00f3rico pedido del club en su primer a\u00f1o de vida, la Academia comparti\u00f3 en sus canales oficiales esta <strong> nueva casaca color amarilla y negra<\/strong>.<\/p>\n<\/div>\n<div id=\"element-body-1\" class=\"sc-df222161-0 hNvwjb\">\n<p><strong>A lo Pe\u00f1arol de Montevideo y con <a href=\"https:\/\/www.ole.com.ar\/tema\/adrian-martinez.html\" title=\"Adri\u00e1n Mart\u00ednez\" alt=\"Adri\u00e1n Mart\u00ednez\" class=\"slug\">Adri\u00e1n Maravilla Mart\u00ednez<\/a>, Mat\u00edas Zaracho y Ezequiel Cannavo de modelos, el club de Avellaneda comparti\u00f3 esta nueva \u00abcamiseta hist\u00f3rica\u00bb<\/strong>, que refiere al a\u00f1o 1904. El video para promocionar esta casaca, que seguramente sea presentada por los dirigidos por Juan Pablo Vojvoda a la brevedad, tuvo una adaptaci\u00f3n hist\u00f3rica, estuvo bajo el t\u00edtulo \u00abnos dijeron que no, la hicimos igual\u00bb y fue subido en blanco y negro.<\/p>\n<\/div>\n<div class=\"sc-c0843421-0 iNysjD image-embed\" id=\"element-body-2\"><img alt=\"Maravilla con la nueva camiseta de Racing (Foto: Prensa Racing).\" loading=\"lazy\" width=\"720\" height=\"100\" decoding=\"async\" data-nimg=\"1\" style=\"color:transparent\" src=\"https:\/\/fmamiga909.com.ar\/wp-content\/uploads\/2026\/09\/9K2xP24-d_720x0__1.jpg\"\/><span class=\"epigraphe\">Maravilla con la nueva camiseta de Racing (Foto: Prensa Racing).<\/span><\/div>\n<div id=\"element-body-3\" class=\"sc-df222161-0 hNvwjb\">\n<p>\u00ab\u00bfViste lo que pas\u00f3? No se puede creer. Rechazaron la camiseta. \u00bfY ahora? Se\u00f1ores, nos acaban de informar que no podemos usar esta camiseta. Pero, a nosotros muchas veces nos van a decir que no: que no podemos ser los primeros campeones del mundo; que no es posible ganar siete campeonatos seguidos; que no podemos llenar dos canchas el mismo d\u00eda; que no podemos salir a jugar; hasta alguna chiflada nos va a decir que no podemos existir m\u00e1s. <strong>\u00bfY saben lo que le vamos a decir nosotros, se\u00f1ores? Que a Racing, nadie le dice que no\u00bb<\/strong>, fueron las palabras del video.<\/p>\n<\/div>\n<div id=\"element-body-4\" class=\"sc-df222161-0 hNvwjb\">\n<p>Por otra parte, Racing inform\u00f3 que \u00ablos primeros 30 socios que adquieran la camiseta en preventa van a poder disfrutar de una experiencia exclusiva en la previa del pr\u00f3ximo partido contra <strong><a href=\"https:\/\/www.ole.com.ar\/tema\/atletico-tucuman.html\" title=\"Atl\u00e9tico Tucum\u00e1n\" alt=\"Atl\u00e9tico Tucum\u00e1n\" class=\"slug\">Atl\u00e9tico Tucum\u00e1n<\/a><\/strong>\u00ab. Este duelo se disputar\u00e1 el domingo a las 21:30 horas en el <strong><a href=\"https:\/\/www.ole.com.ar\/tema\/cilindro-de-avellaneda.html\" title=\"Cilindro de Avellaneda\" alt=\"Cilindro de Avellaneda\" class=\"slug\">Cilindro de Avellaneda<\/a><\/strong>.<\/p>\n<\/div>\n<div class=\"sc-c0843421-0 iNysjD image-embed\" id=\"element-body-5\"><img alt=\"La nueva casaca de Racing (Foto: Prensa Racing).\" loading=\"lazy\" width=\"720\" height=\"100\" decoding=\"async\" data-nimg=\"1\" style=\"color:transparent\" src=\"https:\/\/fmamiga909.com.ar\/wp-content\/uploads\/2026\/09\/YgyJ1ogC4_720x0__1.jpg\"\/><span class=\"epigraphe\">La nueva casaca de Racing (Foto: Prensa Racing).<\/span><\/div>\n<div id=\"element-body-6\" class=\"sc-df222161-0 hNvwjb\">\n<p><strong>La nueva camiseta de la Academia tiene un precio de $220.000, en la versi\u00f3n jugador, y de $150.000, en la versi\u00f3n hincha<\/strong>; y puede ser comprada en la p\u00e1gina Locademia.<\/p>\n<\/div>\n<p><h2><strong>El video con el que Racing present\u00f3 esta nueva camiseta<\/strong><\/h2>\n<\/p>\n<div id=\"element-body-9\" class=\"sc-a7166897-0 eTTZWU\"><a href=\"https:\/\/www.ole.com.ar\/futbol-primera\/pelea-tabla-anual-lideres-boca-sudamericana-river-clasificacion-copas-libertadores_0_NVR1uUFJIp.html\" aria-label=\"La tabla anual: Independente Rivadavia puntero, Boca y V\u00e9lez pelean por la Libertadores y River en zona de Sudamericana\" class=\"sc-d4f573e5-0 bUEDsN\"\/><\/p>\n<section><picture><img alt=\"La tabla anual: Independente Rivadavia puntero, Boca y V\u00e9lez pelean por la Libertadores y River en zona de Sudamericana\" loading=\"lazy\" width=\"290\" height=\"290\" decoding=\"async\" data-nimg=\"1\" style=\"color:transparent\" src=\"https:\/\/fmamiga909.com.ar\/wp-content\/uploads\/2026\/09\/1788280871_547_ST6BbhJuX_290x290__1.jpg\"\/><\/picture>\n<p><span>Mir\u00e1 tambi\u00e9n<\/span><\/p>\n<hr\/>\n<h3>La tabla anual: Independente Rivadavia puntero, Boca y V\u00e9lez pelean por la Libertadores y River en zona de Sudamericana<\/h3>\n<\/p>\n<\/section>\n<\/div>\n<div id=\"element-body-10\" class=\"sc-a7166897-0 eTTZWU\"><a href=\"https:\/\/www.ole.com.ar\/copa-argentina\/copaargentina-bocajuniors-velezsarsfield-racingclub-banfield-deportivoriestra_0_AWZTkfEX1Q.html\" aria-label=\"C\u00f3mo sigue la Copa Argentina\" class=\"sc-d4f573e5-0 bUEDsN\"\/><\/p>\n<section><picture><img alt=\"C\u00f3mo sigue la Copa Argentina\" loading=\"lazy\" width=\"290\" height=\"290\" decoding=\"async\" data-nimg=\"1\" style=\"color:transparent\" src=\"https:\/\/fmamiga909.com.ar\/wp-content\/uploads\/2026\/09\/uwwOKR-2Q_290x290__1.jpg\"\/><\/picture>\n<p><span>Mir\u00e1 tambi\u00e9n<\/span><\/p>\n<hr\/>\n<h3>C\u00f3mo sigue la Copa Argentina<\/h3>\n<\/p>\n<\/section>\n<\/div>\n<div id=\"element-body-11\" class=\"sc-a7166897-0 eTTZWU\"><a href=\"https:\/\/www.ole.com.ar\/futbol-primera\/santiagosolari-racing-newells-arroyito-clasico_0_eBuhoE869k.html\" aria-label=\"Santiago Solari se va de Racing a Newell's: \u00bfdebuta en el cl\u00e1sico?\" class=\"sc-d4f573e5-0 bUEDsN\"\/><\/p>\n<section><picture><img alt=\"Santiago Solari se va de Racing a Newell's: \u00bfdebuta en el cl\u00e1sico?\" loading=\"lazy\" width=\"290\" height=\"290\" decoding=\"async\" data-nimg=\"1\" style=\"color:transparent\" src=\"https:\/\/fmamiga909.com.ar\/wp-content\/uploads\/2026\/09\/YZQwIqlwI_290x290__1.jpg\"\/><\/picture>\n<p><span>Mir\u00e1 tambi\u00e9n<\/span><\/p>\n<hr\/>\n<h3>Santiago Solari se va de Racing a Newell&#8217;s: \u00bfdebuta en el cl\u00e1sico?<\/h3>\n<\/p>\n<\/section>\n<\/div>\n<\/div>\n<p><a href=\"https:\/\/www.ole.com.ar\/racing\/racing-camiseta-nueva-penarol-amarillo-negro-presentacion_0_WCIkCaoI76.html\">source<\/a><\/p>\n","protected":false},"excerpt":{"rendered":"<p>Mientras atraviesa un complejo presente futbol\u00edstico, Racing present\u00f3 una nueva camiseta que llam\u00f3 la atenci\u00f3n&#8230;<\/p>\n","protected":false},"author":3,"featured_media":49360,"comment_status":"closed","ping_status":"closed","sticky":false,"template":"","format":"standard","meta":{"footnotes":""},"categories":[21],"tags":[],"class_list":["post-49359","post","type-post","status-publish","format-standard","has-post-thumbnail","hentry","category-deportes"],"featured_image_urls":{"full":["https:\/\/fmamiga909.com.ar\/wp-content\/uploads\/2026\/09\/wp-header-logo-16.png",720,900,false],"thumbnail":["https:\/\/fmamiga909.com.ar\/wp-content\/uploads\/2026\/09\/wp-header-logo-16-150x150.png",150,150,true],"medium":["https:\/\/fmamiga909.com.ar\/wp-content\/uploads\/2026\/09\/wp-header-logo-16-240x300.png",240,300,true],"medium_large":["https:\/\/fmamiga909.com.ar\/wp-content\/uploads\/2026\/09\/wp-header-logo-16.png",720,900,false],"large":["https:\/\/fmamiga909.com.ar\/wp-content\/uploads\/2026\/09\/wp-header-logo-16.png",640,800,false],"1536x1536":["https:\/\/fmamiga909.com.ar\/wp-content\/uploads\/2026\/09\/wp-header-logo-16.png",720,900,false],"2048x2048":["https:\/\/fmamiga909.com.ar\/wp-content\/uploads\/2026\/09\/wp-header-logo-16.png",720,900,false],"newsium-slider-full":["https:\/\/fmamiga909.com.ar\/wp-content\/uploads\/2026\/09\/wp-header-logo-16-720x845.png",720,845,true],"newsium-featured":["https:\/\/fmamiga909.com.ar\/wp-content\/uploads\/2026\/09\/wp-header-logo-16.png",720,900,false],"newsium-medium":["https:\/\/fmamiga909.com.ar\/wp-content\/uploads\/2026\/09\/wp-header-logo-16-720x475.png",720,475,true]},"author_info":{"display_name":"Fredy Giuliano","author_link":"https:\/\/fmamiga909.com.ar\/?author=3"},"category_info":"<a href=\"https:\/\/fmamiga909.com.ar\/?cat=21\" rel=\"category\">Deportes<\/a>","tag_info":"Deportes","comment_count":"0","_links":{"self":[{"href":"https:\/\/fmamiga909.com.ar\/index.php?rest_route=\/wp\/v2\/posts\/49359","targetHints":{"allow":["GET"]}}],"collection":[{"href":"https:\/\/fmamiga909.com.ar\/index.php?rest_route=\/wp\/v2\/posts"}],"about":[{"href":"https:\/\/fmamiga909.com.ar\/index.php?rest_route=\/wp\/v2\/types\/post"}],"author":[{"embeddable":true,"href":"https:\/\/fmamiga909.com.ar\/index.php?rest_route=\/wp\/v2\/users\/3"}],"replies":[{"embeddable":true,"href":"https:\/\/fmamiga909.com.ar\/index.php?rest_route=%2Fwp%2Fv2%2Fcomments&post=49359"}],"version-history":[{"count":0,"href":"https:\/\/fmamiga909.com.ar\/index.php?rest_route=\/wp\/v2\/posts\/49359\/revisions"}],"wp:featuredmedia":[{"embeddable":true,"href":"https:\/\/fmamiga909.com.ar\/index.php?rest_route=\/wp\/v2\/media\/49360"}],"wp:attachment":[{"href":"https:\/\/fmamiga909.com.ar\/index.php?rest_route=%2Fwp%2Fv2%2Fmedia&parent=49359"}],"wp:term":[{"taxonomy":"category","embeddable":true,"href":"https:\/\/fmamiga909.com.ar\/index.php?rest_route=%2Fwp%2Fv2%2Fcategories&post=49359"},{"taxonomy":"post_tag","embeddable":true,"href":"https:\/\/fmamiga909.com.ar\/index.php?rest_route=%2Fwp%2Fv2%2Ftags&post=49359"}],"curies":[{"name":"wp","href":"https:\/\/api.w.org\/{rel}","templated":true}]}}