{"id":49369,"date":"2026-09-01T16:47:21","date_gmt":"2026-09-01T16:47:21","guid":{"rendered":"https:\/\/fmamiga909.com.ar\/?p=49369"},"modified":"2026-09-01T16:47:21","modified_gmt":"2026-09-01T16:47:21","slug":"supercopa-internacional-rosario-central-y-estudiantes-ya-tienen-fecha-hora-y-estadio-confirmado-para-la-final","status":"publish","type":"post","link":"https:\/\/fmamiga909.com.ar\/?p=49369","title":{"rendered":"Supercopa Internacional: Rosario Central y Estudiantes ya tienen fecha, hora y estadio confirmado para la final"},"content":{"rendered":"<div id=\"storyBody\">\n<div id=\"element-body-0\" class=\"sc-df222161-0 hNvwjb\">\n<p>La espera lleg\u00f3 a su fin para <strong><a href=\"https:\/\/www.ole.com.ar\/tema\/rosario-central.html\" title=\"Rosario Central\" alt=\"Rosario Central\" class=\"slug\">Rosario Central<\/a><\/strong> y <strong><a href=\"https:\/\/www.ole.com.ar\/tema\/estudiantes-de-la-plata.html\" title=\"Estudiantes de La Plata\" alt=\"Estudiantes de La Plata\" class=\"slug\">Estudiantes<\/a><\/strong>. La Asociaci\u00f3n del F\u00fatbol Argentino confirm\u00f3 fecha, hora y estadio para la <strong><a href=\"https:\/\/www.ole.com.ar\/tema\/supercopa-internacional.html\" title=\"Supercopa Internacional\" alt=\"Supercopa Internacional\" class=\"slug\">Supercopa Internacional<\/a>.<\/strong> Un duelo que inevitablemente revive todo lo sucedido el 23 de noviembre del 2025, cuando el Pincha, en rebeld\u00eda con la decisi\u00f3n de AFA de entregarle el t\u00edtulo de Campe\u00f3n de la Liga Profesional al Canalla, le hizo un pasillo de espaldas al conjunto rosarino en la previa del cruce entre ambos por los octavos del Clausura 2025. <\/p>\n<\/div>\n<div id=\"element-body-1\" class=\"sc-df222161-0 hNvwjb\">\n<p>Luego de que se fijara <strong>el s\u00e1bado 26 de septiembre como d\u00eda elegido para la final,<\/strong> y de que se oficializara el <strong>estadio Madres de Ciudades de Santiago del Estero como sede<\/strong>, este martes se confirm\u00f3 que <strong>el encuentro ser\u00e1 a las 17. <\/strong><\/p>\n<\/div>\n<div class=\"sc-c0843421-0 iNysjD image-embed\" id=\"element-body-2\"><img alt=\"La Supercopa Internacional se disputar\u00e1 el 26 de septiembre en Santiago del Estero.\" loading=\"lazy\" width=\"720\" height=\"100\" decoding=\"async\" data-nimg=\"1\" style=\"color:transparent\" src=\"https:\/\/fmamiga909.com.ar\/wp-content\/uploads\/2026\/09\/vVs0cgPUr_720x0__1.jpg\"\/><span class=\"epigraphe\">La Supercopa Internacional se disputar\u00e1 el 26 de septiembre en Santiago del Estero.<\/span><\/div>\n<div id=\"element-body-3\" class=\"sc-df222161-0 hNvwjb\">\n<p>Ser\u00e1, de esta manera, <strong>el tercer mata-mata que tendr\u00e1n ambos equipos,<\/strong> luego de esos octavos del Clausura 2025, <strong>donde Estudiantes se impuso 1-0, <\/strong> y de los 16avos de la Copa Argentina de este a\u00f1o, <strong>donde el Pincha volvi\u00f3 a ganar, esta vez, por 3-0. <\/strong><\/p>\n<\/div>\n<p><h2><strong>Por qu\u00e9 la definici\u00f3n finalmente es en territorio argentino<\/strong><\/h2>\n<\/p>\n<div id=\"element-body-6\" class=\"sc-df222161-0 hNvwjb\">\n<p>D\u00edas antes de que se confirmara el estadio de Santiago del Estero como sede del partido, <strong>AFA hab\u00eda anticipado que el encuentro se iba a disputar en Argentina y que la opci\u00f3n de trasladarla a otro pa\u00eds hab\u00eda sido descartada por el contexto internacional de este a\u00f1o<\/strong>. De acuerdo con el comunicado difundido despu\u00e9s de la reuni\u00f3n del Comit\u00e9 Ejecutivo, <strong> las plazas internacionales que pod\u00edan recibir el encuentro ya hab\u00edan destinado sus recursos a la agenda relacionada con el <a href=\"https:\/\/www.ole.com.ar\/tema\/mundial-2026.html\" title=\"Mundial 2026\" alt=\"Mundial 2026\" class=\"slug\">Mundial 2026<\/a><\/strong><a href=\"https:\/\/www.ole.com.ar\/tema\/mundial-2026.html\" title=\"Mundial 2026\" alt=\"Mundial 2026\" class=\"slug\">.<\/a><\/p>\n<\/div>\n<div id=\"element-body-7\" class=\"sc-df222161-0 hNvwjb\">\n<p>Por ese motivo, no fue posible avanzar con una organizaci\u00f3n fuera del territorio nacional. La decisi\u00f3n representa un cambio respecto al concepto con el que naci\u00f3 la Supercopa Internacional. <strong>La competencia fue creada con la intenci\u00f3n de llevar la definici\u00f3n al exterior y generar un partido de car\u00e1cter especial fuera de las fronteras argentinas.<\/strong><\/p>\n<\/div>\n<div id=\"element-body-8\" class=\"sc-df222161-0 hNvwjb\">\n<p>La primera edici\u00f3n se disput\u00f3 en enero de 2023 en Abu Dhabi. En aquella oportunidad, <strong><a href=\"https:\/\/www.ole.com.ar\/tema\/racing.html\" title=\"Racing\" alt=\"Racing\" class=\"slug\">Racing<\/a><\/strong> y <strong><a href=\"https:\/\/www.ole.com.ar\/tema\/boca-juniors.html\" title=\"Boca Juniors\" alt=\"Boca Juniors\" class=\"slug\">Boca<\/a><\/strong> protagonizaron la definici\u00f3n y la Academia se impuso por 2-1 para quedarse con el trofeo. En la edici\u00f3n posterior, el certamen ya tuvo una final dentro del pa\u00eds. El encuentro se disput\u00f3 en el estadio Libertadores de Am\u00e9rica de Avellaneda.<\/p>\n<\/div>\n<div class=\"sc-c0843421-0 iNysjD image-embed\" id=\"element-body-9\"><img alt=\"La Supercopa de Racing. (foto: AFP)\" loading=\"lazy\" width=\"720\" height=\"100\" decoding=\"async\" data-nimg=\"1\" style=\"color:transparent\" src=\"https:\/\/fmamiga909.com.ar\/wp-content\/uploads\/2026\/09\/5Qk0YLGNO_720x0__1.jpg\"\/><span class=\"epigraphe\">La Supercopa de Racing. (foto: AFP)<\/span><\/div>\n<p><h2><strong>Los caminos que llevaron a Central y Estudiantes a la final de la Supercopa Internacional<\/strong><\/h2>\n<\/p>\n<div id=\"element-body-11\" class=\"sc-df222161-0 hNvwjb\">\n<p>Los finalistas llegaron a esta instancia por diferentes v\u00edas. <strong>Estudiantes consigui\u00f3 su lugar luego de consagrarse en el <a href=\"https:\/\/www.ole.com.ar\/tema\/trofeo-de-campeones.html\" title=\"Trofeo de Campeones\" alt=\"Trofeo de Campeones\" class=\"slug\">Trofeo de Campeones<\/a>.<\/strong><\/p>\n<\/div>\n<div id=\"element-body-12\" class=\"sc-df222161-0 hNvwjb\">\n<p>El Pincha cerr\u00f3 de esa manera su recorrido con un t\u00edtulo que, adem\u00e1s de significar una conquista para el club, le abri\u00f3 la puerta a disputar otra copa. Ahora tendr\u00e1 la posibilidad de volver a competir por un trofeo frente a un rival que lleg\u00f3 a esta instancia gracias a su rendimiento sostenido durante el a\u00f1o.<\/p>\n<\/div>\n<div class=\"sc-c0843421-0 iNysjD image-embed\" id=\"element-body-13\"><img alt=\"El Trofeo de Campeones. (foto: EFE) \" loading=\"lazy\" width=\"720\" height=\"100\" decoding=\"async\" data-nimg=\"1\" style=\"color:transparent\" src=\"https:\/\/fmamiga909.com.ar\/wp-content\/uploads\/2026\/09\/G-lVifr0H_720x0__1.jpg\"\/><span class=\"epigraphe\">El Trofeo de Campeones. (foto: EFE) <\/span><\/div>\n<div id=\"element-body-14\" class=\"sc-df222161-0 hNvwjb\">\n<p><strong>Rosario Central obtuvo la clasificaci\u00f3n por haber terminado en lo m\u00e1s alto de la tabla anual de la <a href=\"https:\/\/www.ole.com.ar\/tema\/liga-profesional.html\" title=\"Liga Profesional\" alt=\"Liga Profesional\" class=\"slug\">Liga Profesional<\/a><\/strong>. El conjunto de Arroyito fue el que m\u00e1s unidades acumul\u00f3 en esa clasificaci\u00f3n y, en funci\u00f3n de ese desempe\u00f1o, qued\u00f3 reconocido como campe\u00f3n de Liga para los efectos de esta competencia.<\/p>\n<\/div>\n<div class=\"sc-c0843421-0 iNysjD image-embed\" id=\"element-body-15\"><img alt=\"El pasillo de Rosario Central.\" loading=\"lazy\" width=\"720\" height=\"100\" decoding=\"async\" data-nimg=\"1\" style=\"color:transparent\" src=\"https:\/\/fmamiga909.com.ar\/wp-content\/uploads\/2026\/09\/d5NOx8m3H_720x0__1.jpg\"\/><span class=\"epigraphe\">El pasillo de Rosario Central.<\/span><\/div>\n<div class=\"sc-c0843421-0 iNysjD image-embed\" id=\"element-body-16\"><img alt=\"La Supercopa que espera a Estudiantes o Central.\" loading=\"lazy\" width=\"720\" height=\"100\" decoding=\"async\" data-nimg=\"1\" style=\"color:transparent\" src=\"https:\/\/fmamiga909.com.ar\/wp-content\/uploads\/2026\/09\/rBb4QyKmk_720x0__1.jpg\"\/><span class=\"epigraphe\">La Supercopa que espera a Estudiantes o Central.<\/span><\/div>\n<div id=\"element-body-17\" class=\"sc-a7166897-0 eTTZWU\"><a href=\"https:\/\/www.ole.com.ar\/maradona\/juicio-maradona-diego-juiciooral-testigo-declara-masajista-maradona_0_ixE1cAmuE7.html\" aria-label=\"El masajista de Maradona, en el juicio: &quot;Estaba deprimido y le costaba movilizarse&quot;\" class=\"sc-d4f573e5-0 bUEDsN\"\/><\/p>\n<section><picture><img alt=\"El masajista de Maradona, en el juicio: &quot;Estaba deprimido y le costaba movilizarse&quot;\" loading=\"lazy\" width=\"290\" height=\"290\" decoding=\"async\" data-nimg=\"1\" style=\"color:transparent\" src=\"https:\/\/fmamiga909.com.ar\/wp-content\/uploads\/2026\/09\/3yyc1bVGA_290x290__1.jpg\"\/><\/picture>\n<p><span>Mir\u00e1 tambi\u00e9n<\/span><\/p>\n<hr\/>\n<h3>El masajista de Maradona, en el juicio: \u00abEstaba deprimido y le costaba movilizarse\u00bb<\/h3>\n<\/p>\n<\/section>\n<\/div>\n<div id=\"element-body-18\" class=\"sc-a7166897-0 eTTZWU\"><a href=\"https:\/\/www.ole.com.ar\/boca-juniors\/guillermo-barros-schelotto-conferencia-prensa-suspendida-velez-boca_0_LrjrByFNzi.html\" aria-label=\"Por qu\u00e9 V\u00e9lez suspendi\u00f3 sobre la hora la conferencia de Guillermo antes de Boca\" class=\"sc-d4f573e5-0 bUEDsN\"\/><\/p>\n<section><picture><img alt=\"Por qu\u00e9 V\u00e9lez suspendi\u00f3 sobre la hora la conferencia de Guillermo antes de Boca\" loading=\"lazy\" width=\"290\" height=\"290\" decoding=\"async\" data-nimg=\"1\" style=\"color:transparent\" src=\"https:\/\/fmamiga909.com.ar\/wp-content\/uploads\/2026\/09\/OQM-LMSsQ_290x290__1.jpg\"\/><\/picture>\n<p><span>Mir\u00e1 tambi\u00e9n<\/span><\/p>\n<hr\/>\n<h3>Por qu\u00e9 V\u00e9lez suspendi\u00f3 sobre la hora la conferencia de Guillermo antes de Boca<\/h3>\n<\/p>\n<\/section>\n<\/div>\n<div id=\"element-body-19\" class=\"sc-a7166897-0 eTTZWU\"><a href=\"https:\/\/www.ole.com.ar\/river-plate\/river-lista-cambios-copa-sudamericana-coudet-refuerzos_0_ONd3O2oCcZ.html\" aria-label=\"La inminente decisi\u00f3n copera que debe tomar Coudet, que incluye a Thiago Almada\" class=\"sc-d4f573e5-0 bUEDsN\"\/><\/p>\n<section><picture><img alt=\"La inminente decisi\u00f3n copera que debe tomar Coudet, que incluye a Thiago Almada\" loading=\"lazy\" width=\"290\" height=\"290\" decoding=\"async\" data-nimg=\"1\" style=\"color:transparent\" src=\"https:\/\/fmamiga909.com.ar\/wp-content\/uploads\/2026\/09\/yMYg08axH_290x290__1.jpg\"\/><\/picture>\n<p><span>Mir\u00e1 tambi\u00e9n<\/span><\/p>\n<hr\/>\n<h3>La inminente decisi\u00f3n copera que debe tomar Coudet, que incluye a Thiago Almada<\/h3>\n<\/p>\n<\/section>\n<\/div>\n<\/div>\n<p><a href=\"https:\/\/www.ole.com.ar\/futbol-primera\/supercopainternacional-estudiantes-rosariocentral_0_6y22sfaJab.html\">source<\/a><\/p>\n","protected":false},"excerpt":{"rendered":"<p>La espera lleg\u00f3 a su fin para Rosario Central y Estudiantes. La Asociaci\u00f3n del F\u00fatbol&#8230;<\/p>\n","protected":false},"author":3,"featured_media":49370,"comment_status":"closed","ping_status":"closed","sticky":false,"template":"","format":"standard","meta":{"footnotes":""},"categories":[21],"tags":[],"class_list":["post-49369","post","type-post","status-publish","format-standard","has-post-thumbnail","hentry","category-deportes"],"featured_image_urls":{"full":["https:\/\/fmamiga909.com.ar\/wp-content\/uploads\/2026\/09\/wp-header-logo-17.png",720,901,false],"thumbnail":["https:\/\/fmamiga909.com.ar\/wp-content\/uploads\/2026\/09\/wp-header-logo-17-150x150.png",150,150,true],"medium":["https:\/\/fmamiga909.com.ar\/wp-content\/uploads\/2026\/09\/wp-header-logo-17-240x300.png",240,300,true],"medium_large":["https:\/\/fmamiga909.com.ar\/wp-content\/uploads\/2026\/09\/wp-header-logo-17.png",720,901,false],"large":["https:\/\/fmamiga909.com.ar\/wp-content\/uploads\/2026\/09\/wp-header-logo-17.png",640,801,false],"1536x1536":["https:\/\/fmamiga909.com.ar\/wp-content\/uploads\/2026\/09\/wp-header-logo-17.png",720,901,false],"2048x2048":["https:\/\/fmamiga909.com.ar\/wp-content\/uploads\/2026\/09\/wp-header-logo-17.png",720,901,false],"newsium-slider-full":["https:\/\/fmamiga909.com.ar\/wp-content\/uploads\/2026\/09\/wp-header-logo-17-720x845.png",720,845,true],"newsium-featured":["https:\/\/fmamiga909.com.ar\/wp-content\/uploads\/2026\/09\/wp-header-logo-17.png",720,901,false],"newsium-medium":["https:\/\/fmamiga909.com.ar\/wp-content\/uploads\/2026\/09\/wp-header-logo-17-720x475.png",720,475,true]},"author_info":{"display_name":"Fredy Giuliano","author_link":"https:\/\/fmamiga909.com.ar\/?author=3"},"category_info":"<a href=\"https:\/\/fmamiga909.com.ar\/?cat=21\" rel=\"category\">Deportes<\/a>","tag_info":"Deportes","comment_count":"0","_links":{"self":[{"href":"https:\/\/fmamiga909.com.ar\/index.php?rest_route=\/wp\/v2\/posts\/49369","targetHints":{"allow":["GET"]}}],"collection":[{"href":"https:\/\/fmamiga909.com.ar\/index.php?rest_route=\/wp\/v2\/posts"}],"about":[{"href":"https:\/\/fmamiga909.com.ar\/index.php?rest_route=\/wp\/v2\/types\/post"}],"author":[{"embeddable":true,"href":"https:\/\/fmamiga909.com.ar\/index.php?rest_route=\/wp\/v2\/users\/3"}],"replies":[{"embeddable":true,"href":"https:\/\/fmamiga909.com.ar\/index.php?rest_route=%2Fwp%2Fv2%2Fcomments&post=49369"}],"version-history":[{"count":0,"href":"https:\/\/fmamiga909.com.ar\/index.php?rest_route=\/wp\/v2\/posts\/49369\/revisions"}],"wp:featuredmedia":[{"embeddable":true,"href":"https:\/\/fmamiga909.com.ar\/index.php?rest_route=\/wp\/v2\/media\/49370"}],"wp:attachment":[{"href":"https:\/\/fmamiga909.com.ar\/index.php?rest_route=%2Fwp%2Fv2%2Fmedia&parent=49369"}],"wp:term":[{"taxonomy":"category","embeddable":true,"href":"https:\/\/fmamiga909.com.ar\/index.php?rest_route=%2Fwp%2Fv2%2Fcategories&post=49369"},{"taxonomy":"post_tag","embeddable":true,"href":"https:\/\/fmamiga909.com.ar\/index.php?rest_route=%2Fwp%2Fv2%2Ftags&post=49369"}],"curies":[{"name":"wp","href":"https:\/\/api.w.org\/{rel}","templated":true}]}}