{"id":49374,"date":"2026-09-01T16:50:18","date_gmt":"2026-09-01T16:50:18","guid":{"rendered":"https:\/\/fmamiga909.com.ar\/?p=49374"},"modified":"2026-09-01T16:50:18","modified_gmt":"2026-09-01T16:50:18","slug":"por-que-se-llama-juan-domingo-peron-la-cancha-de-racing","status":"publish","type":"post","link":"https:\/\/fmamiga909.com.ar\/?p=49374","title":{"rendered":"\u00bfPor qu\u00e9 se llama Juan Domingo Per\u00f3n la cancha de Racing?"},"content":{"rendered":"<div id=\"storyBody\">\n<div id=\"element-body-0\" class=\"sc-df222161-0 hNvwjb\">\n<p>El <a href=\"https:\/\/www.ole.com.ar\/tema\/cilindro-de-avellaneda.html\" title=\"Cilindro de Avellaneda\" alt=\"Cilindro de Avellaneda\" class=\"slug\">Cilindro<\/a> de Avellaneda, inaugurado el 3 de septiembre de 1950, se prepara para celebrar sus 76 a\u00f1os de vida. Casa de <a href=\"https:\/\/www.ole.com.ar\/tema\/racing.html\" title=\"Racing\" alt=\"Racing\" class=\"slug\">Racing<\/a>, en el momento de su estreno era el estadio m\u00e1s imponente de la Argentina por sus dimensiones y fue bautizado con el nombre de <a href=\"https:\/\/www.ole.com.ar\/tema\/juan-domingo-peron.html\" title=\"Juan Domingo Per\u00f3n\" alt=\"Juan Domingo Per\u00f3n\" class=\"slug\">Juan Domingo Per\u00f3n<\/a>, quien era presidente en aquel momento. <strong>El mito dice que el General era hincha de la Academia, pero la historia cuenta otra versi\u00f3n. <\/strong><\/p>\n<\/div>\n<div id=\"element-body-1\" class=\"sc-df222161-0 hNvwjb\">\n<p>Fue construido sobre los terrenos del viejo estadio con tribunas de madera, en las calles Mozart y Corbatta, <strong> a s\u00f3lo 300 metros de la cancha de <a href=\"https:\/\/www.ole.com.ar\/tema\/club-atletico-independiente.html\" title=\"Club Atl\u00e9tico Independiente\" alt=\"Club Atl\u00e9tico Independiente\" class=\"slug\">Independiente<\/a>, su cl\u00e1sico rival<\/strong>, que hab\u00eda sido inaugurada 22 a\u00f1os antes.<\/p>\n<\/div>\n<div id=\"element-body-2\" class=\"sc-df222161-0 hNvwjb\">\n<p>A cargo de la empresa alemana Geop\u00e9, el proyecto tuvo su puntapi\u00e9 inicial en 1944, pero <strong>las obras propiamente dichas comenzaron dos a\u00f1os m\u00e1s tarde, en 1946. <\/strong> Durante dicho periodo y hasta 1950, cuando fue inaugurado, Racing jug\u00f3 de local en estadios como San Lorenzo, Boca e incluso Independiente. En 1949, sin cancha propia, se consagr\u00f3 campe\u00f3n del torneo argentino.<\/p>\n<\/div>\n<div class=\"sc-c0843421-0 iNysjD image-embed\" id=\"element-body-3\"><img alt=\"La construcci\u00f3n del Cilindro (prensa Racing).\" loading=\"lazy\" width=\"720\" height=\"100\" decoding=\"async\" data-nimg=\"1\" style=\"color:transparent\" src=\"https:\/\/fmamiga909.com.ar\/wp-content\/uploads\/2026\/09\/iELMibIRf_720x0__1.jpg\"\/><span class=\"epigraphe\">La construcci\u00f3n del Cilindro (prensa Racing).<\/span><\/div>\n<p><h2><strong>\u00bfPer\u00f3n era hincha de Racing?<\/strong><\/h2>\n<\/p>\n<div id=\"element-body-5\" class=\"sc-df222161-0 hNvwjb\">\n<p>Bautizado Juan Domingo Per\u00f3n (como muchas de las obras de aquella \u00e9poca) el nacimiento del Cilindro est\u00e1 fuertemente ligado con el gobierno justicialista, que puso especial \u00e9nfasis en el desarrollo del deporte. A trav\u00e9s del Decreto 7.395, <strong>se le otorg\u00f3 a Racing un pr\u00e9stamo de 3 millones de pesos (luego ampliado en otros 8 palos) con el fin de construir el nuevo estadio.<\/strong><\/p>\n<\/div>\n<div id=\"element-body-6\" class=\"sc-df222161-0 hNvwjb\">\n<p>A partir de ah\u00ed, muchos se\u00f1alaron que la Academia era el equipo del poder y tom\u00f3 fuerza la versi\u00f3n de que el mismo Per\u00f3n era hincha del club. No obstante, <strong> el propio Juan Domingo cont\u00f3 tiempo despu\u00e9s que su coraz\u00f3n estaba m\u00e1s cerca de Boca. <\/strong>\u00bfEntonces? <\/p>\n<\/div>\n<div class=\"sc-c0843421-0 iNysjD image-embed\" id=\"element-body-7\"><img alt=\"Per\u00f3n y Evita en el Cilindro.\" loading=\"lazy\" width=\"720\" height=\"100\" decoding=\"async\" data-nimg=\"1\" style=\"color:transparent\" src=\"https:\/\/fmamiga909.com.ar\/wp-content\/uploads\/2026\/09\/tjKLO_Igg_720x0__1.jpg\"\/><span class=\"epigraphe\">Per\u00f3n y Evita en el Cilindro.<\/span><\/div>\n<div id=\"element-body-8\" class=\"sc-df222161-0 hNvwjb\">\n<p>M\u00e1s all\u00e1 del mito, lo cierto es que <strong> el verdadero impulsor del Cilindro fue Ram\u00f3n Cereijo, Ministro de Hacienda de Per\u00f3n y fan\u00e1tico racinguista<\/strong>. Fue \u00e9l quien abog\u00f3 por la ayuda financiera para concretar la gran obra durante el primer gobierno peronista.<\/p>\n<\/div>\n<p><h2><strong>El estreno y el r\u00e9cord de asistencia<\/strong><\/h2>\n<\/p>\n<div id=\"element-body-10\" class=\"sc-df222161-0 hNvwjb\">\n<p>Con una capacidad inicial de 100.000 espectadores, el nuevo estadio de Racing presenci\u00f3 su primera funci\u00f3n el 3 de septiembre de 1950. Aquel d\u00eda, la Academia venci\u00f3 1-0 a V\u00e9lez, con gol de Llamil Simes.<\/p>\n<\/div>\n<div id=\"element-body-11\" class=\"sc-df222161-0 hNvwjb\">\n<p>Un a\u00f1o m\u00e1s tarde, el Cilindro fue sede de los Juegos Panamericanos 1951 y <strong> cont\u00f3 con la presencia de Juan Domingo Per\u00f3n, quien fue nombrado presidente honorario del club.<\/strong><\/p>\n<\/div>\n<div class=\"sc-c0843421-0 iNysjD image-embed\" id=\"element-body-12\"><img alt=\"El Cilindro fue inaugurado en 1950 (prensa Racing).\" loading=\"lazy\" width=\"720\" height=\"100\" decoding=\"async\" data-nimg=\"1\" style=\"color:transparent\" src=\"https:\/\/fmamiga909.com.ar\/wp-content\/uploads\/2026\/09\/LBWMXTEHr_720x0__1.jpg\"\/><span class=\"epigraphe\">El Cilindro fue inaugurado en 1950 (prensa Racing).<\/span><\/div>\n<div id=\"element-body-13\" class=\"sc-df222161-0 hNvwjb\">\n<p>Otro hecho fundamental en la historia del coloso de Avellaneda ocurri\u00f3 en 1966, cuando <strong> el club inaugur\u00f3 las torres de iluminaci\u00f3n.<\/strong> Fue nada menos que en un partido amistoso frente al Bayern Munich alem\u00e1n, con victoria 3-2 para la Academia.<\/p>\n<\/div>\n<div id=\"element-body-14\" class=\"sc-df222161-0 hNvwjb\">\n<p>Al a\u00f1o siguiente, en 1967, Racing llegar\u00eda a lo m\u00e1s alto. De la mano de Juan Jos\u00e9 Pizzuti, se convirti\u00f3 en el primer equipo argentino campe\u00f3n de la Copa Libertadores. Ese mismo a\u00f1os tambi\u00e9n jugar\u00eda la Intercontinental ante el Celtic de Escocia, campe\u00f3n europeo, y <strong>se estima que el duelo en Avellaneda convoc\u00f3 unas 120 mil personas, cifra r\u00e9cord para el f\u00fatbol argentino.<\/strong><\/p>\n<\/div>\n<\/div>\n<p><a href=\"https:\/\/www.ole.com.ar\/racing\/llama-presidente-juan-domingo-peron-cancha-racing-cilindro-avellaneda-historia_0_ON9gyo6DjQ.html\">source<\/a><\/p>\n","protected":false},"excerpt":{"rendered":"<p>El Cilindro de Avellaneda, inaugurado el 3 de septiembre de 1950, se prepara para celebrar&#8230;<\/p>\n","protected":false},"author":3,"featured_media":49375,"comment_status":"closed","ping_status":"closed","sticky":false,"template":"","format":"standard","meta":{"footnotes":""},"categories":[21],"tags":[],"class_list":["post-49374","post","type-post","status-publish","format-standard","has-post-thumbnail","hentry","category-deportes"],"featured_image_urls":{"full":["https:\/\/fmamiga909.com.ar\/wp-content\/uploads\/2026\/09\/wp-header-logo-18.png",720,449,false],"thumbnail":["https:\/\/fmamiga909.com.ar\/wp-content\/uploads\/2026\/09\/wp-header-logo-18-150x150.png",150,150,true],"medium":["https:\/\/fmamiga909.com.ar\/wp-content\/uploads\/2026\/09\/wp-header-logo-18-300x187.png",300,187,true],"medium_large":["https:\/\/fmamiga909.com.ar\/wp-content\/uploads\/2026\/09\/wp-header-logo-18.png",720,449,false],"large":["https:\/\/fmamiga909.com.ar\/wp-content\/uploads\/2026\/09\/wp-header-logo-18.png",640,399,false],"1536x1536":["https:\/\/fmamiga909.com.ar\/wp-content\/uploads\/2026\/09\/wp-header-logo-18.png",720,449,false],"2048x2048":["https:\/\/fmamiga909.com.ar\/wp-content\/uploads\/2026\/09\/wp-header-logo-18.png",720,449,false],"newsium-slider-full":["https:\/\/fmamiga909.com.ar\/wp-content\/uploads\/2026\/09\/wp-header-logo-18.png",720,449,false],"newsium-featured":["https:\/\/fmamiga909.com.ar\/wp-content\/uploads\/2026\/09\/wp-header-logo-18.png",720,449,false],"newsium-medium":["https:\/\/fmamiga909.com.ar\/wp-content\/uploads\/2026\/09\/wp-header-logo-18.png",720,449,false]},"author_info":{"display_name":"Fredy Giuliano","author_link":"https:\/\/fmamiga909.com.ar\/?author=3"},"category_info":"<a href=\"https:\/\/fmamiga909.com.ar\/?cat=21\" rel=\"category\">Deportes<\/a>","tag_info":"Deportes","comment_count":"0","_links":{"self":[{"href":"https:\/\/fmamiga909.com.ar\/index.php?rest_route=\/wp\/v2\/posts\/49374","targetHints":{"allow":["GET"]}}],"collection":[{"href":"https:\/\/fmamiga909.com.ar\/index.php?rest_route=\/wp\/v2\/posts"}],"about":[{"href":"https:\/\/fmamiga909.com.ar\/index.php?rest_route=\/wp\/v2\/types\/post"}],"author":[{"embeddable":true,"href":"https:\/\/fmamiga909.com.ar\/index.php?rest_route=\/wp\/v2\/users\/3"}],"replies":[{"embeddable":true,"href":"https:\/\/fmamiga909.com.ar\/index.php?rest_route=%2Fwp%2Fv2%2Fcomments&post=49374"}],"version-history":[{"count":0,"href":"https:\/\/fmamiga909.com.ar\/index.php?rest_route=\/wp\/v2\/posts\/49374\/revisions"}],"wp:featuredmedia":[{"embeddable":true,"href":"https:\/\/fmamiga909.com.ar\/index.php?rest_route=\/wp\/v2\/media\/49375"}],"wp:attachment":[{"href":"https:\/\/fmamiga909.com.ar\/index.php?rest_route=%2Fwp%2Fv2%2Fmedia&parent=49374"}],"wp:term":[{"taxonomy":"category","embeddable":true,"href":"https:\/\/fmamiga909.com.ar\/index.php?rest_route=%2Fwp%2Fv2%2Fcategories&post=49374"},{"taxonomy":"post_tag","embeddable":true,"href":"https:\/\/fmamiga909.com.ar\/index.php?rest_route=%2Fwp%2Fv2%2Ftags&post=49374"}],"curies":[{"name":"wp","href":"https:\/\/api.w.org\/{rel}","templated":true}]}}