{"id":49391,"date":"2026-09-02T04:12:42","date_gmt":"2026-09-02T04:12:42","guid":{"rendered":"https:\/\/fmamiga909.com.ar\/?p=49391"},"modified":"2026-09-02T04:12:42","modified_gmt":"2026-09-02T04:12:42","slug":"fichaje-sorpresa-en-inglaterra-quien-es-el-juan-riquelme-que-jugara-en-la-premier-league","status":"publish","type":"post","link":"https:\/\/fmamiga909.com.ar\/?p=49391","title":{"rendered":"Fichaje sorpresa en Inglaterra: \u00bfqui\u00e9n es el Juan Riquelme que jugar\u00e1 en la Premier League?"},"content":{"rendered":"<div id=\"storyBody\">\n<div id=\"element-body-0\" class=\"sc-df222161-0 hNvwjb\">\n<p>Mientras el <a href=\"https:\/\/www.ole.com.ar\/futbol-internacional\/inglaterra\/define-futuro-enzo-fernandez-manchester-city-chelsea-negocian-contrarreloj-cifra-record-millones-libras_0_6McaznrbYQ.html\" target=\"_blank\" title=\"pase de Enzo Fern\u00e1ndez del Chelsea al Manchester City\" alt=\"pase de Enzo Fern\u00e1ndez del Chelsea al Manchester City\">pase de Enzo Fern\u00e1ndez del Chelsea al Manchester City<\/a> se llevaba todos los flashes, un equipo de la <strong>Premier League<\/strong> anunci\u00f3 la contrataci\u00f3n <strong>\u00a1Juan Riquelme!<\/strong> No se trata del presidente de Boca sino de una <strong>joven promesa sudamericana que fue bautizado as\u00ed en honor a uno de los m\u00e1ximos \u00eddolos del Xeneize.<\/strong><\/p>\n<\/div>\n<div id=\"element-body-1\" class=\"sc-df222161-0 hNvwjb\">\n<p>Sobre el cierre del mercado de pases en Inglaterra, el <strong>Sunderland <\/strong> hizo un sorpresivo anuncio: compr\u00f3 a <strong>Juan Riquelme Angulo Caiced<\/strong> o, una de las \u00faltimas joyas en salir de la cantera de <strong>Independiente del Valle<\/strong>. El equipo ecuatoriano es una de las grandes f\u00e1bricas de talentos de Ecuador. De all\u00ed salieron <strong>Mois\u00e9s Caicedo, Piero Hincapi\u00e9, Willian Pacho y Gonzalo Plata, entre otros.<\/strong><\/p>\n<\/div>\n<div id=\"element-body-2\" class=\"sc-df222161-0 hNvwjb\">\n<p>La operaci\u00f3n, que pas\u00f3 bajo el radar, se cerr\u00f3 en una cifra cercana a los siete millones de d\u00f3lares. En los \u00faltimos meses, el atacante ecuatoriano <a href=\"https:\/\/www.ole.com.ar\/ecuador\/independiente-del-valle\/gusta-interes-manchester-united-premier-league-juan-riquelme-angulo_0_DyQfY2Ocd9.html\" target=\"_blank\" title=\"hab\u00eda sido vinculado ni m\u00e1s ni menos que al Manchester United\" alt=\"hab\u00eda sido vinculado ni m\u00e1s ni menos que al Manchester United\">hab\u00eda sido vinculado ni m\u00e1s ni menos que al Manchester United<\/a>, que lo ve\u00eda como una apuesta a futuro seg\u00fan los reportes de la prensa brit\u00e1nica.<\/p>\n<\/div>\n<div id=\"element-body-3\" class=\"sc-df222161-0 hNvwjb\">\n<p>\u201cJuan es un jugador joven con un potencial muy interesante y un perfil que creemos que puede desarrollarse muy bien dentro de nuestro club. Hab\u00eda muchos grandes clubes de toda Europa interesados en ficharlo, por lo que este traspaso demuestra el atractivo del Sunderland\u201d, destac\u00f3 Florent Ghisolfi, director deportivo del club.<\/p>\n<\/div>\n<div id=\"element-body-4\" class=\"sc-df222161-0 hNvwjb\">\n<p><strong>\u201cSus cualidades f\u00edsicas son evidentes, pero tambi\u00e9n posee buenos movimientos, capacidad t\u00e9cnica y un instinto natural para marcar goles. <\/strong> Ya ha demostrado en un corto per\u00edodo de tiempo que puede competir a nivel profesional pese a su edad, y estamos encantados de traerlo al Sunderland en esta importante etapa de su desarrollo\u201d, complet\u00f3 el directivo.<\/p>\n<\/div>\n<div class=\"sc-c0843421-0 iNysjD image-embed\" id=\"element-body-5\"><img alt=\"Juan Riquelme Angulo en IDV. \" loading=\"lazy\" width=\"720\" height=\"100\" decoding=\"async\" data-nimg=\"1\" style=\"color:transparent\" src=\"https:\/\/fmamiga909.com.ar\/wp-content\/uploads\/2026\/09\/lXv55K1xh_720x0__1.jpg\"\/><span class=\"epigraphe\">Juan Riquelme Angulo en IDV. <\/span><\/div>\n<p><h2><strong>\u00bfQui\u00e9n es Juan Riquelme Angulo?<\/strong><\/h2>\n<\/p>\n<div id=\"element-body-7\" class=\"sc-df222161-0 hNvwjb\">\n<p>Juan Riquelme Angulo Caicedo naci\u00f3 el 12 de enero de 2008 en San Lorenzo, Ecuador. Lleg\u00f3 al mundo <strong> apenas seis meses despu\u00e9s de que JR ganara la Copa Libertadores con Boca<\/strong>, en aquellas finales contra Gremio en las que la rompi\u00f3 toda y marc\u00f3 tres goles.<\/p>\n<\/div>\n<div id=\"element-body-8\" class=\"sc-df222161-0 hNvwjb\">\n<p>De familia muy futbolera, el peque\u00f1o ecuatoriano <strong>fue nombrado as\u00ed en honor al actual presidente de Boca<\/strong>. Adem\u00e1s, uno de sus hermanos mayores, tambi\u00e9n es futbolista y tuvo un paso reciente por Uni\u00f3n de Santa Fe: se trata del <strong>Tin Angulo<\/strong>, quien le hizo goles a River y Boca en la Libertadores de 2016, en la que Independiente del Valle lleg\u00f3 hasta la final.<\/p>\n<\/div>\n<div id=\"element-body-9\" class=\"sc-df222161-0 hNvwjb\">\n<p>Con un f\u00edsico impresionante (mide m\u00e1s de 1,90), el delantero se form\u00f3 en IDV, una de las canteras m\u00e1s prol\u00edficas de Sudam\u00e9rica: <strong>ya represent\u00f3 a su pa\u00eds a nivel Sub 15 y Sub 17, <\/strong> y era uno de los futbolistas seguidos de cerca por Sebasti\u00e1n Beccacece para encontrar al futuro reemplazo de Enner Valencia en Ecuador.<\/p>\n<\/div>\n<div id=\"element-body-10\" class=\"sc-df222161-0 hNvwjb\">\n<p>Apenas 23 partidos con la camiseta de Independiente del Valle le alcanzaron para terminar de convencer al Sunderland de comprar su ficha: sin ser titular indiscutido en el l\u00edder del torneo ecuatoriano, <strong>marc\u00f3 siete goles en esta temporada.<\/strong><\/p>\n<\/div>\n<div class=\"sc-c0843421-0 iNysjD image-embed\" id=\"element-body-11\"><img alt=\"Juan Riquelme Angulo en la selecci\u00f3n de Ecuador.\" loading=\"lazy\" width=\"720\" height=\"100\" decoding=\"async\" data-nimg=\"1\" style=\"color:transparent\" src=\"https:\/\/fmamiga909.com.ar\/wp-content\/uploads\/2026\/09\/rRvAFgRTB_720x0__1.jpg\"\/><span class=\"epigraphe\">Juan Riquelme Angulo en la selecci\u00f3n de Ecuador.<\/span><\/div>\n<p><h2><strong>El anuncio del Sunderland<\/strong><\/h2>\n<\/p>\n<div id=\"element-body-14\" class=\"sc-a7166897-0 eTTZWU\"><a href=\"https:\/\/www.ole.com.ar\/futbol-internacional\/mercado-pases-cierre-enzo-fernandez-nicolas-tagliafico-gabriel-jesus-carrizo-zeballos_0_j59raj3pZq.html\" aria-label=\"Los \u00faltimos movimientos de pases en Europa en el cierre del mercado\" class=\"sc-d4f573e5-0 bUEDsN\"\/><\/p>\n<section><picture><img alt=\"Los \u00faltimos movimientos de pases en Europa en el cierre del mercado\" loading=\"lazy\" width=\"290\" height=\"290\" decoding=\"async\" data-nimg=\"1\" style=\"color:transparent\" src=\"https:\/\/fmamiga909.com.ar\/wp-content\/uploads\/2026\/09\/1ratV28gl_290x290__1.jpg\"\/><\/picture>\n<p><span>Mir\u00e1 tambi\u00e9n<\/span><\/p>\n<hr\/>\n<h3>Los \u00faltimos movimientos de pases en Europa en el cierre del mercado<\/h3>\n<\/p>\n<\/section>\n<\/div>\n<div id=\"element-body-15\" class=\"sc-a7166897-0 eTTZWU\"><a href=\"https:\/\/www.ole.com.ar\/futbol-internacional\/clubes-pelean-nico-tagliafico-atletico-madrid-juventus-cierre-mercado-pases-europa_0_7vTzQ50KMT.html\" aria-label=\"Lo quer\u00edan dos clubes pero Nico Tagliafico no se muda\" class=\"sc-d4f573e5-0 bUEDsN\"\/><\/p>\n<section><picture><img alt=\"Lo quer\u00edan dos clubes pero Nico Tagliafico no se muda\" loading=\"lazy\" width=\"290\" height=\"290\" decoding=\"async\" data-nimg=\"1\" style=\"color:transparent\" src=\"https:\/\/fmamiga909.com.ar\/wp-content\/uploads\/2026\/09\/1788322362_713_G8WjaLbbW_290x290__1.jpg\"\/><\/picture>\n<p><span>Mir\u00e1 tambi\u00e9n<\/span><\/p>\n<hr\/>\n<h3>Lo quer\u00edan dos clubes pero Nico Tagliafico no se muda<\/h3>\n<\/p>\n<\/section>\n<\/div>\n<div id=\"element-body-16\" class=\"sc-a7166897-0 eTTZWU\"><a href=\"https:\/\/www.ole.com.ar\/boca-juniors\/riquelme-messi-elogios-retiro-leo-seleccion_0_VNpSyEDqvb.html\" aria-label=\"Riquelme, sobre Messi: &quot;Fue igual o mejor que Maradona&quot; y el particular pedido para que siga en la MLS\" class=\"sc-d4f573e5-0 bUEDsN\"\/><\/p>\n<section><picture><img alt=\"Riquelme, sobre Messi: &quot;Fue igual o mejor que Maradona&quot; y el particular pedido para que siga en la MLS\" loading=\"lazy\" width=\"290\" height=\"290\" decoding=\"async\" data-nimg=\"1\" style=\"color:transparent\" src=\"https:\/\/fmamiga909.com.ar\/wp-content\/uploads\/2026\/09\/moH5b4n30_290x290__1.jpg\"\/><\/picture>\n<p><span>Mir\u00e1 tambi\u00e9n<\/span><\/p>\n<hr\/>\n<h3>Riquelme, sobre Messi: \u00abFue igual o mejor que Maradona\u00bb y el particular pedido para que siga en la MLS<\/h3>\n<\/p>\n<\/section>\n<\/div>\n<div id=\"element-body-17\" class=\"sc-a7166897-0 eTTZWU\"><a href=\"https:\/\/www.ole.com.ar\/boca-juniors\/boca-riquelme_0_pCql6FcDxK.html\" aria-label=\"Riquelme: &quot;La Mar\u00eda tiene claro que tiene un hijo que no es chorro ni corrupto&quot;\" class=\"sc-d4f573e5-0 bUEDsN\"\/><\/p>\n<section><picture><img alt=\"Riquelme: &quot;La Mar\u00eda tiene claro que tiene un hijo que no es chorro ni corrupto&quot;\" loading=\"lazy\" width=\"290\" height=\"290\" decoding=\"async\" data-nimg=\"1\" style=\"color:transparent\" src=\"https:\/\/fmamiga909.com.ar\/wp-content\/uploads\/2026\/09\/EHaMufQeC_290x290__1.jpg\"\/><\/picture>\n<p><span>Mir\u00e1 tambi\u00e9n<\/span><\/p>\n<hr\/>\n<h3>Riquelme: \u00abLa Mar\u00eda tiene claro que tiene un hijo que no es chorro ni corrupto\u00bb<\/h3>\n<\/p>\n<\/section>\n<\/div>\n<div id=\"element-body-18\" class=\"sc-a7166897-0 eTTZWU\"><a href=\"https:\/\/www.ole.com.ar\/boca-juniors\/tajante-respuesta-riquelme-mercado-boca-refuerzo-vasco-arruabarrena_0_t2QwDxhFEg.html\" aria-label=\"La tajante respuesta de Riquelme sobre el mercado de Boca: &quot;Hasta el \u00faltimo d\u00eda...&quot;\" class=\"sc-d4f573e5-0 bUEDsN\"\/><\/p>\n<section><picture><img alt=\"La tajante respuesta de Riquelme sobre el mercado de Boca: &quot;Hasta el \u00faltimo d\u00eda...&quot;\" loading=\"lazy\" width=\"290\" height=\"290\" decoding=\"async\" data-nimg=\"1\" style=\"color:transparent\" src=\"https:\/\/fmamiga909.com.ar\/wp-content\/uploads\/2026\/09\/0U8XQDKwG_290x290__1.jpg\"\/><\/picture>\n<p><span>Mir\u00e1 tambi\u00e9n<\/span><\/p>\n<hr\/>\n<h3>La tajante respuesta de Riquelme sobre el mercado de Boca: \u00abHasta el \u00faltimo d\u00eda&#8230;\u00bb<\/h3>\n<\/p>\n<\/section>\n<\/div>\n<\/div>\n<p><a href=\"https:\/\/www.ole.com.ar\/futbol-internacional\/inglaterra\/fichaje-sorpresa-inglaterra-riquelme-jugara-premier-league_0_JTFd3SkFPQ.html\">source<\/a><\/p>\n","protected":false},"excerpt":{"rendered":"<p>Mientras el pase de Enzo Fern\u00e1ndez del Chelsea al Manchester City se llevaba todos los&#8230;<\/p>\n","protected":false},"author":3,"featured_media":49392,"comment_status":"closed","ping_status":"closed","sticky":false,"template":"","format":"standard","meta":{"footnotes":""},"categories":[21],"tags":[],"class_list":["post-49391","post","type-post","status-publish","format-standard","has-post-thumbnail","hentry","category-deportes"],"featured_image_urls":{"full":["https:\/\/fmamiga909.com.ar\/wp-content\/uploads\/2026\/09\/wp-header-logo-20.png",720,415,false],"thumbnail":["https:\/\/fmamiga909.com.ar\/wp-content\/uploads\/2026\/09\/wp-header-logo-20-150x150.png",150,150,true],"medium":["https:\/\/fmamiga909.com.ar\/wp-content\/uploads\/2026\/09\/wp-header-logo-20-300x173.png",300,173,true],"medium_large":["https:\/\/fmamiga909.com.ar\/wp-content\/uploads\/2026\/09\/wp-header-logo-20.png",720,415,false],"large":["https:\/\/fmamiga909.com.ar\/wp-content\/uploads\/2026\/09\/wp-header-logo-20.png",640,369,false],"1536x1536":["https:\/\/fmamiga909.com.ar\/wp-content\/uploads\/2026\/09\/wp-header-logo-20.png",720,415,false],"2048x2048":["https:\/\/fmamiga909.com.ar\/wp-content\/uploads\/2026\/09\/wp-header-logo-20.png",720,415,false],"newsium-slider-full":["https:\/\/fmamiga909.com.ar\/wp-content\/uploads\/2026\/09\/wp-header-logo-20.png",720,415,false],"newsium-featured":["https:\/\/fmamiga909.com.ar\/wp-content\/uploads\/2026\/09\/wp-header-logo-20.png",720,415,false],"newsium-medium":["https:\/\/fmamiga909.com.ar\/wp-content\/uploads\/2026\/09\/wp-header-logo-20.png",720,415,false]},"author_info":{"display_name":"Fredy Giuliano","author_link":"https:\/\/fmamiga909.com.ar\/?author=3"},"category_info":"<a href=\"https:\/\/fmamiga909.com.ar\/?cat=21\" rel=\"category\">Deportes<\/a>","tag_info":"Deportes","comment_count":"0","_links":{"self":[{"href":"https:\/\/fmamiga909.com.ar\/index.php?rest_route=\/wp\/v2\/posts\/49391","targetHints":{"allow":["GET"]}}],"collection":[{"href":"https:\/\/fmamiga909.com.ar\/index.php?rest_route=\/wp\/v2\/posts"}],"about":[{"href":"https:\/\/fmamiga909.com.ar\/index.php?rest_route=\/wp\/v2\/types\/post"}],"author":[{"embeddable":true,"href":"https:\/\/fmamiga909.com.ar\/index.php?rest_route=\/wp\/v2\/users\/3"}],"replies":[{"embeddable":true,"href":"https:\/\/fmamiga909.com.ar\/index.php?rest_route=%2Fwp%2Fv2%2Fcomments&post=49391"}],"version-history":[{"count":0,"href":"https:\/\/fmamiga909.com.ar\/index.php?rest_route=\/wp\/v2\/posts\/49391\/revisions"}],"wp:featuredmedia":[{"embeddable":true,"href":"https:\/\/fmamiga909.com.ar\/index.php?rest_route=\/wp\/v2\/media\/49392"}],"wp:attachment":[{"href":"https:\/\/fmamiga909.com.ar\/index.php?rest_route=%2Fwp%2Fv2%2Fmedia&parent=49391"}],"wp:term":[{"taxonomy":"category","embeddable":true,"href":"https:\/\/fmamiga909.com.ar\/index.php?rest_route=%2Fwp%2Fv2%2Fcategories&post=49391"},{"taxonomy":"post_tag","embeddable":true,"href":"https:\/\/fmamiga909.com.ar\/index.php?rest_route=%2Fwp%2Fv2%2Ftags&post=49391"}],"curies":[{"name":"wp","href":"https:\/\/api.w.org\/{rel}","templated":true}]}}