{"id":49398,"date":"2026-09-02T04:21:39","date_gmt":"2026-09-02T04:21:39","guid":{"rendered":"https:\/\/fmamiga909.com.ar\/?p=49398"},"modified":"2026-09-02T04:21:39","modified_gmt":"2026-09-02T04:21:39","slug":"tras-el-retiro-de-messi-cual-sera-el-futuro-de-los-otros-generales-de-la-seleccion","status":"publish","type":"post","link":"https:\/\/fmamiga909.com.ar\/?p=49398","title":{"rendered":"Tras el retiro de Messi, \u00bfcu\u00e1l ser\u00e1 el futuro de los otros generales de la Selecci\u00f3n?"},"content":{"rendered":"<div id=\"storyBody\">\n<div id=\"element-body-0\" class=\"sc-df222161-0 hNvwjb\">\n<p>\u00abCreo que en este proceso hemos conseguido <strong>formar un grupo de jugadores y de personas incre\u00edbles<\/strong> y en ese grupo de jugadores y personas ten\u00edamos a <strong>nuestro l\u00edder, que era Leo<\/strong>. \u00c9l no est\u00e1, entonces <strong>va a ser muy dif\u00edcil<\/strong>\u00ab.<\/p>\n<\/div>\n<div id=\"element-body-1\" class=\"sc-df222161-0 hNvwjb\">\n<p><a href=\"https:\/\/www.ole.com.ar\/seleccion\/leandro-paredes-lionel-messi-dijo-palabras-boca-preparados-mundial-mensaje_0_CWCx2xVAPA.html\" target=\"_self\" title=\"Leandro Paredes dice una frase\" alt=\"Leandro Paredes dice una frase\">Leandro Paredes dice una frase<\/a> que puede parecer mucho o poco, seg\u00fan qu\u00e9 peso se le den a las palabras. Pero <strong>la era post Messi<\/strong> no s\u00f3lo ser\u00e1 importante para ver c\u00f3mo vivir sin la presencia omnipresente del mejor del mundo que solucionaba todo adentro o afuera de la cancha, sino tambi\u00e9n <strong>c\u00f3mo rearmar la Selecci\u00f3n en su totalidad<\/strong>.<\/p>\n<\/div>\n<div id=\"element-body-2\" class=\"sc-df222161-0 hNvwjb\">\n<p>Mientras los dirigentes, <a href=\"https:\/\/www.ole.com.ar\/seleccion\/lionel-messi-retiro-seleccion-argentina_0_Q7Uo8ybTrO.html\" target=\"_self\" title=\"que sintieron el cimbronazo de la renuncia de Leo\" alt=\"que sintieron el cimbronazo de la renuncia de Leo\">que sintieron el cimbronazo de la<\/a><strong><a href=\"https:\/\/www.ole.com.ar\/seleccion\/lionel-messi-retiro-seleccion-argentina_0_Q7Uo8ybTrO.html\" target=\"_self\" title=\"que sintieron el cimbronazo de la renuncia de Leo\" alt=\"que sintieron el cimbronazo de la renuncia de Leo\">renuncia de Leo<\/a><\/strong>, <strong>buscan a contrarreloj amistosos<\/strong> para la fecha XL de amistosos de septiembre y octubre (se pueden jugar hasta cuatro, pero la Selecci\u00f3n tendr\u00eda solo dos), mientras piensan la <strong>estrategia (deportiva y econ\u00f3mica) para seducir a Lionel Scaloni<\/strong> para que se qued\u00e9 m\u00e1s all\u00e1 de diciembre, hay otro frente abierto. Que es que <strong>detr\u00e1s de Leo podr\u00edan partir otros referentes<\/strong> que aportaban mucho desde el juego pero mucho m\u00e1s desde la interna.<\/p>\n<\/div>\n<div id=\"element-body-3\" class=\"sc-a7166897-0 eTTZWU\"><a href=\"https:\/\/www.ole.com.ar\/seleccion\/leandro-paredes-lionel-messi-dijo-palabras-boca-preparados-mundial-mensaje_0_CWCx2xVAPA.html\" aria-label=\"Paredes sobre Messi: &quot;No est\u00e1bamos preparados para eso&quot;, c\u00f3mo les cont\u00f3 la noticia y el &quot;no le quise mandar mensaje&quot;\" class=\"sc-d4f573e5-0 bUEDsN\"\/><\/p>\n<section><picture><img alt=\"Paredes sobre Messi: &quot;No est\u00e1bamos preparados para eso&quot;, c\u00f3mo les cont\u00f3 la noticia y el &quot;no le quise mandar mensaje&quot;\" loading=\"lazy\" width=\"290\" height=\"290\" decoding=\"async\" data-nimg=\"1\" style=\"color:transparent\" src=\"https:\/\/fmamiga909.com.ar\/wp-content\/uploads\/2026\/09\/0F4KRxPht_290x290__1.jpg\"\/><\/picture>\n<p><span>Mir\u00e1 tambi\u00e9n<\/span><\/p>\n<hr\/>\n<h3>Paredes sobre Messi: \u00abNo est\u00e1bamos preparados para eso\u00bb, c\u00f3mo les cont\u00f3 la noticia y el \u00abno le quise mandar mensaje\u00bb<\/h3>\n<\/p>\n<\/section>\n<\/div>\n<div id=\"element-body-4\" class=\"sc-df222161-0 hNvwjb\">\n<p>\u00abPara seguir, se necesitan un mont\u00f3n de cosas: <strong>volver a resetearse<\/strong>, <strong>formar un grupo como \u00e9ste<\/strong>, que dif\u00edcilmente se vuelva a formar. <strong>Me duele en el alma. Lo siento<\/strong>\u00ab, dijo Scaloni, en la conferencia post 0-1 ante Espa\u00f1a, <a href=\"https:\/\/www.ole.com.ar\/seleccion\/scaloni-llanto-desconsolado-mensaje-adios-seleccion-argentina_0_714HlJWnTL.html\" target=\"_self\" title=\"antes de ratificarle a Ol\u00e9 que despu\u00e9s de diciembre se iba\" alt=\"antes de ratificarle a Ol\u00e9 que despu\u00e9s de diciembre se iba\">antes de ratificarle a Ol\u00e9 que<\/a><strong><a href=\"https:\/\/www.ole.com.ar\/seleccion\/scaloni-llanto-desconsolado-mensaje-adios-seleccion-argentina_0_714HlJWnTL.html\" target=\"_self\" title=\"antes de ratificarle a Ol\u00e9 que despu\u00e9s de diciembre se iba\" alt=\"antes de ratificarle a Ol\u00e9 que despu\u00e9s de diciembre se iba\">despu\u00e9s de diciembre se iba<\/a><\/strong>, <strong>algo que hoy est\u00e1 en revisi\u00f3n<\/strong>.<\/p>\n<\/div>\n<div id=\"element-body-5\" class=\"sc-df222161-0 hNvwjb\">\n<p>Pero lo que se recalca de la frase \u00bb <strong>formar un grupo como \u00e9ste, que dif\u00edcilmente se vuelva a formar<\/strong>\u00ab, es lo que <strong>desvela a todos en Ezieza<\/strong>. Los que ya no est\u00e1n, los que se pueden llegar a ir y los que se quedar\u00e1n. Porque <strong>despu\u00e9s de la Copa Am\u00e9rica 2024, el que parti\u00f3 fue \u00c1ngel Di Mar\u00eda<\/strong>. Luego ya estaba arriba de la mesa la <strong>confirmaci\u00f3n de Nicol\u00e1s Otamendi<\/strong> y ahora se suma nada m\u00e1s y nada menos que <strong>la del capit\u00e1n Leo<\/strong>.<\/p>\n<\/div>\n<div id=\"element-body-6\" class=\"sc-df222161-0 hNvwjb\">\n<p>Los tres generales eran los que llevaban adelante el grupo, muy bien secundados por <strong>Leandro Paredes y Rodrigo De Paul<\/strong>, aquellos chicos que <strong>le golpearon la puerta de la habitaci\u00f3n a Messi en marzo de 2019<\/strong>, para tratar de integrarlo al grupo. <strong>De tenerlo en el poster, a formar parte de la mesa chica pasaron Leandro y Rodrigo<\/strong>.<\/p>\n<\/div>\n<div id=\"element-body-7\" class=\"sc-a7166897-0 eTTZWU\"><a href=\"https:\/\/www.ole.com.ar\/messi\/pullaro-messi-santa-fe-rosario-posibilidad_0_TXmRZzw9Vy.html\" aria-label=\"El gobernador de Santa Fe y la ilusi\u00f3n de ver jugar a Messi en Rosario: &quot;Creo que hay una posibilidad&quot;\" class=\"sc-d4f573e5-0 bUEDsN\"\/><\/p>\n<section><picture><img alt=\"El gobernador de Santa Fe y la ilusi\u00f3n de ver jugar a Messi en Rosario: &quot;Creo que hay una posibilidad&quot;\" loading=\"lazy\" width=\"290\" height=\"290\" decoding=\"async\" data-nimg=\"1\" style=\"color:transparent\" src=\"https:\/\/fmamiga909.com.ar\/wp-content\/uploads\/2026\/09\/b9P6XXEcP_290x290__1.jpg\"\/><\/picture>\n<p><span>Mir\u00e1 tambi\u00e9n<\/span><\/p>\n<hr\/>\n<h3>El gobernador de Santa Fe y la ilusi\u00f3n de ver jugar a Messi en Rosario: \u00abCreo que hay una posibilidad\u00bb<\/h3>\n<\/p>\n<\/section>\n<\/div>\n<div id=\"element-body-8\" class=\"sc-df222161-0 hNvwjb\">\n<p>Paredes ya dej\u00f3 entrever que <strong>podr\u00eda no continuar<\/strong>: se debe una charla con el entrenador, pero <strong>en su c\u00edrculo \u00edntimo lo ven m\u00e1s afuera que adentro<\/strong>. De Paul a\u00fan no se expres\u00f3 p\u00fablicamente y <strong>habr\u00e1 que ver cu\u00e1l es su decisi\u00f3n<\/strong> pero tambi\u00e9n duda porque ya tiene 32 a\u00f1os (al igual que su amigo Leandro) y <strong>cree que su mejor versi\u00f3n en la Selecci\u00f3n ya es parte del pasado<\/strong>. Entonces, ser\u00e1 <strong>Scaloni quien deber\u00e1 convencerlos<\/strong> si es que cree que son trascendentes en esta reconstrucci\u00f3n.<\/p>\n<\/div>\n<div id=\"element-body-9\" class=\"sc-df222161-0 hNvwjb\">\n<p>M\u00e1s atr\u00e1s tambi\u00e9n queda Gio Lo Celso, que tiene 30 a\u00f1os, que <strong>por fin pudo jugar un Mundial<\/strong> <strong>despu\u00e9s de no haber tenido minutos en el 2018<\/strong> y de <strong>haberse quedado afuera por una lesi\u00f3n en el 2022<\/strong>, pero tambi\u00e9n es un futbolista que <strong>parece m\u00e1s del pasado que del presente o futuro de la Selecci\u00f3n<\/strong>. Claro, que <strong>mucho depender\u00e1 de qu\u00e9 quiera Scalo<\/strong>.<\/p>\n<\/div>\n<div id=\"element-body-10\" class=\"sc-a7166897-0 eTTZWU\"><a href=\"https:\/\/www.ole.com.ar\/seleccion\/lionel-messi-seleccion-argentina-jugadores-compartio-partidos-companeros_0_UbgmBQPpbj.html\" aria-label=\"La lista de los 182 compa\u00f1eros con los que Messi comparti\u00f3 cancha en la Selecci\u00f3n Argentina\" class=\"sc-d4f573e5-0 bUEDsN\"\/><\/p>\n<section><picture><img alt=\"La lista de los 182 compa\u00f1eros con los que Messi comparti\u00f3 cancha en la Selecci\u00f3n Argentina\" loading=\"lazy\" width=\"290\" height=\"290\" decoding=\"async\" data-nimg=\"1\" style=\"color:transparent\" src=\"https:\/\/fmamiga909.com.ar\/wp-content\/uploads\/2026\/09\/o-VIx4xfu_290x290__1.jpg\"\/><\/picture>\n<p><span>Mir\u00e1 tambi\u00e9n<\/span><\/p>\n<hr\/>\n<h3>La lista de los 182 compa\u00f1eros con los que Messi comparti\u00f3 cancha en la Selecci\u00f3n Argentina<\/h3>\n<\/p>\n<\/section>\n<\/div>\n<div id=\"element-body-11\" class=\"sc-df222161-0 hNvwjb\">\n<p>Tras la <strong>salida de Di Mar\u00eda<\/strong>, el <strong>grupo de Messi estaba conformado por Ota, De Paul, Paredes y Lo Celso<\/strong>. Y <strong>para el Mundial se sumaron Lisandro Mart\u00ednez, Cuti Romero y Molina<\/strong>. Claro, que <strong>en la Selecci\u00f3n comenzar\u00e1 una nueva era<\/strong>, ya sin los generales, con los comandantes en duda y <strong>el cuerpo t\u00e9cnico (o el propio grupo) deber\u00e1 resolver c\u00f3mo queda armado el mapa interno<\/strong>. A eso habr\u00e1 que agregarle a <strong>Nico Tagliafico, una voz escuchada<\/strong>, y <a href=\"https:\/\/www.ole.com.ar\/seleccion\/tagliafico-creo-ultimo-mundial_3_FuN08aKcpu.html\" target=\"_self\" title=\"un futbolista que dijo que su \u00faltimo Mundial fue el 2026\" alt=\"un futbolista que dijo que su \u00faltimo Mundial fue el 2026\">un futbolista que dijo que su \u00faltimo Mundial fue el 2026<\/a>, aunque se cree que ser\u00e1 parte del comienzo de la <strong>era post Messi<\/strong>.<\/p>\n<\/div>\n<div id=\"element-body-12\" class=\"sc-df222161-0 hNvwjb\">\n<p><strong>La salida del capit\u00e1n Messi<\/strong> no viene sola y hay otros jugadores que podr\u00edan seguir su camino. Por eso <strong>es clave tratar de resolver cuanto antes si Scaloni seguir\u00e1 siendo el conductor del barco<\/strong>.<\/p>\n<\/div>\n<div id=\"element-body-13\" class=\"sc-a7166897-0 eTTZWU\"><a href=\"https:\/\/www.ole.com.ar\/messi\/retiro-seleccion-argentina-vuelve-jugar-lionel-messi-inter-messi_0_kQ2OSPuk4g.html\" aria-label=\"Tras su retiro de la Selecci\u00f3n Argentina, \u00bfcu\u00e1ndo vuelve a jugar Lionel Messi con el Inter Miami?\" class=\"sc-d4f573e5-0 bUEDsN\"\/><\/p>\n<section><picture><img alt=\"Tras su retiro de la Selecci\u00f3n Argentina, \u00bfcu\u00e1ndo vuelve a jugar Lionel Messi con el Inter Miami?\" loading=\"lazy\" width=\"290\" height=\"290\" decoding=\"async\" data-nimg=\"1\" style=\"color:transparent\" src=\"https:\/\/fmamiga909.com.ar\/wp-content\/uploads\/2026\/09\/PQN5bBDMG_290x290__1.jpg\"\/><\/picture>\n<p><span>Mir\u00e1 tambi\u00e9n<\/span><\/p>\n<hr\/>\n<h3>Tras su retiro de la Selecci\u00f3n Argentina, \u00bfcu\u00e1ndo vuelve a jugar Lionel Messi con el Inter Miami?<\/h3>\n<\/p>\n<\/section>\n<\/div>\n<div id=\"element-body-14\" class=\"sc-a7166897-0 eTTZWU\"><a href=\"https:\/\/www.ole.com.ar\/informacion-general\/reliquia-messi-bahia-blanca-guarda-tesoro-camiseta-primera-semifinal-mundialista_0_5WIQiVOOxh.html\" aria-label=\"La reliquia de Messi que Bah\u00eda Blanca guarda como un tesoro: la camiseta de su primera semifinal mundialista\" class=\"sc-d4f573e5-0 bUEDsN\"\/><\/p>\n<section><picture><img alt=\"La reliquia de Messi que Bah\u00eda Blanca guarda como un tesoro: la camiseta de su primera semifinal mundialista\" loading=\"lazy\" width=\"290\" height=\"290\" decoding=\"async\" data-nimg=\"1\" style=\"color:transparent\" src=\"https:\/\/fmamiga909.com.ar\/wp-content\/uploads\/2026\/09\/aUnQZjIgt_290x290__1.jpg\"\/><\/picture>\n<p><span>Mir\u00e1 tambi\u00e9n<\/span><\/p>\n<hr\/>\n<h3>La reliquia de Messi que Bah\u00eda Blanca guarda como un tesoro: la camiseta de su primera semifinal mundialista<\/h3>\n<\/p>\n<\/section>\n<\/div>\n<\/div>\n<p><a href=\"https:\/\/www.ole.com.ar\/seleccion\/traselretirodemessicualseraelfuturodelosotrosgeneralesdelaseleccion_0_WAcLhxj2JV.html\">source<\/a><\/p>\n","protected":false},"excerpt":{"rendered":"<p>\u00abCreo que en este proceso hemos conseguido formar un grupo de jugadores y de personas&#8230;<\/p>\n","protected":false},"author":3,"featured_media":49399,"comment_status":"closed","ping_status":"closed","sticky":false,"template":"","format":"standard","meta":{"footnotes":""},"categories":[21],"tags":[],"class_list":["post-49398","post","type-post","status-publish","format-standard","has-post-thumbnail","hentry","category-deportes"],"featured_image_urls":{"full":["https:\/\/fmamiga909.com.ar\/wp-content\/uploads\/2026\/09\/wp-header-logo-21.png",290,290,false],"thumbnail":["https:\/\/fmamiga909.com.ar\/wp-content\/uploads\/2026\/09\/wp-header-logo-21-150x150.png",150,150,true],"medium":["https:\/\/fmamiga909.com.ar\/wp-content\/uploads\/2026\/09\/wp-header-logo-21.png",290,290,false],"medium_large":["https:\/\/fmamiga909.com.ar\/wp-content\/uploads\/2026\/09\/wp-header-logo-21.png",290,290,false],"large":["https:\/\/fmamiga909.com.ar\/wp-content\/uploads\/2026\/09\/wp-header-logo-21.png",290,290,false],"1536x1536":["https:\/\/fmamiga909.com.ar\/wp-content\/uploads\/2026\/09\/wp-header-logo-21.png",290,290,false],"2048x2048":["https:\/\/fmamiga909.com.ar\/wp-content\/uploads\/2026\/09\/wp-header-logo-21.png",290,290,false],"newsium-slider-full":["https:\/\/fmamiga909.com.ar\/wp-content\/uploads\/2026\/09\/wp-header-logo-21.png",290,290,false],"newsium-featured":["https:\/\/fmamiga909.com.ar\/wp-content\/uploads\/2026\/09\/wp-header-logo-21.png",290,290,false],"newsium-medium":["https:\/\/fmamiga909.com.ar\/wp-content\/uploads\/2026\/09\/wp-header-logo-21.png",290,290,false]},"author_info":{"display_name":"Fredy Giuliano","author_link":"https:\/\/fmamiga909.com.ar\/?author=3"},"category_info":"<a href=\"https:\/\/fmamiga909.com.ar\/?cat=21\" rel=\"category\">Deportes<\/a>","tag_info":"Deportes","comment_count":"0","_links":{"self":[{"href":"https:\/\/fmamiga909.com.ar\/index.php?rest_route=\/wp\/v2\/posts\/49398","targetHints":{"allow":["GET"]}}],"collection":[{"href":"https:\/\/fmamiga909.com.ar\/index.php?rest_route=\/wp\/v2\/posts"}],"about":[{"href":"https:\/\/fmamiga909.com.ar\/index.php?rest_route=\/wp\/v2\/types\/post"}],"author":[{"embeddable":true,"href":"https:\/\/fmamiga909.com.ar\/index.php?rest_route=\/wp\/v2\/users\/3"}],"replies":[{"embeddable":true,"href":"https:\/\/fmamiga909.com.ar\/index.php?rest_route=%2Fwp%2Fv2%2Fcomments&post=49398"}],"version-history":[{"count":0,"href":"https:\/\/fmamiga909.com.ar\/index.php?rest_route=\/wp\/v2\/posts\/49398\/revisions"}],"wp:featuredmedia":[{"embeddable":true,"href":"https:\/\/fmamiga909.com.ar\/index.php?rest_route=\/wp\/v2\/media\/49399"}],"wp:attachment":[{"href":"https:\/\/fmamiga909.com.ar\/index.php?rest_route=%2Fwp%2Fv2%2Fmedia&parent=49398"}],"wp:term":[{"taxonomy":"category","embeddable":true,"href":"https:\/\/fmamiga909.com.ar\/index.php?rest_route=%2Fwp%2Fv2%2Fcategories&post=49398"},{"taxonomy":"post_tag","embeddable":true,"href":"https:\/\/fmamiga909.com.ar\/index.php?rest_route=%2Fwp%2Fv2%2Ftags&post=49398"}],"curies":[{"name":"wp","href":"https:\/\/api.w.org\/{rel}","templated":true}]}}