{"id":49415,"date":"2026-09-02T04:31:38","date_gmt":"2026-09-02T04:31:38","guid":{"rendered":"https:\/\/fmamiga909.com.ar\/?p=49415"},"modified":"2026-09-02T04:31:38","modified_gmt":"2026-09-02T04:31:38","slug":"racing-avanzo-por-un-delantero-para-reemplazar-a-solari","status":"publish","type":"post","link":"https:\/\/fmamiga909.com.ar\/?p=49415","title":{"rendered":"Racing avanz\u00f3 por un delantero para reemplazar a Solari"},"content":{"rendered":"<div id=\"storyBody\">\n<div id=\"element-body-0\" class=\"sc-df222161-0 hNvwjb\">\n<p><a href=\"https:\/\/www.ole.com.ar\/tema\/racing.html\" title=\"Racing\" alt=\"Racing\" class=\"slug\">Racing<\/a> se desprendi\u00f3 de <a href=\"https:\/\/www.ole.com.ar\/tema\/santiago-solari.html\" title=\"Santiago Solari\" alt=\"Santiago Solari\" class=\"slug\">Santiago Solari<\/a> y r\u00e1pidamente comenz\u00f3 negociaciones por un posible reemplazante. Tras concretar el pr\u00e9stamo del Chino a <a href=\"https:\/\/www.ole.com.ar\/tema\/newells-old-boys.html\" title=\"Newell's Old Boys\" alt=\"Newell's Old Boys\" class=\"slug\"> Newell\u2019s<\/a> hasta junio de 2027 con opci\u00f3n de compra (a\u00fan no revelada), <strong>la dirigencia avanz\u00f3 por la llegada de Leandro C\u00f3rdoba<\/strong>, extremo de <a href=\"https:\/\/www.ole.com.ar\/tema\/racing-de-cordoba.html\" title=\"Racing de C\u00f3rdoba\" alt=\"Racing de C\u00f3rdoba\" class=\"slug\">Racing de C\u00f3rdoba<\/a> (Primera Nacional). Seg\u00fan le confiaron a Ol\u00e9, <strong>las charlas est\u00e1n muy encaminadas por la compra del 50% del pase del futbolista<\/strong> de 21 a\u00f1os que viene de afrontar 20 partidos en este 2026 (14 de inicio) y de convertir cinco tantos.<\/p>\n<\/div>\n<div id=\"element-body-1\" class=\"sc-df222161-0 hNvwjb\">\n<p>Delantero apuntado como una condici\u00f3n de apuesta para ser una carta de recambio, <strong>Racing debe pulir con celeridad los \u00faltimos detalles<\/strong> por su poco margen de tiempo, dado que <strong>hoy a las 18 cierra el mercado de pases<\/strong> y <strong>necesita suplantar a Solari<\/strong> .<\/p>\n<\/div>\n<div class=\"sc-c0843421-0 iNysjD image-embed\" id=\"element-body-2\"><img alt=\"C\u00f3rdoba, de 21 a\u00f1os, tiene 21 a\u00f1os y jug\u00f3 20 partidos en el a\u00f1o.  \" loading=\"lazy\" width=\"720\" height=\"100\" decoding=\"async\" data-nimg=\"1\" style=\"color:transparent\" src=\"https:\/\/fmamiga909.com.ar\/wp-content\/uploads\/2026\/09\/IJ2Jvlojn_720x0__1.jpg\"\/><span class=\"epigraphe\">C\u00f3rdoba, de 21 a\u00f1os, tiene 21 a\u00f1os y jug\u00f3 20 partidos en el a\u00f1o.  <\/span><\/div>\n<p><h2>Por qu\u00e9 se le gener\u00f3 un cupo a Racing <\/h2>\n<\/p>\n<div id=\"element-body-4\" class=\"sc-df222161-0 hNvwjb\">\n<p>Como <strong>Newell\u2019s puede reforzarse gracias a que transfiri\u00f3 a Armando M\u00e9ndez al exterior<\/strong> (Guaran\u00ed de Paraguay), <strong>por reglamento a la Academia tambi\u00e9n le abri\u00f3 un cupo la partida del Chino<\/strong>.<\/p>\n<\/div>\n<div id=\"element-body-5\" class=\"sc-df222161-0 hNvwjb\">\n<p>Integrante del Racing campe\u00f3n de la Sudamericana 2024 y la Recopa 2025 (era suplente), <strong>Solari fue de mayor a menor y con Vojvoda perdi\u00f3 mucho espacio<\/strong>. Sin ir m\u00e1s lejos, <strong>ni siquiera lo convoc\u00f3 para el reciente cruce con Independiente Rivadavia<\/strong>. Y previamente, <strong>en el cl\u00e1sico con Boca, fue al banco sin sumar minutos<\/strong>: el t\u00e9cnico prefiri\u00f3 poner en el ST a Duv\u00e1n Vergara, m\u00e1s los pibes Alberto Campo y Francisco Fraga.<\/p>\n<\/div>\n<div class=\"sc-c0843421-0 iNysjD image-embed\" id=\"element-body-6\"><img alt=\"El extremo meti\u00f3 cinco goles en el a\u00f1o y puso tres asistencias.\" loading=\"lazy\" width=\"720\" height=\"100\" decoding=\"async\" data-nimg=\"1\" style=\"color:transparent\" src=\"https:\/\/fmamiga909.com.ar\/wp-content\/uploads\/2026\/09\/YZz0oGQkL_720x0__1.jpg\"\/><span class=\"epigraphe\">El extremo meti\u00f3 cinco goles en el a\u00f1o y puso tres asistencias.<\/span><\/div>\n<p><h2>Solari estaba disgustado<\/h2>\n<\/p>\n<div id=\"element-body-8\" class=\"sc-df222161-0 hNvwjb\">\n<p>Puertas adentro, el extremo <strong>transmiti\u00f3 descontento con la dirigencia debido a que el club desestim\u00f3 ofertas por pr\u00e9stamos<\/strong>, entre ellas del <strong>Toronto de Canad\u00e1 (de la MLS), Fortaleza de Brasil y un club de B\u00e9lgica<\/strong> (no trascendi\u00f3 el nombre).<\/p>\n<\/div>\n<div id=\"element-body-9\" class=\"sc-df222161-0 hNvwjb\">\n<p><strong>Racing hab\u00eda avisado que s\u00f3lo lo largaba por venta<\/strong>, pero como no hubo propuestas de ese estilo <strong>accedi\u00f3 a la cesi\u00f3n<\/strong>. Ahora tanto <strong>el jugador como Newell\u2019s aguardan el encuentro<\/strong> para que el atacante ya <strong>quede a disposici\u00f3n de Frank Kudelka de cara al cl\u00e1sico rosarino del pr\u00f3ximo domingo<\/strong>.<\/p>\n<\/div>\n<div id=\"element-body-10\" class=\"sc-df222161-0 hNvwjb\">\n<p>Antes de su partida, Solari ayer <strong>extendi\u00f3 hasta fin de 2028 el contrato<\/strong> que <strong>se le venc\u00eda en 2027 con Racing<\/strong>. Esta decisi\u00f3n se tom\u00f3 para que <strong>no le queden s\u00f3lo seis meses de v\u00ednculo<\/strong> con la Acad\u00e9 si NOB no ejecutara la opci\u00f3n de compra y debiera volver a Avellaneda a mitad del pr\u00f3ximo a\u00f1o.<\/p>\n<\/div>\n<div id=\"element-body-11\" class=\"sc-df222161-0 hNvwjb\">\n<p>De Racing a otro Racing, as\u00ed ser\u00e1 el viaje de Leandro C\u00f3rdoba. <\/p>\n<\/div>\n<div id=\"element-body-12\" class=\"sc-a7166897-0 eTTZWU\"><a href=\"https:\/\/www.ole.com.ar\/boca-juniors\/tajante-respuesta-riquelme-mercado-boca-refuerzo-vasco-arruabarrena_0_t2QwDxhFEg.html\" aria-label=\"La tajante respuesta de Riquelme sobre el mercado de Boca: &quot;Hasta el \u00faltimo d\u00eda...&quot;\" class=\"sc-d4f573e5-0 bUEDsN\"\/><\/p>\n<section><picture><img alt=\"La tajante respuesta de Riquelme sobre el mercado de Boca: &quot;Hasta el \u00faltimo d\u00eda...&quot;\" loading=\"lazy\" width=\"290\" height=\"290\" decoding=\"async\" data-nimg=\"1\" style=\"color:transparent\" src=\"https:\/\/fmamiga909.com.ar\/wp-content\/uploads\/2026\/09\/1788323498_692_0U8XQDKwG_290x290__1.jpg\"\/><\/picture>\n<p><span>Mir\u00e1 tambi\u00e9n<\/span><\/p>\n<hr\/>\n<h3>La tajante respuesta de Riquelme sobre el mercado de Boca: \u00abHasta el \u00faltimo d\u00eda&#8230;\u00bb<\/h3>\n<\/p>\n<\/section>\n<\/div>\n<div id=\"element-body-13\" class=\"sc-a7166897-0 eTTZWU\"><a href=\"https:\/\/www.ole.com.ar\/river-plate\/river-plate-marginados-mercado-pases_0_yP7MqUuRsb.html\" aria-label=\"A horas del cierre del mercado, la situaci\u00f3n de los jugadores de River que siguen marginados\" class=\"sc-d4f573e5-0 bUEDsN\"\/><\/p>\n<section><picture><img alt=\"A horas del cierre del mercado, la situaci\u00f3n de los jugadores de River que siguen marginados\" loading=\"lazy\" width=\"290\" height=\"290\" decoding=\"async\" data-nimg=\"1\" style=\"color:transparent\" src=\"https:\/\/fmamiga909.com.ar\/wp-content\/uploads\/2026\/09\/YenkVb1_E_290x290__1.jpg\"\/><\/picture>\n<p><span>Mir\u00e1 tambi\u00e9n<\/span><\/p>\n<hr\/>\n<h3>A horas del cierre del mercado, la situaci\u00f3n de los jugadores de River que siguen marginados<\/h3>\n<\/p>\n<\/section>\n<\/div>\n<div id=\"element-body-14\" class=\"sc-a7166897-0 eTTZWU\"><a href=\"https:\/\/www.ole.com.ar\/futbol-primera\/afa-darioherrera-nicolasramirez-river-facundotello_0_KyixcGSeCP.html\" aria-label=\"\u00c1rbitros de la octava: algunas designaciones pol\u00e9micas\" class=\"sc-d4f573e5-0 bUEDsN\"\/><\/p>\n<section><picture><img alt=\"\u00c1rbitros de la octava: algunas designaciones pol\u00e9micas\" loading=\"lazy\" width=\"290\" height=\"290\" decoding=\"async\" data-nimg=\"1\" style=\"color:transparent\" src=\"https:\/\/fmamiga909.com.ar\/wp-content\/uploads\/2026\/09\/HJ5y9dHwl_290x290__1.jpg\"\/><\/picture>\n<p><span>Mir\u00e1 tambi\u00e9n<\/span><\/p>\n<hr\/>\n<h3>\u00c1rbitros de la octava: algunas designaciones pol\u00e9micas<\/h3>\n<\/p>\n<\/section>\n<\/div>\n<div id=\"element-body-15\" class=\"sc-a7166897-0 eTTZWU\"><a href=\"https:\/\/www.ole.com.ar\/futbol-primera\/mercado-pases-2026-clausura-cierre-definitivo-refuerzos-bajas_0_5hTY80hKwT.html\" aria-label=\"Cierra el mercado de pases: refuerzos y bajas de \u00faltimo momento\" class=\"sc-d4f573e5-0 bUEDsN\"\/><\/p>\n<section><picture><img alt=\"Cierra el mercado de pases: refuerzos y bajas de \u00faltimo momento\" loading=\"lazy\" width=\"290\" height=\"290\" decoding=\"async\" data-nimg=\"1\" style=\"color:transparent\" src=\"https:\/\/fmamiga909.com.ar\/wp-content\/uploads\/2026\/09\/0sgr7p76w_290x290__1.jpg\"\/><\/picture>\n<p><span>Mir\u00e1 tambi\u00e9n<\/span><\/p>\n<hr\/>\n<h3>Cierra el mercado de pases: refuerzos y bajas de \u00faltimo momento<\/h3>\n<\/p>\n<\/section>\n<\/div>\n<\/div>\n<p><a href=\"https:\/\/www.ole.com.ar\/racing\/racing-solari-leandro-cordoba_0_r3fScxcoyg.html\">source<\/a><\/p>\n","protected":false},"excerpt":{"rendered":"<p>Racing se desprendi\u00f3 de Santiago Solari y r\u00e1pidamente comenz\u00f3 negociaciones por un posible reemplazante. Tras&#8230;<\/p>\n","protected":false},"author":3,"featured_media":49416,"comment_status":"closed","ping_status":"closed","sticky":false,"template":"","format":"standard","meta":{"footnotes":""},"categories":[21],"tags":[],"class_list":["post-49415","post","type-post","status-publish","format-standard","has-post-thumbnail","hentry","category-deportes"],"featured_image_urls":{"full":["https:\/\/fmamiga909.com.ar\/wp-content\/uploads\/2026\/09\/wp-header-logo-24.png",720,532,false],"thumbnail":["https:\/\/fmamiga909.com.ar\/wp-content\/uploads\/2026\/09\/wp-header-logo-24-150x150.png",150,150,true],"medium":["https:\/\/fmamiga909.com.ar\/wp-content\/uploads\/2026\/09\/wp-header-logo-24-300x222.png",300,222,true],"medium_large":["https:\/\/fmamiga909.com.ar\/wp-content\/uploads\/2026\/09\/wp-header-logo-24.png",720,532,false],"large":["https:\/\/fmamiga909.com.ar\/wp-content\/uploads\/2026\/09\/wp-header-logo-24.png",640,473,false],"1536x1536":["https:\/\/fmamiga909.com.ar\/wp-content\/uploads\/2026\/09\/wp-header-logo-24.png",720,532,false],"2048x2048":["https:\/\/fmamiga909.com.ar\/wp-content\/uploads\/2026\/09\/wp-header-logo-24.png",720,532,false],"newsium-slider-full":["https:\/\/fmamiga909.com.ar\/wp-content\/uploads\/2026\/09\/wp-header-logo-24.png",720,532,false],"newsium-featured":["https:\/\/fmamiga909.com.ar\/wp-content\/uploads\/2026\/09\/wp-header-logo-24.png",720,532,false],"newsium-medium":["https:\/\/fmamiga909.com.ar\/wp-content\/uploads\/2026\/09\/wp-header-logo-24-720x475.png",720,475,true]},"author_info":{"display_name":"Fredy Giuliano","author_link":"https:\/\/fmamiga909.com.ar\/?author=3"},"category_info":"<a href=\"https:\/\/fmamiga909.com.ar\/?cat=21\" rel=\"category\">Deportes<\/a>","tag_info":"Deportes","comment_count":"0","_links":{"self":[{"href":"https:\/\/fmamiga909.com.ar\/index.php?rest_route=\/wp\/v2\/posts\/49415","targetHints":{"allow":["GET"]}}],"collection":[{"href":"https:\/\/fmamiga909.com.ar\/index.php?rest_route=\/wp\/v2\/posts"}],"about":[{"href":"https:\/\/fmamiga909.com.ar\/index.php?rest_route=\/wp\/v2\/types\/post"}],"author":[{"embeddable":true,"href":"https:\/\/fmamiga909.com.ar\/index.php?rest_route=\/wp\/v2\/users\/3"}],"replies":[{"embeddable":true,"href":"https:\/\/fmamiga909.com.ar\/index.php?rest_route=%2Fwp%2Fv2%2Fcomments&post=49415"}],"version-history":[{"count":0,"href":"https:\/\/fmamiga909.com.ar\/index.php?rest_route=\/wp\/v2\/posts\/49415\/revisions"}],"wp:featuredmedia":[{"embeddable":true,"href":"https:\/\/fmamiga909.com.ar\/index.php?rest_route=\/wp\/v2\/media\/49416"}],"wp:attachment":[{"href":"https:\/\/fmamiga909.com.ar\/index.php?rest_route=%2Fwp%2Fv2%2Fmedia&parent=49415"}],"wp:term":[{"taxonomy":"category","embeddable":true,"href":"https:\/\/fmamiga909.com.ar\/index.php?rest_route=%2Fwp%2Fv2%2Fcategories&post=49415"},{"taxonomy":"post_tag","embeddable":true,"href":"https:\/\/fmamiga909.com.ar\/index.php?rest_route=%2Fwp%2Fv2%2Ftags&post=49415"}],"curies":[{"name":"wp","href":"https:\/\/api.w.org\/{rel}","templated":true}]}}