{"id":49437,"date":"2026-09-02T04:39:52","date_gmt":"2026-09-02T04:39:52","guid":{"rendered":"https:\/\/fmamiga909.com.ar\/?p=49437"},"modified":"2026-09-02T04:39:52","modified_gmt":"2026-09-02T04:39:52","slug":"velez-llego-a-cordoba-firmas-y-ronaldo-martinez-listo-para-ser-titular-vs-boca","status":"publish","type":"post","link":"https:\/\/fmamiga909.com.ar\/?p=49437","title":{"rendered":"V\u00e9lez lleg\u00f3 a C\u00f3rdoba: firmas y Ronaldo Mart\u00ednez listo para ser titular vs. Boca"},"content":{"rendered":"<div id=\"storyBody\">\n<div id=\"element-body-0\" class=\"sc-df222161-0 hNvwjb\">\n<p>Tard\u00f3 un poco m\u00e1s de lo esperado, pero <strong>V\u00e9lez lleg\u00f3 a C\u00f3rdoba<\/strong> y ya <strong>puso la mira en Boca, rival del mi\u00e9rcoles, desde las 21.15, por los octavos de final de la Copa Argentina<\/strong>. La gran novedad tiene nombre y apellido: <strong>Ronaldo Mart\u00ednez, que firm\u00f3 con el club de Liniers hace poco m\u00e1s de 24 horas, se entren\u00f3, viaj\u00f3 y podr\u00eda ser titular ante el Xeneize<\/strong>.<\/p>\n<\/div>\n<div id=\"element-body-1\" class=\"sc-df222161-0 hNvwjb\">\n<p><strong>El vuelo que deb\u00eda llevar a V\u00e9lez desde Buenos Aires a C\u00f3rdoba tuvo una demora de una hora<\/strong>, por lo que llegaron al hotel cerca de las 21. A pesar del traj\u00edn, <strong>los jugadores firmaron y se fotografiaron con algunos hinchas<\/strong> que se acercaron, como por ejemplo la Pe\u00f1a C\u00f3rdoba de V\u00e9lez.<\/p>\n<\/div>\n<div id=\"element-body-2\" class=\"sc-8712cf2e-1 brsVwg\"><figcaption class=\"JWvideoNota_title\">\n<p>El plantel fortinero arrib\u00f3 a la ciudad de C\u00f3rdoba d\u00f3nde enfrentar\u00e1 ma\u00f1ana a Boca por octavos de final de la Copa Argentina. Video: @nicolaroccanarvaez @gonzalosuli<\/p>\n<\/figcaption><\/div>\n<div id=\"element-body-3\" class=\"sc-df222161-0 hNvwjb\">\n<p><strong>Ronaldo Mart\u00ednez es la gran novedad<\/strong> desde todo punto de vista: es <strong>el 9 que tanto necesitaba Barros Schelotto<\/strong> y que hasta <strong>podr\u00eda debutar ya<\/strong>. El paraguayo de 30 a\u00f1os est\u00e1 listo para ir desde el arranque, aunque eso lo determinar\u00e1 el Melli. Primero, cenar, descansar y luego s\u00ed, <strong>un mi\u00e9rcoles clave en el semestre fortinero<\/strong>.<\/p>\n<\/div>\n<div id=\"element-body-4\" class=\"sc-8712cf2e-1 brsVwg\"><figcaption class=\"JWvideoNota_title\">\n<p>El futbolista de V\u00e9lez pos\u00f3 con los hinchas en la llegada del plantel a la concentraci\u00f3n en C\u00f3rdoba. Video: @nicolaroccanarvaez @gonzalosuli<\/p>\n<\/figcaption><\/div>\n<p><h2><strong>El posible 11 de V\u00e9lez<\/strong> para jugar vs. Boca: <strong>dos dudas<\/strong><\/h2>\n<\/p>\n<div id=\"element-body-6\" class=\"sc-df222161-0 hNvwjb\">\n<ul>\n<li>Tom\u00e1s Marchiori; Joaqu\u00edn Garc\u00eda, Tiago Silvero, Emanuel Mammana o Lisandro Magall\u00e1n, El\u00edas G\u00f3mez; Rodrigo Aliendro, Lucas Robertone; Mat\u00edas Pellegrini, Manuel Lanzini; Alex Ver\u00f3n y Dilan Godoy o Ronaldo Mart\u00ednez.<\/li>\n<\/ul>\n<\/div>\n<div class=\"sc-c0843421-0 iNysjD image-embed\" id=\"element-body-7\"><img alt=\"La lista de convocados de V\u00e9lez ante Boca. (@Velez).\" loading=\"lazy\" width=\"720\" height=\"100\" decoding=\"async\" data-nimg=\"1\" style=\"color:transparent\" src=\"https:\/\/fmamiga909.com.ar\/wp-content\/uploads\/2026\/09\/rIM2R_ITi_720x0__1.jpg\"\/><span class=\"epigraphe\">La lista de convocados de V\u00e9lez ante Boca. (@Velez).<\/span><\/div>\n<p><h2>\u00bfA qu\u00e9 hora juegan V\u00e9lez Sarsfield vs. Boca Juniors?<\/h2>\n<\/p>\n<div id=\"element-body-9\" class=\"sc-df222161-0 hNvwjb\">\n<p>El encuentro entre <strong>V\u00e9lez Sarsfield y Boca Juniors<\/strong> se disputar\u00e1 <strong>este mi\u00e9rcoles 2 de septiembre de 2026<\/strong> a las <strong>21:15 (hora de Argentina)<\/strong> en el <strong>Estadio Mario Alberto Kempes de C\u00f3rdoba<\/strong>.<\/p>\n<\/div>\n<div id=\"element-body-10\" class=\"sc-8712cf2e-1 brsVwg\"><figcaption class=\"JWvideoNota_title\">\n<p>Con Guillermo Barros Schelotto a la cabeza, lleg\u00f3 V\u00e9lez a C\u00f3rdoba. Video: @nicolaroccanarvaez @gonzalosuli<\/p>\n<\/figcaption><\/div>\n<p><h2>\u00bfQu\u00e9 canal de TV transmite V\u00e9lez Sarsfield vs. Boca Juniors?<\/h2>\n<\/p>\n<div id=\"element-body-12\" class=\"sc-df222161-0 hNvwjb\">\n<p>El partido entre V\u00e9lez y Boca ser\u00e1 transmitido en vivo para todo el pa\u00eds a trav\u00e9s de la pantalla de TyC Sports. Adem\u00e1s, vas a poder seguir el minuto a minuto por ac\u00e1, en Ol\u00e9.<\/p>\n<\/div>\n<div class=\"sc-c0843421-0 iNysjD image-embed\" id=\"element-body-13\"><img alt=\"Ronaldo Mart\u00ednez, flamante refuerzo de V\u00e9lez. (Prensa V\u00e9lez).\" loading=\"lazy\" width=\"720\" height=\"100\" decoding=\"async\" data-nimg=\"1\" style=\"color:transparent\" src=\"https:\/\/fmamiga909.com.ar\/wp-content\/uploads\/2026\/09\/wVFSiyScg_720x0__1.jpg\"\/><span class=\"epigraphe\">Ronaldo Mart\u00ednez, flamante refuerzo de V\u00e9lez. (Prensa V\u00e9lez).<\/span><\/div>\n<\/div>\n<p><a href=\"https:\/\/www.ole.com.ar\/velez\/velez-llego-cordoba-copa-argentina-vs-boca-ronaldo-martinez-titular-11-guillermo_0_HVrxKnqM19.html\">source<\/a><\/p>\n","protected":false},"excerpt":{"rendered":"<p>Tard\u00f3 un poco m\u00e1s de lo esperado, pero V\u00e9lez lleg\u00f3 a C\u00f3rdoba y ya puso&#8230;<\/p>\n","protected":false},"author":3,"featured_media":49438,"comment_status":"closed","ping_status":"closed","sticky":false,"template":"","format":"standard","meta":{"footnotes":""},"categories":[21],"tags":[],"class_list":["post-49437","post","type-post","status-publish","format-standard","has-post-thumbnail","hentry","category-deportes"],"featured_image_urls":{"full":["https:\/\/fmamiga909.com.ar\/wp-content\/uploads\/2026\/09\/wp-header-logo-27.png",720,960,false],"thumbnail":["https:\/\/fmamiga909.com.ar\/wp-content\/uploads\/2026\/09\/wp-header-logo-27-150x150.png",150,150,true],"medium":["https:\/\/fmamiga909.com.ar\/wp-content\/uploads\/2026\/09\/wp-header-logo-27-225x300.png",225,300,true],"medium_large":["https:\/\/fmamiga909.com.ar\/wp-content\/uploads\/2026\/09\/wp-header-logo-27.png",720,960,false],"large":["https:\/\/fmamiga909.com.ar\/wp-content\/uploads\/2026\/09\/wp-header-logo-27.png",640,853,false],"1536x1536":["https:\/\/fmamiga909.com.ar\/wp-content\/uploads\/2026\/09\/wp-header-logo-27.png",720,960,false],"2048x2048":["https:\/\/fmamiga909.com.ar\/wp-content\/uploads\/2026\/09\/wp-header-logo-27.png",720,960,false],"newsium-slider-full":["https:\/\/fmamiga909.com.ar\/wp-content\/uploads\/2026\/09\/wp-header-logo-27-720x845.png",720,845,true],"newsium-featured":["https:\/\/fmamiga909.com.ar\/wp-content\/uploads\/2026\/09\/wp-header-logo-27.png",720,960,false],"newsium-medium":["https:\/\/fmamiga909.com.ar\/wp-content\/uploads\/2026\/09\/wp-header-logo-27-720x475.png",720,475,true]},"author_info":{"display_name":"Fredy Giuliano","author_link":"https:\/\/fmamiga909.com.ar\/?author=3"},"category_info":"<a href=\"https:\/\/fmamiga909.com.ar\/?cat=21\" rel=\"category\">Deportes<\/a>","tag_info":"Deportes","comment_count":"0","_links":{"self":[{"href":"https:\/\/fmamiga909.com.ar\/index.php?rest_route=\/wp\/v2\/posts\/49437","targetHints":{"allow":["GET"]}}],"collection":[{"href":"https:\/\/fmamiga909.com.ar\/index.php?rest_route=\/wp\/v2\/posts"}],"about":[{"href":"https:\/\/fmamiga909.com.ar\/index.php?rest_route=\/wp\/v2\/types\/post"}],"author":[{"embeddable":true,"href":"https:\/\/fmamiga909.com.ar\/index.php?rest_route=\/wp\/v2\/users\/3"}],"replies":[{"embeddable":true,"href":"https:\/\/fmamiga909.com.ar\/index.php?rest_route=%2Fwp%2Fv2%2Fcomments&post=49437"}],"version-history":[{"count":0,"href":"https:\/\/fmamiga909.com.ar\/index.php?rest_route=\/wp\/v2\/posts\/49437\/revisions"}],"wp:featuredmedia":[{"embeddable":true,"href":"https:\/\/fmamiga909.com.ar\/index.php?rest_route=\/wp\/v2\/media\/49438"}],"wp:attachment":[{"href":"https:\/\/fmamiga909.com.ar\/index.php?rest_route=%2Fwp%2Fv2%2Fmedia&parent=49437"}],"wp:term":[{"taxonomy":"category","embeddable":true,"href":"https:\/\/fmamiga909.com.ar\/index.php?rest_route=%2Fwp%2Fv2%2Fcategories&post=49437"},{"taxonomy":"post_tag","embeddable":true,"href":"https:\/\/fmamiga909.com.ar\/index.php?rest_route=%2Fwp%2Fv2%2Ftags&post=49437"}],"curies":[{"name":"wp","href":"https:\/\/api.w.org\/{rel}","templated":true}]}}