{"id":49443,"date":"2026-09-02T04:46:18","date_gmt":"2026-09-02T04:46:18","guid":{"rendered":"https:\/\/fmamiga909.com.ar\/?p=49443"},"modified":"2026-09-02T04:46:18","modified_gmt":"2026-09-02T04:46:18","slug":"la-insolita-salida-de-gorosito-la-crisis-sin-fin-y-los-entrenadores-que-son-candidatos","status":"publish","type":"post","link":"https:\/\/fmamiga909.com.ar\/?p=49443","title":{"rendered":"La ins\u00f3lita salida de Gorosito, la crisis sin f\u00edn y los entrenadores que son candidatos"},"content":{"rendered":"<div id=\"storyBody\">\n<div id=\"element-body-0\" class=\"sc-df222161-0 hNvwjb\">\n<p>La decisi\u00f3n de ponerle punto final al segundo ciclo de <strong><a href=\"https:\/\/www.ole.com.ar\/tema\/nestor-gorosito.html\" title=\"N\u00e9stor Gorosito\" alt=\"N\u00e9stor Gorosito\" class=\"slug\">N\u00e9stor Gorosito<\/a><\/strong> en <strong><a href=\"https:\/\/www.ole.com.ar\/tema\/san-lorenzo.html\" title=\"San Lorenzo\" alt=\"San Lorenzo\" class=\"slug\">San Lorenzo<\/a><\/strong> <strong>a apenas dos meses de su llegada<\/strong> se tom\u00f3 varias horas antes de esa reuni\u00f3n de este martes en la que los principales directivos y el Departamento de F\u00fatbol se lo comunicaron. O quiz\u00e1, bastante m\u00e1s que horas&#8230;<\/p>\n<\/div>\n<div id=\"element-body-1\" class=\"sc-df222161-0 hNvwjb\">\n<p><strong>Pipo nunca tuvo un consenso total<\/strong>, incluso termin\u00f3 llegando luego de <strong> la inesperada salida de Gustavo \u00c1lvarez<\/strong> horas antes del inicio de la pretemporada y luego de que <strong>estuviera todo cerrado con Iker Muniain, quien no estaba habilitado para dirigir <\/strong> en Argentina. Como si eso fuera poco, <strong>lo que el equipo mostr\u00f3 en cancha no logr\u00f3 convencer a los desconfiados<\/strong>: la <strong>eliminaci\u00f3n de Copa Argentina<\/strong> en el debut fue un golpe duro y hoy, con el diario del lunes, <strong>la derrota en el cl\u00e1sico con Hurac\u00e1n en el Pedro Bidegain despu\u00e9s de 25 a\u00f1os<\/strong>, parece haber sido la pi\u00f1a de KO.<\/p>\n<\/div>\n<div id=\"element-body-2\" class=\"sc-df222161-0 hNvwjb\">\n<p>Como para meterle m\u00e1s pimienta a esa relaci\u00f3n, <strong>en su primera conferencia de prensa el entrenador mencion\u00f3 a varios ex dirigentes<\/strong> y pidi\u00f3 expresamente <strong> que Mat\u00edas Lammens y Marcelo Tinelli se acerquen a dar una mano con las necesidades que tiene el club<\/strong>, algo que <strong>no cay\u00f3 para nada bien en la CD<\/strong>. El flamante presidente, <strong>Marcelo Culotta, tan solo unas horas m\u00e1s tarde lo cruz\u00f3<\/strong> medi\u00e1ticamente. <strong>\u201cNos hizo ruido a todos\u201d<\/strong>, solt\u00f3 el pope azulgrana en una charla con Agust\u00edn Muzzupappa.<\/p>\n<\/div>\n<div id=\"element-body-3\" class=\"sc-df222161-0 hNvwjb\">\n<p>La frase de Pipo qued\u00f3 retumbando, a tal punto que hace unos d\u00edas <strong>el intendente, Pedro Cr\u00edscolo<\/strong>, la revivi\u00f3 dejando entrever el poco feeling con el det\u00e9. <strong>\u201cSi alguien piensa llamar al \u201ccabezon\u201d podr\u00eda arrancar por pedirle que \u201cayude\u201d con los 4.7M de dolares que necesitamos para limpiar la mugre que dej\u00f3<\/strong> y as\u00ed evitar que nos rematen la sede de Avenida la Plata\u201d, escribi\u00f3 en su cuenta de X en referencia a la demanda de Ignacio Piatti.<\/p>\n<\/div>\n<div id=\"element-body-4\" class=\"sc-df222161-0 hNvwjb\">\n<p>Toda <strong>esa relaci\u00f3n claramente desgastada implosion\u00f3 en la noche del lunes<\/strong>. Es que <strong>el 0-1 ante Instituto gener\u00f3 una decisi\u00f3n casi un\u00e1nime entre los directivos<\/strong> que ni siquiera discrimin\u00f3 entre los que acompa\u00f1aron al plantel en Alta C\u00f3rdoba y los que se quedaron en Buenos Aires. <strong> Aunque nadie lo confirm\u00f3 hasta el mediod\u00eda de ayer, cada minuto que pasaba daba la sensaci\u00f3n de que Gorosito estaba un paso m\u00e1s cerca de la salida.<\/strong><\/p>\n<\/div>\n<div id=\"element-body-5\" class=\"sc-df222161-0 hNvwjb\">\n<p>Incluso, <strong>durante la madrugada se decidi\u00f3 modificar el horario de la pr\u00e1ctica<\/strong>, que estaba previsto para las 11 AM (el Cicl\u00f3n viaj\u00f3 apenas termin\u00f3 el partido) y se coordin\u00f3 una reuni\u00f3n con el entrenador a las 14.30, una hora de que llegara el plantel. Ah\u00ed, en la Ciudad Deportiva, <strong>le comunicaron la decisi\u00f3n que ya estaba tomada hac\u00eda rato y que ya era totalmente irreversible<\/strong>. El ciclo l <strong>leg\u00f3 a su fin con apenas dos semanas de pretemporada, un amistoso y ocho partidos por los porotos<\/strong>, cosechando una derrota por penales con Riestra que sac\u00f3 a los de Boedo de Copa Argentina, siete puntos en el torneo que lo ubican en la pen\u00faltima posici\u00f3n de la Zona A y la dur\u00edsima ca\u00edda en el derby que hasta gener\u00f3 una visita de la barrabrava. <strong>El entrenamiento estuvo a cargo de Walter Perazzo.<\/strong><\/p>\n<\/div>\n<div id=\"element-body-6\" class=\"sc-df222161-0 hNvwjb\">\n<p><strong>Lo que queda por delante para Culotta <\/strong> y su gobierno en lo inmediato es <strong>la contrataci\u00f3n de un nuevo entrenador pero en realidad es mucho m\u00e1s que eso<\/strong>. Lleva apenas <strong> tres meses al frente del club y le queda m\u00e1s de un a\u00f1o de gobierno<\/strong>, pero <strong> los primeros pasos se le est\u00e1n haciendo m\u00e1s que complicados<\/strong>, al menos en lo que a lo futbol\u00edstico refiere.<\/p>\n<\/div>\n<div id=\"element-body-7\" class=\"sc-df222161-0 hNvwjb\">\n<p>Est\u00e1 claro que la situaci\u00f3n del Cicl\u00f3n no es la mejor, <strong> est\u00e1 saliendo de una crisis institucional<\/strong> que estall\u00f3 con la salida de Moretti por acefal\u00eda y una comisi\u00f3n transitoria hasta las elecciones, mientras <strong>arrastra un largo tiempo de vacas flacas y deudas por doquier<\/strong>, algo que el propio presidente expuso en un informe que public\u00f3 el club, pero <strong> la pelotita es el \u00edtem principal que mueve los \u00e1nimos<\/strong>, los hinchas ya vienen expresando su fastidio y <strong>la necesidad de resultados es imperiosa<\/strong>. \u00bfLa salida de Pipo podr\u00e1 ser el despegue? <\/p>\n<\/div>\n<p><h2><strong>Los candidatos a reemplazar a Pipo<\/strong><\/h2>\n<\/p>\n<div id=\"element-body-9\" class=\"sc-df222161-0 hNvwjb\">\n<p>Como pasa habitualmente, la salida de N\u00e9stor <strong>Gorosito todav\u00eda no era oficial y los nombres de posibles candidatos ya sonaban<\/strong>. Un poco por el apuro natural de los medios, otro poco por los ofrecimientos de los representantes y tambi\u00e9n por la necesidad de los dirigentes de resolver con celeridad sobre una decisi\u00f3n que estaba tomada pero no comunicada.<\/p>\n<\/div>\n<div id=\"element-body-10\" class=\"sc-df222161-0 hNvwjb\">\n<p>Claro, <strong>los primeros apellidos que aparecieron en el radar de Boedo fueron los de tipos de la casa<\/strong> y con pasado reciente por el banco cuervo: <strong>Ruben Dar\u00edo Insua<\/strong> y <strong>Leandro Romagnoli<\/strong>. Adem\u00e1s, comenzaron a evaluarse nombres de entrenadores que advirtieron que estaban dispuestos a asumir en este dif\u00edcil momento del Cicl\u00f3n.<\/p>\n<\/div>\n<div id=\"element-body-11\" class=\"sc-df222161-0 hNvwjb\">\n<p>\u00bfQui\u00e9nes? El uruguayo <strong>Alfredo Arias<\/strong>, que viene de dejar su cargo en Junior de Barranquilla; <strong>Sebasti\u00e1n M\u00e9ndez<\/strong> que hace un tiempo estuvo en Juventud de Las Piedras del f\u00fatbol charr\u00faa, <strong>Carlos Tevez<\/strong> (este a\u00f1o dej\u00f3 Talleres), <strong>Leandro Cufr\u00e9<\/strong>, quien en el \u00faltimo tiempo fue ayudante de Pekerman y del Bocha Batista en Venezuela y <strong>la dupla Orsi &#8211; G\u00f3mez<\/strong>, quienes luego de ser campeones con Platense estuvieron apenas seis partidos en Newell\u2019s a principios de este a\u00f1o y a\u00fan no volvieron a dirigir.<\/p>\n<\/div>\n<div id=\"element-body-12\" class=\"sc-df222161-0 hNvwjb\">\n<p>L\u00f3gicamente, <strong> internamente hay debate <\/strong> entre los directivos y el Departamento de F\u00fatbol que encabeza Guillermo Franco. Aunque hay diferentes posturas, voces fuertes de la mesa chica le confirmaron a <strong>Ol\u00e9 <\/strong> que <strong>conf\u00edan en llegar a una decisi\u00f3n final en el transcurso del d\u00eda de este mi\u00e9rcoles <\/strong> para poder cerrarlo y que asuma en breve. Claro, hay partidos picantes por delante: <strong>el s\u00e1bado Talleres y despu\u00e9s se vienen dos cl\u00e1sicos: visitante ante Independiente y de local ante Boca.<\/strong><\/p>\n<\/div>\n<div id=\"element-body-13\" class=\"sc-df222161-0 hNvwjb\">\n<p>\u00bfQu\u00e9 pasar\u00e1? Dif\u00edcil saberlo, pero lo cierto es que <strong>el nombre del Gallego Insua parece pesar en varios<\/strong>, mientras que <strong>algunos por lo bajo ven con buenos ojos a la dupla Orsi &#8211; G\u00f3mez<\/strong> y hay <strong>perfiles como el de Cufr\u00e9 y el Gallego M\u00e9ndez que algunos no se animan a descartar<\/strong>. Al parecer, las pr\u00f3ximas horas ser\u00e1n clave mientras que <strong>en Aldosivi suena con fuerza Pipo para ser el reemplazante de Damonte.<\/strong><\/p>\n<\/div>\n<div id=\"element-body-14\" class=\"sc-a7166897-0 eTTZWU\"><a href=\"https:\/\/www.ole.com.ar\/futbol-primera\/afa-darioherrera-nicolasramirez-river-facundotello_0_KyixcGSeCP.html\" aria-label=\"\u00c1rbitros de la octava: algunas designaciones pol\u00e9micas\" class=\"sc-d4f573e5-0 bUEDsN\"\/><\/p>\n<section><picture><img alt=\"\u00c1rbitros de la octava: algunas designaciones pol\u00e9micas\" loading=\"lazy\" width=\"290\" height=\"290\" decoding=\"async\" data-nimg=\"1\" style=\"color:transparent\" src=\"https:\/\/fmamiga909.com.ar\/wp-content\/uploads\/2026\/09\/1788324377_140_HJ5y9dHwl_290x290__1.jpg\"\/><\/picture>\n<p><span>Mir\u00e1 tambi\u00e9n<\/span><\/p>\n<hr\/>\n<h3>\u00c1rbitros de la octava: algunas designaciones pol\u00e9micas<\/h3>\n<\/p>\n<\/section>\n<\/div>\n<div id=\"element-body-15\" class=\"sc-a7166897-0 eTTZWU\"><a href=\"https:\/\/www.ole.com.ar\/san-lorenzo\/san-lorenzo-tecnicos-meses_0_LV9CeYlRYB.html\" aria-label=\"El incre\u00edble caso San Lorenzo: cuatro t\u00e9cnicos en tres meses\" class=\"sc-d4f573e5-0 bUEDsN\"\/><\/p>\n<section><picture><img alt=\"El incre\u00edble caso San Lorenzo: cuatro t\u00e9cnicos en tres meses\" loading=\"lazy\" width=\"290\" height=\"290\" decoding=\"async\" data-nimg=\"1\" style=\"color:transparent\" src=\"https:\/\/fmamiga909.com.ar\/wp-content\/uploads\/2026\/09\/t-zq4Dvd1_290x290__1.jpg\"\/><\/picture>\n<p><span>Mir\u00e1 tambi\u00e9n<\/span><\/p>\n<hr\/>\n<h3>El incre\u00edble caso San Lorenzo: cuatro t\u00e9cnicos en tres meses<\/h3>\n<\/p>\n<\/section>\n<\/div>\n<div id=\"element-body-16\" class=\"sc-a7166897-0 eTTZWU\"><a href=\"https:\/\/www.ole.com.ar\/futbol-primera\/tecnicos-despedidos-renuncias-2026-primera-futbol-argentino_0_puRqegvNRP.html\" aria-label=\"Los t\u00e9cnicos de la Liga Profesional que renunciaron o fueron despedidos en lo que va de 2026\" class=\"sc-d4f573e5-0 bUEDsN\"\/><\/p>\n<section><picture><img alt=\"Los t\u00e9cnicos de la Liga Profesional que renunciaron o fueron despedidos en lo que va de 2026\" loading=\"lazy\" width=\"290\" height=\"290\" decoding=\"async\" data-nimg=\"1\" style=\"color:transparent\" src=\"https:\/\/fmamiga909.com.ar\/wp-content\/uploads\/2026\/09\/XP-Wbm9lK_290x290__1.jpg\"\/><\/picture>\n<p><span>Mir\u00e1 tambi\u00e9n<\/span><\/p>\n<hr\/>\n<h3>Los t\u00e9cnicos de la Liga Profesional que renunciaron o fueron despedidos en lo que va de 2026<\/h3>\n<\/p>\n<\/section>\n<\/div>\n<div id=\"element-body-17\" class=\"sc-a7166897-0 eTTZWU\"><a href=\"https:\/\/www.ole.com.ar\/san-lorenzo\/gorosito-san-lorenzo-continidad-reunion-dirigentes_0_wHAXbyBZTa.html\" aria-label=\"No va m\u00e1s: Gorosito dej\u00f3 de ser el DT de San Lorenzo\" class=\"sc-d4f573e5-0 bUEDsN\"\/><\/p>\n<section><picture><img alt=\"No va m\u00e1s: Gorosito dej\u00f3 de ser el DT de San Lorenzo\" loading=\"lazy\" width=\"290\" height=\"290\" decoding=\"async\" data-nimg=\"1\" style=\"color:transparent\" src=\"https:\/\/fmamiga909.com.ar\/wp-content\/uploads\/2026\/09\/jpItG37xS_290x290__1.jpg\"\/><\/picture>\n<p><span>Mir\u00e1 tambi\u00e9n<\/span><\/p>\n<hr\/>\n<h3>No va m\u00e1s: Gorosito dej\u00f3 de ser el DT de San Lorenzo<\/h3>\n<\/p>\n<\/section>\n<\/div>\n<\/div>\n<p><a href=\"https:\/\/www.ole.com.ar\/san-lorenzo\/san-lorenzo-gorosito-fin-ciclo-expulsado_0_7g9N2jvhXR.html\">source<\/a><\/p>\n","protected":false},"excerpt":{"rendered":"<p>La decisi\u00f3n de ponerle punto final al segundo ciclo de N\u00e9stor Gorosito en San Lorenzo&#8230;<\/p>\n","protected":false},"author":3,"featured_media":49444,"comment_status":"closed","ping_status":"closed","sticky":false,"template":"","format":"standard","meta":{"footnotes":""},"categories":[21],"tags":[],"class_list":["post-49443","post","type-post","status-publish","format-standard","has-post-thumbnail","hentry","category-deportes"],"featured_image_urls":{"full":["https:\/\/fmamiga909.com.ar\/wp-content\/uploads\/2026\/09\/wp-header-logo-28.png",290,290,false],"thumbnail":["https:\/\/fmamiga909.com.ar\/wp-content\/uploads\/2026\/09\/wp-header-logo-28-150x150.png",150,150,true],"medium":["https:\/\/fmamiga909.com.ar\/wp-content\/uploads\/2026\/09\/wp-header-logo-28.png",290,290,false],"medium_large":["https:\/\/fmamiga909.com.ar\/wp-content\/uploads\/2026\/09\/wp-header-logo-28.png",290,290,false],"large":["https:\/\/fmamiga909.com.ar\/wp-content\/uploads\/2026\/09\/wp-header-logo-28.png",290,290,false],"1536x1536":["https:\/\/fmamiga909.com.ar\/wp-content\/uploads\/2026\/09\/wp-header-logo-28.png",290,290,false],"2048x2048":["https:\/\/fmamiga909.com.ar\/wp-content\/uploads\/2026\/09\/wp-header-logo-28.png",290,290,false],"newsium-slider-full":["https:\/\/fmamiga909.com.ar\/wp-content\/uploads\/2026\/09\/wp-header-logo-28.png",290,290,false],"newsium-featured":["https:\/\/fmamiga909.com.ar\/wp-content\/uploads\/2026\/09\/wp-header-logo-28.png",290,290,false],"newsium-medium":["https:\/\/fmamiga909.com.ar\/wp-content\/uploads\/2026\/09\/wp-header-logo-28.png",290,290,false]},"author_info":{"display_name":"Fredy Giuliano","author_link":"https:\/\/fmamiga909.com.ar\/?author=3"},"category_info":"<a href=\"https:\/\/fmamiga909.com.ar\/?cat=21\" rel=\"category\">Deportes<\/a>","tag_info":"Deportes","comment_count":"0","_links":{"self":[{"href":"https:\/\/fmamiga909.com.ar\/index.php?rest_route=\/wp\/v2\/posts\/49443","targetHints":{"allow":["GET"]}}],"collection":[{"href":"https:\/\/fmamiga909.com.ar\/index.php?rest_route=\/wp\/v2\/posts"}],"about":[{"href":"https:\/\/fmamiga909.com.ar\/index.php?rest_route=\/wp\/v2\/types\/post"}],"author":[{"embeddable":true,"href":"https:\/\/fmamiga909.com.ar\/index.php?rest_route=\/wp\/v2\/users\/3"}],"replies":[{"embeddable":true,"href":"https:\/\/fmamiga909.com.ar\/index.php?rest_route=%2Fwp%2Fv2%2Fcomments&post=49443"}],"version-history":[{"count":0,"href":"https:\/\/fmamiga909.com.ar\/index.php?rest_route=\/wp\/v2\/posts\/49443\/revisions"}],"wp:featuredmedia":[{"embeddable":true,"href":"https:\/\/fmamiga909.com.ar\/index.php?rest_route=\/wp\/v2\/media\/49444"}],"wp:attachment":[{"href":"https:\/\/fmamiga909.com.ar\/index.php?rest_route=%2Fwp%2Fv2%2Fmedia&parent=49443"}],"wp:term":[{"taxonomy":"category","embeddable":true,"href":"https:\/\/fmamiga909.com.ar\/index.php?rest_route=%2Fwp%2Fv2%2Fcategories&post=49443"},{"taxonomy":"post_tag","embeddable":true,"href":"https:\/\/fmamiga909.com.ar\/index.php?rest_route=%2Fwp%2Fv2%2Ftags&post=49443"}],"curies":[{"name":"wp","href":"https:\/\/api.w.org\/{rel}","templated":true}]}}