{"id":49454,"date":"2026-09-02T16:15:23","date_gmt":"2026-09-02T16:15:23","guid":{"rendered":"https:\/\/fmamiga909.com.ar\/?p=49454"},"modified":"2026-09-02T16:15:23","modified_gmt":"2026-09-02T16:15:23","slug":"el-banderazo-de-newells-cumple-30-anos-en-la-previa-del-clasico-rosarino-cuando-y-como-sera","status":"publish","type":"post","link":"https:\/\/fmamiga909.com.ar\/?p=49454","title":{"rendered":"El banderazo de Newell&#039;s cumple 30 a\u00f1os en la previa del cl\u00e1sico rosarino: cu\u00e1ndo y c\u00f3mo ser\u00e1"},"content":{"rendered":"<div id=\"storyBody\">\n<div id=\"element-body-0\" class=\"sc-df222161-0 hNvwjb\">\n<p><strong><a href=\"https:\/\/www.ole.com.ar\/tema\/newell-s.html\" title=\"Newell's\" alt=\"Newell's\" class=\"slug\">Newell&#8217;s<\/a><\/strong> se prepara para una jornada especial antes de uno de los partidos m\u00e1s esperados del a\u00f1o. Este jueves 3 de septiembre, el pueblo leproso volver\u00e1 a reunirse en el Coloso Marcelo Bielsa para <strong>celebrar los 30 a\u00f1os del tradicional banderazo<\/strong>, una costumbre que se convirti\u00f3 en una de las principales muestras de apoyo de los hinchas hacia el plantel antes del cl\u00e1sico rosarino.<\/p>\n<\/div>\n<div id=\"element-body-1\" class=\"sc-df222161-0 hNvwjb\">\n<p>La actividad se realizar\u00e1 tres d\u00edas antes del <strong>duelo frente a <a href=\"https:\/\/www.ole.com.ar\/tema\/rosario-central.html\" title=\"Rosario Central\" alt=\"Rosario Central\" class=\"slug\">Rosario Central<\/a>, que tendr\u00e1 lugar este domingo desde las 14:45<\/strong> en el Gigante de Arroyito. Como sucede habitualmente en la previa de este tipo de encuentros, los simpatizantes tendr\u00e1n la posibilidad de acercarse al estadio Marcelo Bielsa para acompa\u00f1ar a los futbolistas y transmitirles su respaldo antes de un partido cargado de historia y rivalidad.<\/p>\n<\/div>\n<div class=\"sc-c0843421-0 iNysjD image-embed\" id=\"element-body-2\"><img alt=\"El cl\u00e1sico banderazo.(Foto: Juan Jos\u00e9 Garc\u00eda) &#10;\" loading=\"lazy\" width=\"720\" height=\"100\" decoding=\"async\" data-nimg=\"1\" style=\"color:transparent\" src=\"https:\/\/fmamiga909.com.ar\/wp-content\/uploads\/2026\/09\/TMpCnr9TX_720x0__1.jpg\"\/><span class=\"epigraphe\">El cl\u00e1sico banderazo.(Foto: Juan Jos\u00e9 Garc\u00eda)<br \/>\n<\/span><\/div>\n<p><h2><strong>Cu\u00e1ndo y d\u00f3nde ser\u00e1 el banderazo <\/strong><\/h2>\n<\/p>\n<div id=\"element-body-4\" class=\"sc-df222161-0 hNvwjb\">\n<p><strong>El club confirm\u00f3 que las puertas del Coloso estar\u00e1n abiertas desde las 17, mientras que el momento principal del Banderazo comenzar\u00e1 a las 18<\/strong>. La convocatoria ser\u00e1 abierta tanto para socios y socias como para aquellos hinchas que no est\u00e9n asociados a la instituci\u00f3n.<\/p>\n<\/div>\n<div id=\"element-body-5\" class=\"sc-df222161-0 hNvwjb\">\n<p>Desde Newell&#8217;s recomendaron llegar con tiempo para evitar inconvenientes en los accesos y agilizar el ingreso al estadio. Adem\u00e1s, el club permanecer\u00e1 cerrado desde las 16 y retomar\u00e1 su funcionamiento habitual una vez finalizada la actividad.<\/p>\n<\/div>\n<div>\n<blockquote class=\"twitter-tweet\">\n<p lang=\"es\" dir=\"ltr\">Banderazo leproso \ud83d\udea9\ud83c\udff4<\/p>\n<p>Este jueves nos volvemos a encontrar en el Coloso para una nueva edici\u00f3n del Banderazo, a 30 a\u00f1os del inicio de este cl\u00e1sico ritual.<\/p>\n<p>\u23f1\ufe0f Apertura de puertas: 17 h<br \/>\ud83d\udccc Inicio del Banderazo: 18 h<br \/>\ud83c\udfdf\ufe0f Tribunas habilitadas: Popular Lionel Messi (Palomar) y\u2026 <a href=\"https:\/\/t.co\/gBsZOjzDWo\">pic.twitter.com\/gBsZOjzDWo<\/a><\/p>\n<p>\u2014 Newell\u2019s Old Boys (@Newells) <a href=\"https:\/\/x.com\/Newells\/status\/2094888830855966803?ref_src=twsrc%5Etfw\">September 1, 2026<\/a><\/p><\/blockquote>\n<\/div>\n<div id=\"element-body-7\" class=\"sc-df222161-0 hNvwjb\">\n<p>Esta edici\u00f3n tendr\u00e1 una modificaci\u00f3n respecto de a\u00f1os anteriores. <strong> La Tribuna Diego Armando Maradona, ubicada sobre el sector del Hip\u00f3dromo, no estar\u00e1 habilitada para el evento<\/strong>. La decisi\u00f3n est\u00e1 vinculada con la organizaci\u00f3n de los XIII Juegos Suramericanos Santa Fe 2026, que requiere utilizar diferentes instalaciones de la instituci\u00f3n.<\/p>\n<\/div>\n<div id=\"element-body-8\" class=\"sc-df222161-0 hNvwjb\">\n<p>Ante esta situaci\u00f3n, los hinchas que participen del encuentro tendr\u00e1n otros sectores disponibles. La Popular Lionel Messi, conocida como Palomar, podr\u00e1 ser utilizada a trav\u00e9s de los accesos correspondientes a las puertas 7A y 7B. Tambi\u00e9n estar\u00e1 habilitada la Platea Este, ubicada en el sector del Museo, con ingreso por la puerta 1C.<\/p>\n<\/div>\n<p><h2><strong>El operativo de seguridad para la jornada<\/strong><\/h2>\n<\/p>\n<div id=\"element-body-10\" class=\"sc-df222161-0 hNvwjb\">\n<p>Por la cantidad de personas que se espera que concurran, el Gobierno de Santa Fe diagram\u00f3 un operativo especial para acompa\u00f1ar la actividad y organizar los alrededores del estadio.<\/p>\n<\/div>\n<div id=\"element-body-11\" class=\"sc-df222161-0 hNvwjb\">\n<p>Gustavo Vel\u00e1zquez, coordinador de Seguridad Deportiva y Eventos Masivos de Santa Fe, inform\u00f3 que <strong>alrededor de 140 efectivos policiales estar\u00e1n destinados al operativo<\/strong>. El objetivo ser\u00e1 garantizar el normal desarrollo de la jornada, ordenar los ingresos y prevenir inconvenientes durante la concentraci\u00f3n de los hinchas.<\/p>\n<\/div>\n<div class=\"sc-c0843421-0 iNysjD image-embed\" id=\"element-body-12\"><img alt=\"El operativo de seguridad se prepara para el banderado. (Foto: Juan Jos\u00e9 Garc\u00eda) &#10;\" loading=\"lazy\" width=\"720\" height=\"100\" decoding=\"async\" data-nimg=\"1\" style=\"color:transparent\" src=\"https:\/\/fmamiga909.com.ar\/wp-content\/uploads\/2026\/09\/9o912mxM8_720x0__1.jpg\"\/><span class=\"epigraphe\">El operativo de seguridad se prepara para el banderado. (Foto: Juan Jos\u00e9 Garc\u00eda)<br \/>\n<\/span><\/div>\n<div id=\"element-body-13\" class=\"sc-df222161-0 hNvwjb\">\n<p>La convocatoria tendr\u00e1 lugar apenas tres d\u00edas antes del cl\u00e1sico frente a Central, por lo que tambi\u00e9n servir\u00e1 como uno de los \u00faltimos encuentros entre el plantel y los simpatizantes antes del partido. Para los hinchas de Newell\u2019s, adem\u00e1s, ser\u00e1 una jornada especial por tratarse de la celebraci\u00f3n de las tres d\u00e9cadas de una tradici\u00f3n que ya forma parte de la identidad del club.<\/p>\n<\/div>\n<div class=\"sc-c0843421-0 iNysjD image-embed\" id=\"element-body-14\"><img alt=\"Newell's se prepara para el cl\u00e1sico. (Foto: Juan Jos\u00e9 Garc\u00eda) &#10;\" loading=\"lazy\" width=\"720\" height=\"100\" decoding=\"async\" data-nimg=\"1\" style=\"color:transparent\" src=\"https:\/\/fmamiga909.com.ar\/wp-content\/uploads\/2026\/09\/BmAxBJPU__720x0__1.jpg\"\/><span class=\"epigraphe\">Newell&#8217;s se prepara para el cl\u00e1sico. (Foto: Juan Jos\u00e9 Garc\u00eda)<br \/>\n<\/span><\/div>\n<div id=\"element-body-15\" class=\"sc-a7166897-0 eTTZWU\"><a href=\"https:\/\/www.ole.com.ar\/newells-old-boys\/frankdariokudelka-newells-rosariocentral-clasicorosarino-gigantedearroyito-angeldimaria_0_6D3wP9gys7.html\" aria-label=\"Kudelka, entre el valioso empate en La Plata y un cl\u00e1sico de Rosario que puede marcar el rumbo de Newell's\" class=\"sc-d4f573e5-0 bUEDsN\"\/><\/p>\n<section><picture><img alt=\"Kudelka, entre el valioso empate en La Plata y un cl\u00e1sico de Rosario que puede marcar el rumbo de Newell's\" loading=\"lazy\" width=\"290\" height=\"290\" decoding=\"async\" data-nimg=\"1\" style=\"color:transparent\" src=\"https:\/\/fmamiga909.com.ar\/wp-content\/uploads\/2026\/09\/iYm8pXdXr_290x290__1.jpg\"\/><\/picture>\n<p><span>Mir\u00e1 tambi\u00e9n<\/span><\/p>\n<hr\/>\n<h3>Kudelka, entre el valioso empate en La Plata y un cl\u00e1sico de Rosario que puede marcar el rumbo de Newell&#8217;s<\/h3>\n<\/p>\n<\/section>\n<\/div>\n<div id=\"element-body-16\" class=\"sc-a7166897-0 eTTZWU\"><a href=\"https:\/\/www.ole.com.ar\/messi\/despedida-liones-messi-seleccion-argentina-homenajes-estudiantes-defensa-justicia-liga-profesional-clausura_0_RpUch0WjbQ.html\" aria-label=\"Messi se despidi\u00f3 de la Selecci\u00f3n Argentina: \u00bfc\u00f3mo fueron los homenajes en los partidos de la Liga Profesional?\" class=\"sc-d4f573e5-0 bUEDsN\"\/><\/p>\n<section><picture><img alt=\"Messi se despidi\u00f3 de la Selecci\u00f3n Argentina: \u00bfc\u00f3mo fueron los homenajes en los partidos de la Liga Profesional?\" loading=\"lazy\" width=\"290\" height=\"290\" decoding=\"async\" data-nimg=\"1\" style=\"color:transparent\" src=\"https:\/\/fmamiga909.com.ar\/wp-content\/uploads\/2026\/09\/1788365723_729_aZXI-RH08_290x290__1.jpg\"\/><\/picture>\n<p><span>Mir\u00e1 tambi\u00e9n<\/span><\/p>\n<hr\/>\n<h3>Messi se despidi\u00f3 de la Selecci\u00f3n Argentina: \u00bfc\u00f3mo fueron los homenajes en los partidos de la Liga Profesional?<\/h3>\n<\/p>\n<\/section>\n<\/div>\n<div id=\"element-body-17\" class=\"sc-a7166897-0 eTTZWU\"><a href=\"https:\/\/www.ole.com.ar\/futbol-primera\/torneo-clausura-tablas-posiciones-resultados-fecha-7-playoffs-instituto-argentinos-lideres-zonas_0_7HuyzpEaXC.html\" aria-label=\"La fecha 7 del Clausura: los resultados y posiciones, con Instituto y Argentinos como l\u00edderes de cada zona\" class=\"sc-d4f573e5-0 bUEDsN\"\/><\/p>\n<section><picture><img alt=\"La fecha 7 del Clausura: los resultados y posiciones, con Instituto y Argentinos como l\u00edderes de cada zona\" loading=\"lazy\" width=\"290\" height=\"290\" decoding=\"async\" data-nimg=\"1\" style=\"color:transparent\" src=\"https:\/\/fmamiga909.com.ar\/wp-content\/uploads\/2026\/09\/HpgmKv43A_290x290__1.jpg\"\/><\/picture>\n<p><span>Mir\u00e1 tambi\u00e9n<\/span><\/p>\n<hr\/>\n<h3>La fecha 7 del Clausura: los resultados y posiciones, con Instituto y Argentinos como l\u00edderes de cada zona<\/h3>\n<\/p>\n<\/section>\n<\/div>\n<\/div>\n<p><script async src=\"\/\/platform.twitter.com\/widgets.js\" charset=\"utf-8\"><\/script><br \/><a href=\"https:\/\/www.ole.com.ar\/newells-old-boys\/newells-banderazo-aniversario-treinta-anos-previa-clasico-rosario-central_0_CVot4RtlHz.html\">source<\/a><\/p>\n","protected":false},"excerpt":{"rendered":"<p>Newell&#8217;s se prepara para una jornada especial antes de uno de los partidos m\u00e1s esperados&#8230;<\/p>\n","protected":false},"author":3,"featured_media":49455,"comment_status":"closed","ping_status":"closed","sticky":false,"template":"","format":"standard","meta":{"footnotes":""},"categories":[21],"tags":[],"class_list":["post-49454","post","type-post","status-publish","format-standard","has-post-thumbnail","hentry","category-deportes"],"featured_image_urls":{"full":["https:\/\/fmamiga909.com.ar\/wp-content\/uploads\/2026\/09\/wp-header-logo-30.png",720,480,false],"thumbnail":["https:\/\/fmamiga909.com.ar\/wp-content\/uploads\/2026\/09\/wp-header-logo-30-150x150.png",150,150,true],"medium":["https:\/\/fmamiga909.com.ar\/wp-content\/uploads\/2026\/09\/wp-header-logo-30-300x200.png",300,200,true],"medium_large":["https:\/\/fmamiga909.com.ar\/wp-content\/uploads\/2026\/09\/wp-header-logo-30.png",720,480,false],"large":["https:\/\/fmamiga909.com.ar\/wp-content\/uploads\/2026\/09\/wp-header-logo-30.png",640,427,false],"1536x1536":["https:\/\/fmamiga909.com.ar\/wp-content\/uploads\/2026\/09\/wp-header-logo-30.png",720,480,false],"2048x2048":["https:\/\/fmamiga909.com.ar\/wp-content\/uploads\/2026\/09\/wp-header-logo-30.png",720,480,false],"newsium-slider-full":["https:\/\/fmamiga909.com.ar\/wp-content\/uploads\/2026\/09\/wp-header-logo-30.png",720,480,false],"newsium-featured":["https:\/\/fmamiga909.com.ar\/wp-content\/uploads\/2026\/09\/wp-header-logo-30.png",720,480,false],"newsium-medium":["https:\/\/fmamiga909.com.ar\/wp-content\/uploads\/2026\/09\/wp-header-logo-30-720x475.png",720,475,true]},"author_info":{"display_name":"Fredy Giuliano","author_link":"https:\/\/fmamiga909.com.ar\/?author=3"},"category_info":"<a href=\"https:\/\/fmamiga909.com.ar\/?cat=21\" rel=\"category\">Deportes<\/a>","tag_info":"Deportes","comment_count":"0","_links":{"self":[{"href":"https:\/\/fmamiga909.com.ar\/index.php?rest_route=\/wp\/v2\/posts\/49454","targetHints":{"allow":["GET"]}}],"collection":[{"href":"https:\/\/fmamiga909.com.ar\/index.php?rest_route=\/wp\/v2\/posts"}],"about":[{"href":"https:\/\/fmamiga909.com.ar\/index.php?rest_route=\/wp\/v2\/types\/post"}],"author":[{"embeddable":true,"href":"https:\/\/fmamiga909.com.ar\/index.php?rest_route=\/wp\/v2\/users\/3"}],"replies":[{"embeddable":true,"href":"https:\/\/fmamiga909.com.ar\/index.php?rest_route=%2Fwp%2Fv2%2Fcomments&post=49454"}],"version-history":[{"count":0,"href":"https:\/\/fmamiga909.com.ar\/index.php?rest_route=\/wp\/v2\/posts\/49454\/revisions"}],"wp:featuredmedia":[{"embeddable":true,"href":"https:\/\/fmamiga909.com.ar\/index.php?rest_route=\/wp\/v2\/media\/49455"}],"wp:attachment":[{"href":"https:\/\/fmamiga909.com.ar\/index.php?rest_route=%2Fwp%2Fv2%2Fmedia&parent=49454"}],"wp:term":[{"taxonomy":"category","embeddable":true,"href":"https:\/\/fmamiga909.com.ar\/index.php?rest_route=%2Fwp%2Fv2%2Fcategories&post=49454"},{"taxonomy":"post_tag","embeddable":true,"href":"https:\/\/fmamiga909.com.ar\/index.php?rest_route=%2Fwp%2Fv2%2Ftags&post=49454"}],"curies":[{"name":"wp","href":"https:\/\/api.w.org\/{rel}","templated":true}]}}