{"id":49465,"date":"2026-09-02T16:18:27","date_gmt":"2026-09-02T16:18:27","guid":{"rendered":"https:\/\/fmamiga909.com.ar\/?p=49465"},"modified":"2026-09-02T16:18:27","modified_gmt":"2026-09-02T16:18:27","slug":"martin-demichelis-del-3-0-con-leipzig-a-los-hinchas-de-river-que-lo-siguen-y-messi-fui-un-privilegiado","status":"publish","type":"post","link":"https:\/\/fmamiga909.com.ar\/?p=49465","title":{"rendered":"Mart\u00edn Demichelis, del 3-0 con Leipzig a los hinchas de River que lo siguen y Messi: \u201cFui un privilegiado\u201d"},"content":{"rendered":"<div id=\"storyBody\">\n<div id=\"element-body-0\" class=\"sc-df222161-0 hNvwjb\">\n<p><strong><a href=\"https:\/\/www.ole.com.ar\/tema\/martin-demichelis.html\" title=\"Martin Demichelis\" alt=\"Martin Demichelis\" class=\"slug\">Mart\u00edn Demichelis<\/a> vivi\u00f3 el comienzo que hab\u00eda so\u00f1ado<\/strong>. En su primer partido como entrenador en la Bundesliga, <strong>Red Bull Leipzig derrot\u00f3 3-0 el s\u00e1bado a Borussia M\u00f6nchengladbach<\/strong>, con goles de Ridle Baku, Antonio Nusa y Rocco Reitz (los primeros, dos golazos). <strong>Fue una presentaci\u00f3n contundente para el argentino<\/strong>, que adem\u00e1s <strong>tendr\u00e1 por delante el desaf\u00edo de jugar la Champions League<\/strong>.<\/p>\n<\/div>\n<div id=\"element-body-1\" class=\"sc-df222161-0 hNvwjb\">\n<p><strong>\u201cFue un d\u00eda muy hermoso porque fue el comienzo de la nueva temporada\u201d<\/strong>, cont\u00f3 Demichelis en una conferencia organizada por RB Leipzig y la Bundesliga, de la que particip\u00f3 <strong>Ol\u00e9<\/strong>. El entrenador, que llevaba seis semanas de trabajo con su nuevo equipo, <strong>reconoci\u00f3 que el estreno incluso super\u00f3 sus expectativas.<\/strong><\/p>\n<\/div>\n<div class=\"sc-c0843421-0 iNysjD image-embed\" id=\"element-body-2\"><img alt=\"Demichelis entrenando al Leipzig.\" loading=\"lazy\" width=\"720\" height=\"100\" decoding=\"async\" data-nimg=\"1\" style=\"color:transparent\" src=\"https:\/\/fmamiga909.com.ar\/wp-content\/uploads\/2026\/09\/5cxOHux9g_720x0__1.jpg\"\/><span class=\"epigraphe\">Demichelis entrenando al Leipzig.<\/span><\/div>\n<div id=\"element-body-3\" class=\"sc-df222161-0 hNvwjb\">\n<p>\u201cCreo que sali\u00f3, como lo dije al finalizar el partido, <strong>mejor que lo so\u00f1ado<\/strong>\u201d, explic\u00f3. Y dej\u00f3 una frase que resume sus sensaciones despu\u00e9s de ese debut: \u201c <strong>Fue un d\u00eda que no voy a olvidar nunca<\/strong>. <strong>Mi primer partido dirigido en la Bundesliga<\/strong>\u201d.<\/p>\n<\/div>\n<div id=\"element-body-4\" class=\"sc-df222161-0 hNvwjb\">\n<p>Pero Micho sabe que <strong>el 3-0 ya qued\u00f3 atr\u00e1s<\/strong>. <strong>\u201cEso no garantiza absolutamente nada porque ya no sirve m\u00e1s lo que pas\u00f3 el fin de semana pasado\u201d<\/strong>, advirti\u00f3. <strong>La mirada est\u00e1 puesta en lo que viene<\/strong> y, especialmente, en una temporada que tendr\u00e1 como uno de sus grandes atractivos <strong>su debut en la Champions<\/strong>.<\/p>\n<\/div>\n<div id=\"element-body-5\" class=\"sc-df222161-0 hNvwjb\">\n<p><strong>Demichelis ya sabe lo que significa dirigir partidos importantes<\/strong> en Sudam\u00e9rica. <strong>En River disput\u00f3 la Copa Libertadores<\/strong>. Ahora <strong>tendr\u00e1 la posibilidad de medirse en Europa con algunos de los mejores clubes, entrenadores y futbolistas del mundo<\/strong>.<\/p>\n<\/div>\n<div class=\"sc-c0843421-0 iNysjD image-embed\" id=\"element-body-6\"><img alt=\"Martin Demichelis celebra con su equipo uno de los goles del 3-0.\" loading=\"lazy\" width=\"720\" height=\"100\" decoding=\"async\" data-nimg=\"1\" style=\"color:transparent\" src=\"https:\/\/fmamiga909.com.ar\/wp-content\/uploads\/2026\/09\/wJFEOu9bi_720x0__1.jpg\"\/><span class=\"epigraphe\">Martin Demichelis celebra con su equipo uno de los goles del 3-0.<\/span><\/div>\n<div id=\"element-body-7\" class=\"sc-df222161-0 hNvwjb\">\n<p>\u201cEs muy movilizante vivirlo ahora, <strong>este torneo que tanto se distingue, que es la Champions<\/strong>, <strong>poder hacer mis primeras experiencias a nivel internacional<\/strong>\u201d, cont\u00f3.<\/p>\n<\/div>\n<div id=\"element-body-8\" class=\"sc-df222161-0 hNvwjb\">\n<p>Y lejos de asumir el papel de favorito, destac\u00f3 <strong>el desaf\u00edo que tendr\u00e1 Leipzig<\/strong>: \u201c <strong>Poder medirnos contra grand\u00edsimos equipos, instituciones, jugadores, entrenadores<\/strong>, sin ser nosotros los favoritos\u201d. Por ejemplo, ante los Manchester City y United, el PSV, el Real Madrid&#8230;<\/p>\n<\/div>\n<div id=\"element-body-9\" class=\"sc-df222161-0 hNvwjb\">\n<p>Tambi\u00e9n habr\u00e1 encuentros especiales. Demichelis mencion\u00f3 a entrenadores que admira, como <strong>Manuel Pellegrini<\/strong> y <strong>Diego Simeone<\/strong>, y habl\u00f3 de la posibilidad de cruzarse con <strong>Jos\u00e9 Mourinho<\/strong> y otros <strong>grandes nombres del f\u00fatbol europeo<\/strong>.<\/p>\n<\/div>\n<div id=\"element-body-10\" class=\"sc-df222161-0 hNvwjb\">\n<p>\u201cCada uno de los partidos ser\u00e1 la previa y el post de grand\u00edsima experiencia. Va a ser una cuesti\u00f3n \u00fanica\u201d, se\u00f1al\u00f3.<\/p>\n<\/div>\n<p><h2><strong>River, una metodolog\u00eda que no cambi\u00f3<\/strong><\/h2>\n<\/p>\n<div id=\"element-body-12\" class=\"sc-df222161-0 hNvwjb\">\n<p>Una de las preguntas de la conferencia apunt\u00f3 directamente a su evoluci\u00f3n: <strong>\u00bfqu\u00e9 cambi\u00f3 desde aquel joven entrenador que comenz\u00f3 en River hasta este Demichelis que ahora dirige en Alemania?<\/strong><\/p>\n<\/div>\n<div id=\"element-body-13\" class=\"sc-df222161-0 hNvwjb\">\n<p><strong>Su respuesta fue contundente<\/strong>: la metodolog\u00eda, pr\u00e1cticamente nada. \u201cSiempre dije que <strong>para ser entrenador primero ten\u00e9s que definir tus principios<\/strong>, despu\u00e9s dentro de tus principios <strong>una metodolog\u00eda que alcance tus principios<\/strong>\u201d, explic\u00f3.<\/p>\n<\/div>\n<div class=\"sc-c0843421-0 iNysjD image-embed\" id=\"element-body-14\"><img alt=\"Demichelis, cuando se despidi\u00f3 de River.\" loading=\"lazy\" width=\"720\" height=\"100\" decoding=\"async\" data-nimg=\"1\" style=\"color:transparent\" src=\"https:\/\/fmamiga909.com.ar\/wp-content\/uploads\/2026\/09\/q-gKFRlx5_720x0__1.jpg\"\/><span class=\"epigraphe\">Demichelis, cuando se despidi\u00f3 de River.<\/span><\/div>\n<div id=\"element-body-15\" class=\"sc-df222161-0 hNvwjb\">\n<p>Y asegur\u00f3 que esa manera de trabajar lo acompa\u00f1\u00f3 desde sus primeros pasos: \u201c <strong>No cambi\u00e9 mi metodolog\u00eda desde que fui entrenador del U19<\/strong>&#8230; <strong>ya us\u00e9 la misma metodolog\u00eda en River<\/strong> y <strong>me fui con la misma metodolog\u00eda a Monterrey, Mallorca y ac\u00e1<\/strong>\u201d.<\/p>\n<\/div>\n<div id=\"element-body-16\" class=\"sc-df222161-0 hNvwjb\">\n<p>Lo que s\u00ed modific\u00f3 con el paso de los a\u00f1os fue su capacidad para adaptarse. \u201cAlgo que <strong>nos tenemos que adaptar nosotros los entrenadores es a lo cultural<\/strong>\u201d, explic\u00f3. Y puso como ejemplo las <strong>diferencias en la manera de comunicar el f\u00fatbol entre Argentina, Espa\u00f1a y Alemania<\/strong>.<\/p>\n<\/div>\n<div id=\"element-body-17\" class=\"sc-df222161-0 hNvwjb\">\n<p>Su aprendizaje, entonces, no pas\u00f3 por abandonar sus ideas sino por entender mejor d\u00f3nde aplicarlas: \u201cMe debo como entrenador a ir <strong>mejorando y sosteniendo mi metodolog\u00eda<\/strong>. Y en cuanto a lo personal, <strong>adaptarme a lo cultural<\/strong> para tratar de estar m\u00e1s cerca de lo certero que de lo equivocado\u201d.<\/p>\n<\/div>\n<p><h2>El cari\u00f1o de los hinchas de River<\/h2>\n<\/p>\n<div id=\"element-body-19\" class=\"sc-df222161-0 hNvwjb\">\n<p>Aunque ahora est\u00e9 a miles de kil\u00f3metros, <strong>Demichelis todav\u00eda siente cerca a River<\/strong>. No s\u00f3lo por su pasado en el club, sino tambi\u00e9n por los mensajes que recibe de los hinchas argentinos.<\/p>\n<\/div>\n<div class=\"sc-c0843421-0 iNysjD image-embed\" id=\"element-body-20\"><img alt=\"Martin Demichelis y el abrazo a su hijo Bastian durante su \u00faltimo partido como DT de River.\" loading=\"lazy\" width=\"720\" height=\"100\" decoding=\"async\" data-nimg=\"1\" style=\"color:transparent\" src=\"https:\/\/fmamiga909.com.ar\/wp-content\/uploads\/2026\/09\/cJ-mLKHSC_720x0__1.jpg\"\/><span class=\"epigraphe\">Martin Demichelis y el abrazo a su hijo Bastian durante su \u00faltimo partido como DT de River.<\/span><\/div>\n<div id=\"element-body-21\" class=\"sc-df222161-0 hNvwjb\">\n<p><strong>\u201cS\u00ed siento el apoyo\u201d<\/strong>, reconoci\u00f3. Y cont\u00f3 que desde que volvi\u00f3 a abrir sus redes sociales empez\u00f3 a percibir especialmente el acompa\u00f1amiento de los hinchas del Millonario.<\/p>\n<\/div>\n<div id=\"element-body-22\" class=\"sc-df222161-0 hNvwjb\">\n<p>Ahora le sucede a \u00e9l desde el otro lado. Hay <strong>hinchas de River que siguen a Leipzig<\/strong>, miran sus partidos y <strong>se alegran cuando a Demichelis le va bien<\/strong>. Y el entrenador entiende que <strong>su recorrido tambi\u00e9n puede servir como puente para otros argentinos<\/strong> que quieran abrirse camino en Europa.<\/p>\n<\/div>\n<div id=\"element-body-23\" class=\"sc-df222161-0 hNvwjb\">\n<p>\u201cOjal\u00e1 est\u00e9 la mayor cantidad de tiempo posible haci\u00e9ndolo bien para abrir puertas\u201d, expres\u00f3.<\/p>\n<\/div>\n<p><h2>Messi, un abrazo y un recuerdo para toda la vida<\/h2>\n<\/p>\n<div id=\"element-body-25\" class=\"sc-df222161-0 hNvwjb\">\n<p>La conversaci\u00f3n tambi\u00e9n tuvo <strong>un momento especial cuando apareci\u00f3 Lionel Messi<\/strong>. Demichelis comparti\u00f3 generaci\u00f3n con el capit\u00e1n argentino como futbolista y fue consultado por <strong>el impacto que le produjo la noticia de su retiro de la Selecci\u00f3n<\/strong>.<\/p>\n<\/div>\n<div id=\"element-body-26\" class=\"sc-df222161-0 hNvwjb\">\n<p>Su respuesta a <strong>Ol\u00e9<\/strong> fue m\u00e1s emocional que futbol\u00edstica. \u201c <strong>Leo me hizo recordar much\u00edsimas cosas<\/strong> en esto que pasa tan r\u00e1pido, en la hora de vivir el f\u00fatbol como jugador y despu\u00e9s como entrenador\u201d, expres\u00f3.<\/p>\n<\/div>\n<div id=\"element-body-27\" class=\"sc-df222161-0 hNvwjb\">\n<p>Demichelis record\u00f3 que fue parte de aquella generaci\u00f3n y resumi\u00f3 su v\u00ednculo con Messi de una manera muy especial: <strong>\u201cFui part\u00edcipe, fui un privilegiado, fue un honor\u201d<\/strong>.<\/p>\n<\/div>\n<div id=\"element-body-28\" class=\"sc-df222161-0 hNvwjb\">\n<p>Tambi\u00e9n explic\u00f3 las tres fotograf\u00edas que eligi\u00f3 para homenajearlo en sus redes sociales. La primera, un abrazo; la segunda, otro abrazo; y la tercera, Messi sonriendo y festejando.<\/p>\n<\/div>\n<div class=\"sc-c0843421-0 iNysjD image-embed\" id=\"element-body-29\"><img alt=\"Messi y Demichelis se abrazan tras el 1-0 ante B\u00e9lgica para pasar a semi del Mundial 2014.\" loading=\"lazy\" width=\"720\" height=\"100\" decoding=\"async\" data-nimg=\"1\" style=\"color:transparent\" src=\"https:\/\/fmamiga909.com.ar\/wp-content\/uploads\/2026\/09\/Y32-4LfRZ_720x0__1.jpg\"\/><span class=\"epigraphe\">Messi y Demichelis se abrazan tras el 1-0 ante B\u00e9lgica para pasar a semi del Mundial 2014.<\/span><\/div>\n<div id=\"element-body-30\" class=\"sc-df222161-0 hNvwjb\">\n<p><strong>\u201cCreo que Leo es f\u00fatbol en pureza, es sonrisa, es divertimiento, nos ha hecho vivir todo tipo de emociones\u201d<\/strong>, dijo.<\/p>\n<\/div>\n<div id=\"element-body-31\" class=\"sc-df222161-0 hNvwjb\">\n<p>Y cerr\u00f3 con una frase que mezcla al futbolista que fue con el entrenador que hoy es: \u201cUn honor, un privilegio, un agradecido de haber sido parte de su generaci\u00f3n\u201d.<\/p>\n<\/div>\n<div id=\"element-body-32\" class=\"sc-a7166897-0 eTTZWU\"><a href=\"https:\/\/www.ole.com.ar\/san-lorenzo\/tecnicos-ultima-decada-san-lorenzo-crisis-entrenadores_0_on85Wgb4lL.html\" aria-label=\"La d\u00e9cada perdida: los 16 t\u00e9cnicos de San Lorenzo de 2016 al presente y la comparaci\u00f3n con los otros grandes\" class=\"sc-d4f573e5-0 bUEDsN\"\/><\/p>\n<section><picture><img alt=\"La d\u00e9cada perdida: los 16 t\u00e9cnicos de San Lorenzo de 2016 al presente y la comparaci\u00f3n con los otros grandes\" loading=\"lazy\" width=\"290\" height=\"290\" decoding=\"async\" data-nimg=\"1\" style=\"color:transparent\" src=\"https:\/\/fmamiga909.com.ar\/wp-content\/uploads\/2026\/09\/8gvVuCpHb_290x290__1.jpg\"\/><\/picture>\n<p><span>Mir\u00e1 tambi\u00e9n<\/span><\/p>\n<hr\/>\n<h3>La d\u00e9cada perdida: los 16 t\u00e9cnicos de San Lorenzo de 2016 al presente y la comparaci\u00f3n con los otros grandes<\/h3>\n<\/p>\n<\/section>\n<\/div>\n<div id=\"element-body-33\" class=\"sc-a7166897-0 eTTZWU\"><a href=\"https:\/\/www.ole.com.ar\/futbol-internacional\/inglaterra\/argentinos-jugaron-manchester-city-enzo-fernandez-otamendi-aguero-rulli-julian-alvarez-echeverri-zabaleta-vuoso-tevez-demichelis_0_JGPWJc0rUa.html\" aria-label=\"Con la llegada de Enzo Fern\u00e1ndez: todos los argentinos que jugaron en el Manchester City\" class=\"sc-d4f573e5-0 bUEDsN\"\/><\/p>\n<section><picture><img alt=\"Con la llegada de Enzo Fern\u00e1ndez: todos los argentinos que jugaron en el Manchester City\" loading=\"lazy\" width=\"290\" height=\"290\" decoding=\"async\" data-nimg=\"1\" style=\"color:transparent\" src=\"https:\/\/fmamiga909.com.ar\/wp-content\/uploads\/2026\/09\/LVqXAjos2_290x290__1.jpg\"\/><\/picture>\n<p><span>Mir\u00e1 tambi\u00e9n<\/span><\/p>\n<hr\/>\n<h3>Con la llegada de Enzo Fern\u00e1ndez: todos los argentinos que jugaron en el Manchester City<\/h3>\n<\/p>\n<\/section>\n<\/div>\n<div id=\"element-body-34\" class=\"sc-a7166897-0 eTTZWU\"><a href=\"https:\/\/www.ole.com.ar\/futbol-internacional\/liga-alemana-bundesliga\/martindemichelis-bundesliga-leipzig-borussiamonchengladbach-estreno-debut-goleada_0_RthTDiq0Yf.html\" aria-label=\"Demichelis, luego de debutar con goleada en la Bundesliga: &quot;No olvidar\u00e9 este d\u00eda&quot;\" class=\"sc-d4f573e5-0 bUEDsN\"\/><\/p>\n<section><picture><img alt=\"Demichelis, luego de debutar con goleada en la Bundesliga: &quot;No olvidar\u00e9 este d\u00eda&quot;\" loading=\"lazy\" width=\"290\" height=\"290\" decoding=\"async\" data-nimg=\"1\" style=\"color:transparent\" src=\"https:\/\/fmamiga909.com.ar\/wp-content\/uploads\/2026\/09\/f-GDrP__A_290x290__1.jpg\"\/><\/picture>\n<p><span>Mir\u00e1 tambi\u00e9n<\/span><\/p>\n<hr\/>\n<h3>Demichelis, luego de debutar con goleada en la Bundesliga: \u00abNo olvidar\u00e9 este d\u00eda\u00bb<\/h3>\n<\/p>\n<\/section>\n<\/div>\n<div id=\"element-body-35\" class=\"sc-a7166897-0 eTTZWU\"><a href=\"https:\/\/www.ole.com.ar\/futbol-internacional\/liga-alemana-bundesliga\/debut-triunfal-demichelis-bundesliga-leipzig-borussia-monchengladbach_0_4zo4uNZa1I.html\" aria-label=\"Debut triunfal de Demichelis en la Bundesliga: 3-0 de su Leipzig al Borussia Monchengladbach\" class=\"sc-d4f573e5-0 bUEDsN\"\/><\/p>\n<section><picture><img alt=\"Debut triunfal de Demichelis en la Bundesliga: 3-0 de su Leipzig al Borussia Monchengladbach\" loading=\"lazy\" width=\"290\" height=\"290\" decoding=\"async\" data-nimg=\"1\" style=\"color:transparent\" src=\"https:\/\/fmamiga909.com.ar\/wp-content\/uploads\/2026\/09\/mkQnm9YmU_290x290__1.jpg\"\/><\/picture>\n<p><span>Mir\u00e1 tambi\u00e9n<\/span><\/p>\n<hr\/>\n<h3>Debut triunfal de Demichelis en la Bundesliga: 3-0 de su Leipzig al Borussia Monchengladbach<\/h3>\n<\/p>\n<\/section>\n<\/div>\n<\/div>\n<p><a href=\"https:\/\/www.ole.com.ar\/futbol-internacional\/martin-demichelis-entrevista-leipzig-river-messi_0_wHc8v42M6P.html\">source<\/a><\/p>\n","protected":false},"excerpt":{"rendered":"<p>Mart\u00edn Demichelis vivi\u00f3 el comienzo que hab\u00eda so\u00f1ado. En su primer partido como entrenador en&#8230;<\/p>\n","protected":false},"author":3,"featured_media":49466,"comment_status":"closed","ping_status":"closed","sticky":false,"template":"","format":"standard","meta":{"footnotes":""},"categories":[21],"tags":[],"class_list":["post-49465","post","type-post","status-publish","format-standard","has-post-thumbnail","hentry","category-deportes"],"featured_image_urls":{"full":["https:\/\/fmamiga909.com.ar\/wp-content\/uploads\/2026\/09\/wp-header-logo-31.png",720,528,false],"thumbnail":["https:\/\/fmamiga909.com.ar\/wp-content\/uploads\/2026\/09\/wp-header-logo-31-150x150.png",150,150,true],"medium":["https:\/\/fmamiga909.com.ar\/wp-content\/uploads\/2026\/09\/wp-header-logo-31-300x220.png",300,220,true],"medium_large":["https:\/\/fmamiga909.com.ar\/wp-content\/uploads\/2026\/09\/wp-header-logo-31.png",720,528,false],"large":["https:\/\/fmamiga909.com.ar\/wp-content\/uploads\/2026\/09\/wp-header-logo-31.png",640,469,false],"1536x1536":["https:\/\/fmamiga909.com.ar\/wp-content\/uploads\/2026\/09\/wp-header-logo-31.png",720,528,false],"2048x2048":["https:\/\/fmamiga909.com.ar\/wp-content\/uploads\/2026\/09\/wp-header-logo-31.png",720,528,false],"newsium-slider-full":["https:\/\/fmamiga909.com.ar\/wp-content\/uploads\/2026\/09\/wp-header-logo-31.png",720,528,false],"newsium-featured":["https:\/\/fmamiga909.com.ar\/wp-content\/uploads\/2026\/09\/wp-header-logo-31.png",720,528,false],"newsium-medium":["https:\/\/fmamiga909.com.ar\/wp-content\/uploads\/2026\/09\/wp-header-logo-31-720x475.png",720,475,true]},"author_info":{"display_name":"Fredy Giuliano","author_link":"https:\/\/fmamiga909.com.ar\/?author=3"},"category_info":"<a href=\"https:\/\/fmamiga909.com.ar\/?cat=21\" rel=\"category\">Deportes<\/a>","tag_info":"Deportes","comment_count":"0","_links":{"self":[{"href":"https:\/\/fmamiga909.com.ar\/index.php?rest_route=\/wp\/v2\/posts\/49465","targetHints":{"allow":["GET"]}}],"collection":[{"href":"https:\/\/fmamiga909.com.ar\/index.php?rest_route=\/wp\/v2\/posts"}],"about":[{"href":"https:\/\/fmamiga909.com.ar\/index.php?rest_route=\/wp\/v2\/types\/post"}],"author":[{"embeddable":true,"href":"https:\/\/fmamiga909.com.ar\/index.php?rest_route=\/wp\/v2\/users\/3"}],"replies":[{"embeddable":true,"href":"https:\/\/fmamiga909.com.ar\/index.php?rest_route=%2Fwp%2Fv2%2Fcomments&post=49465"}],"version-history":[{"count":0,"href":"https:\/\/fmamiga909.com.ar\/index.php?rest_route=\/wp\/v2\/posts\/49465\/revisions"}],"wp:featuredmedia":[{"embeddable":true,"href":"https:\/\/fmamiga909.com.ar\/index.php?rest_route=\/wp\/v2\/media\/49466"}],"wp:attachment":[{"href":"https:\/\/fmamiga909.com.ar\/index.php?rest_route=%2Fwp%2Fv2%2Fmedia&parent=49465"}],"wp:term":[{"taxonomy":"category","embeddable":true,"href":"https:\/\/fmamiga909.com.ar\/index.php?rest_route=%2Fwp%2Fv2%2Fcategories&post=49465"},{"taxonomy":"post_tag","embeddable":true,"href":"https:\/\/fmamiga909.com.ar\/index.php?rest_route=%2Fwp%2Fv2%2Ftags&post=49465"}],"curies":[{"name":"wp","href":"https:\/\/api.w.org\/{rel}","templated":true}]}}