{"id":49476,"date":"2026-09-02T16:21:13","date_gmt":"2026-09-02T16:21:13","guid":{"rendered":"https:\/\/fmamiga909.com.ar\/?p=49476"},"modified":"2026-09-02T16:21:13","modified_gmt":"2026-09-02T16:21:13","slug":"las-claves-del-boca-velez-que-define-el-ultimo-clasificado-a-cuartos-de-la-copa-argentina","status":"publish","type":"post","link":"https:\/\/fmamiga909.com.ar\/?p=49476","title":{"rendered":"Las claves del Boca-V\u00e9lez que define el \u00faltimo clasificado a cuartos de la Copa Argentina"},"content":{"rendered":"<div id=\"storyBody\">\n<div id=\"element-body-0\" class=\"sc-df222161-0 hNvwjb\">\n<p><strong><a href=\"https:\/\/www.ole.com.ar\/tema\/boca-juniors.html\" title=\"Boca Juniors\" alt=\"Boca Juniors\" class=\"slug\">Boca<\/a>&#8211;<a href=\"https:\/\/www.ole.com.ar\/tema\/velez.html\" title=\"V\u00e9lez\" alt=\"V\u00e9lez\" class=\"slug\">V\u00e9lez<\/a><\/strong>, <strong>un partido de alta tensi\u00f3n<\/strong>. Un cl\u00e1sico moderno que en las \u00faltimas d\u00e9cadas se disput\u00f3 t\u00edtulos, partidos emblem\u00e1ticos y hasta \u00eddolos compartidos y que <strong>este mi\u00e9rcoles<\/strong> tiene <strong>una nueva edici\u00f3n de un mano a mano<\/strong> que dejar\u00e1 a uno de los dos herido y <strong>sin continuidad en la <a href=\"https:\/\/www.ole.com.ar\/tema\/copa-argentina.html\" title=\"Copa Argentina\" alt=\"Copa Argentina\" class=\"slug\">Copa Argentina<\/a><\/strong> y al otro <strong>envalentonado en lo que se le vendr\u00e1<\/strong> en adelante en cuanto a competencias y argumentos para pelear todo.<\/p>\n<\/div>\n<div id=\"element-body-1\" class=\"sc-df222161-0 hNvwjb\">\n<p>En ese sentido, lo que hay que tener en cuenta para no desatender detalles tiene en estas claves <strong>un resumen de todo lo que se jugar\u00e1<\/strong> en el <strong>Mario Alberto Kempes a partir de las 21.15<\/strong>.<\/p>\n<\/div>\n<p><h2><strong>1-Lo que est\u00e1 en juego<\/strong><\/h2>\n<\/p>\n<div id=\"element-body-3\" class=\"sc-df222161-0 hNvwjb\">\n<p>Adem\u00e1s del <strong>pase a cuartos de la Copa Argentina<\/strong> y la <strong>posibilidad de seguir avanzando<\/strong> en la chance que esa consagraci\u00f3n da de <strong>meterse en la Copa Libertadores por v\u00eda directa<\/strong>, la tranquilidad de esta parte del semestre asoma como una de las inquietudes a la hora de medir la importancia del partido. Para Boca, est\u00e1 claro, todav\u00eda est\u00e1n <strong>sensibles las m\u00e1s recientes eliminaciones<\/strong> en partidos importantes. Y por eso la <strong>necesidad de dar un golpe en el momento justo<\/strong>.<\/p>\n<\/div>\n<div class=\"sc-c0843421-0 iNysjD image-embed\" id=\"element-body-4\"><img alt=\"Paredes y Pellegrini, protagonistas de este nuevo duelo. Foto: Alejandro Pagni\" loading=\"lazy\" width=\"720\" height=\"100\" decoding=\"async\" data-nimg=\"1\" style=\"color:transparent\" src=\"https:\/\/fmamiga909.com.ar\/wp-content\/uploads\/2026\/09\/hRpwxeZUD_720x0__1.jpg\"\/><span class=\"epigraphe\">Paredes y Pellegrini, protagonistas de este nuevo duelo. Foto: Alejandro Pagni<\/span><\/div>\n<div id=\"element-body-5\" class=\"sc-df222161-0 hNvwjb\">\n<p>Para V\u00e9lez no es menor tampoco la responsabilidad en ese sentido: <strong>despu\u00e9s de haber sido considerado de los mejores equipos<\/strong> en las \u00faltimas fases regulares de los torneos, <strong>en los playoffs el equipo no dio la talla<\/strong> y hasta <strong>recibi\u00f3 cr\u00edticas<\/strong> cuando fue <strong>eliminado por Gimnasia en el Torneo Apertura<\/strong>.<\/p>\n<\/div>\n<p><h2><strong>2-El morbo<\/strong><\/h2>\n<\/p>\n<div id=\"element-body-7\" class=\"sc-df222161-0 hNvwjb\">\n<p>La cuesti\u00f3n ac\u00e1 est\u00e1 clara: <strong>Guillermo Barros Schelotto re\u00fane todas las caracter\u00edsticas de personaje sobre el cu\u00e1l girar\u00e1 todo<\/strong>. Ya tuvo <strong>su primer enfrentamiento con Boca<\/strong> <strong>en el partido jugado en cancha de Hurac\u00e1n<\/strong> que <strong>termin\u00f3 en empate<\/strong> hace apenas unas semanas. Y el picante -aunque c\u00f3mplice- con el Vasco Arruabarrena antes, durante y despu\u00e9s del partido fue solamente el preludio de lo que terminar\u00e1 siendo un <strong>choque eliminatorio<\/strong>.<\/p>\n<\/div>\n<div class=\"sc-c0843421-0 iNysjD image-embed\" id=\"element-body-8\"><img alt=\"Guillermo, un \u00eddolo del club, otra vez del otro lado. Foto: Alejandro Pagni\" loading=\"lazy\" width=\"720\" height=\"100\" decoding=\"async\" data-nimg=\"1\" style=\"color:transparent\" src=\"https:\/\/fmamiga909.com.ar\/wp-content\/uploads\/2026\/09\/AebjbieKW_720x0__1.jpg\"\/><span class=\"epigraphe\">Guillermo, un \u00eddolo del club, otra vez del otro lado. Foto: Alejandro Pagni<\/span><\/div>\n<div id=\"element-body-9\" class=\"sc-8712cf2e-1 brsVwg\"><figcaption class=\"JWvideoNota_title\">\n<p>Con Guillermo Barros Schelotto a la cabeza, lleg\u00f3 V\u00e9lez a C\u00f3rdoba. Video: @nicolaroccanarvaez @gonzalosuli<\/p>\n<\/figcaption><\/div>\n<div id=\"element-body-10\" class=\"sc-df222161-0 hNvwjb\">\n<p>Tambi\u00e9n en este aspecto se puede incluir el antecedente bastante cercano en la misma competencia, en la semifinal de la edici\u00f3n 2024 en la que en un partido cambiante, <strong>V\u00e9lez dej\u00f3 afuera a Boca en semifinales<\/strong> con aquel <strong>infartante 4-3<\/strong> en el que el equipo que dirig\u00eda <strong>Fernando Gago se hab\u00eda puesto 3-2 a menos de 10 minutos del final<\/strong>.<\/p>\n<\/div>\n<p><h2><strong>3-Lo que queda del Boca de gala<\/strong><\/h2>\n<\/p>\n<div id=\"element-body-12\" class=\"sc-df222161-0 hNvwjb\">\n<p>Arruabarrena tiene bajas, s\u00ed. Pero tambi\u00e9n <strong>recupera a su principal soldado para jugar este choque clave: Leandro Paredes, quien volver\u00e1 a ser titular<\/strong> en el lugar de Camilo Rey Domenech. Sin Tom\u00e1s Aranda, esta vez <strong>Sebasti\u00e1n Villa se perfila para ser el tercer hombre de ataque<\/strong> en el lugar de Alan Velasco (quien tal vez hasta pueda meterse por el chico Leonel Flores). En defensa, ya tiene a Marco Pellegrino a disposici\u00f3n, pero apostar\u00eda por la continuidad de Jagger Herrera. \u00bfLa mala noticia? <strong>La baja tras la \u00faltima pr\u00e1ctica de Milton Delgado, quien ser\u00e1 reemplazado por Tom\u00e1s Belmonte.<\/strong><\/p>\n<\/div>\n<p><h2><strong>4-V\u00e9lez y un debut urgente<\/strong><\/h2>\n<\/p>\n<div id=\"element-body-14\" class=\"sc-df222161-0 hNvwjb\">\n<p>Los Mellizos tambi\u00e9n tienen novedades para presentar y una baja que les duele. A favor, <strong>la llegada muy reciente de Ronaldo Mart\u00ednez<\/strong> no ser\u00eda impedimento para que el ex Platense y Talleres salte a la cancha desde el arranque, a falta de ese centrodelantero que se le reclama al equipo. Claro que <strong>quien no ser\u00e1 de la partida es el chileno Diego Vald\u00e9s<\/strong>, <strong>desgarrado justamente en el partido con Boca<\/strong> y quien <strong>se resinti\u00f3 al volver durante el empate con River<\/strong>.<\/p>\n<\/div>\n<div class=\"sc-c0843421-0 iNysjD image-embed\" id=\"element-body-15\"><img alt=\"Ronaldo Mart\u00ednez, flamante refuerzo de V\u00e9lez. (Prensa V\u00e9lez).\" loading=\"lazy\" width=\"720\" height=\"100\" decoding=\"async\" data-nimg=\"1\" style=\"color:transparent\" src=\"https:\/\/fmamiga909.com.ar\/wp-content\/uploads\/2026\/09\/1788366072_824_wVFSiyScg_720x0__1.jpg\"\/><span class=\"epigraphe\">Ronaldo Mart\u00ednez, flamante refuerzo de V\u00e9lez. (Prensa V\u00e9lez).<\/span><\/div>\n<p><h2><strong>5-El arbitraje<\/strong><\/h2>\n<\/p>\n<div id=\"element-body-17\" class=\"sc-df222161-0 hNvwjb\">\n<p>Inevitable como tema, se encendi\u00f3 el s\u00e1bado cuando a V\u00e9lez le anularon un <strong>gol sin motivos aparentes<\/strong> y su entrenador hizo una <strong>exposici\u00f3n manifiesta de queja<\/strong> en la conferencia de prensa posterior. Desde ah\u00ed, la escena de la designaci\u00f3n de <strong>Sebasti\u00e1n Zunino en cancha<\/strong> y de <strong>Jos\u00e9 Carreras en el VAR<\/strong> qued\u00f3 en el ojo de la tormenta.<\/p>\n<\/div>\n<div id=\"element-body-18\" class=\"sc-8712cf2e-1 brsVwg\"><figcaption class=\"JWvideoNota_title\">\n<p>Guillermo Barros Schelotto arremeti\u00f3 contra la terna arbitral en la conferencia de prensa. @nicolaroccanarvaez<\/p>\n<\/figcaption><\/div>\n<div id=\"element-body-19\" class=\"sc-8712cf2e-1 brsVwg\"><figcaption class=\"JWvideoNota_title\">\n<p>El capit\u00e1n de Boca habl\u00f3 en rueda de prensa antes del viaje a C\u00f3rdoba para la Copa Argentina. Video ESPN<\/p>\n<\/figcaption><\/div>\n<div id=\"element-body-20\" class=\"sc-df222161-0 hNvwjb\">\n<p>Y con consideraciones por lo bajo (tras la sanci\u00f3n de AFA a los jueces del partido entre el Fort\u00edn y Riestra) y por lo alto, con las <strong>declaraciones de Paredes y de Juan Rom\u00e1n Riquelme<\/strong> rozando el tema, est\u00e1 claro que <strong>no ser\u00e1 un tema menor sobre el que poner atenci\u00f3n<\/strong> durante los 90 minutos en C\u00f3rdoba.<\/p>\n<\/div>\n<div id=\"element-body-21\" class=\"sc-a7166897-0 eTTZWU\"><a href=\"https:\/\/www.ole.com.ar\/boca-juniors\/juanromanriquelme-riverplate-bocajuniors-giulianogaloppo-avenidacantilo-eduardocoudet-sanpablo-banfield_0_vA2pWuaAJy.html\" aria-label=\"El inesperado elogio de Riquelme para un jugador borrado en River\" class=\"sc-d4f573e5-0 bUEDsN\"\/><\/p>\n<section><picture><img alt=\"El inesperado elogio de Riquelme para un jugador borrado en River\" loading=\"lazy\" width=\"290\" height=\"290\" decoding=\"async\" data-nimg=\"1\" style=\"color:transparent\" src=\"https:\/\/fmamiga909.com.ar\/wp-content\/uploads\/2026\/09\/lsePtBgp1_290x290__1.jpg\"\/><\/picture>\n<p><span>Mir\u00e1 tambi\u00e9n<\/span><\/p>\n<hr\/>\n<h3>El inesperado elogio de Riquelme para un jugador borrado en River<\/h3>\n<\/p>\n<\/section>\n<\/div>\n<div id=\"element-body-22\" class=\"sc-a7166897-0 eTTZWU\"><a href=\"https:\/\/www.ole.com.ar\/boca-juniors\/bocajuniors-velez-copaargentina-miltondelgado-vascoarruabarrena-cordoba-tomasbelmonte_0_vnAQIqEZUe.html\" aria-label=\"La baja de \u00faltimo momento en Boca para enfrentar a V\u00e9lez\" class=\"sc-d4f573e5-0 bUEDsN\"\/><\/p>\n<section><picture><img alt=\"La baja de \u00faltimo momento en Boca para enfrentar a V\u00e9lez\" loading=\"lazy\" width=\"290\" height=\"290\" decoding=\"async\" data-nimg=\"1\" style=\"color:transparent\" src=\"https:\/\/fmamiga909.com.ar\/wp-content\/uploads\/2026\/09\/KJw4XjaCR_290x290__1.jpg\"\/><\/picture>\n<p><span>Mir\u00e1 tambi\u00e9n<\/span><\/p>\n<hr\/>\n<h3>La baja de \u00faltimo momento en Boca para enfrentar a V\u00e9lez<\/h3>\n<\/p>\n<\/section>\n<\/div>\n<div id=\"element-body-23\" class=\"sc-a7166897-0 eTTZWU\"><a href=\"https:\/\/www.ole.com.ar\/boca-juniors\/boca-equipo-paredes-dudas-todas-lineas-velez-copa-argentina_0_hrOVqf51sE.html\" aria-label=\"El posible 11 de Boca para enfrentar al V\u00e9lez de Guillermo en C\u00f3rdoba\" class=\"sc-d4f573e5-0 bUEDsN\"\/><\/p>\n<section><picture><img alt=\"El posible 11 de Boca para enfrentar al V\u00e9lez de Guillermo en C\u00f3rdoba\" loading=\"lazy\" width=\"290\" height=\"290\" decoding=\"async\" data-nimg=\"1\" style=\"color:transparent\" src=\"https:\/\/fmamiga909.com.ar\/wp-content\/uploads\/2026\/09\/_4iGvY3K3_290x290__1.jpg\"\/><\/picture>\n<p><span>Mir\u00e1 tambi\u00e9n<\/span><\/p>\n<hr\/>\n<h3>El posible 11 de Boca para enfrentar al V\u00e9lez de Guillermo en C\u00f3rdoba<\/h3>\n<\/p>\n<\/section>\n<\/div>\n<div id=\"element-body-24\" class=\"sc-a7166897-0 eTTZWU\"><a href=\"https:\/\/www.ole.com.ar\/boca-juniors\/boca-velez-llegada-plantel-xeneize-paredes-hinchas-riquelme_0_HeVP5gjDyB.html\" aria-label=\"Con Riquelme y Paredes mezclado con los hinchas, Boca est\u00e1 en C\u00f3rdoba y espera por V\u00e9lez\" class=\"sc-d4f573e5-0 bUEDsN\"\/><\/p>\n<section><picture><img alt=\"Con Riquelme y Paredes mezclado con los hinchas, Boca est\u00e1 en C\u00f3rdoba y espera por V\u00e9lez\" loading=\"lazy\" width=\"290\" height=\"290\" decoding=\"async\" data-nimg=\"1\" style=\"color:transparent\" src=\"https:\/\/fmamiga909.com.ar\/wp-content\/uploads\/2026\/09\/1788366073_715_nZnzWjymH_290x290__1.jpg\"\/><\/picture>\n<p><span>Mir\u00e1 tambi\u00e9n<\/span><\/p>\n<hr\/>\n<h3>Con Riquelme y Paredes mezclado con los hinchas, Boca est\u00e1 en C\u00f3rdoba y espera por V\u00e9lez<\/h3>\n<\/p>\n<\/section>\n<\/div>\n<div id=\"element-body-25\" class=\"sc-a7166897-0 eTTZWU\"><a href=\"https:\/\/www.ole.com.ar\/velez\/velez-guillermo-barros-schelotto-ronaldo-martinez-boca-copa-argentina_0_bqxkI5JGUb.html\" aria-label=\"Ronaldo Mart\u00ednez: primera pr\u00e1ctica con V\u00e9lez, convocado y \u00bftitular contra Boca?\" class=\"sc-d4f573e5-0 bUEDsN\"\/><\/p>\n<section><picture><img alt=\"Ronaldo Mart\u00ednez: primera pr\u00e1ctica con V\u00e9lez, convocado y \u00bftitular contra Boca?\" loading=\"lazy\" width=\"290\" height=\"290\" decoding=\"async\" data-nimg=\"1\" style=\"color:transparent\" src=\"https:\/\/fmamiga909.com.ar\/wp-content\/uploads\/2026\/09\/1788366073_1_wVFSiyScg_290x290__1.jpg\"\/><\/picture>\n<p><span>Mir\u00e1 tambi\u00e9n<\/span><\/p>\n<hr\/>\n<h3>Ronaldo Mart\u00ednez: primera pr\u00e1ctica con V\u00e9lez, convocado y \u00bftitular contra Boca?<\/h3>\n<\/p>\n<\/section>\n<\/div>\n<div id=\"element-body-26\" class=\"sc-a7166897-0 eTTZWU\"><a href=\"https:\/\/www.ole.com.ar\/boca-juniors\/boca-comunicado-oficial-venta-changuito-zeballos-monaco_0_Y7reV48kQX.html\" aria-label=\"Tras el anuncio de Monza, el comunicado oficial de Boca por la venta del Changuito Zeballos\" class=\"sc-d4f573e5-0 bUEDsN\"\/><\/p>\n<section><picture><img alt=\"Tras el anuncio de Monza, el comunicado oficial de Boca por la venta del Changuito Zeballos\" loading=\"lazy\" width=\"290\" height=\"290\" decoding=\"async\" data-nimg=\"1\" style=\"color:transparent\" src=\"https:\/\/fmamiga909.com.ar\/wp-content\/uploads\/2026\/09\/gf8TXghy-_290x290__1.jpg\"\/><\/picture>\n<p><span>Mir\u00e1 tambi\u00e9n<\/span><\/p>\n<hr\/>\n<h3>Tras el anuncio de Monza, el comunicado oficial de Boca por la venta del Changuito Zeballos<\/h3>\n<\/p>\n<\/section>\n<\/div>\n<\/div>\n<p><a href=\"https:\/\/www.ole.com.ar\/boca-juniors\/bocajuniors-guillermobarrosschelotto-leandroparedes-ronaldomartinez-velezsarsfield-marioalbertokempes_0_wEsThBLfCA.html\">source<\/a><\/p>\n","protected":false},"excerpt":{"rendered":"<p>Boca&#8211;V\u00e9lez, un partido de alta tensi\u00f3n. Un cl\u00e1sico moderno que en las \u00faltimas d\u00e9cadas se&#8230;<\/p>\n","protected":false},"author":3,"featured_media":49477,"comment_status":"closed","ping_status":"closed","sticky":false,"template":"","format":"standard","meta":{"footnotes":""},"categories":[21],"tags":[],"class_list":["post-49476","post","type-post","status-publish","format-standard","has-post-thumbnail","hentry","category-deportes"],"featured_image_urls":{"full":["https:\/\/fmamiga909.com.ar\/wp-content\/uploads\/2026\/09\/wp-header-logo-32.png",720,480,false],"thumbnail":["https:\/\/fmamiga909.com.ar\/wp-content\/uploads\/2026\/09\/wp-header-logo-32-150x150.png",150,150,true],"medium":["https:\/\/fmamiga909.com.ar\/wp-content\/uploads\/2026\/09\/wp-header-logo-32-300x200.png",300,200,true],"medium_large":["https:\/\/fmamiga909.com.ar\/wp-content\/uploads\/2026\/09\/wp-header-logo-32.png",720,480,false],"large":["https:\/\/fmamiga909.com.ar\/wp-content\/uploads\/2026\/09\/wp-header-logo-32.png",640,427,false],"1536x1536":["https:\/\/fmamiga909.com.ar\/wp-content\/uploads\/2026\/09\/wp-header-logo-32.png",720,480,false],"2048x2048":["https:\/\/fmamiga909.com.ar\/wp-content\/uploads\/2026\/09\/wp-header-logo-32.png",720,480,false],"newsium-slider-full":["https:\/\/fmamiga909.com.ar\/wp-content\/uploads\/2026\/09\/wp-header-logo-32.png",720,480,false],"newsium-featured":["https:\/\/fmamiga909.com.ar\/wp-content\/uploads\/2026\/09\/wp-header-logo-32.png",720,480,false],"newsium-medium":["https:\/\/fmamiga909.com.ar\/wp-content\/uploads\/2026\/09\/wp-header-logo-32-720x475.png",720,475,true]},"author_info":{"display_name":"Fredy Giuliano","author_link":"https:\/\/fmamiga909.com.ar\/?author=3"},"category_info":"<a href=\"https:\/\/fmamiga909.com.ar\/?cat=21\" rel=\"category\">Deportes<\/a>","tag_info":"Deportes","comment_count":"0","_links":{"self":[{"href":"https:\/\/fmamiga909.com.ar\/index.php?rest_route=\/wp\/v2\/posts\/49476","targetHints":{"allow":["GET"]}}],"collection":[{"href":"https:\/\/fmamiga909.com.ar\/index.php?rest_route=\/wp\/v2\/posts"}],"about":[{"href":"https:\/\/fmamiga909.com.ar\/index.php?rest_route=\/wp\/v2\/types\/post"}],"author":[{"embeddable":true,"href":"https:\/\/fmamiga909.com.ar\/index.php?rest_route=\/wp\/v2\/users\/3"}],"replies":[{"embeddable":true,"href":"https:\/\/fmamiga909.com.ar\/index.php?rest_route=%2Fwp%2Fv2%2Fcomments&post=49476"}],"version-history":[{"count":0,"href":"https:\/\/fmamiga909.com.ar\/index.php?rest_route=\/wp\/v2\/posts\/49476\/revisions"}],"wp:featuredmedia":[{"embeddable":true,"href":"https:\/\/fmamiga909.com.ar\/index.php?rest_route=\/wp\/v2\/media\/49477"}],"wp:attachment":[{"href":"https:\/\/fmamiga909.com.ar\/index.php?rest_route=%2Fwp%2Fv2%2Fmedia&parent=49476"}],"wp:term":[{"taxonomy":"category","embeddable":true,"href":"https:\/\/fmamiga909.com.ar\/index.php?rest_route=%2Fwp%2Fv2%2Fcategories&post=49476"},{"taxonomy":"post_tag","embeddable":true,"href":"https:\/\/fmamiga909.com.ar\/index.php?rest_route=%2Fwp%2Fv2%2Ftags&post=49476"}],"curies":[{"name":"wp","href":"https:\/\/api.w.org\/{rel}","templated":true}]}}