{"id":49485,"date":"2026-09-02T16:23:14","date_gmt":"2026-09-02T16:23:14","guid":{"rendered":"https:\/\/fmamiga909.com.ar\/?p=49485"},"modified":"2026-09-02T16:23:14","modified_gmt":"2026-09-02T16:23:14","slug":"andres-iniesta-debuto-como-tecnico-en-una-liga-exotica-y-arranco-con-derrota","status":"publish","type":"post","link":"https:\/\/fmamiga909.com.ar\/?p=49485","title":{"rendered":"Andr\u00e9s Iniesta debut\u00f3 como t\u00e9cnico en una liga ex\u00f3tica y arranc\u00f3 con derrota"},"content":{"rendered":"<div id=\"storyBody\">\n<div id=\"element-body-0\" class=\"sc-df222161-0 hNvwjb\">\n<p><strong><a href=\"https:\/\/www.ole.com.ar\/tema\/andres-iniesta.html\" title=\"Andr\u00e9s Iniesta\" alt=\"Andr\u00e9s Iniesta\" class=\"slug\">Andr\u00e9s Iniesta<\/a><\/strong> ya tiene un nuevo desaf\u00edo dentro del f\u00fatbol. Despu\u00e9s de cerrar una carrera inolvidable como jugador, el hist\u00f3rico mediocampista espa\u00f1ol comenz\u00f3 oficialmente su camino como entrenador al asumir la conducci\u00f3n del <strong>Gulf United<\/strong>, equipo que compite en la <strong>UAE First Division League,<\/strong> en <strong> Asia<\/strong>.<\/p>\n<\/div>\n<div id=\"element-body-1\" class=\"sc-df222161-0 hNvwjb\">\n<p>El estreno del Mago lleg\u00f3 sobre el cierre de agosto y no fue el esperado. Su equipo <strong>perdi\u00f3 4-3<\/strong> ante el Dibba Al Fujairah por la segunda fecha del torneo, en un partido cambiante que se defini\u00f3 en el tiempo a\u00f1adido. As\u00ed, <strong>Iniesta comenz\u00f3 con una derrota su primera experiencia al frente de un plantel.<\/strong><\/p>\n<\/div>\n<div>\n<blockquote class=\"twitter-tweet\">\n<p lang=\"es\" dir=\"ltr\">Hoy comienza una etapa nueva y muy ilusionante para m\u00ed. Debuto como entrenador del Gulf United FC en la UAE First Division League.<\/p>\n<p>Afronto este importante desaf\u00edo acompa\u00f1ado de un gran cuerpo t\u00e9cnico y de un equipo joven, ambicioso y muy motivado.<\/p>\n<p>Con muchas ganas de disfrutar\u2026 <a href=\"https:\/\/t.co\/JVbeW0vkRh\">pic.twitter.com\/JVbeW0vkRh<\/a><\/p>\n<p>\u2014 Andr\u00e9s Iniesta (@andresiniesta8) <a href=\"https:\/\/x.com\/andresiniesta8\/status\/2093321132468511185?ref_src=twsrc%5Etfw\">August 28, 2026<\/a><\/p><\/blockquote>\n<\/div>\n<p><h2>Andr\u00e9s Iniesta y su debut como entrenador en Emiratos \u00c1rabes Unidos<\/h2>\n<\/p>\n<div id=\"element-body-4\" class=\"sc-df222161-0 hNvwjb\">\n<p>La elecci\u00f3n del Gulf United no parece casual. <strong>El club tiene su sede en Dub\u00e1i, fue fundado en 2019 y apuesta especialmente por el desarrollo de futbolistas j\u00f3venes<\/strong>. Su plantel se caracteriza por contar con uno de los promedios de edad m\u00e1s bajos de la competencia, una idea que encaja con el proyecto que Iniesta busca llevar adelante desde el banco.<\/p>\n<\/div>\n<div id=\"element-body-5\" class=\"sc-df222161-0 hNvwjb\">\n<p>El ex <strong><a href=\"https:\/\/www.ole.com.ar\/tema\/fc-barcelona.html\" title=\"FC Barcelona\" alt=\"FC Barcelona\" class=\"slug\">Barcelona<\/a><\/strong> lleg\u00f3 a esta nueva etapa despu\u00e9s de completar su preparaci\u00f3n acad\u00e9mica y con el objetivo de continuar avanzando hacia la licencia <strong><a href=\"https:\/\/www.ole.com.ar\/tema\/uefa.html\" title=\"UEFA\" alt=\"UEFA\" class=\"slug\">UEFA<\/a><\/strong> <strong>Pro<\/strong>. Ahora tendr\u00e1 la misi\u00f3n de trasladar al campo todo lo aprendido durante m\u00e1s de dos d\u00e9cadas en la elite, pero desde un lugar completamente diferente.<\/p>\n<\/div>\n<div class=\"sc-c0843421-0 iNysjD image-embed\" id=\"element-body-6\"><img alt=\"En Gulf United tendr\u00e1 su primera experiencia como t\u00e9cnico. (AP Photo\/Thibault Camus, File)\" loading=\"lazy\" width=\"720\" height=\"100\" decoding=\"async\" data-nimg=\"1\" style=\"color:transparent\" src=\"https:\/\/fmamiga909.com.ar\/wp-content\/uploads\/2026\/09\/m0qNVnjgn_720x0__1.jpg\"\/><span class=\"epigraphe\">En Gulf United tendr\u00e1 su primera experiencia como t\u00e9cnico. (AP Photo\/Thibault Camus, File)<\/span><\/div>\n<div id=\"element-body-7\" class=\"sc-df222161-0 hNvwjb\">\n<p>Su primer partido mostr\u00f3 r\u00e1pidamente las dificultades del desaf\u00edo. El Gulf United <strong>comenz\u00f3 perdiendo a los ocho minutos<\/strong>, cuando Malick Atanda convirti\u00f3 en contra. Antes del descanso, Benik Afobe marc\u00f3 el 2-2 para el equipo de Iniesta. Ya en el tiempo a\u00f1adido, John Fraki puso el 3-2 para el local. <strong>El Gulf United reaccion\u00f3 de inmediato<\/strong> y Atanda se redimi\u00f3 de su gol en contra para establecer el 3-3.<\/p>\n<\/div>\n<div id=\"element-body-8\" class=\"sc-df222161-0 hNvwjb\">\n<p>Sin embargo, la alegr\u00eda dur\u00f3 apenas unos instantes. En la jugada siguiente al empate, el Dibba Al Fujairah volvi\u00f3 a golpear y <strong> consigui\u00f3 el 4-3 definitivo<\/strong>. De esta manera, el conjunto dirigido por Iniesta se qued\u00f3 con las manos vac\u00edas en un estreno que tuvo <strong>goles, remontadas y un final dram\u00e1tico.<\/strong><\/p>\n<\/div>\n<p><h2>La carrera de Andr\u00e9s Iniesta: Barcelona, Jap\u00f3n y su llegada a Emiratos<\/h2>\n<\/p>\n<div id=\"element-body-10\" class=\"sc-df222161-0 hNvwjb\">\n<p>Antes de comenzar su recorrido como entrenador, Iniesta construy\u00f3 <strong>una de las carreras m\u00e1s importantes de la historia del f\u00fatbol espa\u00f1ol.<\/strong> Surgido del <strong><a href=\"https:\/\/www.ole.com.ar\/tema\/albacete.html\" title=\"albacete\" alt=\"albacete\" class=\"slug\">Albacete<\/a><\/strong>, lleg\u00f3 a La Mas\u00eda despu\u00e9s de destacarse en el Torneo de Brunete de 1996 y debut\u00f3 con el primer equipo del Barcelona en 2002, bajo la conducci\u00f3n de <strong><a href=\"https:\/\/www.ole.com.ar\/tema\/louis-van-gaal.html\" title=\"Louis Van Gaal\" alt=\"Louis Van Gaal\" class=\"slug\">Louis Van Gaal<\/a><\/strong>.<\/p>\n<\/div>\n<div id=\"element-body-11\" class=\"sc-df222161-0 hNvwjb\">\n<p>Durante sus 16 temporadas en el club catal\u00e1n disput\u00f3 <strong> 674 partidos oficiales y gan\u00f3 32 t\u00edtulos<\/strong>. Entre ellos aparecen nueve Ligas y cuatro <strong><a href=\"https:\/\/www.ole.com.ar\/tema\/champions-league.html\" title=\"Champions League\" alt=\"Champions League\" class=\"slug\">Champions League<\/a><\/strong>. Tambi\u00e9n qued\u00f3 inmortalizado por el gol que marc\u00f3 ante Chelsea en Stamford Bridge, conocido como el <strong>Iniestazo<\/strong>, que llev\u00f3 al Barcelona a la final de la Champions 2008\/09.<\/p>\n<\/div>\n<div class=\"sc-c0843421-0 iNysjD image-embed\" id=\"element-body-12\"><img alt=\"Iniesta, campe\u00f3n de Champions League junto a Lionel Messi. (Photo by Lluis GENE \/ AFP)\" loading=\"lazy\" width=\"720\" height=\"100\" decoding=\"async\" data-nimg=\"1\" style=\"color:transparent\" src=\"https:\/\/fmamiga909.com.ar\/wp-content\/uploads\/2026\/09\/sEfq5cSes_720x0__1.jpg\"\/><span class=\"epigraphe\">Iniesta, campe\u00f3n de Champions League junto a Lionel Messi. (Photo by Lluis GENE \/ AFP)<\/span><\/div>\n<div id=\"element-body-13\" class=\"sc-df222161-0 hNvwjb\">\n<p>A nivel individual, el mediocampista tambi\u00e9n <strong>fue protagonista de una \u00e9poca dorada<\/strong>. Fue capit\u00e1n del Barcelona y termin\u00f3 segundo en la votaci\u00f3n del Bal\u00f3n de Oro de 2010, detr\u00e1s de Lionel Messi. Con Espa\u00f1a, adem\u00e1s, <strong>alcanz\u00f3 la cima al conquistar el Mundial de Sud\u00e1frica 2010.<\/strong><\/p>\n<\/div>\n<div id=\"element-body-14\" class=\"sc-df222161-0 hNvwjb\">\n<p>En mayo de 2018 dej\u00f3 Barcelona y comenz\u00f3 una nueva aventura en Jap\u00f3n. En el <strong>Vissel Kobe<\/strong> disput\u00f3 cinco temporadas y consigui\u00f3 dos t\u00edtulos: la <strong>Copa del Emperador 2019<\/strong> y la <strong>Supercopa de Jap\u00f3n 2020<\/strong>. Su llegada a la J1 League extendi\u00f3 la carrera de una figura que todav\u00eda manten\u00eda su vigencia en el f\u00fatbol internacional.<\/p>\n<\/div>\n<div class=\"sc-c0843421-0 iNysjD image-embed\" id=\"element-body-15\"><img alt=\"Iniesta, campe\u00f3n en Jap\u00f3n. (EFE)\" loading=\"lazy\" width=\"720\" height=\"100\" decoding=\"async\" data-nimg=\"1\" style=\"color:transparent\" src=\"https:\/\/fmamiga909.com.ar\/wp-content\/uploads\/2026\/09\/YEebbdXbS_720x0__1.jpg\"\/><span class=\"epigraphe\">Iniesta, campe\u00f3n en Jap\u00f3n. (EFE)<\/span><\/div>\n<div id=\"element-body-16\" class=\"sc-df222161-0 hNvwjb\">\n<p>Su \u00faltima experiencia como futbolista fue en Emiratos \u00c1rabes Unidos. All\u00ed defendi\u00f3 la camiseta del <strong>Emirates Club<\/strong> durante la temporada 2023\/24. Finalmente, <strong>el 8 de octubre de 2024 anunci\u00f3 su retiro profesional<\/strong>, poniendo punto final a una trayectoria que hab\u00eda comenzado m\u00e1s de dos d\u00e9cadas atr\u00e1s.<\/p>\n<\/div>\n<div id=\"element-body-17\" class=\"sc-a7166897-0 eTTZWU\"><a href=\"https:\/\/www.ole.com.ar\/futbol-internacional\/inglaterra\/premier-league-rompe-mercado-europa-grandes-ligas_0_lyerBw38yR.html\" aria-label=\"La Premier rompi\u00f3 el mercado: gast\u00f3 m\u00e1s que las otras cuatro grandes ligas juntas\" class=\"sc-d4f573e5-0 bUEDsN\"\/><\/p>\n<section><picture><img alt=\"La Premier rompi\u00f3 el mercado: gast\u00f3 m\u00e1s que las otras cuatro grandes ligas juntas\" loading=\"lazy\" width=\"290\" height=\"290\" decoding=\"async\" data-nimg=\"1\" style=\"color:transparent\" src=\"https:\/\/fmamiga909.com.ar\/wp-content\/uploads\/2026\/09\/PKOahT0l9_290x290__1.jpg\"\/><\/picture>\n<p><span>Mir\u00e1 tambi\u00e9n<\/span><\/p>\n<hr\/>\n<h3>La Premier rompi\u00f3 el mercado: gast\u00f3 m\u00e1s que las otras cuatro grandes ligas juntas<\/h3>\n<\/p>\n<\/section>\n<\/div>\n<div id=\"element-body-18\" class=\"sc-a7166897-0 eTTZWU\"><a href=\"https:\/\/www.ole.com.ar\/futbol-internacional\/espana\/barcelona-julianalvarez-atleticodemadrid-joanlaporta-diegosimeone_0_bDiTX5ytaJ.html\" aria-label=\"El Barcelona no se rinde por Juli\u00e1n \u00c1lvarez: ya apunta al mercado de enero\" class=\"sc-d4f573e5-0 bUEDsN\"\/><\/p>\n<section><picture><img alt=\"El Barcelona no se rinde por Juli\u00e1n \u00c1lvarez: ya apunta al mercado de enero\" loading=\"lazy\" width=\"290\" height=\"290\" decoding=\"async\" data-nimg=\"1\" style=\"color:transparent\" src=\"https:\/\/fmamiga909.com.ar\/wp-content\/uploads\/2026\/09\/TeYISmAwC_290x290__1.jpg\"\/><\/picture>\n<p><span>Mir\u00e1 tambi\u00e9n<\/span><\/p>\n<hr\/>\n<h3>El Barcelona no se rinde por Juli\u00e1n \u00c1lvarez: ya apunta al mercado de enero<\/h3>\n<\/p>\n<\/section>\n<\/div>\n<div id=\"element-body-19\" class=\"sc-a7166897-0 eTTZWU\"><a href=\"https:\/\/www.ole.com.ar\/seleccion\/mercado-pases-scaloneta-cambios-traspasos-compras-argentina-enzo-fernandez-dibu-martinez_0_oq61JkgoFa.html\" aria-label=\"La Scaloneta y los pases que hubo en el mercado que se cerr\u00f3\" class=\"sc-d4f573e5-0 bUEDsN\"\/><\/p>\n<section><picture><img alt=\"La Scaloneta y los pases que hubo en el mercado que se cerr\u00f3\" loading=\"lazy\" width=\"290\" height=\"290\" decoding=\"async\" data-nimg=\"1\" style=\"color:transparent\" src=\"https:\/\/fmamiga909.com.ar\/wp-content\/uploads\/2026\/09\/bD3OwC1sJ_290x290__1.jpg\"\/><\/picture>\n<p><span>Mir\u00e1 tambi\u00e9n<\/span><\/p>\n<hr\/>\n<h3>La Scaloneta y los pases que hubo en el mercado que se cerr\u00f3<\/h3>\n<\/p>\n<\/section>\n<\/div>\n<div id=\"element-body-20\" class=\"sc-a7166897-0 eTTZWU\"><a href=\"https:\/\/www.ole.com.ar\/futbol-internacional\/jugadores-libres-mercado-pases-europeo-cierre-opciones-clubes_0_vJr4XHCh4L.html\" aria-label=\"Los grandes jugadores que quedaron libres tras el cierre del mercado europeo\" class=\"sc-d4f573e5-0 bUEDsN\"\/><\/p>\n<section><picture><img alt=\"Los grandes jugadores que quedaron libres tras el cierre del mercado europeo\" loading=\"lazy\" width=\"290\" height=\"290\" decoding=\"async\" data-nimg=\"1\" style=\"color:transparent\" src=\"https:\/\/fmamiga909.com.ar\/wp-content\/uploads\/2026\/09\/tO7nW-hPa_290x290__1.jpg\"\/><\/picture>\n<p><span>Mir\u00e1 tambi\u00e9n<\/span><\/p>\n<hr\/>\n<h3>Los grandes jugadores que quedaron libres tras el cierre del mercado europeo<\/h3>\n<\/p>\n<\/section>\n<\/div>\n<\/div>\n<p><script async src=\"\/\/platform.twitter.com\/widgets.js\" charset=\"utf-8\"><\/script><br \/><a href=\"https:\/\/www.ole.com.ar\/futbol-internacional\/andres-iniesta-debuto-como-tecnico-liga-exotica-arranco-con-derrota_0_87LKp0eJyy.html\">source<\/a><\/p>\n","protected":false},"excerpt":{"rendered":"<p>Andr\u00e9s Iniesta ya tiene un nuevo desaf\u00edo dentro del f\u00fatbol. Despu\u00e9s de cerrar una carrera&#8230;<\/p>\n","protected":false},"author":3,"featured_media":49486,"comment_status":"closed","ping_status":"closed","sticky":false,"template":"","format":"standard","meta":{"footnotes":""},"categories":[21],"tags":[],"class_list":["post-49485","post","type-post","status-publish","format-standard","has-post-thumbnail","hentry","category-deportes"],"featured_image_urls":{"full":["https:\/\/fmamiga909.com.ar\/wp-content\/uploads\/2026\/09\/wp-header-logo-33.png",720,480,false],"thumbnail":["https:\/\/fmamiga909.com.ar\/wp-content\/uploads\/2026\/09\/wp-header-logo-33-150x150.png",150,150,true],"medium":["https:\/\/fmamiga909.com.ar\/wp-content\/uploads\/2026\/09\/wp-header-logo-33-300x200.png",300,200,true],"medium_large":["https:\/\/fmamiga909.com.ar\/wp-content\/uploads\/2026\/09\/wp-header-logo-33.png",720,480,false],"large":["https:\/\/fmamiga909.com.ar\/wp-content\/uploads\/2026\/09\/wp-header-logo-33.png",640,427,false],"1536x1536":["https:\/\/fmamiga909.com.ar\/wp-content\/uploads\/2026\/09\/wp-header-logo-33.png",720,480,false],"2048x2048":["https:\/\/fmamiga909.com.ar\/wp-content\/uploads\/2026\/09\/wp-header-logo-33.png",720,480,false],"newsium-slider-full":["https:\/\/fmamiga909.com.ar\/wp-content\/uploads\/2026\/09\/wp-header-logo-33.png",720,480,false],"newsium-featured":["https:\/\/fmamiga909.com.ar\/wp-content\/uploads\/2026\/09\/wp-header-logo-33.png",720,480,false],"newsium-medium":["https:\/\/fmamiga909.com.ar\/wp-content\/uploads\/2026\/09\/wp-header-logo-33-720x475.png",720,475,true]},"author_info":{"display_name":"Fredy Giuliano","author_link":"https:\/\/fmamiga909.com.ar\/?author=3"},"category_info":"<a href=\"https:\/\/fmamiga909.com.ar\/?cat=21\" rel=\"category\">Deportes<\/a>","tag_info":"Deportes","comment_count":"0","_links":{"self":[{"href":"https:\/\/fmamiga909.com.ar\/index.php?rest_route=\/wp\/v2\/posts\/49485","targetHints":{"allow":["GET"]}}],"collection":[{"href":"https:\/\/fmamiga909.com.ar\/index.php?rest_route=\/wp\/v2\/posts"}],"about":[{"href":"https:\/\/fmamiga909.com.ar\/index.php?rest_route=\/wp\/v2\/types\/post"}],"author":[{"embeddable":true,"href":"https:\/\/fmamiga909.com.ar\/index.php?rest_route=\/wp\/v2\/users\/3"}],"replies":[{"embeddable":true,"href":"https:\/\/fmamiga909.com.ar\/index.php?rest_route=%2Fwp%2Fv2%2Fcomments&post=49485"}],"version-history":[{"count":0,"href":"https:\/\/fmamiga909.com.ar\/index.php?rest_route=\/wp\/v2\/posts\/49485\/revisions"}],"wp:featuredmedia":[{"embeddable":true,"href":"https:\/\/fmamiga909.com.ar\/index.php?rest_route=\/wp\/v2\/media\/49486"}],"wp:attachment":[{"href":"https:\/\/fmamiga909.com.ar\/index.php?rest_route=%2Fwp%2Fv2%2Fmedia&parent=49485"}],"wp:term":[{"taxonomy":"category","embeddable":true,"href":"https:\/\/fmamiga909.com.ar\/index.php?rest_route=%2Fwp%2Fv2%2Fcategories&post=49485"},{"taxonomy":"post_tag","embeddable":true,"href":"https:\/\/fmamiga909.com.ar\/index.php?rest_route=%2Fwp%2Fv2%2Ftags&post=49485"}],"curies":[{"name":"wp","href":"https:\/\/api.w.org\/{rel}","templated":true}]}}