{"id":49497,"date":"2026-09-02T16:32:23","date_gmt":"2026-09-02T16:32:23","guid":{"rendered":"https:\/\/fmamiga909.com.ar\/?p=49497"},"modified":"2026-09-02T16:32:23","modified_gmt":"2026-09-02T16:32:23","slug":"figurita-repetida-para-el-clasico-rosarino-falcon-perez-dirigira-central-vs-newells-por-tercera-vez","status":"publish","type":"post","link":"https:\/\/fmamiga909.com.ar\/?p=49497","title":{"rendered":"Figurita repetida para el cl\u00e1sico rosarino: Falc\u00f3n P\u00e9rez dirigir\u00e1 Central vs. Newell\u2019s por tercera vez"},"content":{"rendered":"<div id=\"storyBody\">\n<div id=\"element-body-0\" class=\"sc-df222161-0 hNvwjb\">\n<p>La <strong><a href=\"https:\/\/www.ole.com.ar\/futbol-primera\/afa-darioherrera-nicolasramirez-river-facundotello_0_KyixcGSeCP.html\" title=\"octava fecha ya tiene \u00e1rbitros confirmados\" alt=\"octava fecha ya tiene \u00e1rbitros confirmados\">octava fecha ya tiene \u00e1rbitros confirmados<\/a><\/strong>. <strong><a href=\"https:\/\/www.ole.com.ar\/tema\/yael-falcon-perez.html\" title=\"Yael Falc\u00f3n P\u00e9rez\" alt=\"Yael Falc\u00f3n P\u00e9rez\" class=\"slug\">Yael Falc\u00f3n P\u00e9rez<\/a><\/strong> fue designado para dirigir el duelo entre <strong><a href=\"https:\/\/www.ole.com.ar\/tema\/rosario-central.html\" title=\"Rosario Central\" alt=\"Rosario Central\" class=\"slug\">Rosario Central<\/a><\/strong> y <strong><a href=\"https:\/\/www.ole.com.ar\/tema\/newells-old-boys.html\" target=\"_blank\" title=\"Newell's Old Boys\" alt=\"Newell's Old Boys\" class=\"slug\">Newell\u2019s<\/a><\/strong> del pr\u00f3ximo domingo, en el Gigante de Arroyito, y tendr\u00e1 as\u00ed su <strong>tercera experiencia<\/strong> en uno de los partidos m\u00e1s importantes del f\u00fatbol argentino.<\/p>\n<\/div>\n<div id=\"element-body-1\" class=\"sc-df222161-0 hNvwjb\">\n<p>El juez ya estuvo presente en las dos \u00faltimas ediciones del cl\u00e1sico y en ambas ocasiones <strong>el triunfo qued\u00f3 en manos del Canalla<\/strong>. Ahora volver\u00e1 a impartir justicia en un partido que, como siempre, concentra gran parte de la atenci\u00f3n en la previa.<\/p>\n<\/div>\n<div id=\"element-body-2\" class=\"sc-df222161-0 hNvwjb\">\n<p>La particularidad de esta designaci\u00f3n es que el mundialista ser\u00e1 el mismo \u00e1rbitro que dirigi\u00f3 el \u00faltimo enfrentamiento entre Central y Newell\u2019s. Aquel partido se disput\u00f3 en marzo, por el <strong>torneo Apertura<\/strong>, y termin\u00f3 con <strong>victoria 2-0<\/strong> para el equipo dirigido por <strong><a href=\"https:\/\/www.ole.com.ar\/tema\/jorge-almiron.html\" title=\"Jorge Almir\u00f3n\" alt=\"Jorge Almir\u00f3n\" class=\"slug\">Jorge Almir\u00f3n<\/a><\/strong>.<\/p>\n<\/div>\n<div class=\"sc-c0843421-0 iNysjD image-embed\" id=\"element-body-3\"><img alt=\"Las \u00faltimas victorias del cl\u00e1sico rosarino fueron para Central. (Foto Sebasti\u00e1n Granata).\" loading=\"lazy\" width=\"720\" height=\"100\" decoding=\"async\" data-nimg=\"1\" style=\"color:transparent\" src=\"https:\/\/fmamiga909.com.ar\/wp-content\/uploads\/2026\/09\/DLdWttU74_720x0__1.jpg\"\/><span class=\"epigraphe\">Las \u00faltimas victorias del cl\u00e1sico rosarino fueron para Central. (Foto Sebasti\u00e1n Granata).<\/span><\/div>\n<div id=\"element-body-4\" class=\"sc-df222161-0 hNvwjb\">\n<p><strong>\u00c1ngel Di Mar\u00eda<\/strong> y <strong>Jaminton Campaz<\/strong> fueron los autores de los goles de aquella tarde, en un encuentro que volvi\u00f3 a dejar al Canalla como ganador del cl\u00e1sico. Ahora, Falc\u00f3n P\u00e9rez tendr\u00e1 nuevamente la responsabilidad de conducir el duelo, esta vez en el Gigante de Arroyito.<\/p>\n<\/div>\n<p><h2>Los antecedentes de Falc\u00f3n P\u00e9rez en el cl\u00e1sico rosarino<\/h2>\n<\/p>\n<div id=\"element-body-6\" class=\"sc-df222161-0 hNvwjb\">\n<p>El otro antecedente del \u00e1rbitro en el cl\u00e1sico rosarino se remonta a la <strong>Copa de la Liga 2023<\/strong>. El 30 de septiembre, por la s\u00e9ptima fecha, <strong>Central se impuso 1-0 <\/strong> en el Parque Independencia gracias a un recordado tiro libre de Ignacio Malcorra. De esta manera, los dos cl\u00e1sicos que Falc\u00f3n P\u00e9rez dirigi\u00f3 hasta el momento <strong>terminaron con festejos de Rosario Central,<\/strong> uno de local y otro de visitante.<\/p>\n<\/div>\n<div id=\"element-body-7\" class=\"sc-df222161-0 hNvwjb\">\n<p>El \u00e1rbitro estar\u00e1 acompa\u00f1ado por <strong>Miguel Savorani<\/strong> y <strong>Pablo Gonz\u00e1lez<\/strong> como asistentes, mientras que <strong>Leandro Rey Hilfer<\/strong> ser\u00e1 el cuarto \u00e1rbitro. En el VAR estar\u00e1 <strong>Lucas Novelli<\/strong> y <strong>Gast\u00f3n Su\u00e1rez<\/strong> ser\u00e1 el encargado del AVAR.<\/p>\n<\/div>\n<div id=\"element-body-8\" class=\"sc-df222161-0 hNvwjb\">\n<p>La \u00faltima vez que Falc\u00f3n P\u00e9rez dirigi\u00f3 a Central fue el 10 de mayo. Aquella jornada, el equipo de Almir\u00f3n <strong>derrot\u00f3 3-1 a Independiente<\/strong> por los octavos de final del torneo Apertura, con goles de <strong>Di Mar\u00eda, Giovanni Cantizano y El\u00edas Ver\u00f3n<\/strong>. Para Newell\u2019s, el antecedente m\u00e1s reciente con Falc\u00f3n P\u00e9rez es justamente el cl\u00e1sico disputado en marzo en el Coloso Marcelo Bielsa.<\/p>\n<\/div>\n<div class=\"sc-c0843421-0 iNysjD image-embed\" id=\"element-body-9\"><img alt=\"Rosario Central y su racha positiva en cl\u00e1sicos con Falc\u00f3n P\u00e9rez. (Foto Marcelo Carroll - FTP CLARIN)\" loading=\"lazy\" width=\"720\" height=\"100\" decoding=\"async\" data-nimg=\"1\" style=\"color:transparent\" src=\"https:\/\/fmamiga909.com.ar\/wp-content\/uploads\/2026\/09\/hk4mbGZ3V_720x0__1.jpg\"\/><span class=\"epigraphe\">Rosario Central y su racha positiva en cl\u00e1sicos con Falc\u00f3n P\u00e9rez. (Foto Marcelo Carroll &#8211; FTP CLARIN)<\/span><\/div>\n<div id=\"element-body-10\" class=\"sc-df222161-0 hNvwjb\">\n<p><strong>Hac\u00eda 12 a\u00f1os que un mismo \u00e1rbitro no dirig\u00eda dos cl\u00e1sicos rosarinos de manera consecutiva<\/strong>. La \u00faltima vez hab\u00eda sido <strong>Patricio Loustau<\/strong>, en 2014. En aquella oportunidad, <strong>Central tambi\u00e9n sali\u00f3 victorioso en los dos encuentros<\/strong>. Primero se impuso 1-0 en el Parque Independencia, con gol de <strong>Franco Niell<\/strong>, y luego gan\u00f3 2-0 en Arroyito, con tantos de <strong>Niell y Nery Dom\u00ednguez<\/strong>.<\/p>\n<\/div>\n<p><h2>Los \u00e1rbitros de la octava fecha del torneo Clausura<\/h2>\n<\/p>\n<p><h3>Viernes 4 de septiembre<\/h3>\n<\/p>\n<div id=\"element-body-13\" class=\"sc-df222161-0 hNvwjb\">\n<p>16.45 | <strong>Estudiantes (R\u00edo Cuarto) \u2013 Sarmiento <\/strong>(Zona B) | <strong>\u00c1rbitro<\/strong>: Bryan Ferreyra<\/p>\n<\/div>\n<div id=\"element-body-14\" class=\"sc-df222161-0 hNvwjb\">\n<p>19.00 | <strong>Belgrano \u2013 Hurac\u00e1n<\/strong> (Zona B) | <strong>\u00c1rbitro<\/strong>: Luis Lobo Medina<\/p>\n<\/div>\n<div id=\"element-body-15\" class=\"sc-df222161-0 hNvwjb\">\n<p>19.00 | <strong>Platense \u2013 Deportivo Riestra<\/strong> (Zona A) | <strong>\u00c1rbitro<\/strong>: \u00c1lvaro Carranza<\/p>\n<\/div>\n<p><h3>S\u00e1bado 5 de septiembre<\/h3>\n<\/p>\n<div id=\"element-body-17\" class=\"sc-df222161-0 hNvwjb\">\n<p>13.30 | <strong>Aldosivi \u2013 Banfield<\/strong> (Zona B) | <strong>\u00c1rbitro<\/strong>: Sebasti\u00e1n Mart\u00ednez<\/p>\n<\/div>\n<div id=\"element-body-18\" class=\"sc-df222161-0 hNvwjb\">\n<p>14.30 | <strong>Gimnasia \u2013 Tigre<\/strong> (Zona B) | <strong>\u00c1rbitro<\/strong>: Daniel Zamora<\/p>\n<\/div>\n<div id=\"element-body-19\" class=\"sc-df222161-0 hNvwjb\">\n<p>16.30 | <strong>Gimnasia (Mza.) \u2013 Boca <\/strong>(Zona A) | <strong>\u00c1rbitro<\/strong>: Dar\u00edo Herrera<\/p>\n<\/div>\n<div id=\"element-body-20\" class=\"sc-df222161-0 hNvwjb\">\n<p>19.00 | <strong>San Lorenzo \u2013 Talleres<\/strong> (Zona A) | <strong>\u00c1rbitro<\/strong>: Fernando Echenique<\/p>\n<\/div>\n<div id=\"element-body-21\" class=\"sc-df222161-0 hNvwjb\">\n<p>21.15 | <strong>V\u00e9lez \u2013 Estudiantes<\/strong> (Zona A) | <strong>\u00c1rbitro<\/strong>: Pablo D\u00f3valo<\/p>\n<\/div>\n<p><h3>Domingo 6 de septiembre<\/h3>\n<\/p>\n<div id=\"element-body-23\" class=\"sc-df222161-0 hNvwjb\">\n<p>14.45 | <strong>Rosario Central \u2013 Newell&#8217;s<\/strong> (Interzonal) | <strong>\u00c1rbitro<\/strong>: Yael Falc\u00f3n P\u00e9rez<\/p>\n<\/div>\n<div id=\"element-body-24\" class=\"sc-df222161-0 hNvwjb\">\n<p>17.00 <strong>Lan\u00fas \u2013 Defensa y Justicia<\/strong> (Zona A) | <strong>\u00c1rbitro<\/strong>: Andr\u00e9s Merlos<\/p>\n<\/div>\n<div id=\"element-body-25\" class=\"sc-df222161-0 hNvwjb\">\n<p>17.00 | <strong>Central C\u00f3rdoba \u2013 Independiente<\/strong> (Zona A) | <strong>\u00c1rbitro<\/strong>: Andr\u00e9s Gariano<\/p>\n<\/div>\n<div id=\"element-body-26\" class=\"sc-df222161-0 hNvwjb\">\n<p>19.15 | <strong>River \u2013 Independiente Rivadavia Mza<\/strong>. (Zona B) | <strong>\u00c1rbitro<\/strong>: Nicol\u00e1s Ram\u00edrez<\/p>\n<\/div>\n<div id=\"element-body-27\" class=\"sc-df222161-0 hNvwjb\">\n<p>21.30 | <strong>Racing \u2013 Atl\u00e9tico Tucum\u00e1n<\/strong> (Zona B) | <strong>\u00c1rbitro<\/strong>: Pablo Echavarr\u00eda<\/p>\n<\/div>\n<p><h3>Lunes 7 de septiembre<\/h3>\n<\/p>\n<div id=\"element-body-29\" class=\"sc-df222161-0 hNvwjb\">\n<p>19.00 | <strong>Barracas Central \u2013 Argentinos <\/strong>(Zona B) | <strong>\u00c1rbitro<\/strong>: Leandro Rey Hilfer<\/p>\n<\/div>\n<div id=\"element-body-30\" class=\"sc-df222161-0 hNvwjb\">\n<p>21.15 | <strong>Uni\u00f3n \u2013 Instituto<\/strong> (Zona A) | <strong>\u00c1rbitro<\/strong>: Nicol\u00e1s Lamolina<\/p>\n<\/div>\n<div id=\"element-body-31\" class=\"sc-a7166897-0 eTTZWU\"><a href=\"https:\/\/www.ole.com.ar\/river-plate\/river-plate-matias-galarza-fonda-futuro-estudiantes-cantilo_0_8nizh4Yba0.html\" aria-label=\"Galarza Fonda: sin Europa, por qu\u00e9 no se entrena en Cantilo y el club argentino que lo tiene en la mira\" class=\"sc-d4f573e5-0 bUEDsN\"\/><\/p>\n<section><picture><img alt=\"Galarza Fonda: sin Europa, por qu\u00e9 no se entrena en Cantilo y el club argentino que lo tiene en la mira\" loading=\"lazy\" width=\"290\" height=\"290\" decoding=\"async\" data-nimg=\"1\" style=\"color:transparent\" src=\"https:\/\/fmamiga909.com.ar\/wp-content\/uploads\/2026\/09\/IoSTkmqgq_290x290__1.jpg\"\/><\/picture>\n<p><span>Mir\u00e1 tambi\u00e9n<\/span><\/p>\n<hr\/>\n<h3>Galarza Fonda: sin Europa, por qu\u00e9 no se entrena en Cantilo y el club argentino que lo tiene en la mira<\/h3>\n<\/p>\n<\/section>\n<\/div>\n<div id=\"element-body-32\" class=\"sc-a7166897-0 eTTZWU\"><a href=\"https:\/\/www.ole.com.ar\/autos\/paquete-mejoras-alpine-colapinto-monza_0_opXDovEPWR.html\" aria-label=\"C\u00f3mo ser\u00e1n las mejoras del Alpine de Colapinto en este GP de Monza para ir por los puntos\" class=\"sc-d4f573e5-0 bUEDsN\"\/><\/p>\n<section><picture><img alt=\"C\u00f3mo ser\u00e1n las mejoras del Alpine de Colapinto en este GP de Monza para ir por los puntos\" loading=\"lazy\" width=\"290\" height=\"290\" decoding=\"async\" data-nimg=\"1\" style=\"color:transparent\" src=\"https:\/\/fmamiga909.com.ar\/wp-content\/uploads\/2026\/09\/cKN3M-buk_290x290__1.jpg\"\/><\/picture>\n<p><span>Mir\u00e1 tambi\u00e9n<\/span><\/p>\n<hr\/>\n<h3>C\u00f3mo ser\u00e1n las mejoras del Alpine de Colapinto en este GP de Monza para ir por los puntos<\/h3>\n<\/p>\n<\/section>\n<\/div>\n<div id=\"element-body-33\" class=\"sc-a7166897-0 eTTZWU\"><a href=\"https:\/\/www.ole.com.ar\/futbol-internacional\/inglaterra\/enzo-fernandez-manchester-city-pase_0_aNEGH2Z7HA.html\" aria-label=\"Por qu\u00e9 el pase de Enzo Fern\u00e1ndez al City estuvo a punto de caerse\" class=\"sc-d4f573e5-0 bUEDsN\"\/><\/p>\n<section><picture><img alt=\"Por qu\u00e9 el pase de Enzo Fern\u00e1ndez al City estuvo a punto de caerse\" loading=\"lazy\" width=\"290\" height=\"290\" decoding=\"async\" data-nimg=\"1\" style=\"color:transparent\" src=\"https:\/\/fmamiga909.com.ar\/wp-content\/uploads\/2026\/09\/2JERC8ol5_290x290__1.jpg\"\/><\/picture>\n<p><span>Mir\u00e1 tambi\u00e9n<\/span><\/p>\n<hr\/>\n<h3>Por qu\u00e9 el pase de Enzo Fern\u00e1ndez al City estuvo a punto de caerse<\/h3>\n<\/p>\n<\/section>\n<\/div>\n<div id=\"element-body-34\" class=\"sc-a7166897-0 eTTZWU\"><a href=\"https:\/\/www.ole.com.ar\/boca-juniors\/juanromanriquelme-riverplate-bocajuniors-giulianogaloppo-avenidacantilo-eduardocoudet-sanpablo-banfield_0_vA2pWuaAJy.html\" aria-label=\"El inesperado elogio de Riquelme para un jugador borrado en River\" class=\"sc-d4f573e5-0 bUEDsN\"\/><\/p>\n<section><picture><img alt=\"El inesperado elogio de Riquelme para un jugador borrado en River\" loading=\"lazy\" width=\"290\" height=\"290\" decoding=\"async\" data-nimg=\"1\" style=\"color:transparent\" src=\"https:\/\/fmamiga909.com.ar\/wp-content\/uploads\/2026\/09\/1788366743_422_lsePtBgp1_290x290__1.jpg\"\/><\/picture>\n<p><span>Mir\u00e1 tambi\u00e9n<\/span><\/p>\n<hr\/>\n<h3>El inesperado elogio de Riquelme para un jugador borrado en River<\/h3>\n<\/p>\n<\/section>\n<\/div>\n<\/div>\n<p><a href=\"https:\/\/www.ole.com.ar\/rosario-central\/arbitro-clasico-rosarino-falcon-perez-dirigira-rosario-central-newells-tercera-vez-consecutiva_0_YETe8isoYZ.html\">source<\/a><\/p>\n","protected":false},"excerpt":{"rendered":"<p>La octava fecha ya tiene \u00e1rbitros confirmados. Yael Falc\u00f3n P\u00e9rez fue designado para dirigir el&#8230;<\/p>\n","protected":false},"author":3,"featured_media":49498,"comment_status":"closed","ping_status":"closed","sticky":false,"template":"","format":"standard","meta":{"footnotes":""},"categories":[21],"tags":[],"class_list":["post-49497","post","type-post","status-publish","format-standard","has-post-thumbnail","hentry","category-deportes"],"featured_image_urls":{"full":["https:\/\/fmamiga909.com.ar\/wp-content\/uploads\/2026\/09\/wp-header-logo-35.png",720,469,false],"thumbnail":["https:\/\/fmamiga909.com.ar\/wp-content\/uploads\/2026\/09\/wp-header-logo-35-150x150.png",150,150,true],"medium":["https:\/\/fmamiga909.com.ar\/wp-content\/uploads\/2026\/09\/wp-header-logo-35-300x195.png",300,195,true],"medium_large":["https:\/\/fmamiga909.com.ar\/wp-content\/uploads\/2026\/09\/wp-header-logo-35.png",720,469,false],"large":["https:\/\/fmamiga909.com.ar\/wp-content\/uploads\/2026\/09\/wp-header-logo-35.png",640,417,false],"1536x1536":["https:\/\/fmamiga909.com.ar\/wp-content\/uploads\/2026\/09\/wp-header-logo-35.png",720,469,false],"2048x2048":["https:\/\/fmamiga909.com.ar\/wp-content\/uploads\/2026\/09\/wp-header-logo-35.png",720,469,false],"newsium-slider-full":["https:\/\/fmamiga909.com.ar\/wp-content\/uploads\/2026\/09\/wp-header-logo-35.png",720,469,false],"newsium-featured":["https:\/\/fmamiga909.com.ar\/wp-content\/uploads\/2026\/09\/wp-header-logo-35.png",720,469,false],"newsium-medium":["https:\/\/fmamiga909.com.ar\/wp-content\/uploads\/2026\/09\/wp-header-logo-35.png",720,469,false]},"author_info":{"display_name":"Fredy Giuliano","author_link":"https:\/\/fmamiga909.com.ar\/?author=3"},"category_info":"<a href=\"https:\/\/fmamiga909.com.ar\/?cat=21\" rel=\"category\">Deportes<\/a>","tag_info":"Deportes","comment_count":"0","_links":{"self":[{"href":"https:\/\/fmamiga909.com.ar\/index.php?rest_route=\/wp\/v2\/posts\/49497","targetHints":{"allow":["GET"]}}],"collection":[{"href":"https:\/\/fmamiga909.com.ar\/index.php?rest_route=\/wp\/v2\/posts"}],"about":[{"href":"https:\/\/fmamiga909.com.ar\/index.php?rest_route=\/wp\/v2\/types\/post"}],"author":[{"embeddable":true,"href":"https:\/\/fmamiga909.com.ar\/index.php?rest_route=\/wp\/v2\/users\/3"}],"replies":[{"embeddable":true,"href":"https:\/\/fmamiga909.com.ar\/index.php?rest_route=%2Fwp%2Fv2%2Fcomments&post=49497"}],"version-history":[{"count":0,"href":"https:\/\/fmamiga909.com.ar\/index.php?rest_route=\/wp\/v2\/posts\/49497\/revisions"}],"wp:featuredmedia":[{"embeddable":true,"href":"https:\/\/fmamiga909.com.ar\/index.php?rest_route=\/wp\/v2\/media\/49498"}],"wp:attachment":[{"href":"https:\/\/fmamiga909.com.ar\/index.php?rest_route=%2Fwp%2Fv2%2Fmedia&parent=49497"}],"wp:term":[{"taxonomy":"category","embeddable":true,"href":"https:\/\/fmamiga909.com.ar\/index.php?rest_route=%2Fwp%2Fv2%2Fcategories&post=49497"},{"taxonomy":"post_tag","embeddable":true,"href":"https:\/\/fmamiga909.com.ar\/index.php?rest_route=%2Fwp%2Fv2%2Ftags&post=49497"}],"curies":[{"name":"wp","href":"https:\/\/api.w.org\/{rel}","templated":true}]}}