{"id":49509,"date":"2026-09-02T16:34:46","date_gmt":"2026-09-02T16:34:46","guid":{"rendered":"https:\/\/fmamiga909.com.ar\/?p=49509"},"modified":"2026-09-02T16:34:46","modified_gmt":"2026-09-02T16:34:46","slug":"la-scaloneta-y-los-pases-que-hubo-en-el-mercado-que-se-cerro","status":"publish","type":"post","link":"https:\/\/fmamiga909.com.ar\/?p=49509","title":{"rendered":"La Scaloneta y los pases que hubo en el mercado que se cerr\u00f3"},"content":{"rendered":"<div id=\"storyBody\">\n<div id=\"element-body-0\" class=\"sc-df222161-0 hNvwjb\">\n<p>El mercado de pases lleg\u00f3 a su fin en Europa. Y hubo varios cambios para jugadores que integran la Selecci\u00f3n Argentina. El m\u00e1s reciente, el millonario traspaso <a href=\"https:\/\/www.ole.com.ar\/futbol-internacional\/inglaterra\/enzofernandez-manchestercity-kunaguero-pablozabaleta_0_2WumEHsU8M.html\" target=\"_self\" title=\"de Enzo Fern\u00e1ndez de Chelsea a Manchester City por 145 millones de euros. \" alt=\"de Enzo Fern\u00e1ndez de Chelsea a Manchester City por 145 millones de euros. \">de Enzo Fern\u00e1ndez de Chelsea a Manchester City por 145 millones de euros.<\/a> D\u00edas antes, el Dibu Mart\u00ednez hab\u00eda salido de Aston Villa para firmar con Chelsea. A continuaci\u00f3n, en <strong>Ol\u00e9<\/strong> vamos a repasar todos los movimientos que hubo en esta ventana respecto a los mundialistas: <strong>qui\u00e9nes contin\u00faan en sus clubes, quienes pasaron a un nuevo destino. <\/strong><\/p>\n<\/div>\n<p><h2><strong>El mercado de pases de la Scaloneta<\/strong><\/h2>\n<\/p>\n<p><h2><strong>Arqueros<\/strong><\/h2>\n<\/p>\n<div id=\"element-body-3\" class=\"sc-df222161-0 hNvwjb\">\n<p><strong>Emiliano Mart\u00ednez<\/strong>: dej\u00f3 Aston Villa despu\u00e9s de varias temporadas y pas\u00f3 a Chelsea por casi 10 millones de d\u00f3lares y un contrato de tres a\u00f1os. <\/p>\n<\/div>\n<div class=\"sc-c0843421-0 iNysjD image-embed\" id=\"element-body-4\"><img alt=\"Dibu ya es hombre de Chelsea. \" loading=\"lazy\" width=\"720\" height=\"100\" decoding=\"async\" data-nimg=\"1\" style=\"color:transparent\" src=\"https:\/\/fmamiga909.com.ar\/wp-content\/uploads\/2026\/09\/X7zmIce-h_720x0__1.jpg\"\/><span class=\"epigraphe\">Dibu ya es hombre de Chelsea. <\/span><\/div>\n<div id=\"element-body-5\" class=\"sc-df222161-0 hNvwjb\">\n<p><strong>Juan Musso<\/strong>: sigue en Atl\u00e9tico de Madrid. Tiene contrato en el Colchonero hasta mediados de 2028 y buscar\u00e1 ganarle el puesto a Jan Oblak. <\/p>\n<\/div>\n<div id=\"element-body-6\" class=\"sc-df222161-0 hNvwjb\">\n<p><strong>Ger\u00f3nimo Rulli<\/strong>: a sus 34 a\u00f1os, peg\u00f3 un gran salto en su carrera: dej\u00f3 el Olympique de Marsella para ser refuerzo del Manchester City por por dos a\u00f1os, en una compra que rond\u00f3 los 3.5 millones de euros. Pelea el puesto con Gianluigi Donnarumma.<\/p>\n<\/div>\n<p><h2><strong>Los defensores<\/strong><\/h2>\n<\/p>\n<div id=\"element-body-8\" class=\"sc-df222161-0 hNvwjb\">\n<p><strong>Nahuel Molina<\/strong>: otro que cambi\u00f3 de aires. Roma compr\u00f3 su pase al Atl\u00e9tico Madrid por 19 millones de euros m\u00e1s variables y firm\u00f3 hasta mediados de 2030.<\/p>\n<\/div>\n<div id=\"element-body-9\" class=\"sc-df222161-0 hNvwjb\">\n<p><strong>Gonzalo Montiel<\/strong>: contin\u00faa en River, donde tiene contrato hasta fines de 2028. <\/p>\n<\/div>\n<div id=\"element-body-10\" class=\"sc-df222161-0 hNvwjb\">\n<p><strong>Cristian Romero<\/strong>: luego de cuatro a\u00f1os en Tottenham, Cuti arm\u00f3 las valijas y se fue a Espa\u00f1a: Atl\u00e9tico Madrid pag\u00f3 40 millones de euros y le hizo un contrato hasta mediados de 2031.<\/p>\n<\/div>\n<div class=\"sc-c0843421-0 iNysjD image-embed\" id=\"element-body-11\"><img alt=\"Cuti Romero y su presentaci\u00f3n en Atl\u00e9tico Madrid.\" loading=\"lazy\" width=\"720\" height=\"100\" decoding=\"async\" data-nimg=\"1\" style=\"color:transparent\" src=\"https:\/\/fmamiga909.com.ar\/wp-content\/uploads\/2026\/09\/3vZ2ruzno_720x0__1.jpg\"\/><span class=\"epigraphe\">Cuti Romero y su presentaci\u00f3n en Atl\u00e9tico Madrid.<\/span><\/div>\n<div id=\"element-body-12\" class=\"sc-df222161-0 hNvwjb\">\n<p><strong>Nicol\u00e1s Otamendi<\/strong>: ya desde antes del Mundial se hab\u00eda confirmado su arribo a River. Capit\u00e1n, tiene contrato hasta fines de 2027.<\/p>\n<\/div>\n<div id=\"element-body-13\" class=\"sc-df222161-0 hNvwjb\">\n<p><strong>Lisandro Mart\u00ednez<\/strong>: transita su \u00faltima temporada en Manchester United, ya que tiene contrato hasta mediados del a\u00f1o pr\u00f3ximo. <\/p>\n<\/div>\n<div id=\"element-body-14\" class=\"sc-df222161-0 hNvwjb\">\n<p><strong>Marcos Senesi<\/strong>: su salida del Bournemouth -luego de que finalizara su contrato- para jugar en Tottenham era sabida desde antes del Mundial, cuando firm\u00f3 hasta mediados de 2030.<\/p>\n<\/div>\n<div id=\"element-body-15\" class=\"sc-df222161-0 hNvwjb\">\n<p><strong>Facundo Medina<\/strong>: dej\u00f3 el Olympique de Marsella y se convirti\u00f3 en refuerzo de Bayer Leverkusen, que pag\u00f3 25 millones de euros por su pase, por cinco a\u00f1os de estad\u00eda.<\/p>\n<\/div>\n<div id=\"element-body-16\" class=\"sc-df222161-0 hNvwjb\">\n<p><strong>Nicol\u00e1s Tagliafico<\/strong>: regres\u00f3 al Olympique de Lyon, donde seguir\u00e1. Si bien lo quer\u00edan Juventus y Atl\u00e9tico de Madrid en el final del mercado de pases, no cambi\u00f3 de aires. En Francia tiene v\u00ednculo por un a\u00f1o m\u00e1s. <\/p>\n<\/div>\n<div id=\"element-body-17\" class=\"sc-df222161-0 hNvwjb\">\n<p><strong>Leonardo Balerdi:<\/strong> el defensor, que se perdi\u00f3 el Mundial por una lesi\u00f3n, pas\u00f3 de Olympique de Marsella a Roma a pr\u00e9stamo por un a\u00f1o (por un mill\u00f3n de euros) con una opci\u00f3n de compra cercana a los 15 millones.<\/p>\n<\/div>\n<div class=\"sc-c0843421-0 iNysjD image-embed\" id=\"element-body-18\"><img alt=\"Leo Balerdi en Italia. (FOTO: La Roma)\" loading=\"lazy\" width=\"720\" height=\"100\" decoding=\"async\" data-nimg=\"1\" style=\"color:transparent\" src=\"https:\/\/fmamiga909.com.ar\/wp-content\/uploads\/2026\/09\/GhuWxL13E_720x0__1.jpg\"\/><span class=\"epigraphe\">Leo Balerdi en Italia. (FOTO: La Roma)<\/span><\/div>\n<p><h2><strong>Los volantes<\/strong><\/h2>\n<\/p>\n<div id=\"element-body-20\" class=\"sc-df222161-0 hNvwjb\">\n<p><strong>Leandro Paredes<\/strong>: si bien tuvo ofertas del exterior, el 5 decidi\u00f3 continuar en Boca, donde tiene contrato hasta fines de 2028. <\/p>\n<\/div>\n<div class=\"sc-c0843421-0 iNysjD image-embed\" id=\"element-body-21\"><img alt=\"Paredes, uno de los que m\u00e1s jug\u00f3 post Mundial (Foto: Fernando de la Orden). \" loading=\"lazy\" width=\"720\" height=\"100\" decoding=\"async\" data-nimg=\"1\" style=\"color:transparent\" src=\"https:\/\/fmamiga909.com.ar\/wp-content\/uploads\/2026\/09\/DE5YIlkAw_720x0__1.jpg\"\/><span class=\"epigraphe\">Paredes, uno de los que m\u00e1s jug\u00f3 post Mundial (Foto: Fernando de la Orden). <\/span><\/div>\n<div id=\"element-body-22\" class=\"sc-df222161-0 hNvwjb\">\n<p><strong>Rodrigo De Paul<\/strong>: se sum\u00f3 a Inter Miami en el inicio de 2026 y tiene v\u00ednculo por largo rato, hasta diciembre de 2029. <\/p>\n<\/div>\n<div id=\"element-body-23\" class=\"sc-df222161-0 hNvwjb\">\n<p><strong>Enzo Fern\u00e1ndez<\/strong>: finalmente, en el cierre del mercado de pases, pas\u00f3 de Chelsea al Manchester City por 145 millones de euros. Firm\u00f3 contrato hasta mediados de 2031. <\/p>\n<\/div>\n<div class=\"sc-c0843421-0 iNysjD image-embed\" id=\"element-body-24\"><img alt=\"Enzo Fern\u00e1ndez en el Manchester City.\" loading=\"lazy\" width=\"720\" height=\"100\" decoding=\"async\" data-nimg=\"1\" style=\"color:transparent\" src=\"https:\/\/fmamiga909.com.ar\/wp-content\/uploads\/2026\/09\/-WdytbF3l_720x0__1.jpg\"\/><span class=\"epigraphe\">Enzo Fern\u00e1ndez en el Manchester City.<\/span><\/div>\n<div id=\"element-body-25\" class=\"sc-df222161-0 hNvwjb\">\n<p><strong>Alexis Mac Allister<\/strong>: el volante surgido de Argentinos Juniors sigue en Liverpool, donde tiene v\u00ednculo hasta mediados de 2028. <\/p>\n<\/div>\n<div id=\"element-body-26\" class=\"sc-df222161-0 hNvwjb\">\n<p><strong>Exequiel Palacios<\/strong>: dej\u00f3 la Bundesliga despu\u00e9s de seis a\u00f1os. S\u00ed, se fue del Leverkusen para firmar con Ipswich de la Premier League a cambio de 22,5 millones de euros (m\u00e1s cinco en variables) y un contrato de cuatro a\u00f1os.<\/p>\n<\/div>\n<div class=\"sc-c0843421-0 iNysjD image-embed\" id=\"element-body-27\"><img alt=\"Exequiel Palacios en el Ipswich.\" loading=\"lazy\" width=\"720\" height=\"100\" decoding=\"async\" data-nimg=\"1\" style=\"color:transparent\" src=\"https:\/\/fmamiga909.com.ar\/wp-content\/uploads\/2026\/09\/nWgvlbPe-_720x0__1.jpg\"\/><span class=\"epigraphe\">Exequiel Palacios en el Ipswich.<\/span><\/div>\n<div id=\"element-body-28\" class=\"sc-df222161-0 hNvwjb\">\n<p><strong>Valent\u00edn Barco<\/strong>: pas\u00f3 de Racing de Estrasburgo a Chelsea por 40 millones de euros y un contrato extenso por siete a\u00f1os, hasta mediados de 2033. <\/p>\n<\/div>\n<div class=\"sc-c0843421-0 iNysjD image-embed\" id=\"element-body-29\"><img alt=\"Barco en Chelsea (REUTER). \" loading=\"lazy\" width=\"720\" height=\"100\" decoding=\"async\" data-nimg=\"1\" style=\"color:transparent\" src=\"https:\/\/fmamiga909.com.ar\/wp-content\/uploads\/2026\/09\/qCDg2ELLI_720x0__1.jpg\"\/><span class=\"epigraphe\">Barco en Chelsea (REUTER). <\/span><\/div>\n<div id=\"element-body-30\" class=\"sc-df222161-0 hNvwjb\">\n<p><strong>Giovani Lo Celso<\/strong>: el volante rosarino permanece en Betis de Espa\u00f1a, donde tiene contrato hasta mediados de 2028. <\/p>\n<\/div>\n<div id=\"element-body-31\" class=\"sc-df222161-0 hNvwjb\">\n<p><strong>Nico Paz<\/strong>: Como hizo oficial el uso de su opci\u00f3n de compra por 60 millones de euros al Real Madrid durante el Mundial. En el club italiano tiene contrato hasta mediados de 2028, <\/p>\n<\/div>\n<p><h2><strong>Los delanteros<\/strong><\/h2>\n<\/p>\n<div id=\"element-body-33\" class=\"sc-df222161-0 hNvwjb\">\n<p><strong>Thiago Almada<\/strong>: otro que regres\u00f3 al f\u00fatbol argentino. River se lo compr\u00f3 al Atl\u00e9tico Madrid por 20 millones de euros, el traspaso m\u00e1s caro de la historia del f\u00fatbol argentino. Firm\u00f3 hasta fines de 2029.<\/p>\n<\/div>\n<div class=\"sc-c0843421-0 iNysjD image-embed\" id=\"element-body-34\"><img alt=\"Almada en su debut con River (Foto Maxi Failla).\" loading=\"lazy\" width=\"720\" height=\"100\" decoding=\"async\" data-nimg=\"1\" style=\"color:transparent\" src=\"https:\/\/fmamiga909.com.ar\/wp-content\/uploads\/2026\/09\/8q-TdfVlI_720x0__1.jpg\"\/><span class=\"epigraphe\">Almada en su debut con River (Foto Maxi Failla).<\/span><\/div>\n<div id=\"element-body-35\" class=\"sc-df222161-0 hNvwjb\">\n<p><strong>Nicol\u00e1s Gonz\u00e1lez<\/strong>: si bien su intenci\u00f3n era continuar en Atl\u00e9tico de Madrid, finalmente volvi\u00f3 y se qued\u00f3 en Juventus, donde es tenido en cuenta. Su v\u00ednculo se prolonga hasta junio de 2029. <\/p>\n<\/div>\n<div id=\"element-body-36\" class=\"sc-df222161-0 hNvwjb\">\n<p><strong>Giuliano Simeone<\/strong>: firme en el Atl\u00e9tico Madrid, donde tiene contrato hasta mediados de 2030. <\/p>\n<\/div>\n<div id=\"element-body-37\" class=\"sc-df222161-0 hNvwjb\">\n<p><strong>Juli\u00e1n \u00c1lvarez<\/strong>: protagonista de una novela. Primero, el ofrecimiento de Real Madrid. Luego, la intenci\u00f3n p\u00fablica del cordob\u00e9s de jugar en Barcelona, que realiz\u00f3 ofertas, pero fueron rechazadas por Atl\u00e9tico de Madrid. Arsenal lo quiso, pero \u00c1lvarez decidi\u00f3 no volver a Inglaterra, a\u00fan esperanzado con pasar al Barsa. Finalmente, no se dio y ahora contin\u00faa bajo las \u00f3rdenes de Diego Simeone, con contrato hasta mediados de 2030.<\/p>\n<\/div>\n<div class=\"sc-c0843421-0 iNysjD image-embed\" id=\"element-body-38\"><img alt=\"Juli\u00e1n en la pr\u00e1ctica (EFE).\" loading=\"lazy\" width=\"720\" height=\"100\" decoding=\"async\" data-nimg=\"1\" style=\"color:transparent\" src=\"https:\/\/fmamiga909.com.ar\/wp-content\/uploads\/2026\/09\/_Vk7O5ER2_720x0__1.jpg\"\/><span class=\"epigraphe\">Juli\u00e1n en la pr\u00e1ctica (EFE).<\/span><\/div>\n<div id=\"element-body-39\" class=\"sc-df222161-0 hNvwjb\">\n<p><strong>Lautaro Mart\u00ednez<\/strong>: emblema de Inter de Italia, contin\u00faa, con un contrato hasta junio de 2029. <\/p>\n<\/div>\n<div id=\"element-body-40\" class=\"sc-df222161-0 hNvwjb\">\n<p><strong>Jos\u00e9 Manuel L\u00f3pez<\/strong>: extendi\u00f3 recientemente su v\u00ednculo con Palmeiras de Brasil hasta diciembre de 2030.<\/p>\n<\/div>\n<div class=\"sc-c0843421-0 iNysjD image-embed\" id=\"element-body-41\"><img alt=\"Flaco L\u00f3pez, clave en el Verdao. \" loading=\"lazy\" width=\"720\" height=\"100\" decoding=\"async\" data-nimg=\"1\" style=\"color:transparent\" src=\"https:\/\/fmamiga909.com.ar\/wp-content\/uploads\/2026\/09\/Fyora1nV4_720x0__1.jpg\"\/><span class=\"epigraphe\">Flaco L\u00f3pez, clave en el Verdao. <\/span><\/div>\n<div id=\"element-body-42\" class=\"sc-df222161-0 hNvwjb\">\n<p><strong>Lionel Messi<\/strong>: retirado de la Selecci\u00f3n, el 10 de Inter Miami cuenta con una relaci\u00f3n laboral hasta diciembre de 2028. <\/p>\n<\/div>\n<p><h2><strong>Otros movimientos relevantes de jugadores argentinos con pasado en Selecci\u00f3n<\/strong><\/h2>\n<\/p>\n<div id=\"element-body-44\" class=\"sc-df222161-0 hNvwjb\">\n<p><strong>Alejandro Garnacho:<\/strong> de Chelsea a Aston Villa a pr\u00e9stamo.<\/p>\n<\/div>\n<div id=\"element-body-45\" class=\"sc-df222161-0 hNvwjb\">\n<p><strong>Franco Mastantuono: <\/strong> de Real Madrid a Fiorentina a pr\u00e9stamo.<\/p>\n<\/div>\n<div id=\"element-body-46\" class=\"sc-df222161-0 hNvwjb\">\n<p><strong>Santiago Castro<\/strong>: fue comprado por Roma luego de su paso por Bologna.<\/p>\n<\/div>\n<div id=\"element-body-47\" class=\"sc-df222161-0 hNvwjb\">\n<p><strong>Diablito Echeverri: <\/strong> a pr\u00e9stamo de Manchester City a Benfica.<\/p>\n<\/div>\n<\/div>\n<p><a href=\"https:\/\/www.ole.com.ar\/seleccion\/mercado-pases-scaloneta-cambios-traspasos-compras-argentina-enzo-fernandez-dibu-martinez_0_oq61JkgoFa.html\">source<\/a><\/p>\n","protected":false},"excerpt":{"rendered":"<p>El mercado de pases lleg\u00f3 a su fin en Europa. Y hubo varios cambios para&#8230;<\/p>\n","protected":false},"author":3,"featured_media":49510,"comment_status":"closed","ping_status":"closed","sticky":false,"template":"","format":"standard","meta":{"footnotes":""},"categories":[21],"tags":[],"class_list":["post-49509","post","type-post","status-publish","format-standard","has-post-thumbnail","hentry","category-deportes"],"featured_image_urls":{"full":["https:\/\/fmamiga909.com.ar\/wp-content\/uploads\/2026\/09\/wp-header-logo-36.png",720,505,false],"thumbnail":["https:\/\/fmamiga909.com.ar\/wp-content\/uploads\/2026\/09\/wp-header-logo-36-150x150.png",150,150,true],"medium":["https:\/\/fmamiga909.com.ar\/wp-content\/uploads\/2026\/09\/wp-header-logo-36-300x210.png",300,210,true],"medium_large":["https:\/\/fmamiga909.com.ar\/wp-content\/uploads\/2026\/09\/wp-header-logo-36.png",720,505,false],"large":["https:\/\/fmamiga909.com.ar\/wp-content\/uploads\/2026\/09\/wp-header-logo-36.png",640,449,false],"1536x1536":["https:\/\/fmamiga909.com.ar\/wp-content\/uploads\/2026\/09\/wp-header-logo-36.png",720,505,false],"2048x2048":["https:\/\/fmamiga909.com.ar\/wp-content\/uploads\/2026\/09\/wp-header-logo-36.png",720,505,false],"newsium-slider-full":["https:\/\/fmamiga909.com.ar\/wp-content\/uploads\/2026\/09\/wp-header-logo-36.png",720,505,false],"newsium-featured":["https:\/\/fmamiga909.com.ar\/wp-content\/uploads\/2026\/09\/wp-header-logo-36.png",720,505,false],"newsium-medium":["https:\/\/fmamiga909.com.ar\/wp-content\/uploads\/2026\/09\/wp-header-logo-36-720x475.png",720,475,true]},"author_info":{"display_name":"Fredy Giuliano","author_link":"https:\/\/fmamiga909.com.ar\/?author=3"},"category_info":"<a href=\"https:\/\/fmamiga909.com.ar\/?cat=21\" rel=\"category\">Deportes<\/a>","tag_info":"Deportes","comment_count":"0","_links":{"self":[{"href":"https:\/\/fmamiga909.com.ar\/index.php?rest_route=\/wp\/v2\/posts\/49509","targetHints":{"allow":["GET"]}}],"collection":[{"href":"https:\/\/fmamiga909.com.ar\/index.php?rest_route=\/wp\/v2\/posts"}],"about":[{"href":"https:\/\/fmamiga909.com.ar\/index.php?rest_route=\/wp\/v2\/types\/post"}],"author":[{"embeddable":true,"href":"https:\/\/fmamiga909.com.ar\/index.php?rest_route=\/wp\/v2\/users\/3"}],"replies":[{"embeddable":true,"href":"https:\/\/fmamiga909.com.ar\/index.php?rest_route=%2Fwp%2Fv2%2Fcomments&post=49509"}],"version-history":[{"count":0,"href":"https:\/\/fmamiga909.com.ar\/index.php?rest_route=\/wp\/v2\/posts\/49509\/revisions"}],"wp:featuredmedia":[{"embeddable":true,"href":"https:\/\/fmamiga909.com.ar\/index.php?rest_route=\/wp\/v2\/media\/49510"}],"wp:attachment":[{"href":"https:\/\/fmamiga909.com.ar\/index.php?rest_route=%2Fwp%2Fv2%2Fmedia&parent=49509"}],"wp:term":[{"taxonomy":"category","embeddable":true,"href":"https:\/\/fmamiga909.com.ar\/index.php?rest_route=%2Fwp%2Fv2%2Fcategories&post=49509"},{"taxonomy":"post_tag","embeddable":true,"href":"https:\/\/fmamiga909.com.ar\/index.php?rest_route=%2Fwp%2Fv2%2Ftags&post=49509"}],"curies":[{"name":"wp","href":"https:\/\/api.w.org\/{rel}","templated":true}]}}