{"id":49530,"date":"2026-09-02T17:18:19","date_gmt":"2026-09-02T17:18:19","guid":{"rendered":"https:\/\/fmamiga909.com.ar\/?p=49530"},"modified":"2026-09-02T17:18:19","modified_gmt":"2026-09-02T17:18:19","slug":"los-grandes-jugadores-que-quedaron-libres-tras-el-cierre-del-mercado-europeo","status":"publish","type":"post","link":"https:\/\/fmamiga909.com.ar\/?p=49530","title":{"rendered":"Los grandes jugadores que quedaron libres tras el cierre del mercado europeo"},"content":{"rendered":"<div id=\"storyBody\">\n<div id=\"element-body-0\" class=\"sc-df222161-0 hNvwjb\">\n<p>El <strong><a href=\"https:\/\/www.ole.com.ar\/futbol-internacional\/mercado-pases-cierre-enzo-fernandez-nicolas-tagliafico-gabriel-jesus-carrizo-zeballos_0_j59raj3pZq.html\" target=\"_self\" title=\"mercado de pases del verano europeo \" alt=\"mercado de pases del verano europeo \">mercado de pases del verano europeo<\/a> <\/strong> cerr\u00f3 para las cinco grandes ligas del continente. Inglaterra, Espa\u00f1a, Italia, Alemania y Francia bajaron la persiana entre el 31 de agosto y el 1 de septiembre, dejando definidos sus principales movimientos y, tambi\u00e9n, a varios futbolistas de renombre sin club. <strong><a href=\"https:\/\/www.ole.com.ar\/tema\/karim-benzema.html\" title=\"Karim Benzema\" alt=\"Karim Benzema\" class=\"slug\">Karim Benzema<\/a><\/strong>, <strong><a href=\"https:\/\/www.ole.com.ar\/tema\/dani-carvajal.html\" title=\"Dani Carvajal\" alt=\"Dani Carvajal\" class=\"slug\">Dani Carvajal<\/a><\/strong>, <strong><a href=\"https:\/\/www.ole.com.ar\/tema\/paul-pogba.html\" title=\"Paul Pogba\" alt=\"Paul Pogba\" class=\"slug\">Paul Pogba<\/a><\/strong>, <strong><a href=\"https:\/\/www.ole.com.ar\/tema\/riyah-mahrez.html\" title=\"Riyah Mahrez\" alt=\"Riyah Mahrez\" class=\"slug\">Riyad Mahrez<\/a><\/strong>, <strong><a href=\"https:\/\/www.ole.com.ar\/tema\/jadon-sancho.html\" title=\"Jadon Sancho\" alt=\"Jadon Sancho\" class=\"slug\">Jadon Sancho<\/a><\/strong>, <strong><a href=\"https:\/\/www.ole.com.ar\/tema\/david-alaba.html\" title=\"david alaba\" alt=\"david alaba\" class=\"slug\">David Alaba<\/a><\/strong> y <strong><a href=\"https:\/\/www.ole.com.ar\/tema\/mauro-icardi.html\" title=\"Mauro Icardi\" alt=\"Mauro Icardi\" class=\"slug\">Mauro Icardi<\/a><\/strong> son algunos de los jugadores m\u00e1s destacados que todav\u00eda buscan destino.<\/p>\n<\/div>\n<div id=\"element-body-1\" class=\"sc-df222161-0 hNvwjb\">\n<p>Sin embargo, la ventana de transferencias todav\u00eda no termin\u00f3 por completo para ellos. Por su condici\u00f3n de libres, todav\u00eda tienen plazo para negociar en las principales ligas de Europa. Adem\u00e1s, <strong>Pa\u00edses Bajos baja la persiana este mi\u00e9rcoles 2 de septiembre, mientras que Austria y B\u00e9lgica lo har\u00e1n el jueves 3. Portugal y Turqu\u00eda, en tanto, mantendr\u00e1n abierta su inscripci\u00f3n hasta las 23:59 del viernes 4. Por \u00faltimo, en Arabia Saudita el per\u00edodo de incorporaciones continuar\u00e1 hasta el domingo 6<\/strong>. As\u00ed, todav\u00eda hay margen para que varias figuras definan su futuro. <\/p>\n<\/div>\n<p><h2><strong> Karim Benzema (Al Hilal: qued\u00f3 libre)<\/strong><\/h2>\n<\/p>\n<div id=\"element-body-3\" class=\"sc-df222161-0 hNvwjb\">\n<p>El delantero franc\u00e9s termin\u00f3 su breve etapa en <strong><a href=\"https:\/\/www.ole.com.ar\/tema\/al-hilal.html\" title=\"Al-Hilal\" alt=\"Al-Hilal\" class=\"slug\">Al Hilal<\/a><\/strong> despu\u00e9s de que ambas partes acordaran rescindir el v\u00ednculo. <strong>Benzema hab\u00eda llegado al club saud\u00ed en 2026, luego de su salida de Al Ittihad, pero su paso fue corto<\/strong>. A los 38 a\u00f1os, todav\u00eda no confirm\u00f3 su retiro y deber\u00e1 definir si contin\u00faa su carrera o pone punto final a una trayectoria plagada de t\u00edtulos.<\/p>\n<\/div>\n<p><h2><strong>Dani Carvajal (Real Madrid: qued\u00f3 libre)<\/strong><\/h2>\n<\/p>\n<div id=\"element-body-6\" class=\"sc-df222161-0 hNvwjb\">\n<p><strong>Despu\u00e9s de 13 temporadas en el primer equipo de <a href=\"https:\/\/www.ole.com.ar\/tema\/real-madrid.html\" title=\"Real Madrid\" alt=\"Real Madrid\" class=\"slug\"> Real Madrid<\/a>, el lateral espa\u00f1ol termin\u00f3 su ciclo en el club<\/strong>. La instituci\u00f3n anunci\u00f3 en mayo que ambas partes hab\u00edan acordado finalizar el v\u00ednculo al t\u00e9rmino de la temporada. Carvajal disput\u00f3 450 partidos con la camiseta blanca y gan\u00f3 27 t\u00edtulos, entre ellos seis Champions League. A los 34 a\u00f1os, a\u00fan no comunic\u00f3 cu\u00e1l ser\u00e1 su pr\u00f3ximo destino.<\/p>\n<\/div>\n<div>\n<blockquote class=\"twitter-tweet\">\n<p lang=\"es\" dir=\"ltr\">Comunicado Oficial: Carvajal.<\/p>\n<p>\u2014 Real Madrid C.F. (@realmadrid) <a href=\"https:\/\/x.com\/realmadrid\/status\/2056329198399348920?ref_src=twsrc%5Etfw\">May 18, 2026<\/a><\/p><\/blockquote>\n<\/div>\n<p><h2><strong>Paul Pogba (Monaco: rescindi\u00f3 su contrato)<\/strong><\/h2>\n<\/p>\n<div id=\"element-body-9\" class=\"sc-df222161-0 hNvwjb\">\n<p>El franc\u00e9s hab\u00eda regresado al f\u00fatbol de elite con Monaco despu\u00e9s de cumplir una sanci\u00f3n por doping. Sin embargo, <strong><a href=\"https:\/\/www.ole.com.ar\/futbol-internacional\/francia\/frustrada-vuelta-futbol-paul-pogba-rescindio-monaco_0_x9gtEP3cKD.html\" target=\"_self\" title=\"su etapa en el Principado termin\u00f3 antes de lo previsto\" alt=\"su etapa en el Principado termin\u00f3 antes de lo previsto\">su etapa en el Principado termin\u00f3 antes de lo previsto<\/a><\/strong>: <strong>el club y el mediocampista acordaron rescindir el contrato que originalmente se extend\u00eda hasta junio de 2027. <\/strong> Su participaci\u00f3n fue limitada y ahora Pogba vuelve a estar disponible para buscar una nueva oportunidad.<\/p>\n<\/div>\n<div class=\"sc-c0843421-0 iNysjD image-embed\" id=\"element-body-10\"><img alt=\"Paul Pogba ten\u00eda contrato hasta 2027. (foto: reuter)\" loading=\"lazy\" width=\"720\" height=\"100\" decoding=\"async\" data-nimg=\"1\" style=\"color:transparent\" src=\"https:\/\/fmamiga909.com.ar\/wp-content\/uploads\/2026\/09\/qAlE1rcQs_720x0__1.jpg\"\/><span class=\"epigraphe\">Paul Pogba ten\u00eda contrato hasta 2027. (foto: reuter)<\/span><\/div>\n<p><h2><strong>Riyad Mahrez (Al Ahli: qued\u00f3 libre)<\/strong><\/h2>\n<\/p>\n<div id=\"element-body-12\" class=\"sc-df222161-0 hNvwjb\">\n<p><strong>El extremo argelino termin\u00f3 su ciclo en <a href=\"https:\/\/www.ole.com.ar\/tema\/al-ahly.html\" title=\"Al Ahly\" alt=\"Al Ahly\" class=\"slug\">Al Ahli<\/a> despu\u00e9s de tres temporadas en Arabia Saudita<\/strong>. El club anunci\u00f3 su salida en julio, luego de una etapa en la que disput\u00f3 122 partidos, convirti\u00f3 37 goles y aport\u00f3 46 asistencias. A los 35 a\u00f1os, el ex <strong><a href=\"https:\/\/www.ole.com.ar\/tema\/manchester-city.html\" title=\"Manchester City\" alt=\"Manchester City\" class=\"slug\">Manchester City<\/a><\/strong> todav\u00eda no defini\u00f3 d\u00f3nde continuar\u00e1 su carrera.<\/p>\n<\/div>\n<p><h2><strong>Raheem Sterling (Feyenoord: termin\u00f3 su contrato)<\/strong><\/h2>\n<\/p>\n<div id=\"element-body-15\" class=\"sc-df222161-0 hNvwjb\">\n<p><strong>El ingl\u00e9s lleg\u00f3 a <a href=\"https:\/\/www.ole.com.ar\/tema\/feyenoord.html\" title=\"Feyenoord\" alt=\"Feyenoord\" class=\"slug\">Feyenoord<\/a> en febrero de 2026 como agente libre y firm\u00f3 hasta el final de la temporada 2025\/26<\/strong>. Una vez terminado ese v\u00ednculo, volvi\u00f3 a quedar sin club. Antes de llegar a Pa\u00edses Bajos, Sterling pas\u00f3 por <strong><a href=\"https:\/\/www.ole.com.ar\/tema\/liverpool.html\" title=\"Liverpool\" alt=\"Liverpool\" class=\"slug\">Liverpool<\/a><\/strong>, <strong><a href=\"https:\/\/www.ole.com.ar\/tema\/manchester-city.html\" title=\"Manchester City\" alt=\"Manchester City\" class=\"slug\">Manchester City<\/a><\/strong>, <strong><a href=\"https:\/\/www.ole.com.ar\/tema\/chelsea.html\" title=\"Chelsea\" alt=\"Chelsea\" class=\"slug\">Chelsea<\/a><\/strong> y <strong><a href=\"https:\/\/www.ole.com.ar\/tema\/arsenal-fc.html\" title=\"Arsenal FC\" alt=\"Arsenal FC\" class=\"slug\">Arsenal<\/a><\/strong>. A los 31 a\u00f1os, espera por una nueva oportunidad.<\/p>\n<\/div>\n<div class=\"sc-c0843421-0 iNysjD image-embed\" id=\"element-body-16\"><img alt=\"Raheem Sterling.\" loading=\"lazy\" width=\"720\" height=\"100\" decoding=\"async\" data-nimg=\"1\" style=\"color:transparent\" src=\"https:\/\/fmamiga909.com.ar\/wp-content\/uploads\/2026\/09\/soZvWhHyA_720x0__1.jpg\"\/><span class=\"epigraphe\">Raheem Sterling.<\/span><\/div>\n<p><h2><strong>Philippe Coutinho (Vasco da Gama: rescindi\u00f3 su contrato)<\/strong><\/h2>\n<\/p>\n<div id=\"element-body-18\" class=\"sc-df222161-0 hNvwjb\">\n<p>El brasile\u00f1o qued\u00f3 libre despu\u00e9s de una salida anticipada de <strong><a href=\"https:\/\/www.ole.com.ar\/tema\/vasco-da-gama.html\" title=\"Vasco da Gama\" alt=\"Vasco da Gama\" class=\"slug\">Vasco da Gama<\/a><\/strong>. Coutinho hab\u00eda regresado al club en 2024, pero en febrero de 2026 comunic\u00f3 su intenci\u00f3n de rescindir el v\u00ednculo. Vasco confirm\u00f3 la salida despu\u00e9s de alcanzar un acuerdo con el jugador. Desde entonces, el mediocampista de 34 a\u00f1os permanece sin equipo.<\/p>\n<\/div>\n<div>\n<blockquote class=\"twitter-tweet\">\n<p lang=\"pt\" dir=\"ltr\">O Vasco da Gama informa que o atleta Philippe Coutinho procurou o clube para manifestar o desejo de rescindir, de forma antecipada, o contrato que se encerraria no meio deste ano.<\/p>\n<p>Ap\u00f3s di\u00e1logo respeitoso e transparente, as partes chegaram a um acordo amig\u00e1vel para a rescis\u00e3o\u2026 <a href=\"https:\/\/t.co\/1165hnWqea\">pic.twitter.com\/1165hnWqea<\/a><\/p>\n<p>\u2014 Vasco da Gama (@VascodaGama) <a href=\"https:\/\/x.com\/VascodaGama\/status\/2024984189175562712?ref_src=twsrc%5Etfw\">February 20, 2026<\/a><\/p><\/blockquote>\n<\/div>\n<p><h2><strong>Jadon Sancho (Manchester United: qued\u00f3 libre)<\/strong><\/h2>\n<\/p>\n<div id=\"element-body-21\" class=\"sc-df222161-0 hNvwjb\">\n<p><strong>El ingl\u00e9s termin\u00f3 su contrato con Manchester United despu\u00e9s de una etapa marcada por diferentes cesiones<\/strong>. Durante ese per\u00edodo pas\u00f3 por <strong><a href=\"https:\/\/www.ole.com.ar\/tema\/borussia-dortmund.html\" title=\"Borussia Dortmund\" alt=\"Borussia Dortmund\" class=\"slug\">Borussia Dortmund<\/a><\/strong>, Chelsea y <strong><a href=\"https:\/\/www.ole.com.ar\/tema\/aston-vill.html\" title=\"Aston Vill\" alt=\"Aston Vill\" class=\"slug\">Aston Villa,<\/a><\/strong> donde estuvo a pr\u00e9stamo durante la \u00faltima temporada. Al finalizar el v\u00ednculo con el conjunto de Old Trafford, qued\u00f3 libre. Con 26 a\u00f1os, es uno de los jugadores con mayor valor de mercado dentro de esta lista.<\/p>\n<\/div>\n<div class=\"sc-c0843421-0 iNysjD image-embed\" id=\"element-body-22\"><img alt=\"Jadon Sancho con la Europa League 2025\/26 en el Aston Villa.(Reuters)\" loading=\"lazy\" width=\"720\" height=\"100\" decoding=\"async\" data-nimg=\"1\" style=\"color:transparent\" src=\"https:\/\/fmamiga909.com.ar\/wp-content\/uploads\/2026\/09\/Z6PMfS3gjb_720x0__1.jpg\"\/><span class=\"epigraphe\">Jadon Sancho con la Europa League 2025\/26 en el Aston Villa.(Reuters)<\/span><\/div>\n<p><h2><strong> David Alaba (Real Madrid: qued\u00f3 libre)<\/strong><\/h2>\n<\/p>\n<div id=\"element-body-24\" class=\"sc-df222161-0 hNvwjb\">\n<p><strong>El defensor austr\u00edaco tambi\u00e9n puso fin a su etapa en Real Madrid. El club anunci\u00f3 en mayo que ambas partes hab\u00edan acordado terminar el v\u00ednculo al cierre de la temporada<\/strong>. Alaba disput\u00f3 131 partidos durante sus cinco a\u00f1os en Madrid y gan\u00f3 11 t\u00edtulos, entre ellos dos Champions League. Sus \u00faltimos a\u00f1os estuvieron condicionados por distintas lesiones y ahora busca un nuevo destino.<\/p>\n<\/div>\n<div>\n<blockquote class=\"twitter-tweet\">\n<p lang=\"es\" dir=\"ltr\">Comunicado Oficial: Alaba.<\/p>\n<p>\u2014 Real Madrid C.F. (@realmadrid) <a href=\"https:\/\/x.com\/realmadrid\/status\/2057849213778854161?ref_src=twsrc%5Etfw\">May 22, 2026<\/a><\/p><\/blockquote>\n<\/div>\n<p><h2><strong>Mauro Icardi (Galatasaray: qued\u00f3 libre)<\/strong><\/h2>\n<\/p>\n<div id=\"element-body-27\" class=\"sc-df222161-0 hNvwjb\">\n<p><strong>El delantero argentino finaliz\u00f3 su contrato con <a href=\"https:\/\/www.ole.com.ar\/tema\/galatasaray.html\" title=\"Galatasaray\" alt=\"Galatasaray\" class=\"slug\">Galatasaray<\/a> el 30 de junio y qued\u00f3 como agente libre.<\/strong> Icardi tuvo una etapa muy destacada en Turqu\u00eda, donde se convirti\u00f3 en uno de los principales referentes ofensivos del equipo y fue protagonista en la conquista de varios t\u00edtulos. A los 33 a\u00f1os, espera definir d\u00f3nde continuar\u00e1 su carrera.<\/p>\n<\/div>\n<div>\n<blockquote class=\"twitter-tweet\">\n<p lang=\"tr\" dir=\"ltr\">Sevgili Mauro,<\/p>\n<p>Bug\u00fcn ayr\u0131l\u0131ktan de\u011fil, mirastan s\u00f6z ediyoruz.<\/p>\n<p>Art\u0131k Galatasaray formas\u0131n\u0131 giymiyor olman, kalbimizdeki yerini de\u011fi\u015ftirmeyecek. \u00c7\u00fcnk\u00fc sen, 7\u2019den 70\u2019e her Galatasarayl\u0131n\u0131n g\u00f6nl\u00fcnde taht kurdun.<\/p>\n<p>Att\u0131\u011f\u0131n goller, ya\u015fad\u0131\u011f\u0131n gol krall\u0131klar\u0131, k\u0131rd\u0131\u011f\u0131n rekorlar ve\u2026 <a href=\"https:\/\/t.co\/JQJKK3nFyo\">pic.twitter.com\/JQJKK3nFyo<\/a><\/p>\n<p>\u2014 Galatasaray SK (@GalatasaraySK) <a href=\"https:\/\/x.com\/GalatasaraySK\/status\/2077480731102564517?ref_src=twsrc%5Etfw\">July 15, 2026<\/a><\/p><\/blockquote>\n<\/div>\n<p><h2><strong>Anthony Martial (Monterrey: rescindi\u00f3 su contrato)<\/strong><\/h2>\n<\/p>\n<div id=\"element-body-30\" class=\"sc-df222161-0 hNvwjb\">\n<p><strong>El franc\u00e9s dej\u00f3 <a href=\"https:\/\/www.ole.com.ar\/tema\/monterrey.html\" title=\"Monterrey\" alt=\"Monterrey\" class=\"slug\">Monterrey<\/a> en junio, despu\u00e9s de que ambas partes acordaran rescindir anticipadamente el contrato que los un\u00eda hasta 2027<\/strong>. Martial hab\u00eda llegado al f\u00fatbol mexicano en septiembre de 2025, pero su paso por Rayados estuvo lejos de las expectativas. Disput\u00f3 20 partidos y marc\u00f3 un gol. A los 30 a\u00f1os, vuelve a estar disponible para negociar con otro club.<\/p>\n<\/div>\n<p><h2><strong>Wilfried Zaha (Charlotte FC: termin\u00f3 su pr\u00e9stamo y qued\u00f3 libre)<\/strong><\/h2>\n<\/p>\n<div id=\"element-body-32\" class=\"sc-df222161-0 hNvwjb\">\n<p><strong>El marfile\u00f1o termin\u00f3 su pr\u00e9stamo en <a href=\"https:\/\/www.ole.com.ar\/tema\/charlotte-fc.html\" title=\"Charlotte FC\" alt=\"Charlotte FC\" class=\"slug\">Charlotte FC<\/a> el 30 de junio de 2026. El club estadounidense confirm\u00f3 su salida despu\u00e9s de un a\u00f1o y medio<\/strong>. Su pase pertenec\u00eda a Galatasaray, pero el v\u00ednculo con la instituci\u00f3n turca tambi\u00e9n finaliz\u00f3 ese mismo d\u00eda, por lo que Zaha qued\u00f3 libre. A los 33 a\u00f1os, busca un nuevo destino.<\/p>\n<\/div>\n<div>\n<blockquote class=\"twitter-tweet\">\n<p lang=\"en\" dir=\"ltr\">Wilfried Zaha will depart the Club following the conclusion of his loan on June 30, 2026.<\/p>\n<p>Thank you for it all, Wilf \ud83d\udc99 <a href=\"https:\/\/t.co\/PcTfOTzXIZ\">pic.twitter.com\/PcTfOTzXIZ<\/a><\/p>\n<p>\u2014 Charlotte FC (@CharlotteFC) <a href=\"https:\/\/x.com\/CharlotteFC\/status\/2058578784035418451?ref_src=twsrc%5Etfw\">May 24, 2026<\/a><\/p><\/blockquote>\n<\/div>\n<div id=\"element-body-34\" class=\"sc-a7166897-0 eTTZWU\"><a href=\"https:\/\/www.ole.com.ar\/futbol-internacional\/ajax-geronimo-spina-estudiantes-atletico-madrid_0_UDbSHFeJM5.html\" aria-label=\"Se form\u00f3 en Estudiantes, pas\u00f3 por el Atl\u00e9tico de Madrid y es la nueva joya del Ajax\" class=\"sc-d4f573e5-0 bUEDsN\"\/><\/p>\n<section><picture><img alt=\"Se form\u00f3 en Estudiantes, pas\u00f3 por el Atl\u00e9tico de Madrid y es la nueva joya del Ajax\" loading=\"lazy\" width=\"290\" height=\"290\" decoding=\"async\" data-nimg=\"1\" style=\"color:transparent\" src=\"https:\/\/fmamiga909.com.ar\/wp-content\/uploads\/2026\/09\/rdKNIDBSH_290x290__1.jpg\"\/><\/picture>\n<p><span>Mir\u00e1 tambi\u00e9n<\/span><\/p>\n<hr\/>\n<h3>Se form\u00f3 en Estudiantes, pas\u00f3 por el Atl\u00e9tico de Madrid y es la nueva joya del Ajax<\/h3>\n<\/p>\n<\/section>\n<\/div>\n<div id=\"element-body-35\" class=\"sc-a7166897-0 eTTZWU\"><a href=\"https:\/\/www.ole.com.ar\/futbol-internacional\/inglaterra\/fichaje-sorpresa-inglaterra-riquelme-jugara-premier-league_0_JTFd3SkFPQ.html\" aria-label=\"Fichaje sorpresa en Inglaterra: \u00bfqui\u00e9n es el Juan Riquelme que jugar\u00e1 en la Premier League?\" class=\"sc-d4f573e5-0 bUEDsN\"\/><\/p>\n<section><picture><img alt=\"Fichaje sorpresa en Inglaterra: \u00bfqui\u00e9n es el Juan Riquelme que jugar\u00e1 en la Premier League?\" loading=\"lazy\" width=\"290\" height=\"290\" decoding=\"async\" data-nimg=\"1\" style=\"color:transparent\" src=\"https:\/\/fmamiga909.com.ar\/wp-content\/uploads\/2026\/09\/84MFiSAK3_290x290__1.jpg\"\/><\/picture>\n<p><span>Mir\u00e1 tambi\u00e9n<\/span><\/p>\n<hr\/>\n<h3>Fichaje sorpresa en Inglaterra: \u00bfqui\u00e9n es el Juan Riquelme que jugar\u00e1 en la Premier League?<\/h3>\n<\/p>\n<\/section>\n<\/div>\n<div id=\"element-body-36\" class=\"sc-a7166897-0 eTTZWU\"><a href=\"https:\/\/www.ole.com.ar\/futbol-internacional\/mercado-pases-cierre-enzo-fernandez-nicolas-tagliafico-gabriel-jesus-carrizo-zeballos_0_j59raj3pZq.html\" aria-label=\"Los \u00faltimos movimientos de pases en Europa en el cierre del mercado\" class=\"sc-d4f573e5-0 bUEDsN\"\/><\/p>\n<section><picture><img alt=\"Los \u00faltimos movimientos de pases en Europa en el cierre del mercado\" loading=\"lazy\" width=\"290\" height=\"290\" decoding=\"async\" data-nimg=\"1\" style=\"color:transparent\" src=\"https:\/\/fmamiga909.com.ar\/wp-content\/uploads\/2026\/09\/1788369499_161_1ratV28gl_290x290__1.jpg\"\/><\/picture>\n<p><span>Mir\u00e1 tambi\u00e9n<\/span><\/p>\n<hr\/>\n<h3>Los \u00faltimos movimientos de pases en Europa en el cierre del mercado<\/h3>\n<\/p>\n<\/section>\n<\/div>\n<\/div>\n<p><script async src=\"\/\/platform.twitter.com\/widgets.js\" charset=\"utf-8\"><\/script><br \/><a href=\"https:\/\/www.ole.com.ar\/futbol-internacional\/jugadores-libres-mercado-pases-europeo-cierre-opciones-clubes_0_vJr4XHCh4L.html\">source<\/a><\/p>\n","protected":false},"excerpt":{"rendered":"<p>El mercado de pases del verano europeo cerr\u00f3 para las cinco grandes ligas del continente&#8230;.<\/p>\n","protected":false},"author":3,"featured_media":49531,"comment_status":"closed","ping_status":"closed","sticky":false,"template":"","format":"standard","meta":{"footnotes":""},"categories":[21],"tags":[],"class_list":["post-49530","post","type-post","status-publish","format-standard","has-post-thumbnail","hentry","category-deportes"],"featured_image_urls":{"full":["https:\/\/fmamiga909.com.ar\/wp-content\/uploads\/2026\/09\/wp-header-logo-39.png",720,957,false],"thumbnail":["https:\/\/fmamiga909.com.ar\/wp-content\/uploads\/2026\/09\/wp-header-logo-39-150x150.png",150,150,true],"medium":["https:\/\/fmamiga909.com.ar\/wp-content\/uploads\/2026\/09\/wp-header-logo-39-226x300.png",226,300,true],"medium_large":["https:\/\/fmamiga909.com.ar\/wp-content\/uploads\/2026\/09\/wp-header-logo-39.png",720,957,false],"large":["https:\/\/fmamiga909.com.ar\/wp-content\/uploads\/2026\/09\/wp-header-logo-39.png",640,851,false],"1536x1536":["https:\/\/fmamiga909.com.ar\/wp-content\/uploads\/2026\/09\/wp-header-logo-39.png",720,957,false],"2048x2048":["https:\/\/fmamiga909.com.ar\/wp-content\/uploads\/2026\/09\/wp-header-logo-39.png",720,957,false],"newsium-slider-full":["https:\/\/fmamiga909.com.ar\/wp-content\/uploads\/2026\/09\/wp-header-logo-39-720x845.png",720,845,true],"newsium-featured":["https:\/\/fmamiga909.com.ar\/wp-content\/uploads\/2026\/09\/wp-header-logo-39.png",720,957,false],"newsium-medium":["https:\/\/fmamiga909.com.ar\/wp-content\/uploads\/2026\/09\/wp-header-logo-39-720x475.png",720,475,true]},"author_info":{"display_name":"Fredy Giuliano","author_link":"https:\/\/fmamiga909.com.ar\/?author=3"},"category_info":"<a href=\"https:\/\/fmamiga909.com.ar\/?cat=21\" rel=\"category\">Deportes<\/a>","tag_info":"Deportes","comment_count":"0","_links":{"self":[{"href":"https:\/\/fmamiga909.com.ar\/index.php?rest_route=\/wp\/v2\/posts\/49530","targetHints":{"allow":["GET"]}}],"collection":[{"href":"https:\/\/fmamiga909.com.ar\/index.php?rest_route=\/wp\/v2\/posts"}],"about":[{"href":"https:\/\/fmamiga909.com.ar\/index.php?rest_route=\/wp\/v2\/types\/post"}],"author":[{"embeddable":true,"href":"https:\/\/fmamiga909.com.ar\/index.php?rest_route=\/wp\/v2\/users\/3"}],"replies":[{"embeddable":true,"href":"https:\/\/fmamiga909.com.ar\/index.php?rest_route=%2Fwp%2Fv2%2Fcomments&post=49530"}],"version-history":[{"count":0,"href":"https:\/\/fmamiga909.com.ar\/index.php?rest_route=\/wp\/v2\/posts\/49530\/revisions"}],"wp:featuredmedia":[{"embeddable":true,"href":"https:\/\/fmamiga909.com.ar\/index.php?rest_route=\/wp\/v2\/media\/49531"}],"wp:attachment":[{"href":"https:\/\/fmamiga909.com.ar\/index.php?rest_route=%2Fwp%2Fv2%2Fmedia&parent=49530"}],"wp:term":[{"taxonomy":"category","embeddable":true,"href":"https:\/\/fmamiga909.com.ar\/index.php?rest_route=%2Fwp%2Fv2%2Fcategories&post=49530"},{"taxonomy":"post_tag","embeddable":true,"href":"https:\/\/fmamiga909.com.ar\/index.php?rest_route=%2Fwp%2Fv2%2Ftags&post=49530"}],"curies":[{"name":"wp","href":"https:\/\/api.w.org\/{rel}","templated":true}]}}